{"id":884,"date":"2018-03-09T22:45:43","date_gmt":"2018-03-09T21:45:43","guid":{"rendered":"https:\/\/fablab-montagny-pres-louhans.fr\/?p=884"},"modified":"2018-03-11T17:49:04","modified_gmt":"2018-03-11T16:49:04","slug":"les-travaux-version-0-1-de-lautre-cote-du-miroir","status":"publish","type":"post","link":"https:\/\/fablab-montagny-pres-louhans.fr\/index.php\/2018\/03\/09\/les-travaux-version-0-1-de-lautre-cote-du-miroir\/","title":{"rendered":"Les travaux version 0.1 &#8211; De l&rsquo;autre c\u00f4t\u00e9 du miroir"},"content":{"rendered":"<h1>Journal de bord du chantier fablab v 0.1<\/h1>\n<p>Pendant que les pros du b\u00e2timent focalisent les attentions et pataugent dans l&rsquo;argile et les gravas, une \u00e9quipe de \u00ab\u00a0doigts carr\u00e9s\u00a0\u00bb (NDLR: les gars de l&rsquo;informatique), ont fait appel \u00e0 leurs \u00ab\u00a0archi Tech(niciens)\u00a0\u00bb et ont aussi d\u00e9cid\u00e9 de voir les choses \u00ab\u00a0en grand\u00a0\u00bb&#8230;<\/p>\n<h1><img loading=\"lazy\" decoding=\"async\" class=\"size-medium wp-image-1000 aligncenter\" src=\"https:\/\/fablab-montagny-pres-louhans.fr\/wp-content\/uploads\/2018\/03\/IMG_0807-e1520630601205-225x300.jpg\" alt=\"\" width=\"225\" height=\"300\" srcset=\"https:\/\/fablab-montagny-pres-louhans.fr\/wp-content\/uploads\/2018\/03\/IMG_0807-e1520630601205-225x300.jpg 225w, https:\/\/fablab-montagny-pres-louhans.fr\/wp-content\/uploads\/2018\/03\/IMG_0807-e1520630601205-768x1024.jpg 768w\" sizes=\"(max-width: 225px) 100vw, 225px\" \/><\/h1>\n<p>Il y a donc un second local en pr\u00e9paration, un local \u00e0 l&rsquo;\u00e9chelle de leurs ambitions&#8230;\u00a0 Compos\u00e9 de 99% d&rsquo;informatique, mais 100% High Tech.<\/p>\n<p>Les travailleurs en cols blancs du samedi (c&rsquo;est toujours mieux que ceux du dimanche), ont ainsi r\u00e9alis\u00e9 une maquette virtuelle, v\u00e9ritable clone synth\u00e9tique du fablab.<\/p>\n<p>En partant des plans officiels, nos jeunes recrues ont redessin\u00e9s les plans du b\u00e2timent (entre deux bavardages et deux douzaines de chocolats). Ils ont du mobiliser toutes leurs comp\u00e9tences pour prendre les mesures, faire appel \u00e0 leurs connaissances g\u00e9om\u00e9triques et maitriser le logiciel fusion 360. Il ont bien rempli leur mission.<\/p>\n<p>Les plans ont \u00e9t\u00e9 ensuite transform\u00e9s en volumes. (plus facile \u00e0 dire qu&rsquo;\u00e0 faire&#8230;)<img loading=\"lazy\" decoding=\"async\" class=\"size-medium wp-image-995 alignleft\" src=\"https:\/\/fablab-montagny-pres-louhans.fr\/wp-content\/uploads\/2018\/03\/Labom03-300x191.jpg\" alt=\"\" width=\"300\" height=\"191\" srcset=\"https:\/\/fablab-montagny-pres-louhans.fr\/wp-content\/uploads\/2018\/03\/Labom03-300x191.jpg 300w, https:\/\/fablab-montagny-pres-louhans.fr\/wp-content\/uploads\/2018\/03\/Labom03-768x490.jpg 768w, https:\/\/fablab-montagny-pres-louhans.fr\/wp-content\/uploads\/2018\/03\/Labom03.jpg 974w\" sizes=\"(max-width: 300px) 100vw, 300px\" \/><img loading=\"lazy\" decoding=\"async\" class=\"alignnone size-medium wp-image-996\" src=\"https:\/\/fablab-montagny-pres-louhans.fr\/wp-content\/uploads\/2018\/03\/Labom05-300x195.jpg\" alt=\"\" width=\"300\" height=\"195\" srcset=\"https:\/\/fablab-montagny-pres-louhans.fr\/wp-content\/uploads\/2018\/03\/Labom05-300x195.jpg 300w, https:\/\/fablab-montagny-pres-louhans.fr\/wp-content\/uploads\/2018\/03\/Labom05-768x500.jpg 768w, https:\/\/fablab-montagny-pres-louhans.fr\/wp-content\/uploads\/2018\/03\/Labom05-1024x667.jpg 1024w, https:\/\/fablab-montagny-pres-louhans.fr\/wp-content\/uploads\/2018\/03\/Labom05.jpg 1136w\" sizes=\"(max-width: 300px) 100vw, 300px\" \/><\/p>\n<p>Les d\u00e9tails ont ensuite \u00e9t\u00e9 ajout\u00e9s pour toujours plus de r\u00e9alisme. (Un tel niveau d&rsquo;exigence fr\u00f4le d&rsquo;ailleurs la perversion&#8230; On recherche un ou plusieurs psy.)<\/p>\n<p><img loading=\"lazy\" decoding=\"async\" class=\"alignnone size-medium wp-image-997\" src=\"https:\/\/fablab-montagny-pres-louhans.fr\/wp-content\/uploads\/2018\/03\/Labom06-300x201.jpg\" alt=\"\" width=\"300\" height=\"201\" srcset=\"https:\/\/fablab-montagny-pres-louhans.fr\/wp-content\/uploads\/2018\/03\/Labom06-300x201.jpg 300w, https:\/\/fablab-montagny-pres-louhans.fr\/wp-content\/uploads\/2018\/03\/Labom06-768x516.jpg 768w, https:\/\/fablab-montagny-pres-louhans.fr\/wp-content\/uploads\/2018\/03\/Labom06-1024x688.jpg 1024w, https:\/\/fablab-montagny-pres-louhans.fr\/wp-content\/uploads\/2018\/03\/Labom06.jpg 1175w\" sizes=\"(max-width: 300px) 100vw, 300px\" \/><img loading=\"lazy\" decoding=\"async\" class=\"alignnone size-medium wp-image-998\" src=\"https:\/\/fablab-montagny-pres-louhans.fr\/wp-content\/uploads\/2018\/03\/Labom10-300x200.jpg\" alt=\"\" width=\"300\" height=\"200\" srcset=\"https:\/\/fablab-montagny-pres-louhans.fr\/wp-content\/uploads\/2018\/03\/Labom10-300x200.jpg 300w, https:\/\/fablab-montagny-pres-louhans.fr\/wp-content\/uploads\/2018\/03\/Labom10-768x513.jpg 768w, https:\/\/fablab-montagny-pres-louhans.fr\/wp-content\/uploads\/2018\/03\/Labom10-1024x684.jpg 1024w, https:\/\/fablab-montagny-pres-louhans.fr\/wp-content\/uploads\/2018\/03\/Labom10.jpg 1045w\" sizes=\"(max-width: 300px) 100vw, 300px\" \/><img loading=\"lazy\" decoding=\"async\" class=\"alignnone size-medium wp-image-1001\" src=\"https:\/\/fablab-montagny-pres-louhans.fr\/wp-content\/uploads\/2018\/03\/escalier-300x298.jpg\" alt=\"\" width=\"300\" height=\"298\" srcset=\"https:\/\/fablab-montagny-pres-louhans.fr\/wp-content\/uploads\/2018\/03\/escalier-300x298.jpg 300w, https:\/\/fablab-montagny-pres-louhans.fr\/wp-content\/uploads\/2018\/03\/escalier-150x150.jpg 150w, https:\/\/fablab-montagny-pres-louhans.fr\/wp-content\/uploads\/2018\/03\/escalier.jpg 758w\" sizes=\"(max-width: 300px) 100vw, 300px\" \/><\/p>\n<p>L\u2019\u0153il expert de notre grand \u00ab\u00a0archi tech\u00a0\u00bb nous a patiemment guid\u00e9.<\/p>\n<p>Les travaux avancent bien.<\/p>\n<p>Le charpentier a juste pris un peu de retard sur une ferme.<\/p>\n<p>Les couvreurs sont attendus. (Il parait qu&rsquo;ils ont cass\u00e9 les tuiles)<\/p>\n<p>Le menuisier a pris un gros retard avec ses portes et fen\u00eatres. Mais Roger s&rsquo;\u00e9tant engag\u00e9 \u00e0 nettoyer les vitres, les d\u00e9tails valent la peine de les attendre un peu &#8230;<img loading=\"lazy\" decoding=\"async\" class=\"alignnone size-medium wp-image-1002\" src=\"https:\/\/fablab-montagny-pres-louhans.fr\/wp-content\/uploads\/2018\/03\/porte-263x300.jpg\" alt=\"\" width=\"263\" height=\"300\" srcset=\"https:\/\/fablab-montagny-pres-louhans.fr\/wp-content\/uploads\/2018\/03\/porte-263x300.jpg 263w, https:\/\/fablab-montagny-pres-louhans.fr\/wp-content\/uploads\/2018\/03\/porte.jpg 576w\" sizes=\"(max-width: 263px) 100vw, 263px\" \/><\/p>\n","protected":false},"excerpt":{"rendered":"<p>Journal de bord du chantier fablab v 0.1 Pendant que les pros du b\u00e2timent focalisent les attentions et pataugent dans l&rsquo;argile et les gravas, une \u00e9quipe de \u00ab\u00a0doigts carr\u00e9s\u00a0\u00bb (NDLR: les gars de l&rsquo;informatique), ont fait appel \u00e0 leurs \u00ab\u00a0archi Tech(niciens)\u00a0\u00bb et ont aussi d\u00e9cid\u00e9 de voir les choses \u00ab\u00a0en grand\u00a0\u00bb&#8230; Il y a donc [&hellip;]<\/p>\n","protected":false},"author":31,"featured_media":0,"comment_status":"closed","ping_status":"open","sticky":false,"template":"","format":"standard","meta":{"_et_pb_use_builder":"","_et_pb_old_content":"","_et_gb_content_width":"","rop_custom_images_group":[],"rop_custom_messages_group":[],"rop_publish_now":"initial","rop_publish_now_accounts":{"facebook_1992431424458146_173380702515979":""},"rop_publish_now_history":[],"rop_publish_now_status":"pending","footnotes":""},"categories":[2],"tags":[],"class_list":["post-884","post","type-post","status-publish","format-standard","hentry","category-news"],"yoast_head":"<!-- This site is optimized with the Yoast SEO plugin v27.3 - https:\/\/yoast.com\/product\/yoast-seo-wordpress\/ -->\n<title>Les travaux version 0.1 - De l&#039;autre c\u00f4t\u00e9 du miroir - Le FabLab<\/title>\n<meta name=\"robots\" content=\"noindex, follow, max-snippet:-1, max-image-preview:large, max-video-preview:-1\" \/>\n<meta property=\"og:locale\" content=\"fr_FR\" \/>\n<meta property=\"og:type\" content=\"article\" \/>\n<meta property=\"og:title\" content=\"Les travaux version 0.1 - De l&#039;autre c\u00f4t\u00e9 du miroir - Le FabLab\" \/>\n<meta property=\"og:description\" content=\"Journal de bord du chantier fablab v 0.1 Pendant que les pros du b\u00e2timent focalisent les attentions et pataugent dans l&rsquo;argile et les gravas, une \u00e9quipe de \u00ab\u00a0doigts carr\u00e9s\u00a0\u00bb (NDLR: les gars de l&rsquo;informatique), ont fait appel \u00e0 leurs \u00ab\u00a0archi Tech(niciens)\u00a0\u00bb et ont aussi d\u00e9cid\u00e9 de voir les choses \u00ab\u00a0en grand\u00a0\u00bb&#8230; Il y a donc [&hellip;]\" \/>\n<meta property=\"og:url\" content=\"https:\/\/fablab-montagny-pres-louhans.fr\/index.php\/2018\/03\/09\/les-travaux-version-0-1-de-lautre-cote-du-miroir\/\" \/>\n<meta property=\"og:site_name\" content=\"Le FabLab\" \/>\n<meta property=\"article:publisher\" content=\"https:\/\/www.facebook.com\/fablab.labom\/\" \/>\n<meta property=\"article:published_time\" content=\"2018-03-09T21:45:43+00:00\" \/>\n<meta property=\"article:modified_time\" content=\"2018-03-11T16:49:04+00:00\" \/>\n<meta property=\"og:image\" content=\"https:\/\/fablab-montagny-pres-louhans.fr\/wp-content\/uploads\/2018\/03\/IMG_0807-e1520630601205-225x300.jpg\" \/>\n<meta name=\"author\" content=\"Xavier Vincent\" \/>\n<meta name=\"twitter:card\" content=\"summary_large_image\" \/>\n<meta name=\"twitter:label1\" content=\"\u00c9crit par\" \/>\n\t<meta name=\"twitter:data1\" content=\"Xavier Vincent\" \/>\n\t<meta name=\"twitter:label2\" content=\"Dur\u00e9e de lecture estim\u00e9e\" \/>\n\t<meta name=\"twitter:data2\" content=\"1 minute\" \/>\n<script type=\"application\/ld+json\" class=\"yoast-schema-graph\">{\"@context\":\"https:\\\/\\\/schema.org\",\"@graph\":[{\"@type\":\"Article\",\"@id\":\"https:\\\/\\\/fablab-montagny-pres-louhans.fr\\\/index.php\\\/2018\\\/03\\\/09\\\/les-travaux-version-0-1-de-lautre-cote-du-miroir\\\/#article\",\"isPartOf\":{\"@id\":\"https:\\\/\\\/fablab-montagny-pres-louhans.fr\\\/index.php\\\/2018\\\/03\\\/09\\\/les-travaux-version-0-1-de-lautre-cote-du-miroir\\\/\"},\"author\":{\"name\":\"Xavier Vincent\",\"@id\":\"https:\\\/\\\/fablab-montagny-pres-louhans.fr\\\/#\\\/schema\\\/person\\\/59c98416fe3a0c002433d49a5b0f12ce\"},\"headline\":\"Les travaux version 0.1 &#8211; De l&rsquo;autre c\u00f4t\u00e9 du miroir\",\"datePublished\":\"2018-03-09T21:45:43+00:00\",\"dateModified\":\"2018-03-11T16:49:04+00:00\",\"mainEntityOfPage\":{\"@id\":\"https:\\\/\\\/fablab-montagny-pres-louhans.fr\\\/index.php\\\/2018\\\/03\\\/09\\\/les-travaux-version-0-1-de-lautre-cote-du-miroir\\\/\"},\"wordCount\":282,\"publisher\":{\"@id\":\"https:\\\/\\\/fablab-montagny-pres-louhans.fr\\\/#organization\"},\"image\":{\"@id\":\"https:\\\/\\\/fablab-montagny-pres-louhans.fr\\\/index.php\\\/2018\\\/03\\\/09\\\/les-travaux-version-0-1-de-lautre-cote-du-miroir\\\/#primaryimage\"},\"thumbnailUrl\":\"https:\\\/\\\/fablab-montagny-pres-louhans.fr\\\/wp-content\\\/uploads\\\/2018\\\/03\\\/IMG_0807-e1520630601205-225x300.jpg\",\"articleSection\":[\"News\"],\"inLanguage\":\"fr-FR\"},{\"@type\":\"WebPage\",\"@id\":\"https:\\\/\\\/fablab-montagny-pres-louhans.fr\\\/index.php\\\/2018\\\/03\\\/09\\\/les-travaux-version-0-1-de-lautre-cote-du-miroir\\\/\",\"url\":\"https:\\\/\\\/fablab-montagny-pres-louhans.fr\\\/index.php\\\/2018\\\/03\\\/09\\\/les-travaux-version-0-1-de-lautre-cote-du-miroir\\\/\",\"name\":\"Les travaux version 0.1 - De l'autre c\u00f4t\u00e9 du miroir - Le FabLab\",\"isPartOf\":{\"@id\":\"https:\\\/\\\/fablab-montagny-pres-louhans.fr\\\/#website\"},\"primaryImageOfPage\":{\"@id\":\"https:\\\/\\\/fablab-montagny-pres-louhans.fr\\\/index.php\\\/2018\\\/03\\\/09\\\/les-travaux-version-0-1-de-lautre-cote-du-miroir\\\/#primaryimage\"},\"image\":{\"@id\":\"https:\\\/\\\/fablab-montagny-pres-louhans.fr\\\/index.php\\\/2018\\\/03\\\/09\\\/les-travaux-version-0-1-de-lautre-cote-du-miroir\\\/#primaryimage\"},\"thumbnailUrl\":\"https:\\\/\\\/fablab-montagny-pres-louhans.fr\\\/wp-content\\\/uploads\\\/2018\\\/03\\\/IMG_0807-e1520630601205-225x300.jpg\",\"datePublished\":\"2018-03-09T21:45:43+00:00\",\"dateModified\":\"2018-03-11T16:49:04+00:00\",\"breadcrumb\":{\"@id\":\"https:\\\/\\\/fablab-montagny-pres-louhans.fr\\\/index.php\\\/2018\\\/03\\\/09\\\/les-travaux-version-0-1-de-lautre-cote-du-miroir\\\/#breadcrumb\"},\"inLanguage\":\"fr-FR\",\"potentialAction\":[{\"@type\":\"ReadAction\",\"target\":[\"https:\\\/\\\/fablab-montagny-pres-louhans.fr\\\/index.php\\\/2018\\\/03\\\/09\\\/les-travaux-version-0-1-de-lautre-cote-du-miroir\\\/\"]}]},{\"@type\":\"ImageObject\",\"inLanguage\":\"fr-FR\",\"@id\":\"https:\\\/\\\/fablab-montagny-pres-louhans.fr\\\/index.php\\\/2018\\\/03\\\/09\\\/les-travaux-version-0-1-de-lautre-cote-du-miroir\\\/#primaryimage\",\"url\":\"https:\\\/\\\/fablab-montagny-pres-louhans.fr\\\/wp-content\\\/uploads\\\/2018\\\/03\\\/IMG_0807-e1520630601205.jpg\",\"contentUrl\":\"https:\\\/\\\/fablab-montagny-pres-louhans.fr\\\/wp-content\\\/uploads\\\/2018\\\/03\\\/IMG_0807-e1520630601205.jpg\",\"width\":2448,\"height\":3264},{\"@type\":\"BreadcrumbList\",\"@id\":\"https:\\\/\\\/fablab-montagny-pres-louhans.fr\\\/index.php\\\/2018\\\/03\\\/09\\\/les-travaux-version-0-1-de-lautre-cote-du-miroir\\\/#breadcrumb\",\"itemListElement\":[{\"@type\":\"ListItem\",\"position\":1,\"name\":\"Accueil\",\"item\":\"https:\\\/\\\/fablab-montagny-pres-louhans.fr\\\/\"},{\"@type\":\"ListItem\",\"position\":2,\"name\":\"Les travaux version 0.1 &#8211; De l&rsquo;autre c\u00f4t\u00e9 du miroir\"}]},{\"@type\":\"WebSite\",\"@id\":\"https:\\\/\\\/fablab-montagny-pres-louhans.fr\\\/#website\",\"url\":\"https:\\\/\\\/fablab-montagny-pres-louhans.fr\\\/\",\"name\":\"Le FabLab\",\"description\":\"Le premier de Bresse\",\"publisher\":{\"@id\":\"https:\\\/\\\/fablab-montagny-pres-louhans.fr\\\/#organization\"},\"potentialAction\":[{\"@type\":\"SearchAction\",\"target\":{\"@type\":\"EntryPoint\",\"urlTemplate\":\"https:\\\/\\\/fablab-montagny-pres-louhans.fr\\\/?s={search_term_string}\"},\"query-input\":{\"@type\":\"PropertyValueSpecification\",\"valueRequired\":true,\"valueName\":\"search_term_string\"}}],\"inLanguage\":\"fr-FR\"},{\"@type\":\"Organization\",\"@id\":\"https:\\\/\\\/fablab-montagny-pres-louhans.fr\\\/#organization\",\"name\":\"Le FabLab\",\"url\":\"https:\\\/\\\/fablab-montagny-pres-louhans.fr\\\/\",\"logo\":{\"@type\":\"ImageObject\",\"inLanguage\":\"fr-FR\",\"@id\":\"https:\\\/\\\/fablab-montagny-pres-louhans.fr\\\/#\\\/schema\\\/logo\\\/image\\\/\",\"url\":\"https:\\\/\\\/fablab-montagny-pres-louhans.fr\\\/wp-content\\\/uploads\\\/2023\\\/02\\\/FABALB-logo.png\",\"contentUrl\":\"https:\\\/\\\/fablab-montagny-pres-louhans.fr\\\/wp-content\\\/uploads\\\/2023\\\/02\\\/FABALB-logo.png\",\"width\":250,\"height\":260,\"caption\":\"Le FabLab\"},\"image\":{\"@id\":\"https:\\\/\\\/fablab-montagny-pres-louhans.fr\\\/#\\\/schema\\\/logo\\\/image\\\/\"},\"sameAs\":[\"https:\\\/\\\/www.facebook.com\\\/fablab.labom\\\/\"]},{\"@type\":\"Person\",\"@id\":\"https:\\\/\\\/fablab-montagny-pres-louhans.fr\\\/#\\\/schema\\\/person\\\/59c98416fe3a0c002433d49a5b0f12ce\",\"name\":\"Xavier Vincent\",\"image\":{\"@type\":\"ImageObject\",\"inLanguage\":\"fr-FR\",\"@id\":\"https:\\\/\\\/fablab-montagny-pres-louhans.fr\\\/wp-content\\\/litespeed\\\/avatar\\\/bae4764d44065ff492363743a1d834cd.jpg?ver=1777239699\",\"url\":\"https:\\\/\\\/fablab-montagny-pres-louhans.fr\\\/wp-content\\\/litespeed\\\/avatar\\\/bae4764d44065ff492363743a1d834cd.jpg?ver=1777239699\",\"contentUrl\":\"https:\\\/\\\/fablab-montagny-pres-louhans.fr\\\/wp-content\\\/litespeed\\\/avatar\\\/bae4764d44065ff492363743a1d834cd.jpg?ver=1777239699\",\"caption\":\"Xavier Vincent\"},\"url\":\"https:\\\/\\\/fablab-montagny-pres-louhans.fr\\\/index.php\\\/author\\\/xavier\\\/\"}]}<\/script>\n<!-- \/ Yoast SEO plugin. -->","yoast_head_json":{"title":"Les travaux version 0.1 - De l'autre c\u00f4t\u00e9 du miroir - Le FabLab","robots":{"index":"noindex","follow":"follow","max-snippet":"max-snippet:-1","max-image-preview":"max-image-preview:large","max-video-preview":"max-video-preview:-1"},"og_locale":"fr_FR","og_type":"article","og_title":"Les travaux version 0.1 - De l'autre c\u00f4t\u00e9 du miroir - Le FabLab","og_description":"Journal de bord du chantier fablab v 0.1 Pendant que les pros du b\u00e2timent focalisent les attentions et pataugent dans l&rsquo;argile et les gravas, une \u00e9quipe de \u00ab\u00a0doigts carr\u00e9s\u00a0\u00bb (NDLR: les gars de l&rsquo;informatique), ont fait appel \u00e0 leurs \u00ab\u00a0archi Tech(niciens)\u00a0\u00bb et ont aussi d\u00e9cid\u00e9 de voir les choses \u00ab\u00a0en grand\u00a0\u00bb&#8230; Il y a donc [&hellip;]","og_url":"https:\/\/fablab-montagny-pres-louhans.fr\/index.php\/2018\/03\/09\/les-travaux-version-0-1-de-lautre-cote-du-miroir\/","og_site_name":"Le FabLab","article_publisher":"https:\/\/www.facebook.com\/fablab.labom\/","article_published_time":"2018-03-09T21:45:43+00:00","article_modified_time":"2018-03-11T16:49:04+00:00","og_image":[{"url":"https:\/\/fablab-montagny-pres-louhans.fr\/wp-content\/uploads\/2018\/03\/IMG_0807-e1520630601205-225x300.jpg","type":"","width":"","height":""}],"author":"Xavier Vincent","twitter_card":"summary_large_image","twitter_misc":{"\u00c9crit par":"Xavier Vincent","Dur\u00e9e de lecture estim\u00e9e":"1 minute"},"schema":{"@context":"https:\/\/schema.org","@graph":[{"@type":"Article","@id":"https:\/\/fablab-montagny-pres-louhans.fr\/index.php\/2018\/03\/09\/les-travaux-version-0-1-de-lautre-cote-du-miroir\/#article","isPartOf":{"@id":"https:\/\/fablab-montagny-pres-louhans.fr\/index.php\/2018\/03\/09\/les-travaux-version-0-1-de-lautre-cote-du-miroir\/"},"author":{"name":"Xavier Vincent","@id":"https:\/\/fablab-montagny-pres-louhans.fr\/#\/schema\/person\/59c98416fe3a0c002433d49a5b0f12ce"},"headline":"Les travaux version 0.1 &#8211; De l&rsquo;autre c\u00f4t\u00e9 du miroir","datePublished":"2018-03-09T21:45:43+00:00","dateModified":"2018-03-11T16:49:04+00:00","mainEntityOfPage":{"@id":"https:\/\/fablab-montagny-pres-louhans.fr\/index.php\/2018\/03\/09\/les-travaux-version-0-1-de-lautre-cote-du-miroir\/"},"wordCount":282,"publisher":{"@id":"https:\/\/fablab-montagny-pres-louhans.fr\/#organization"},"image":{"@id":"https:\/\/fablab-montagny-pres-louhans.fr\/index.php\/2018\/03\/09\/les-travaux-version-0-1-de-lautre-cote-du-miroir\/#primaryimage"},"thumbnailUrl":"https:\/\/fablab-montagny-pres-louhans.fr\/wp-content\/uploads\/2018\/03\/IMG_0807-e1520630601205-225x300.jpg","articleSection":["News"],"inLanguage":"fr-FR"},{"@type":"WebPage","@id":"https:\/\/fablab-montagny-pres-louhans.fr\/index.php\/2018\/03\/09\/les-travaux-version-0-1-de-lautre-cote-du-miroir\/","url":"https:\/\/fablab-montagny-pres-louhans.fr\/index.php\/2018\/03\/09\/les-travaux-version-0-1-de-lautre-cote-du-miroir\/","name":"Les travaux version 0.1 - De l'autre c\u00f4t\u00e9 du miroir - Le FabLab","isPartOf":{"@id":"https:\/\/fablab-montagny-pres-louhans.fr\/#website"},"primaryImageOfPage":{"@id":"https:\/\/fablab-montagny-pres-louhans.fr\/index.php\/2018\/03\/09\/les-travaux-version-0-1-de-lautre-cote-du-miroir\/#primaryimage"},"image":{"@id":"https:\/\/fablab-montagny-pres-louhans.fr\/index.php\/2018\/03\/09\/les-travaux-version-0-1-de-lautre-cote-du-miroir\/#primaryimage"},"thumbnailUrl":"https:\/\/fablab-montagny-pres-louhans.fr\/wp-content\/uploads\/2018\/03\/IMG_0807-e1520630601205-225x300.jpg","datePublished":"2018-03-09T21:45:43+00:00","dateModified":"2018-03-11T16:49:04+00:00","breadcrumb":{"@id":"https:\/\/fablab-montagny-pres-louhans.fr\/index.php\/2018\/03\/09\/les-travaux-version-0-1-de-lautre-cote-du-miroir\/#breadcrumb"},"inLanguage":"fr-FR","potentialAction":[{"@type":"ReadAction","target":["https:\/\/fablab-montagny-pres-louhans.fr\/index.php\/2018\/03\/09\/les-travaux-version-0-1-de-lautre-cote-du-miroir\/"]}]},{"@type":"ImageObject","inLanguage":"fr-FR","@id":"https:\/\/fablab-montagny-pres-louhans.fr\/index.php\/2018\/03\/09\/les-travaux-version-0-1-de-lautre-cote-du-miroir\/#primaryimage","url":"https:\/\/fablab-montagny-pres-louhans.fr\/wp-content\/uploads\/2018\/03\/IMG_0807-e1520630601205.jpg","contentUrl":"https:\/\/fablab-montagny-pres-louhans.fr\/wp-content\/uploads\/2018\/03\/IMG_0807-e1520630601205.jpg","width":2448,"height":3264},{"@type":"BreadcrumbList","@id":"https:\/\/fablab-montagny-pres-louhans.fr\/index.php\/2018\/03\/09\/les-travaux-version-0-1-de-lautre-cote-du-miroir\/#breadcrumb","itemListElement":[{"@type":"ListItem","position":1,"name":"Accueil","item":"https:\/\/fablab-montagny-pres-louhans.fr\/"},{"@type":"ListItem","position":2,"name":"Les travaux version 0.1 &#8211; De l&rsquo;autre c\u00f4t\u00e9 du miroir"}]},{"@type":"WebSite","@id":"https:\/\/fablab-montagny-pres-louhans.fr\/#website","url":"https:\/\/fablab-montagny-pres-louhans.fr\/","name":"Le FabLab","description":"Le premier de Bresse","publisher":{"@id":"https:\/\/fablab-montagny-pres-louhans.fr\/#organization"},"potentialAction":[{"@type":"SearchAction","target":{"@type":"EntryPoint","urlTemplate":"https:\/\/fablab-montagny-pres-louhans.fr\/?s={search_term_string}"},"query-input":{"@type":"PropertyValueSpecification","valueRequired":true,"valueName":"search_term_string"}}],"inLanguage":"fr-FR"},{"@type":"Organization","@id":"https:\/\/fablab-montagny-pres-louhans.fr\/#organization","name":"Le FabLab","url":"https:\/\/fablab-montagny-pres-louhans.fr\/","logo":{"@type":"ImageObject","inLanguage":"fr-FR","@id":"https:\/\/fablab-montagny-pres-louhans.fr\/#\/schema\/logo\/image\/","url":"https:\/\/fablab-montagny-pres-louhans.fr\/wp-content\/uploads\/2023\/02\/FABALB-logo.png","contentUrl":"https:\/\/fablab-montagny-pres-louhans.fr\/wp-content\/uploads\/2023\/02\/FABALB-logo.png","width":250,"height":260,"caption":"Le FabLab"},"image":{"@id":"https:\/\/fablab-montagny-pres-louhans.fr\/#\/schema\/logo\/image\/"},"sameAs":["https:\/\/www.facebook.com\/fablab.labom\/"]},{"@type":"Person","@id":"https:\/\/fablab-montagny-pres-louhans.fr\/#\/schema\/person\/59c98416fe3a0c002433d49a5b0f12ce","name":"Xavier Vincent","image":{"@type":"ImageObject","inLanguage":"fr-FR","@id":"https:\/\/fablab-montagny-pres-louhans.fr\/wp-content\/litespeed\/avatar\/bae4764d44065ff492363743a1d834cd.jpg?ver=1777239699","url":"https:\/\/fablab-montagny-pres-louhans.fr\/wp-content\/litespeed\/avatar\/bae4764d44065ff492363743a1d834cd.jpg?ver=1777239699","contentUrl":"https:\/\/fablab-montagny-pres-louhans.fr\/wp-content\/litespeed\/avatar\/bae4764d44065ff492363743a1d834cd.jpg?ver=1777239699","caption":"Xavier Vincent"},"url":"https:\/\/fablab-montagny-pres-louhans.fr\/index.php\/author\/xavier\/"}]}},"_links":{"self":[{"href":"https:\/\/fablab-montagny-pres-louhans.fr\/index.php\/wp-json\/wp\/v2\/posts\/884","targetHints":{"allow":["GET"]}}],"collection":[{"href":"https:\/\/fablab-montagny-pres-louhans.fr\/index.php\/wp-json\/wp\/v2\/posts"}],"about":[{"href":"https:\/\/fablab-montagny-pres-louhans.fr\/index.php\/wp-json\/wp\/v2\/types\/post"}],"author":[{"embeddable":true,"href":"https:\/\/fablab-montagny-pres-louhans.fr\/index.php\/wp-json\/wp\/v2\/users\/31"}],"replies":[{"embeddable":true,"href":"https:\/\/fablab-montagny-pres-louhans.fr\/index.php\/wp-json\/wp\/v2\/comments?post=884"}],"version-history":[{"count":10,"href":"https:\/\/fablab-montagny-pres-louhans.fr\/index.php\/wp-json\/wp\/v2\/posts\/884\/revisions"}],"predecessor-version":[{"id":1033,"href":"https:\/\/fablab-montagny-pres-louhans.fr\/index.php\/wp-json\/wp\/v2\/posts\/884\/revisions\/1033"}],"wp:attachment":[{"href":"https:\/\/fablab-montagny-pres-louhans.fr\/index.php\/wp-json\/wp\/v2\/media?parent=884"}],"wp:term":[{"taxonomy":"category","embeddable":true,"href":"https:\/\/fablab-montagny-pres-louhans.fr\/index.php\/wp-json\/wp\/v2\/categories?post=884"},{"taxonomy":"post_tag","embeddable":true,"href":"https:\/\/fablab-montagny-pres-louhans.fr\/index.php\/wp-json\/wp\/v2\/tags?post=884"}],"curies":[{"name":"wp","href":"https:\/\/api.w.org\/{rel}","templated":true}]}}