{"id":636,"date":"2017-06-17T19:38:02","date_gmt":"2017-06-17T17:38:02","guid":{"rendered":"https:\/\/fablab-montagny-pres-louhans.fr\/?p=636"},"modified":"2017-07-11T07:19:14","modified_gmt":"2017-07-11T05:19:14","slug":"impression-3d-pla-et-refroidissement-de-la-buse","status":"publish","type":"post","link":"https:\/\/fablab-montagny-pres-louhans.fr\/index.php\/2017\/06\/17\/impression-3d-pla-et-refroidissement-de-la-buse\/","title":{"rendered":"Impression 3D : PLA et refroidissement de la buse"},"content":{"rendered":"<p>La petite derni\u00e8re : carth\u00e9sienne low-cost \u00e0 monter soi m\u00eame.<\/p>\n<p><img loading=\"lazy\" decoding=\"async\" class=\"alignnone size-medium wp-image-637\" src=\"https:\/\/fablab-montagny-pres-louhans.fr\/wp-content\/uploads\/2017\/06\/IMG_0581-300x225.jpg\" alt=\"\" width=\"300\" height=\"225\" srcset=\"https:\/\/fablab-montagny-pres-louhans.fr\/wp-content\/uploads\/2017\/06\/IMG_0581-300x225.jpg 300w, https:\/\/fablab-montagny-pres-louhans.fr\/wp-content\/uploads\/2017\/06\/IMG_0581-768x576.jpg 768w, https:\/\/fablab-montagny-pres-louhans.fr\/wp-content\/uploads\/2017\/06\/IMG_0581-1024x768.jpg 1024w\" sizes=\"(max-width: 300px) 100vw, 300px\" \/>\u00a0 <img loading=\"lazy\" decoding=\"async\" class=\"alignnone size-medium wp-image-638\" src=\"https:\/\/fablab-montagny-pres-louhans.fr\/wp-content\/uploads\/2017\/06\/IMG_0584-300x225.jpg\" alt=\"\" width=\"300\" height=\"225\" srcset=\"https:\/\/fablab-montagny-pres-louhans.fr\/wp-content\/uploads\/2017\/06\/IMG_0584-300x225.jpg 300w, https:\/\/fablab-montagny-pres-louhans.fr\/wp-content\/uploads\/2017\/06\/IMG_0584-768x576.jpg 768w, https:\/\/fablab-montagny-pres-louhans.fr\/wp-content\/uploads\/2017\/06\/IMG_0584-1024x768.jpg 1024w\" sizes=\"(max-width: 300px) 100vw, 300px\" \/><\/p>\n<p>Je vous fais gr\u00e2ce des, environ, 6 heures de montage sans grande difficult\u00e9 \u00e0 l&rsquo;aide des vid\u00e9os en ligne et des outils fournis.<\/p>\n<p><img loading=\"lazy\" decoding=\"async\" class=\"alignnone size-medium wp-image-639\" src=\"https:\/\/fablab-montagny-pres-louhans.fr\/wp-content\/uploads\/2017\/06\/IMG_0590-300x225.jpg\" alt=\"\" width=\"300\" height=\"225\" srcset=\"https:\/\/fablab-montagny-pres-louhans.fr\/wp-content\/uploads\/2017\/06\/IMG_0590-300x225.jpg 300w, https:\/\/fablab-montagny-pres-louhans.fr\/wp-content\/uploads\/2017\/06\/IMG_0590-768x576.jpg 768w, https:\/\/fablab-montagny-pres-louhans.fr\/wp-content\/uploads\/2017\/06\/IMG_0590-1024x768.jpg 1024w\" sizes=\"(max-width: 300px) 100vw, 300px\" \/><\/p>\n<p>Le r\u00e9glage est un peu long car ralenti par les nombreux tests d&rsquo;impression qui m&rsquo;ont r\u00e9v\u00e9l\u00e9 que pour le PLA, le plateau de verre n\u00e9cessite l&rsquo;usage d&rsquo;une laque 3D et d&rsquo;une surface d&rsquo;accroche \u00e9largie. En cas d&rsquo;absence de laque une vitesse ralentie au maximum pour la premi\u00e8re couche peut rendre service.<\/p>\n<p><img loading=\"lazy\" decoding=\"async\" class=\"alignnone size-medium wp-image-640\" src=\"https:\/\/fablab-montagny-pres-louhans.fr\/wp-content\/uploads\/2017\/06\/IMG_0705-300x300.jpg\" alt=\"\" width=\"300\" height=\"300\" srcset=\"https:\/\/fablab-montagny-pres-louhans.fr\/wp-content\/uploads\/2017\/06\/IMG_0705-300x300.jpg 300w, https:\/\/fablab-montagny-pres-louhans.fr\/wp-content\/uploads\/2017\/06\/IMG_0705-150x150.jpg 150w, https:\/\/fablab-montagny-pres-louhans.fr\/wp-content\/uploads\/2017\/06\/IMG_0705-768x768.jpg 768w, https:\/\/fablab-montagny-pres-louhans.fr\/wp-content\/uploads\/2017\/06\/IMG_0705-1024x1024.jpg 1024w\" sizes=\"(max-width: 300px) 100vw, 300px\" \/><\/p>\n<p>La buse n&rsquo;est pas refroidie directement par un ventilateur d\u00e9di\u00e9 et ces derniers jours chauds rendent certaines impressions un peu difficiles, du coup j&rsquo;ai plac\u00e9 un simple ventilateur domestique.<\/p>\n<p><img loading=\"lazy\" decoding=\"async\" class=\"alignnone size-medium wp-image-641\" src=\"https:\/\/fablab-montagny-pres-louhans.fr\/wp-content\/uploads\/2017\/06\/IMG_0718r-300x225.jpg\" alt=\"\" width=\"300\" height=\"225\" srcset=\"https:\/\/fablab-montagny-pres-louhans.fr\/wp-content\/uploads\/2017\/06\/IMG_0718r-300x225.jpg 300w, https:\/\/fablab-montagny-pres-louhans.fr\/wp-content\/uploads\/2017\/06\/IMG_0718r-768x576.jpg 768w, https:\/\/fablab-montagny-pres-louhans.fr\/wp-content\/uploads\/2017\/06\/IMG_0718r-1024x768.jpg 1024w\" sizes=\"(max-width: 300px) 100vw, 300px\" \/><\/p>\n<p>Le panneau de contr\u00f4le de l&rsquo;imprimante qui indique la temp\u00e9rature de la buse m&rsquo;a appris 2 ou 3 choses.<\/p>\n<p>Sans ventilateur la temp\u00e9rature oscille autour de celle demand\u00e9e avec une certaine inertie. J&rsquo;ai vu du +\/- 10\u00b0 !! La r\u00e9sistance chauffante de la t\u00eate est peut \u00eatre trop puissante ?<\/p>\n<p>Par contre, avec le ventilateur domestique la temp\u00e9rature est devenue extr\u00eamement stable et a suivi scrupuleusement la consigne.<\/p>\n<p>Du coup je vais investir dans un ventilateur sp\u00e9cifique.<\/p>\n","protected":false},"excerpt":{"rendered":"<p>La petite derni\u00e8re : carth\u00e9sienne low-cost \u00e0 monter soi m\u00eame. \u00a0 Je vous fais gr\u00e2ce des, environ, 6 heures de montage sans grande difficult\u00e9 \u00e0 l&rsquo;aide des vid\u00e9os en ligne et des outils fournis. Le r\u00e9glage est un peu long car ralenti par les nombreux tests d&rsquo;impression qui m&rsquo;ont r\u00e9v\u00e9l\u00e9 que pour le PLA, le [&hellip;]<\/p>\n","protected":false},"author":31,"featured_media":0,"comment_status":"closed","ping_status":"open","sticky":false,"template":"","format":"standard","meta":{"_et_pb_use_builder":"","_et_pb_old_content":"","_et_gb_content_width":"","rop_custom_images_group":[],"rop_custom_messages_group":[],"rop_publish_now":"initial","rop_publish_now_accounts":{"facebook_1992431424458146_173380702515979":""},"rop_publish_now_history":[],"rop_publish_now_status":"pending","footnotes":""},"categories":[7,2],"tags":[],"class_list":["post-636","post","type-post","status-publish","format-standard","hentry","category-impression-3d","category-news"],"yoast_head":"<!-- This site is optimized with the Yoast SEO plugin v27.3 - https:\/\/yoast.com\/product\/yoast-seo-wordpress\/ -->\n<title>Impression 3D : PLA et refroidissement de la buse - Le FabLab<\/title>\n<meta name=\"robots\" content=\"noindex, follow, max-snippet:-1, max-image-preview:large, max-video-preview:-1\" \/>\n<meta property=\"og:locale\" content=\"fr_FR\" \/>\n<meta property=\"og:type\" content=\"article\" \/>\n<meta property=\"og:title\" content=\"Impression 3D : PLA et refroidissement de la buse - Le FabLab\" \/>\n<meta property=\"og:description\" content=\"La petite derni\u00e8re : carth\u00e9sienne low-cost \u00e0 monter soi m\u00eame. \u00a0 Je vous fais gr\u00e2ce des, environ, 6 heures de montage sans grande difficult\u00e9 \u00e0 l&rsquo;aide des vid\u00e9os en ligne et des outils fournis. Le r\u00e9glage est un peu long car ralenti par les nombreux tests d&rsquo;impression qui m&rsquo;ont r\u00e9v\u00e9l\u00e9 que pour le PLA, le [&hellip;]\" \/>\n<meta property=\"og:url\" content=\"https:\/\/fablab-montagny-pres-louhans.fr\/index.php\/2017\/06\/17\/impression-3d-pla-et-refroidissement-de-la-buse\/\" \/>\n<meta property=\"og:site_name\" content=\"Le FabLab\" \/>\n<meta property=\"article:publisher\" content=\"https:\/\/www.facebook.com\/fablab.labom\/\" \/>\n<meta property=\"article:published_time\" content=\"2017-06-17T17:38:02+00:00\" \/>\n<meta property=\"article:modified_time\" content=\"2017-07-11T05:19:14+00:00\" \/>\n<meta property=\"og:image\" content=\"https:\/\/fablab-montagny-pres-louhans.fr\/wp-content\/uploads\/2017\/06\/IMG_0581-300x225.jpg\" \/>\n<meta name=\"author\" content=\"Xavier Vincent\" \/>\n<meta name=\"twitter:card\" content=\"summary_large_image\" \/>\n<meta name=\"twitter:label1\" content=\"\u00c9crit par\" \/>\n\t<meta name=\"twitter:data1\" content=\"Xavier Vincent\" \/>\n\t<meta name=\"twitter:label2\" content=\"Dur\u00e9e de lecture estim\u00e9e\" \/>\n\t<meta name=\"twitter:data2\" content=\"1 minute\" \/>\n<script type=\"application\/ld+json\" class=\"yoast-schema-graph\">{\"@context\":\"https:\\\/\\\/schema.org\",\"@graph\":[{\"@type\":\"Article\",\"@id\":\"https:\\\/\\\/fablab-montagny-pres-louhans.fr\\\/index.php\\\/2017\\\/06\\\/17\\\/impression-3d-pla-et-refroidissement-de-la-buse\\\/#article\",\"isPartOf\":{\"@id\":\"https:\\\/\\\/fablab-montagny-pres-louhans.fr\\\/index.php\\\/2017\\\/06\\\/17\\\/impression-3d-pla-et-refroidissement-de-la-buse\\\/\"},\"author\":{\"name\":\"Xavier Vincent\",\"@id\":\"https:\\\/\\\/fablab-montagny-pres-louhans.fr\\\/#\\\/schema\\\/person\\\/59c98416fe3a0c002433d49a5b0f12ce\"},\"headline\":\"Impression 3D : PLA et refroidissement de la buse\",\"datePublished\":\"2017-06-17T17:38:02+00:00\",\"dateModified\":\"2017-07-11T05:19:14+00:00\",\"mainEntityOfPage\":{\"@id\":\"https:\\\/\\\/fablab-montagny-pres-louhans.fr\\\/index.php\\\/2017\\\/06\\\/17\\\/impression-3d-pla-et-refroidissement-de-la-buse\\\/\"},\"wordCount\":209,\"publisher\":{\"@id\":\"https:\\\/\\\/fablab-montagny-pres-louhans.fr\\\/#organization\"},\"image\":{\"@id\":\"https:\\\/\\\/fablab-montagny-pres-louhans.fr\\\/index.php\\\/2017\\\/06\\\/17\\\/impression-3d-pla-et-refroidissement-de-la-buse\\\/#primaryimage\"},\"thumbnailUrl\":\"https:\\\/\\\/fablab-montagny-pres-louhans.fr\\\/wp-content\\\/uploads\\\/2017\\\/06\\\/IMG_0581-300x225.jpg\",\"articleSection\":[\"Impression 3D\",\"News\"],\"inLanguage\":\"fr-FR\"},{\"@type\":\"WebPage\",\"@id\":\"https:\\\/\\\/fablab-montagny-pres-louhans.fr\\\/index.php\\\/2017\\\/06\\\/17\\\/impression-3d-pla-et-refroidissement-de-la-buse\\\/\",\"url\":\"https:\\\/\\\/fablab-montagny-pres-louhans.fr\\\/index.php\\\/2017\\\/06\\\/17\\\/impression-3d-pla-et-refroidissement-de-la-buse\\\/\",\"name\":\"Impression 3D : PLA et refroidissement de la buse - Le FabLab\",\"isPartOf\":{\"@id\":\"https:\\\/\\\/fablab-montagny-pres-louhans.fr\\\/#website\"},\"primaryImageOfPage\":{\"@id\":\"https:\\\/\\\/fablab-montagny-pres-louhans.fr\\\/index.php\\\/2017\\\/06\\\/17\\\/impression-3d-pla-et-refroidissement-de-la-buse\\\/#primaryimage\"},\"image\":{\"@id\":\"https:\\\/\\\/fablab-montagny-pres-louhans.fr\\\/index.php\\\/2017\\\/06\\\/17\\\/impression-3d-pla-et-refroidissement-de-la-buse\\\/#primaryimage\"},\"thumbnailUrl\":\"https:\\\/\\\/fablab-montagny-pres-louhans.fr\\\/wp-content\\\/uploads\\\/2017\\\/06\\\/IMG_0581-300x225.jpg\",\"datePublished\":\"2017-06-17T17:38:02+00:00\",\"dateModified\":\"2017-07-11T05:19:14+00:00\",\"breadcrumb\":{\"@id\":\"https:\\\/\\\/fablab-montagny-pres-louhans.fr\\\/index.php\\\/2017\\\/06\\\/17\\\/impression-3d-pla-et-refroidissement-de-la-buse\\\/#breadcrumb\"},\"inLanguage\":\"fr-FR\",\"potentialAction\":[{\"@type\":\"ReadAction\",\"target\":[\"https:\\\/\\\/fablab-montagny-pres-louhans.fr\\\/index.php\\\/2017\\\/06\\\/17\\\/impression-3d-pla-et-refroidissement-de-la-buse\\\/\"]}]},{\"@type\":\"ImageObject\",\"inLanguage\":\"fr-FR\",\"@id\":\"https:\\\/\\\/fablab-montagny-pres-louhans.fr\\\/index.php\\\/2017\\\/06\\\/17\\\/impression-3d-pla-et-refroidissement-de-la-buse\\\/#primaryimage\",\"url\":\"https:\\\/\\\/fablab-montagny-pres-louhans.fr\\\/wp-content\\\/uploads\\\/2017\\\/06\\\/IMG_0581.jpg\",\"contentUrl\":\"https:\\\/\\\/fablab-montagny-pres-louhans.fr\\\/wp-content\\\/uploads\\\/2017\\\/06\\\/IMG_0581.jpg\",\"width\":3264,\"height\":2448},{\"@type\":\"BreadcrumbList\",\"@id\":\"https:\\\/\\\/fablab-montagny-pres-louhans.fr\\\/index.php\\\/2017\\\/06\\\/17\\\/impression-3d-pla-et-refroidissement-de-la-buse\\\/#breadcrumb\",\"itemListElement\":[{\"@type\":\"ListItem\",\"position\":1,\"name\":\"Accueil\",\"item\":\"https:\\\/\\\/fablab-montagny-pres-louhans.fr\\\/\"},{\"@type\":\"ListItem\",\"position\":2,\"name\":\"Impression 3D : PLA et refroidissement de la buse\"}]},{\"@type\":\"WebSite\",\"@id\":\"https:\\\/\\\/fablab-montagny-pres-louhans.fr\\\/#website\",\"url\":\"https:\\\/\\\/fablab-montagny-pres-louhans.fr\\\/\",\"name\":\"Le FabLab\",\"description\":\"Le premier de Bresse\",\"publisher\":{\"@id\":\"https:\\\/\\\/fablab-montagny-pres-louhans.fr\\\/#organization\"},\"potentialAction\":[{\"@type\":\"SearchAction\",\"target\":{\"@type\":\"EntryPoint\",\"urlTemplate\":\"https:\\\/\\\/fablab-montagny-pres-louhans.fr\\\/?s={search_term_string}\"},\"query-input\":{\"@type\":\"PropertyValueSpecification\",\"valueRequired\":true,\"valueName\":\"search_term_string\"}}],\"inLanguage\":\"fr-FR\"},{\"@type\":\"Organization\",\"@id\":\"https:\\\/\\\/fablab-montagny-pres-louhans.fr\\\/#organization\",\"name\":\"Le FabLab\",\"url\":\"https:\\\/\\\/fablab-montagny-pres-louhans.fr\\\/\",\"logo\":{\"@type\":\"ImageObject\",\"inLanguage\":\"fr-FR\",\"@id\":\"https:\\\/\\\/fablab-montagny-pres-louhans.fr\\\/#\\\/schema\\\/logo\\\/image\\\/\",\"url\":\"https:\\\/\\\/fablab-montagny-pres-louhans.fr\\\/wp-content\\\/uploads\\\/2023\\\/02\\\/FABALB-logo.png\",\"contentUrl\":\"https:\\\/\\\/fablab-montagny-pres-louhans.fr\\\/wp-content\\\/uploads\\\/2023\\\/02\\\/FABALB-logo.png\",\"width\":250,\"height\":260,\"caption\":\"Le FabLab\"},\"image\":{\"@id\":\"https:\\\/\\\/fablab-montagny-pres-louhans.fr\\\/#\\\/schema\\\/logo\\\/image\\\/\"},\"sameAs\":[\"https:\\\/\\\/www.facebook.com\\\/fablab.labom\\\/\"]},{\"@type\":\"Person\",\"@id\":\"https:\\\/\\\/fablab-montagny-pres-louhans.fr\\\/#\\\/schema\\\/person\\\/59c98416fe3a0c002433d49a5b0f12ce\",\"name\":\"Xavier Vincent\",\"image\":{\"@type\":\"ImageObject\",\"inLanguage\":\"fr-FR\",\"@id\":\"https:\\\/\\\/fablab-montagny-pres-louhans.fr\\\/wp-content\\\/litespeed\\\/avatar\\\/bae4764d44065ff492363743a1d834cd.jpg?ver=1777239699\",\"url\":\"https:\\\/\\\/fablab-montagny-pres-louhans.fr\\\/wp-content\\\/litespeed\\\/avatar\\\/bae4764d44065ff492363743a1d834cd.jpg?ver=1777239699\",\"contentUrl\":\"https:\\\/\\\/fablab-montagny-pres-louhans.fr\\\/wp-content\\\/litespeed\\\/avatar\\\/bae4764d44065ff492363743a1d834cd.jpg?ver=1777239699\",\"caption\":\"Xavier Vincent\"},\"url\":\"https:\\\/\\\/fablab-montagny-pres-louhans.fr\\\/index.php\\\/author\\\/xavier\\\/\"}]}<\/script>\n<!-- \/ Yoast SEO plugin. -->","yoast_head_json":{"title":"Impression 3D : PLA et refroidissement de la buse - Le FabLab","robots":{"index":"noindex","follow":"follow","max-snippet":"max-snippet:-1","max-image-preview":"max-image-preview:large","max-video-preview":"max-video-preview:-1"},"og_locale":"fr_FR","og_type":"article","og_title":"Impression 3D : PLA et refroidissement de la buse - Le FabLab","og_description":"La petite derni\u00e8re : carth\u00e9sienne low-cost \u00e0 monter soi m\u00eame. \u00a0 Je vous fais gr\u00e2ce des, environ, 6 heures de montage sans grande difficult\u00e9 \u00e0 l&rsquo;aide des vid\u00e9os en ligne et des outils fournis. Le r\u00e9glage est un peu long car ralenti par les nombreux tests d&rsquo;impression qui m&rsquo;ont r\u00e9v\u00e9l\u00e9 que pour le PLA, le [&hellip;]","og_url":"https:\/\/fablab-montagny-pres-louhans.fr\/index.php\/2017\/06\/17\/impression-3d-pla-et-refroidissement-de-la-buse\/","og_site_name":"Le FabLab","article_publisher":"https:\/\/www.facebook.com\/fablab.labom\/","article_published_time":"2017-06-17T17:38:02+00:00","article_modified_time":"2017-07-11T05:19:14+00:00","og_image":[{"url":"https:\/\/fablab-montagny-pres-louhans.fr\/wp-content\/uploads\/2017\/06\/IMG_0581-300x225.jpg","type":"","width":"","height":""}],"author":"Xavier Vincent","twitter_card":"summary_large_image","twitter_misc":{"\u00c9crit par":"Xavier Vincent","Dur\u00e9e de lecture estim\u00e9e":"1 minute"},"schema":{"@context":"https:\/\/schema.org","@graph":[{"@type":"Article","@id":"https:\/\/fablab-montagny-pres-louhans.fr\/index.php\/2017\/06\/17\/impression-3d-pla-et-refroidissement-de-la-buse\/#article","isPartOf":{"@id":"https:\/\/fablab-montagny-pres-louhans.fr\/index.php\/2017\/06\/17\/impression-3d-pla-et-refroidissement-de-la-buse\/"},"author":{"name":"Xavier Vincent","@id":"https:\/\/fablab-montagny-pres-louhans.fr\/#\/schema\/person\/59c98416fe3a0c002433d49a5b0f12ce"},"headline":"Impression 3D : PLA et refroidissement de la buse","datePublished":"2017-06-17T17:38:02+00:00","dateModified":"2017-07-11T05:19:14+00:00","mainEntityOfPage":{"@id":"https:\/\/fablab-montagny-pres-louhans.fr\/index.php\/2017\/06\/17\/impression-3d-pla-et-refroidissement-de-la-buse\/"},"wordCount":209,"publisher":{"@id":"https:\/\/fablab-montagny-pres-louhans.fr\/#organization"},"image":{"@id":"https:\/\/fablab-montagny-pres-louhans.fr\/index.php\/2017\/06\/17\/impression-3d-pla-et-refroidissement-de-la-buse\/#primaryimage"},"thumbnailUrl":"https:\/\/fablab-montagny-pres-louhans.fr\/wp-content\/uploads\/2017\/06\/IMG_0581-300x225.jpg","articleSection":["Impression 3D","News"],"inLanguage":"fr-FR"},{"@type":"WebPage","@id":"https:\/\/fablab-montagny-pres-louhans.fr\/index.php\/2017\/06\/17\/impression-3d-pla-et-refroidissement-de-la-buse\/","url":"https:\/\/fablab-montagny-pres-louhans.fr\/index.php\/2017\/06\/17\/impression-3d-pla-et-refroidissement-de-la-buse\/","name":"Impression 3D : PLA et refroidissement de la buse - Le FabLab","isPartOf":{"@id":"https:\/\/fablab-montagny-pres-louhans.fr\/#website"},"primaryImageOfPage":{"@id":"https:\/\/fablab-montagny-pres-louhans.fr\/index.php\/2017\/06\/17\/impression-3d-pla-et-refroidissement-de-la-buse\/#primaryimage"},"image":{"@id":"https:\/\/fablab-montagny-pres-louhans.fr\/index.php\/2017\/06\/17\/impression-3d-pla-et-refroidissement-de-la-buse\/#primaryimage"},"thumbnailUrl":"https:\/\/fablab-montagny-pres-louhans.fr\/wp-content\/uploads\/2017\/06\/IMG_0581-300x225.jpg","datePublished":"2017-06-17T17:38:02+00:00","dateModified":"2017-07-11T05:19:14+00:00","breadcrumb":{"@id":"https:\/\/fablab-montagny-pres-louhans.fr\/index.php\/2017\/06\/17\/impression-3d-pla-et-refroidissement-de-la-buse\/#breadcrumb"},"inLanguage":"fr-FR","potentialAction":[{"@type":"ReadAction","target":["https:\/\/fablab-montagny-pres-louhans.fr\/index.php\/2017\/06\/17\/impression-3d-pla-et-refroidissement-de-la-buse\/"]}]},{"@type":"ImageObject","inLanguage":"fr-FR","@id":"https:\/\/fablab-montagny-pres-louhans.fr\/index.php\/2017\/06\/17\/impression-3d-pla-et-refroidissement-de-la-buse\/#primaryimage","url":"https:\/\/fablab-montagny-pres-louhans.fr\/wp-content\/uploads\/2017\/06\/IMG_0581.jpg","contentUrl":"https:\/\/fablab-montagny-pres-louhans.fr\/wp-content\/uploads\/2017\/06\/IMG_0581.jpg","width":3264,"height":2448},{"@type":"BreadcrumbList","@id":"https:\/\/fablab-montagny-pres-louhans.fr\/index.php\/2017\/06\/17\/impression-3d-pla-et-refroidissement-de-la-buse\/#breadcrumb","itemListElement":[{"@type":"ListItem","position":1,"name":"Accueil","item":"https:\/\/fablab-montagny-pres-louhans.fr\/"},{"@type":"ListItem","position":2,"name":"Impression 3D : PLA et refroidissement de la buse"}]},{"@type":"WebSite","@id":"https:\/\/fablab-montagny-pres-louhans.fr\/#website","url":"https:\/\/fablab-montagny-pres-louhans.fr\/","name":"Le FabLab","description":"Le premier de Bresse","publisher":{"@id":"https:\/\/fablab-montagny-pres-louhans.fr\/#organization"},"potentialAction":[{"@type":"SearchAction","target":{"@type":"EntryPoint","urlTemplate":"https:\/\/fablab-montagny-pres-louhans.fr\/?s={search_term_string}"},"query-input":{"@type":"PropertyValueSpecification","valueRequired":true,"valueName":"search_term_string"}}],"inLanguage":"fr-FR"},{"@type":"Organization","@id":"https:\/\/fablab-montagny-pres-louhans.fr\/#organization","name":"Le FabLab","url":"https:\/\/fablab-montagny-pres-louhans.fr\/","logo":{"@type":"ImageObject","inLanguage":"fr-FR","@id":"https:\/\/fablab-montagny-pres-louhans.fr\/#\/schema\/logo\/image\/","url":"https:\/\/fablab-montagny-pres-louhans.fr\/wp-content\/uploads\/2023\/02\/FABALB-logo.png","contentUrl":"https:\/\/fablab-montagny-pres-louhans.fr\/wp-content\/uploads\/2023\/02\/FABALB-logo.png","width":250,"height":260,"caption":"Le FabLab"},"image":{"@id":"https:\/\/fablab-montagny-pres-louhans.fr\/#\/schema\/logo\/image\/"},"sameAs":["https:\/\/www.facebook.com\/fablab.labom\/"]},{"@type":"Person","@id":"https:\/\/fablab-montagny-pres-louhans.fr\/#\/schema\/person\/59c98416fe3a0c002433d49a5b0f12ce","name":"Xavier Vincent","image":{"@type":"ImageObject","inLanguage":"fr-FR","@id":"https:\/\/fablab-montagny-pres-louhans.fr\/wp-content\/litespeed\/avatar\/bae4764d44065ff492363743a1d834cd.jpg?ver=1777239699","url":"https:\/\/fablab-montagny-pres-louhans.fr\/wp-content\/litespeed\/avatar\/bae4764d44065ff492363743a1d834cd.jpg?ver=1777239699","contentUrl":"https:\/\/fablab-montagny-pres-louhans.fr\/wp-content\/litespeed\/avatar\/bae4764d44065ff492363743a1d834cd.jpg?ver=1777239699","caption":"Xavier Vincent"},"url":"https:\/\/fablab-montagny-pres-louhans.fr\/index.php\/author\/xavier\/"}]}},"_links":{"self":[{"href":"https:\/\/fablab-montagny-pres-louhans.fr\/index.php\/wp-json\/wp\/v2\/posts\/636","targetHints":{"allow":["GET"]}}],"collection":[{"href":"https:\/\/fablab-montagny-pres-louhans.fr\/index.php\/wp-json\/wp\/v2\/posts"}],"about":[{"href":"https:\/\/fablab-montagny-pres-louhans.fr\/index.php\/wp-json\/wp\/v2\/types\/post"}],"author":[{"embeddable":true,"href":"https:\/\/fablab-montagny-pres-louhans.fr\/index.php\/wp-json\/wp\/v2\/users\/31"}],"replies":[{"embeddable":true,"href":"https:\/\/fablab-montagny-pres-louhans.fr\/index.php\/wp-json\/wp\/v2\/comments?post=636"}],"version-history":[{"count":3,"href":"https:\/\/fablab-montagny-pres-louhans.fr\/index.php\/wp-json\/wp\/v2\/posts\/636\/revisions"}],"predecessor-version":[{"id":692,"href":"https:\/\/fablab-montagny-pres-louhans.fr\/index.php\/wp-json\/wp\/v2\/posts\/636\/revisions\/692"}],"wp:attachment":[{"href":"https:\/\/fablab-montagny-pres-louhans.fr\/index.php\/wp-json\/wp\/v2\/media?parent=636"}],"wp:term":[{"taxonomy":"category","embeddable":true,"href":"https:\/\/fablab-montagny-pres-louhans.fr\/index.php\/wp-json\/wp\/v2\/categories?post=636"},{"taxonomy":"post_tag","embeddable":true,"href":"https:\/\/fablab-montagny-pres-louhans.fr\/index.php\/wp-json\/wp\/v2\/tags?post=636"}],"curies":[{"name":"wp","href":"https:\/\/api.w.org\/{rel}","templated":true}]}}