{"id":584,"date":"2017-05-31T07:25:22","date_gmt":"2017-05-31T05:25:22","guid":{"rendered":"https:\/\/fablab-montagny-pres-louhans.fr\/?p=584"},"modified":"2017-05-31T07:25:22","modified_gmt":"2017-05-31T05:25:22","slug":"rencontre-du-premier-type-2eme-partie","status":"publish","type":"post","link":"https:\/\/fablab-montagny-pres-louhans.fr\/index.php\/2017\/05\/31\/rencontre-du-premier-type-2eme-partie\/","title":{"rendered":"Rencontre du premier type (2eme partie)"},"content":{"rendered":"<p>Un r\u00eave, une id\u00e9e &#8230;. le\u00a0temps qui passe &#8230;. et l&rsquo;enthousiasme du d\u00e9but ?<\/p>\n<p>Combien de r\u00eaves sont morts en traversant le pays du r\u00e9el ? Combien de vies sont pass\u00e9es \u00e0 c\u00f4t\u00e9 d&rsquo;elles m\u00eame ? Hein ? sans d\u00e9c ? Hein oh ?<\/p>\n<p>C&rsquo;est toujours la m\u00eame histoire, vous l&rsquo;avez entendu des tas de fois :<\/p>\n<p>\u00ab\u00a0mais laisse b\u00e9ton, c&rsquo;est trop difficile\u00a0\u00bb, \u00ab\u00a0oh oh, et la marmotte elle met le papier d&rsquo;alu sur la tablette &#8230;\u00a0\u00bb, \u00ab\u00a0tu te prends pour qui p&rsquo;tit c.. ? Paf !!! \u00a0tu feras comme tout le monde, hop, au champ comme tes s\u0153urs\u00a0\u00bb.<\/p>\n<p>Tout est difficile\u00a0quand la pesanteur est forte\u00a0\u00a0&#8230;. Mais aujourd&rsquo;hui la diff\u00e9rence c&rsquo;est\u00a0<strong>l&rsquo;Internet.<\/strong><\/p>\n<p>Et ce\u00a0sont des\u00a0<a href=\"https:\/\/fr.wikipedia.org\/wiki\/Jon_Postel\">chevelus<\/a>\u00a0\u00e0 qui on r\u00e9p\u00e9tait certainement sans cesse des choses similaires qui ont fait l&rsquo;Internet.<\/p>\n<p>Quelques d\u00e9cennies\u00a0plus tard, un\u00a0moins chevelu (<a href=\"https:\/\/fr.wikipedia.org\/wiki\/Tim_Berners-Lee\">Tim Berneers Lee<\/a>) qui bossait pour le CERN pas loin de chez nous, a pondu le premier serveur web sur un ordinateur (<a href=\"https:\/\/fr.wikipedia.org\/wiki\/NeXT\">Next Computer<\/a>) d&rsquo;un baba\u00a0qui venait de se faire virer de sa propre boite : Apple (<a href=\"https:\/\/fr.wikipedia.org\/wiki\/Steve_Jobs\">Steve Jobs<\/a>).<\/p>\n<p>Le reste suit &#8230;<\/p>\n<h2>Et le Cloud dit &#8230;<\/h2>\n<p>\u00ab\u00a0Alors les r\u00eaves\u00a0se sont ajout\u00e9s les uns aux autres jusqu&rsquo;\u00e0 acc\u00e9l\u00e9rer exponentiellement sur la toile. Chaque r\u00eave accompli prouvait \u00e0 tous les <em>(choisissez le meilleur mot SVP)<\/em>\u00a0 du monde que c&rsquo;\u00e9tait possible et du coup l&rsquo;enthousiasme du r\u00eaveur perdu explosait \u00e0 son tour en \u00e9nergie cr\u00e9atrice et &#8230;.boum paf pif &#8230; dans tous les coins de la galaxie connect\u00e9e :\u00a0l&rsquo;univers fut &#8230;.\u00a0\u00bb<\/p>\n<h2>Fait le : Just do it (Nike 2000 after JC)<\/h2>\n<p>Apr\u00e8s la prise de\u00a0quelques cakes au jambon pr\u00e9par\u00e9s par le petit-gris et d&rsquo;\u00e9changes t\u00e9l\u00e9pathiques agr\u00e9ment\u00e9s de signes de paix Vulcains le chantier fut lanc\u00e9.<\/p>\n<p>La base est un g\u00e9odome \u00a02V en tasseaux de bois 27&#215;27 pr\u00e9c\u00e9demment r\u00e9alis\u00e9 (voir l&rsquo;\u00e9pisode I) de 4.5m de diam\u00e8tre. On rajoute\u00a0\u00a0un socle en bois qui l\u00e8ve la structure de 1.2 m environ<\/p>\n<p><img loading=\"lazy\" decoding=\"async\" class=\"wp-image-481 alignleft\" src=\"https:\/\/fablab-montagny-pres-louhans.fr\/wp-content\/uploads\/2017\/04\/P3250288-300x225.jpg\" alt=\"\" width=\"423\" height=\"317\" srcset=\"https:\/\/fablab-montagny-pres-louhans.fr\/wp-content\/uploads\/2017\/04\/P3250288-300x225.jpg 300w, https:\/\/fablab-montagny-pres-louhans.fr\/wp-content\/uploads\/2017\/04\/P3250288-768x576.jpg 768w, https:\/\/fablab-montagny-pres-louhans.fr\/wp-content\/uploads\/2017\/04\/P3250288-1024x768.jpg 1024w, https:\/\/fablab-montagny-pres-louhans.fr\/wp-content\/uploads\/2017\/04\/P3250288.jpg 2048w\" sizes=\"(max-width: 423px) 100vw, 423px\" \/><\/p>\n<p>Pour ceux qui sont observateurs il y a quelque chose qui cloche dans l&rsquo;image &#8230;. (r\u00e9ponse dans l&rsquo;\u00e9pisode III)<\/p>\n<p>Cela\u00a0fait une jolie structure mais on ne se rend pas bien compte de la taille donc voici une photo plus parlante &#8230;<\/p>\n<p>&nbsp;<\/p>\n<p><img loading=\"lazy\" decoding=\"async\" class=\"wp-image-475 alignright\" src=\"https:\/\/fablab-montagny-pres-louhans.fr\/wp-content\/uploads\/2017\/04\/IMG_2582-300x200.jpg\" alt=\"\" width=\"421\" height=\"280\" srcset=\"https:\/\/fablab-montagny-pres-louhans.fr\/wp-content\/uploads\/2017\/04\/IMG_2582-300x200.jpg 300w, https:\/\/fablab-montagny-pres-louhans.fr\/wp-content\/uploads\/2017\/04\/IMG_2582-768x511.jpg 768w, https:\/\/fablab-montagny-pres-louhans.fr\/wp-content\/uploads\/2017\/04\/IMG_2582-1024x681.jpg 1024w, https:\/\/fablab-montagny-pres-louhans.fr\/wp-content\/uploads\/2017\/04\/IMG_2582.jpg 1936w\" sizes=\"(max-width: 421px) 100vw, 421px\" \/><\/p>\n<p>&nbsp;<\/p>\n<p>&nbsp;<\/p>\n<p>&nbsp;<\/p>\n<p>&nbsp;<\/p>\n<p>Les hubs (connecteurs des branches) sont des morceaux de tuyaux PVC diam\u00e8tre 50 dans lesquels on fait passer des \u00ab\u00a0colsons\u00a0\u00bb. Simple et efficace.<\/p>\n<p>Bien entendu la structure n&rsquo;est pas faite pour durer. Il s&rsquo;agit simplement d&rsquo;un POC (Proof Of Concept)<\/p>\n<p>On peut toujours envisager 1000 solutions mais l&rsquo;important c&rsquo;est de <strong>faire, de concr\u00e9tiser l&rsquo;id\u00e9e.<\/strong><\/p>\n<p>Le reste appartient aux nuances et c&rsquo;est beau les nuances, c&rsquo;est comme la couleur des\u00a0fleurs dans un champ, \u00e7a fait plaisir mais si il n&rsquo;y a pas de fleurs il ne reste que le d\u00e9sir (faut mettre une vache)<\/p>\n<p>\u00ab\u00a0Klaatu\u00a0barada glok\u00a0\u00bb comme on dit en petit-gris (attention \u00e0 la nuance)<\/p>\n","protected":false},"excerpt":{"rendered":"<p>Un r\u00eave, une id\u00e9e &#8230;. le\u00a0temps qui passe &#8230;. et l&rsquo;enthousiasme du d\u00e9but ? Combien de r\u00eaves sont morts en traversant le pays du r\u00e9el ? Combien de vies sont pass\u00e9es \u00e0 c\u00f4t\u00e9 d&rsquo;elles m\u00eame ? Hein ? sans d\u00e9c ? Hein oh ? C&rsquo;est toujours la m\u00eame histoire, vous l&rsquo;avez entendu des tas de [&hellip;]<\/p>\n","protected":false},"author":1,"featured_media":0,"comment_status":"closed","ping_status":"open","sticky":false,"template":"","format":"standard","meta":{"_et_pb_use_builder":"","_et_pb_old_content":"","_et_gb_content_width":"","rop_custom_images_group":[],"rop_custom_messages_group":[],"rop_publish_now":"initial","rop_publish_now_accounts":{"facebook_1992431424458146_173380702515979":""},"rop_publish_now_history":[],"rop_publish_now_status":"pending","footnotes":""},"categories":[15,8],"tags":[],"class_list":["post-584","post","type-post","status-publish","format-standard","hentry","category-astronomie","category-projet"],"yoast_head":"<!-- This site is optimized with the Yoast SEO plugin v27.3 - https:\/\/yoast.com\/product\/yoast-seo-wordpress\/ -->\n<title>Rencontre du premier type (2eme partie) - Le FabLab<\/title>\n<meta name=\"robots\" content=\"noindex, follow, max-snippet:-1, max-image-preview:large, max-video-preview:-1\" \/>\n<meta property=\"og:locale\" content=\"fr_FR\" \/>\n<meta property=\"og:type\" content=\"article\" \/>\n<meta property=\"og:title\" content=\"Rencontre du premier type (2eme partie) - Le FabLab\" \/>\n<meta property=\"og:description\" content=\"Un r\u00eave, une id\u00e9e &#8230;. le\u00a0temps qui passe &#8230;. et l&rsquo;enthousiasme du d\u00e9but ? Combien de r\u00eaves sont morts en traversant le pays du r\u00e9el ? Combien de vies sont pass\u00e9es \u00e0 c\u00f4t\u00e9 d&rsquo;elles m\u00eame ? Hein ? sans d\u00e9c ? Hein oh ? C&rsquo;est toujours la m\u00eame histoire, vous l&rsquo;avez entendu des tas de [&hellip;]\" \/>\n<meta property=\"og:url\" content=\"https:\/\/fablab-montagny-pres-louhans.fr\/index.php\/2017\/05\/31\/rencontre-du-premier-type-2eme-partie\/\" \/>\n<meta property=\"og:site_name\" content=\"Le FabLab\" \/>\n<meta property=\"article:publisher\" content=\"https:\/\/www.facebook.com\/fablab.labom\/\" \/>\n<meta property=\"article:published_time\" content=\"2017-05-31T05:25:22+00:00\" \/>\n<meta property=\"og:image\" content=\"https:\/\/fablab-montagny-pres-louhans.fr\/wp-content\/uploads\/2017\/04\/P3250288-300x225.jpg\" \/>\n<meta name=\"author\" content=\"Mo\" \/>\n<meta name=\"twitter:card\" content=\"summary_large_image\" \/>\n<meta name=\"twitter:label1\" content=\"\u00c9crit par\" \/>\n\t<meta name=\"twitter:data1\" content=\"Mo\" \/>\n\t<meta name=\"twitter:label2\" content=\"Dur\u00e9e de lecture estim\u00e9e\" \/>\n\t<meta name=\"twitter:data2\" content=\"2 minutes\" \/>\n<script type=\"application\/ld+json\" class=\"yoast-schema-graph\">{\"@context\":\"https:\\\/\\\/schema.org\",\"@graph\":[{\"@type\":\"Article\",\"@id\":\"https:\\\/\\\/fablab-montagny-pres-louhans.fr\\\/index.php\\\/2017\\\/05\\\/31\\\/rencontre-du-premier-type-2eme-partie\\\/#article\",\"isPartOf\":{\"@id\":\"https:\\\/\\\/fablab-montagny-pres-louhans.fr\\\/index.php\\\/2017\\\/05\\\/31\\\/rencontre-du-premier-type-2eme-partie\\\/\"},\"author\":{\"name\":\"Mo\",\"@id\":\"https:\\\/\\\/fablab-montagny-pres-louhans.fr\\\/#\\\/schema\\\/person\\\/8456266e713876daefebd9e75b7bba60\"},\"headline\":\"Rencontre du premier type (2eme partie)\",\"datePublished\":\"2017-05-31T05:25:22+00:00\",\"mainEntityOfPage\":{\"@id\":\"https:\\\/\\\/fablab-montagny-pres-louhans.fr\\\/index.php\\\/2017\\\/05\\\/31\\\/rencontre-du-premier-type-2eme-partie\\\/\"},\"wordCount\":497,\"publisher\":{\"@id\":\"https:\\\/\\\/fablab-montagny-pres-louhans.fr\\\/#organization\"},\"image\":{\"@id\":\"https:\\\/\\\/fablab-montagny-pres-louhans.fr\\\/index.php\\\/2017\\\/05\\\/31\\\/rencontre-du-premier-type-2eme-partie\\\/#primaryimage\"},\"thumbnailUrl\":\"https:\\\/\\\/fablab-montagny-pres-louhans.fr\\\/wp-content\\\/uploads\\\/2017\\\/04\\\/P3250288-300x225.jpg\",\"articleSection\":[\"Astronomie\",\"Projet\"],\"inLanguage\":\"fr-FR\"},{\"@type\":\"WebPage\",\"@id\":\"https:\\\/\\\/fablab-montagny-pres-louhans.fr\\\/index.php\\\/2017\\\/05\\\/31\\\/rencontre-du-premier-type-2eme-partie\\\/\",\"url\":\"https:\\\/\\\/fablab-montagny-pres-louhans.fr\\\/index.php\\\/2017\\\/05\\\/31\\\/rencontre-du-premier-type-2eme-partie\\\/\",\"name\":\"Rencontre du premier type (2eme partie) - Le FabLab\",\"isPartOf\":{\"@id\":\"https:\\\/\\\/fablab-montagny-pres-louhans.fr\\\/#website\"},\"primaryImageOfPage\":{\"@id\":\"https:\\\/\\\/fablab-montagny-pres-louhans.fr\\\/index.php\\\/2017\\\/05\\\/31\\\/rencontre-du-premier-type-2eme-partie\\\/#primaryimage\"},\"image\":{\"@id\":\"https:\\\/\\\/fablab-montagny-pres-louhans.fr\\\/index.php\\\/2017\\\/05\\\/31\\\/rencontre-du-premier-type-2eme-partie\\\/#primaryimage\"},\"thumbnailUrl\":\"https:\\\/\\\/fablab-montagny-pres-louhans.fr\\\/wp-content\\\/uploads\\\/2017\\\/04\\\/P3250288-300x225.jpg\",\"datePublished\":\"2017-05-31T05:25:22+00:00\",\"breadcrumb\":{\"@id\":\"https:\\\/\\\/fablab-montagny-pres-louhans.fr\\\/index.php\\\/2017\\\/05\\\/31\\\/rencontre-du-premier-type-2eme-partie\\\/#breadcrumb\"},\"inLanguage\":\"fr-FR\",\"potentialAction\":[{\"@type\":\"ReadAction\",\"target\":[\"https:\\\/\\\/fablab-montagny-pres-louhans.fr\\\/index.php\\\/2017\\\/05\\\/31\\\/rencontre-du-premier-type-2eme-partie\\\/\"]}]},{\"@type\":\"ImageObject\",\"inLanguage\":\"fr-FR\",\"@id\":\"https:\\\/\\\/fablab-montagny-pres-louhans.fr\\\/index.php\\\/2017\\\/05\\\/31\\\/rencontre-du-premier-type-2eme-partie\\\/#primaryimage\",\"url\":\"https:\\\/\\\/fablab-montagny-pres-louhans.fr\\\/wp-content\\\/uploads\\\/2017\\\/04\\\/P3250288.jpg\",\"contentUrl\":\"https:\\\/\\\/fablab-montagny-pres-louhans.fr\\\/wp-content\\\/uploads\\\/2017\\\/04\\\/P3250288.jpg\",\"width\":2048,\"height\":1536,\"caption\":\"OLYMPUS DIGITAL CAMERA\"},{\"@type\":\"BreadcrumbList\",\"@id\":\"https:\\\/\\\/fablab-montagny-pres-louhans.fr\\\/index.php\\\/2017\\\/05\\\/31\\\/rencontre-du-premier-type-2eme-partie\\\/#breadcrumb\",\"itemListElement\":[{\"@type\":\"ListItem\",\"position\":1,\"name\":\"Accueil\",\"item\":\"https:\\\/\\\/fablab-montagny-pres-louhans.fr\\\/\"},{\"@type\":\"ListItem\",\"position\":2,\"name\":\"Rencontre du premier type (2eme partie)\"}]},{\"@type\":\"WebSite\",\"@id\":\"https:\\\/\\\/fablab-montagny-pres-louhans.fr\\\/#website\",\"url\":\"https:\\\/\\\/fablab-montagny-pres-louhans.fr\\\/\",\"name\":\"Le FabLab\",\"description\":\"Le premier de Bresse\",\"publisher\":{\"@id\":\"https:\\\/\\\/fablab-montagny-pres-louhans.fr\\\/#organization\"},\"potentialAction\":[{\"@type\":\"SearchAction\",\"target\":{\"@type\":\"EntryPoint\",\"urlTemplate\":\"https:\\\/\\\/fablab-montagny-pres-louhans.fr\\\/?s={search_term_string}\"},\"query-input\":{\"@type\":\"PropertyValueSpecification\",\"valueRequired\":true,\"valueName\":\"search_term_string\"}}],\"inLanguage\":\"fr-FR\"},{\"@type\":\"Organization\",\"@id\":\"https:\\\/\\\/fablab-montagny-pres-louhans.fr\\\/#organization\",\"name\":\"Le FabLab\",\"url\":\"https:\\\/\\\/fablab-montagny-pres-louhans.fr\\\/\",\"logo\":{\"@type\":\"ImageObject\",\"inLanguage\":\"fr-FR\",\"@id\":\"https:\\\/\\\/fablab-montagny-pres-louhans.fr\\\/#\\\/schema\\\/logo\\\/image\\\/\",\"url\":\"https:\\\/\\\/fablab-montagny-pres-louhans.fr\\\/wp-content\\\/uploads\\\/2023\\\/02\\\/FABALB-logo.png\",\"contentUrl\":\"https:\\\/\\\/fablab-montagny-pres-louhans.fr\\\/wp-content\\\/uploads\\\/2023\\\/02\\\/FABALB-logo.png\",\"width\":250,\"height\":260,\"caption\":\"Le FabLab\"},\"image\":{\"@id\":\"https:\\\/\\\/fablab-montagny-pres-louhans.fr\\\/#\\\/schema\\\/logo\\\/image\\\/\"},\"sameAs\":[\"https:\\\/\\\/www.facebook.com\\\/fablab.labom\\\/\"]},{\"@type\":\"Person\",\"@id\":\"https:\\\/\\\/fablab-montagny-pres-louhans.fr\\\/#\\\/schema\\\/person\\\/8456266e713876daefebd9e75b7bba60\",\"name\":\"Mo\",\"image\":{\"@type\":\"ImageObject\",\"inLanguage\":\"fr-FR\",\"@id\":\"https:\\\/\\\/fablab-montagny-pres-louhans.fr\\\/wp-content\\\/litespeed\\\/avatar\\\/0cd8c0fa40492fbe802afa80739e06e7.jpg?ver=1777249441\",\"url\":\"https:\\\/\\\/fablab-montagny-pres-louhans.fr\\\/wp-content\\\/litespeed\\\/avatar\\\/0cd8c0fa40492fbe802afa80739e06e7.jpg?ver=1777249441\",\"contentUrl\":\"https:\\\/\\\/fablab-montagny-pres-louhans.fr\\\/wp-content\\\/litespeed\\\/avatar\\\/0cd8c0fa40492fbe802afa80739e06e7.jpg?ver=1777249441\",\"caption\":\"Mo\"},\"url\":\"https:\\\/\\\/fablab-montagny-pres-louhans.fr\\\/index.php\\\/author\\\/dominique\\\/\"}]}<\/script>\n<!-- \/ Yoast SEO plugin. -->","yoast_head_json":{"title":"Rencontre du premier type (2eme partie) - Le FabLab","robots":{"index":"noindex","follow":"follow","max-snippet":"max-snippet:-1","max-image-preview":"max-image-preview:large","max-video-preview":"max-video-preview:-1"},"og_locale":"fr_FR","og_type":"article","og_title":"Rencontre du premier type (2eme partie) - Le FabLab","og_description":"Un r\u00eave, une id\u00e9e &#8230;. le\u00a0temps qui passe &#8230;. et l&rsquo;enthousiasme du d\u00e9but ? Combien de r\u00eaves sont morts en traversant le pays du r\u00e9el ? Combien de vies sont pass\u00e9es \u00e0 c\u00f4t\u00e9 d&rsquo;elles m\u00eame ? Hein ? sans d\u00e9c ? Hein oh ? C&rsquo;est toujours la m\u00eame histoire, vous l&rsquo;avez entendu des tas de [&hellip;]","og_url":"https:\/\/fablab-montagny-pres-louhans.fr\/index.php\/2017\/05\/31\/rencontre-du-premier-type-2eme-partie\/","og_site_name":"Le FabLab","article_publisher":"https:\/\/www.facebook.com\/fablab.labom\/","article_published_time":"2017-05-31T05:25:22+00:00","og_image":[{"url":"https:\/\/fablab-montagny-pres-louhans.fr\/wp-content\/uploads\/2017\/04\/P3250288-300x225.jpg","type":"","width":"","height":""}],"author":"Mo","twitter_card":"summary_large_image","twitter_misc":{"\u00c9crit par":"Mo","Dur\u00e9e de lecture estim\u00e9e":"2 minutes"},"schema":{"@context":"https:\/\/schema.org","@graph":[{"@type":"Article","@id":"https:\/\/fablab-montagny-pres-louhans.fr\/index.php\/2017\/05\/31\/rencontre-du-premier-type-2eme-partie\/#article","isPartOf":{"@id":"https:\/\/fablab-montagny-pres-louhans.fr\/index.php\/2017\/05\/31\/rencontre-du-premier-type-2eme-partie\/"},"author":{"name":"Mo","@id":"https:\/\/fablab-montagny-pres-louhans.fr\/#\/schema\/person\/8456266e713876daefebd9e75b7bba60"},"headline":"Rencontre du premier type (2eme partie)","datePublished":"2017-05-31T05:25:22+00:00","mainEntityOfPage":{"@id":"https:\/\/fablab-montagny-pres-louhans.fr\/index.php\/2017\/05\/31\/rencontre-du-premier-type-2eme-partie\/"},"wordCount":497,"publisher":{"@id":"https:\/\/fablab-montagny-pres-louhans.fr\/#organization"},"image":{"@id":"https:\/\/fablab-montagny-pres-louhans.fr\/index.php\/2017\/05\/31\/rencontre-du-premier-type-2eme-partie\/#primaryimage"},"thumbnailUrl":"https:\/\/fablab-montagny-pres-louhans.fr\/wp-content\/uploads\/2017\/04\/P3250288-300x225.jpg","articleSection":["Astronomie","Projet"],"inLanguage":"fr-FR"},{"@type":"WebPage","@id":"https:\/\/fablab-montagny-pres-louhans.fr\/index.php\/2017\/05\/31\/rencontre-du-premier-type-2eme-partie\/","url":"https:\/\/fablab-montagny-pres-louhans.fr\/index.php\/2017\/05\/31\/rencontre-du-premier-type-2eme-partie\/","name":"Rencontre du premier type (2eme partie) - Le FabLab","isPartOf":{"@id":"https:\/\/fablab-montagny-pres-louhans.fr\/#website"},"primaryImageOfPage":{"@id":"https:\/\/fablab-montagny-pres-louhans.fr\/index.php\/2017\/05\/31\/rencontre-du-premier-type-2eme-partie\/#primaryimage"},"image":{"@id":"https:\/\/fablab-montagny-pres-louhans.fr\/index.php\/2017\/05\/31\/rencontre-du-premier-type-2eme-partie\/#primaryimage"},"thumbnailUrl":"https:\/\/fablab-montagny-pres-louhans.fr\/wp-content\/uploads\/2017\/04\/P3250288-300x225.jpg","datePublished":"2017-05-31T05:25:22+00:00","breadcrumb":{"@id":"https:\/\/fablab-montagny-pres-louhans.fr\/index.php\/2017\/05\/31\/rencontre-du-premier-type-2eme-partie\/#breadcrumb"},"inLanguage":"fr-FR","potentialAction":[{"@type":"ReadAction","target":["https:\/\/fablab-montagny-pres-louhans.fr\/index.php\/2017\/05\/31\/rencontre-du-premier-type-2eme-partie\/"]}]},{"@type":"ImageObject","inLanguage":"fr-FR","@id":"https:\/\/fablab-montagny-pres-louhans.fr\/index.php\/2017\/05\/31\/rencontre-du-premier-type-2eme-partie\/#primaryimage","url":"https:\/\/fablab-montagny-pres-louhans.fr\/wp-content\/uploads\/2017\/04\/P3250288.jpg","contentUrl":"https:\/\/fablab-montagny-pres-louhans.fr\/wp-content\/uploads\/2017\/04\/P3250288.jpg","width":2048,"height":1536,"caption":"OLYMPUS DIGITAL CAMERA"},{"@type":"BreadcrumbList","@id":"https:\/\/fablab-montagny-pres-louhans.fr\/index.php\/2017\/05\/31\/rencontre-du-premier-type-2eme-partie\/#breadcrumb","itemListElement":[{"@type":"ListItem","position":1,"name":"Accueil","item":"https:\/\/fablab-montagny-pres-louhans.fr\/"},{"@type":"ListItem","position":2,"name":"Rencontre du premier type (2eme partie)"}]},{"@type":"WebSite","@id":"https:\/\/fablab-montagny-pres-louhans.fr\/#website","url":"https:\/\/fablab-montagny-pres-louhans.fr\/","name":"Le FabLab","description":"Le premier de Bresse","publisher":{"@id":"https:\/\/fablab-montagny-pres-louhans.fr\/#organization"},"potentialAction":[{"@type":"SearchAction","target":{"@type":"EntryPoint","urlTemplate":"https:\/\/fablab-montagny-pres-louhans.fr\/?s={search_term_string}"},"query-input":{"@type":"PropertyValueSpecification","valueRequired":true,"valueName":"search_term_string"}}],"inLanguage":"fr-FR"},{"@type":"Organization","@id":"https:\/\/fablab-montagny-pres-louhans.fr\/#organization","name":"Le FabLab","url":"https:\/\/fablab-montagny-pres-louhans.fr\/","logo":{"@type":"ImageObject","inLanguage":"fr-FR","@id":"https:\/\/fablab-montagny-pres-louhans.fr\/#\/schema\/logo\/image\/","url":"https:\/\/fablab-montagny-pres-louhans.fr\/wp-content\/uploads\/2023\/02\/FABALB-logo.png","contentUrl":"https:\/\/fablab-montagny-pres-louhans.fr\/wp-content\/uploads\/2023\/02\/FABALB-logo.png","width":250,"height":260,"caption":"Le FabLab"},"image":{"@id":"https:\/\/fablab-montagny-pres-louhans.fr\/#\/schema\/logo\/image\/"},"sameAs":["https:\/\/www.facebook.com\/fablab.labom\/"]},{"@type":"Person","@id":"https:\/\/fablab-montagny-pres-louhans.fr\/#\/schema\/person\/8456266e713876daefebd9e75b7bba60","name":"Mo","image":{"@type":"ImageObject","inLanguage":"fr-FR","@id":"https:\/\/fablab-montagny-pres-louhans.fr\/wp-content\/litespeed\/avatar\/0cd8c0fa40492fbe802afa80739e06e7.jpg?ver=1777249441","url":"https:\/\/fablab-montagny-pres-louhans.fr\/wp-content\/litespeed\/avatar\/0cd8c0fa40492fbe802afa80739e06e7.jpg?ver=1777249441","contentUrl":"https:\/\/fablab-montagny-pres-louhans.fr\/wp-content\/litespeed\/avatar\/0cd8c0fa40492fbe802afa80739e06e7.jpg?ver=1777249441","caption":"Mo"},"url":"https:\/\/fablab-montagny-pres-louhans.fr\/index.php\/author\/dominique\/"}]}},"_links":{"self":[{"href":"https:\/\/fablab-montagny-pres-louhans.fr\/index.php\/wp-json\/wp\/v2\/posts\/584","targetHints":{"allow":["GET"]}}],"collection":[{"href":"https:\/\/fablab-montagny-pres-louhans.fr\/index.php\/wp-json\/wp\/v2\/posts"}],"about":[{"href":"https:\/\/fablab-montagny-pres-louhans.fr\/index.php\/wp-json\/wp\/v2\/types\/post"}],"author":[{"embeddable":true,"href":"https:\/\/fablab-montagny-pres-louhans.fr\/index.php\/wp-json\/wp\/v2\/users\/1"}],"replies":[{"embeddable":true,"href":"https:\/\/fablab-montagny-pres-louhans.fr\/index.php\/wp-json\/wp\/v2\/comments?post=584"}],"version-history":[{"count":16,"href":"https:\/\/fablab-montagny-pres-louhans.fr\/index.php\/wp-json\/wp\/v2\/posts\/584\/revisions"}],"predecessor-version":[{"id":624,"href":"https:\/\/fablab-montagny-pres-louhans.fr\/index.php\/wp-json\/wp\/v2\/posts\/584\/revisions\/624"}],"wp:attachment":[{"href":"https:\/\/fablab-montagny-pres-louhans.fr\/index.php\/wp-json\/wp\/v2\/media?parent=584"}],"wp:term":[{"taxonomy":"category","embeddable":true,"href":"https:\/\/fablab-montagny-pres-louhans.fr\/index.php\/wp-json\/wp\/v2\/categories?post=584"},{"taxonomy":"post_tag","embeddable":true,"href":"https:\/\/fablab-montagny-pres-louhans.fr\/index.php\/wp-json\/wp\/v2\/tags?post=584"}],"curies":[{"name":"wp","href":"https:\/\/api.w.org\/{rel}","templated":true}]}}