{"id":3814,"date":"2022-04-21T23:18:37","date_gmt":"2022-04-21T21:18:37","guid":{"rendered":"https:\/\/fablab-montagny-pres-louhans.fr\/?p=3814"},"modified":"2023-02-21T19:05:28","modified_gmt":"2023-02-21T18:05:28","slug":"salon-3d-print","status":"publish","type":"post","link":"https:\/\/fablab-montagny-pres-louhans.fr\/index.php\/2022\/04\/21\/salon-3d-print\/","title":{"rendered":"Salon 3D print"},"content":{"rendered":"\r\n<p>Mercredi 6 avril, une d\u00e9l\u00e9gation du Fablab s&rsquo;est rendue au rendez vous annuel de salon 3D print \u00e0 Lyon. En raison de l&rsquo;\u00e9pisode COVID, nous avions rat\u00e9 2 ann\u00e9es. Nous devions donc rattraper le retard sur les nouveaut\u00e9s.<\/p>\r\n\r\n\r\n\r\n<p>Constat : le salon se professionnalise. Rien d&rsquo;\u00e9tonnant puisque c&rsquo;est un salon professionnel&#8230; Ceci \u00e9tant les petites imprimantes pour particuliers sont peu pr\u00e9sentes.<br \/>La tendance est au volume et \u00e0 l&rsquo;impression m\u00e9tal<\/p>\r\n\r\n\r\n\r\n<p>L&rsquo;impression m\u00e9tal est r\u00e9alis\u00e9e en 2 phases :<br \/>&#8211; une impression de type fusion sur lit de poudre, le d\u00e9p\u00f4t de m\u00e9tal par du filament comprenant de la poudre de m\u00e9tal m\u00e9lang\u00e9e \u00e0 des liants.<br \/>&#8211; un post traitement pour \u00e9liminer le liant<\/p>\r\n\r\n\r\n\r\n<p>Il est \u00e0 noter que la taille de la pi\u00e8ce va diminuer lors du post traitement, il faudra en tenir compte lors de l&rsquo;impression.<\/p>\r\n\r\n\r\n\r\n<figure class=\"wp-block-image size-full\"><img loading=\"lazy\" decoding=\"async\" width=\"576\" height=\"768\" class=\"wp-image-3893\" src=\"https:\/\/fablab-montagny-pres-louhans.fr\/wp-content\/uploads\/2022\/04\/IMG_2676.jpg\" alt=\"\" \/>\r\n<figcaption>ailettes de turbines imprim\u00e9es en m\u00e9tal. Il y avait aussi des proth\u00e8ses pour f\u00e9mur en titane !<\/figcaption>\r\n<\/figure>\r\n\r\n\r\n\r\n<p>Des imprimantes XXL. Ici une delta de 1 m\u00e8tre de diam\u00e8tre sur plus de 2 m\u00e8tres de haut.<\/p>\r\n\r\n\r\n\r\n<figure class=\"wp-block-image size-full\"><img loading=\"lazy\" decoding=\"async\" width=\"576\" height=\"768\" class=\"wp-image-3896\" src=\"https:\/\/fablab-montagny-pres-louhans.fr\/wp-content\/uploads\/2022\/04\/IMG_2679.jpg\" alt=\"\" \/><\/figure>\r\n\r\n\r\n\r\n<p>Un stand Vosgien, qui pr\u00e9sentait une solution de d\u00e9coupe en tranches pour fabriquer des meubles ou des objets, mais aussi des emballages sur mesure (mousse ou carton). Astucieux -&gt; <a href=\"https:\/\/www.cirtes.com\/\" target=\"_blank\" rel=\"noreferrer noopener\">https:\/\/www.cirtes.com\/<\/a><\/p>\r\n\r\n\r\n\r\n<figure class=\"wp-block-image size-full\"><img loading=\"lazy\" decoding=\"async\" width=\"576\" height=\"768\" class=\"wp-image-3895\" src=\"https:\/\/fablab-montagny-pres-louhans.fr\/wp-content\/uploads\/2022\/04\/IMG_2678.jpg\" alt=\"\" \/><\/figure>\r\n\r\n\r\n\r\n<p>Un prototype de v\u00e9lo \u00e9lectrique hautes performances. Le cadre est imprim\u00e9 en 3D. La r\u00e9sistance est suffisante pour ce prototype et \u00e0 permis de valider et modifier les passages des c\u00e2bles. Avantage : rapidit\u00e9 de la r\u00e9alisation du prototype, possibilit\u00e9 de le faire \u00e9voluer rapidement avant la production d\u00e9finitive en carbone (il me semble).<\/p>\r\n\r\n\r\n\r\n<figure class=\"wp-block-image size-full\"><img loading=\"lazy\" decoding=\"async\" width=\"1024\" height=\"768\" class=\"wp-image-3898\" src=\"https:\/\/fablab-montagny-pres-louhans.fr\/wp-content\/uploads\/2022\/04\/IMG_2681.jpg\" alt=\"\" \/><\/figure>\r\n\r\n\r\n\r\n<p>Une petite derni\u00e8re d\u00e9couverte au stand siemens. Un logiciel de conception 3D haut de gamme, intuitif (m\u00eame si cela nous oblige \u00e0 modifier notre mode de fonctionnement).<br \/>Parmi les avantages, la possibilit\u00e9 de r\u00e9cup\u00e9rer un STL, de le coter et le modifier rapidement. <br \/>L&rsquo;application fonctionne en local sans besoin du cloud. <br \/>Autre avantage, et non des moindres, l&rsquo;application haut de gamme est offerte sans limitations pour des utilisations non commerciales.<br \/><a href=\"https:\/\/www.plm.automation.siemens.com\/plmapp\/education\/solid-edge\/en_us\/free-software\/community\" target=\"_blank\" rel=\"noreferrer noopener\">https:\/\/www.plm.automation.siemens.com\/plmapp\/education\/solid-edge\/en_us\/free-software\/community<\/a><\/p>\r\n\r\n\r\n\r\n<figure class=\"wp-block-image size-full\"><img loading=\"lazy\" decoding=\"async\" width=\"576\" height=\"768\" class=\"wp-image-3886\" src=\"https:\/\/fablab-montagny-pres-louhans.fr\/wp-content\/uploads\/2022\/04\/IMG_2669.jpg\" alt=\"\" \/><\/figure>\r\n","protected":false},"excerpt":{"rendered":"<p>Mercredi 6 avril, une d\u00e9l\u00e9gation du Fablab s&rsquo;est rendue au rendez vous annuel de salon 3D print \u00e0 Lyon. En raison de l&rsquo;\u00e9pisode COVID, nous avions rat\u00e9 2 ann\u00e9es. Nous devions donc rattraper le retard sur les nouveaut\u00e9s. Constat : le salon se professionnalise. Rien d&rsquo;\u00e9tonnant puisque c&rsquo;est un salon professionnel&#8230; Ceci \u00e9tant les petites [&hellip;]<\/p>\n","protected":false},"author":31,"featured_media":3991,"comment_status":"closed","ping_status":"open","sticky":false,"template":"","format":"standard","meta":{"_et_pb_use_builder":"","_et_pb_old_content":"","_et_gb_content_width":"","rop_custom_images_group":[],"rop_custom_messages_group":[],"rop_publish_now":"initial","rop_publish_now_accounts":{"facebook_1992431424458146_173380702515979":""},"rop_publish_now_history":[],"rop_publish_now_status":"pending","footnotes":""},"categories":[7,2],"tags":[],"class_list":["post-3814","post","type-post","status-publish","format-standard","has-post-thumbnail","hentry","category-impression-3d","category-news"],"yoast_head":"<!-- This site is optimized with the Yoast SEO plugin v27.3 - https:\/\/yoast.com\/product\/yoast-seo-wordpress\/ -->\n<title>Salon 3D print - Le FabLab<\/title>\n<meta name=\"robots\" content=\"noindex, follow, max-snippet:-1, max-image-preview:large, max-video-preview:-1\" \/>\n<meta property=\"og:locale\" content=\"fr_FR\" \/>\n<meta property=\"og:type\" content=\"article\" \/>\n<meta property=\"og:title\" content=\"Salon 3D print - Le FabLab\" \/>\n<meta property=\"og:description\" content=\"Mercredi 6 avril, une d\u00e9l\u00e9gation du Fablab s&rsquo;est rendue au rendez vous annuel de salon 3D print \u00e0 Lyon. En raison de l&rsquo;\u00e9pisode COVID, nous avions rat\u00e9 2 ann\u00e9es. Nous devions donc rattraper le retard sur les nouveaut\u00e9s. Constat : le salon se professionnalise. Rien d&rsquo;\u00e9tonnant puisque c&rsquo;est un salon professionnel&#8230; Ceci \u00e9tant les petites [&hellip;]\" \/>\n<meta property=\"og:url\" content=\"https:\/\/fablab-montagny-pres-louhans.fr\/index.php\/2022\/04\/21\/salon-3d-print\/\" \/>\n<meta property=\"og:site_name\" content=\"Le FabLab\" \/>\n<meta property=\"article:publisher\" content=\"https:\/\/www.facebook.com\/fablab.labom\/\" \/>\n<meta property=\"article:published_time\" content=\"2022-04-21T21:18:37+00:00\" \/>\n<meta property=\"article:modified_time\" content=\"2023-02-21T18:05:28+00:00\" \/>\n<meta property=\"og:image\" content=\"https:\/\/fablab-montagny-pres-louhans.fr\/wp-content\/uploads\/2022\/04\/foire-impression-3D-4.jpg\" \/>\n\t<meta property=\"og:image:width\" content=\"1026\" \/>\n\t<meta property=\"og:image:height\" content=\"912\" \/>\n\t<meta property=\"og:image:type\" content=\"image\/jpeg\" \/>\n<meta name=\"author\" content=\"Xavier Vincent\" \/>\n<meta name=\"twitter:card\" content=\"summary_large_image\" \/>\n<meta name=\"twitter:label1\" content=\"\u00c9crit par\" \/>\n\t<meta name=\"twitter:data1\" content=\"Xavier Vincent\" \/>\n\t<meta name=\"twitter:label2\" content=\"Dur\u00e9e de lecture estim\u00e9e\" \/>\n\t<meta name=\"twitter:data2\" content=\"2 minutes\" \/>\n<script type=\"application\/ld+json\" class=\"yoast-schema-graph\">{\"@context\":\"https:\\\/\\\/schema.org\",\"@graph\":[{\"@type\":\"Article\",\"@id\":\"https:\\\/\\\/fablab-montagny-pres-louhans.fr\\\/index.php\\\/2022\\\/04\\\/21\\\/salon-3d-print\\\/#article\",\"isPartOf\":{\"@id\":\"https:\\\/\\\/fablab-montagny-pres-louhans.fr\\\/index.php\\\/2022\\\/04\\\/21\\\/salon-3d-print\\\/\"},\"author\":{\"name\":\"Xavier Vincent\",\"@id\":\"https:\\\/\\\/fablab-montagny-pres-louhans.fr\\\/#\\\/schema\\\/person\\\/59c98416fe3a0c002433d49a5b0f12ce\"},\"headline\":\"Salon 3D print\",\"datePublished\":\"2022-04-21T21:18:37+00:00\",\"dateModified\":\"2023-02-21T18:05:28+00:00\",\"mainEntityOfPage\":{\"@id\":\"https:\\\/\\\/fablab-montagny-pres-louhans.fr\\\/index.php\\\/2022\\\/04\\\/21\\\/salon-3d-print\\\/\"},\"wordCount\":368,\"publisher\":{\"@id\":\"https:\\\/\\\/fablab-montagny-pres-louhans.fr\\\/#organization\"},\"image\":{\"@id\":\"https:\\\/\\\/fablab-montagny-pres-louhans.fr\\\/index.php\\\/2022\\\/04\\\/21\\\/salon-3d-print\\\/#primaryimage\"},\"thumbnailUrl\":\"https:\\\/\\\/fablab-montagny-pres-louhans.fr\\\/wp-content\\\/uploads\\\/2022\\\/04\\\/foire-impression-3D-4.jpg\",\"articleSection\":[\"Impression 3D\",\"News\"],\"inLanguage\":\"fr-FR\"},{\"@type\":\"WebPage\",\"@id\":\"https:\\\/\\\/fablab-montagny-pres-louhans.fr\\\/index.php\\\/2022\\\/04\\\/21\\\/salon-3d-print\\\/\",\"url\":\"https:\\\/\\\/fablab-montagny-pres-louhans.fr\\\/index.php\\\/2022\\\/04\\\/21\\\/salon-3d-print\\\/\",\"name\":\"Salon 3D print - Le FabLab\",\"isPartOf\":{\"@id\":\"https:\\\/\\\/fablab-montagny-pres-louhans.fr\\\/#website\"},\"primaryImageOfPage\":{\"@id\":\"https:\\\/\\\/fablab-montagny-pres-louhans.fr\\\/index.php\\\/2022\\\/04\\\/21\\\/salon-3d-print\\\/#primaryimage\"},\"image\":{\"@id\":\"https:\\\/\\\/fablab-montagny-pres-louhans.fr\\\/index.php\\\/2022\\\/04\\\/21\\\/salon-3d-print\\\/#primaryimage\"},\"thumbnailUrl\":\"https:\\\/\\\/fablab-montagny-pres-louhans.fr\\\/wp-content\\\/uploads\\\/2022\\\/04\\\/foire-impression-3D-4.jpg\",\"datePublished\":\"2022-04-21T21:18:37+00:00\",\"dateModified\":\"2023-02-21T18:05:28+00:00\",\"breadcrumb\":{\"@id\":\"https:\\\/\\\/fablab-montagny-pres-louhans.fr\\\/index.php\\\/2022\\\/04\\\/21\\\/salon-3d-print\\\/#breadcrumb\"},\"inLanguage\":\"fr-FR\",\"potentialAction\":[{\"@type\":\"ReadAction\",\"target\":[\"https:\\\/\\\/fablab-montagny-pres-louhans.fr\\\/index.php\\\/2022\\\/04\\\/21\\\/salon-3d-print\\\/\"]}]},{\"@type\":\"ImageObject\",\"inLanguage\":\"fr-FR\",\"@id\":\"https:\\\/\\\/fablab-montagny-pres-louhans.fr\\\/index.php\\\/2022\\\/04\\\/21\\\/salon-3d-print\\\/#primaryimage\",\"url\":\"https:\\\/\\\/fablab-montagny-pres-louhans.fr\\\/wp-content\\\/uploads\\\/2022\\\/04\\\/foire-impression-3D-4.jpg\",\"contentUrl\":\"https:\\\/\\\/fablab-montagny-pres-louhans.fr\\\/wp-content\\\/uploads\\\/2022\\\/04\\\/foire-impression-3D-4.jpg\",\"width\":1026,\"height\":912,\"caption\":\"foire impression 3D\"},{\"@type\":\"BreadcrumbList\",\"@id\":\"https:\\\/\\\/fablab-montagny-pres-louhans.fr\\\/index.php\\\/2022\\\/04\\\/21\\\/salon-3d-print\\\/#breadcrumb\",\"itemListElement\":[{\"@type\":\"ListItem\",\"position\":1,\"name\":\"Accueil\",\"item\":\"https:\\\/\\\/fablab-montagny-pres-louhans.fr\\\/\"},{\"@type\":\"ListItem\",\"position\":2,\"name\":\"Salon 3D print\"}]},{\"@type\":\"WebSite\",\"@id\":\"https:\\\/\\\/fablab-montagny-pres-louhans.fr\\\/#website\",\"url\":\"https:\\\/\\\/fablab-montagny-pres-louhans.fr\\\/\",\"name\":\"Le FabLab\",\"description\":\"Le premier de Bresse\",\"publisher\":{\"@id\":\"https:\\\/\\\/fablab-montagny-pres-louhans.fr\\\/#organization\"},\"potentialAction\":[{\"@type\":\"SearchAction\",\"target\":{\"@type\":\"EntryPoint\",\"urlTemplate\":\"https:\\\/\\\/fablab-montagny-pres-louhans.fr\\\/?s={search_term_string}\"},\"query-input\":{\"@type\":\"PropertyValueSpecification\",\"valueRequired\":true,\"valueName\":\"search_term_string\"}}],\"inLanguage\":\"fr-FR\"},{\"@type\":\"Organization\",\"@id\":\"https:\\\/\\\/fablab-montagny-pres-louhans.fr\\\/#organization\",\"name\":\"Le FabLab\",\"url\":\"https:\\\/\\\/fablab-montagny-pres-louhans.fr\\\/\",\"logo\":{\"@type\":\"ImageObject\",\"inLanguage\":\"fr-FR\",\"@id\":\"https:\\\/\\\/fablab-montagny-pres-louhans.fr\\\/#\\\/schema\\\/logo\\\/image\\\/\",\"url\":\"https:\\\/\\\/fablab-montagny-pres-louhans.fr\\\/wp-content\\\/uploads\\\/2023\\\/02\\\/FABALB-logo.png\",\"contentUrl\":\"https:\\\/\\\/fablab-montagny-pres-louhans.fr\\\/wp-content\\\/uploads\\\/2023\\\/02\\\/FABALB-logo.png\",\"width\":250,\"height\":260,\"caption\":\"Le FabLab\"},\"image\":{\"@id\":\"https:\\\/\\\/fablab-montagny-pres-louhans.fr\\\/#\\\/schema\\\/logo\\\/image\\\/\"},\"sameAs\":[\"https:\\\/\\\/www.facebook.com\\\/fablab.labom\\\/\"]},{\"@type\":\"Person\",\"@id\":\"https:\\\/\\\/fablab-montagny-pres-louhans.fr\\\/#\\\/schema\\\/person\\\/59c98416fe3a0c002433d49a5b0f12ce\",\"name\":\"Xavier Vincent\",\"image\":{\"@type\":\"ImageObject\",\"inLanguage\":\"fr-FR\",\"@id\":\"https:\\\/\\\/fablab-montagny-pres-louhans.fr\\\/wp-content\\\/litespeed\\\/avatar\\\/bae4764d44065ff492363743a1d834cd.jpg?ver=1777239699\",\"url\":\"https:\\\/\\\/fablab-montagny-pres-louhans.fr\\\/wp-content\\\/litespeed\\\/avatar\\\/bae4764d44065ff492363743a1d834cd.jpg?ver=1777239699\",\"contentUrl\":\"https:\\\/\\\/fablab-montagny-pres-louhans.fr\\\/wp-content\\\/litespeed\\\/avatar\\\/bae4764d44065ff492363743a1d834cd.jpg?ver=1777239699\",\"caption\":\"Xavier Vincent\"},\"url\":\"https:\\\/\\\/fablab-montagny-pres-louhans.fr\\\/index.php\\\/author\\\/xavier\\\/\"}]}<\/script>\n<!-- \/ Yoast SEO plugin. -->","yoast_head_json":{"title":"Salon 3D print - Le FabLab","robots":{"index":"noindex","follow":"follow","max-snippet":"max-snippet:-1","max-image-preview":"max-image-preview:large","max-video-preview":"max-video-preview:-1"},"og_locale":"fr_FR","og_type":"article","og_title":"Salon 3D print - Le FabLab","og_description":"Mercredi 6 avril, une d\u00e9l\u00e9gation du Fablab s&rsquo;est rendue au rendez vous annuel de salon 3D print \u00e0 Lyon. En raison de l&rsquo;\u00e9pisode COVID, nous avions rat\u00e9 2 ann\u00e9es. Nous devions donc rattraper le retard sur les nouveaut\u00e9s. Constat : le salon se professionnalise. Rien d&rsquo;\u00e9tonnant puisque c&rsquo;est un salon professionnel&#8230; Ceci \u00e9tant les petites [&hellip;]","og_url":"https:\/\/fablab-montagny-pres-louhans.fr\/index.php\/2022\/04\/21\/salon-3d-print\/","og_site_name":"Le FabLab","article_publisher":"https:\/\/www.facebook.com\/fablab.labom\/","article_published_time":"2022-04-21T21:18:37+00:00","article_modified_time":"2023-02-21T18:05:28+00:00","og_image":[{"width":1026,"height":912,"url":"https:\/\/fablab-montagny-pres-louhans.fr\/wp-content\/uploads\/2022\/04\/foire-impression-3D-4.jpg","type":"image\/jpeg"}],"author":"Xavier Vincent","twitter_card":"summary_large_image","twitter_misc":{"\u00c9crit par":"Xavier Vincent","Dur\u00e9e de lecture estim\u00e9e":"2 minutes"},"schema":{"@context":"https:\/\/schema.org","@graph":[{"@type":"Article","@id":"https:\/\/fablab-montagny-pres-louhans.fr\/index.php\/2022\/04\/21\/salon-3d-print\/#article","isPartOf":{"@id":"https:\/\/fablab-montagny-pres-louhans.fr\/index.php\/2022\/04\/21\/salon-3d-print\/"},"author":{"name":"Xavier Vincent","@id":"https:\/\/fablab-montagny-pres-louhans.fr\/#\/schema\/person\/59c98416fe3a0c002433d49a5b0f12ce"},"headline":"Salon 3D print","datePublished":"2022-04-21T21:18:37+00:00","dateModified":"2023-02-21T18:05:28+00:00","mainEntityOfPage":{"@id":"https:\/\/fablab-montagny-pres-louhans.fr\/index.php\/2022\/04\/21\/salon-3d-print\/"},"wordCount":368,"publisher":{"@id":"https:\/\/fablab-montagny-pres-louhans.fr\/#organization"},"image":{"@id":"https:\/\/fablab-montagny-pres-louhans.fr\/index.php\/2022\/04\/21\/salon-3d-print\/#primaryimage"},"thumbnailUrl":"https:\/\/fablab-montagny-pres-louhans.fr\/wp-content\/uploads\/2022\/04\/foire-impression-3D-4.jpg","articleSection":["Impression 3D","News"],"inLanguage":"fr-FR"},{"@type":"WebPage","@id":"https:\/\/fablab-montagny-pres-louhans.fr\/index.php\/2022\/04\/21\/salon-3d-print\/","url":"https:\/\/fablab-montagny-pres-louhans.fr\/index.php\/2022\/04\/21\/salon-3d-print\/","name":"Salon 3D print - Le FabLab","isPartOf":{"@id":"https:\/\/fablab-montagny-pres-louhans.fr\/#website"},"primaryImageOfPage":{"@id":"https:\/\/fablab-montagny-pres-louhans.fr\/index.php\/2022\/04\/21\/salon-3d-print\/#primaryimage"},"image":{"@id":"https:\/\/fablab-montagny-pres-louhans.fr\/index.php\/2022\/04\/21\/salon-3d-print\/#primaryimage"},"thumbnailUrl":"https:\/\/fablab-montagny-pres-louhans.fr\/wp-content\/uploads\/2022\/04\/foire-impression-3D-4.jpg","datePublished":"2022-04-21T21:18:37+00:00","dateModified":"2023-02-21T18:05:28+00:00","breadcrumb":{"@id":"https:\/\/fablab-montagny-pres-louhans.fr\/index.php\/2022\/04\/21\/salon-3d-print\/#breadcrumb"},"inLanguage":"fr-FR","potentialAction":[{"@type":"ReadAction","target":["https:\/\/fablab-montagny-pres-louhans.fr\/index.php\/2022\/04\/21\/salon-3d-print\/"]}]},{"@type":"ImageObject","inLanguage":"fr-FR","@id":"https:\/\/fablab-montagny-pres-louhans.fr\/index.php\/2022\/04\/21\/salon-3d-print\/#primaryimage","url":"https:\/\/fablab-montagny-pres-louhans.fr\/wp-content\/uploads\/2022\/04\/foire-impression-3D-4.jpg","contentUrl":"https:\/\/fablab-montagny-pres-louhans.fr\/wp-content\/uploads\/2022\/04\/foire-impression-3D-4.jpg","width":1026,"height":912,"caption":"foire impression 3D"},{"@type":"BreadcrumbList","@id":"https:\/\/fablab-montagny-pres-louhans.fr\/index.php\/2022\/04\/21\/salon-3d-print\/#breadcrumb","itemListElement":[{"@type":"ListItem","position":1,"name":"Accueil","item":"https:\/\/fablab-montagny-pres-louhans.fr\/"},{"@type":"ListItem","position":2,"name":"Salon 3D print"}]},{"@type":"WebSite","@id":"https:\/\/fablab-montagny-pres-louhans.fr\/#website","url":"https:\/\/fablab-montagny-pres-louhans.fr\/","name":"Le FabLab","description":"Le premier de Bresse","publisher":{"@id":"https:\/\/fablab-montagny-pres-louhans.fr\/#organization"},"potentialAction":[{"@type":"SearchAction","target":{"@type":"EntryPoint","urlTemplate":"https:\/\/fablab-montagny-pres-louhans.fr\/?s={search_term_string}"},"query-input":{"@type":"PropertyValueSpecification","valueRequired":true,"valueName":"search_term_string"}}],"inLanguage":"fr-FR"},{"@type":"Organization","@id":"https:\/\/fablab-montagny-pres-louhans.fr\/#organization","name":"Le FabLab","url":"https:\/\/fablab-montagny-pres-louhans.fr\/","logo":{"@type":"ImageObject","inLanguage":"fr-FR","@id":"https:\/\/fablab-montagny-pres-louhans.fr\/#\/schema\/logo\/image\/","url":"https:\/\/fablab-montagny-pres-louhans.fr\/wp-content\/uploads\/2023\/02\/FABALB-logo.png","contentUrl":"https:\/\/fablab-montagny-pres-louhans.fr\/wp-content\/uploads\/2023\/02\/FABALB-logo.png","width":250,"height":260,"caption":"Le FabLab"},"image":{"@id":"https:\/\/fablab-montagny-pres-louhans.fr\/#\/schema\/logo\/image\/"},"sameAs":["https:\/\/www.facebook.com\/fablab.labom\/"]},{"@type":"Person","@id":"https:\/\/fablab-montagny-pres-louhans.fr\/#\/schema\/person\/59c98416fe3a0c002433d49a5b0f12ce","name":"Xavier Vincent","image":{"@type":"ImageObject","inLanguage":"fr-FR","@id":"https:\/\/fablab-montagny-pres-louhans.fr\/wp-content\/litespeed\/avatar\/bae4764d44065ff492363743a1d834cd.jpg?ver=1777239699","url":"https:\/\/fablab-montagny-pres-louhans.fr\/wp-content\/litespeed\/avatar\/bae4764d44065ff492363743a1d834cd.jpg?ver=1777239699","contentUrl":"https:\/\/fablab-montagny-pres-louhans.fr\/wp-content\/litespeed\/avatar\/bae4764d44065ff492363743a1d834cd.jpg?ver=1777239699","caption":"Xavier Vincent"},"url":"https:\/\/fablab-montagny-pres-louhans.fr\/index.php\/author\/xavier\/"}]}},"_links":{"self":[{"href":"https:\/\/fablab-montagny-pres-louhans.fr\/index.php\/wp-json\/wp\/v2\/posts\/3814","targetHints":{"allow":["GET"]}}],"collection":[{"href":"https:\/\/fablab-montagny-pres-louhans.fr\/index.php\/wp-json\/wp\/v2\/posts"}],"about":[{"href":"https:\/\/fablab-montagny-pres-louhans.fr\/index.php\/wp-json\/wp\/v2\/types\/post"}],"author":[{"embeddable":true,"href":"https:\/\/fablab-montagny-pres-louhans.fr\/index.php\/wp-json\/wp\/v2\/users\/31"}],"replies":[{"embeddable":true,"href":"https:\/\/fablab-montagny-pres-louhans.fr\/index.php\/wp-json\/wp\/v2\/comments?post=3814"}],"version-history":[{"count":5,"href":"https:\/\/fablab-montagny-pres-louhans.fr\/index.php\/wp-json\/wp\/v2\/posts\/3814\/revisions"}],"predecessor-version":[{"id":3987,"href":"https:\/\/fablab-montagny-pres-louhans.fr\/index.php\/wp-json\/wp\/v2\/posts\/3814\/revisions\/3987"}],"wp:featuredmedia":[{"embeddable":true,"href":"https:\/\/fablab-montagny-pres-louhans.fr\/index.php\/wp-json\/wp\/v2\/media\/3991"}],"wp:attachment":[{"href":"https:\/\/fablab-montagny-pres-louhans.fr\/index.php\/wp-json\/wp\/v2\/media?parent=3814"}],"wp:term":[{"taxonomy":"category","embeddable":true,"href":"https:\/\/fablab-montagny-pres-louhans.fr\/index.php\/wp-json\/wp\/v2\/categories?post=3814"},{"taxonomy":"post_tag","embeddable":true,"href":"https:\/\/fablab-montagny-pres-louhans.fr\/index.php\/wp-json\/wp\/v2\/tags?post=3814"}],"curies":[{"name":"wp","href":"https:\/\/api.w.org\/{rel}","templated":true}]}}