{"id":3795,"date":"2021-10-23T18:59:45","date_gmt":"2021-10-23T16:59:45","guid":{"rendered":"https:\/\/fablab-montagny-pres-louhans.fr\/?p=3795"},"modified":"2023-03-07T17:15:05","modified_gmt":"2023-03-07T16:15:05","slug":"suivi-de-la-robe","status":"publish","type":"post","link":"https:\/\/fablab-montagny-pres-louhans.fr\/index.php\/2021\/10\/23\/suivi-de-la-robe\/","title":{"rendered":"Suivi de la robe"},"content":{"rendered":"\r\n<p>La fabrication progresse. Aujourd&rsquo;hui et les semaines qui vont suivre seront consacr\u00e9es \u00e0 la couture et l&rsquo;ajustement du nouveau fond de robe (c&rsquo;est Christine qui s&rsquo;y colle) ainsi que la mise au point plus pr\u00e9cise des tesselles sur le mannequin r\u00e9gl\u00e9 cette fois aux mensurations de notre mod\u00e8le (Evelyne \u00e0 la pince et aux anneaux). Morgan avance de son c\u00f4t\u00e9 sur les \u00e9l\u00e9ments lumineux et les tests sont concluants.<\/p>\r\n\r\n\r\n\r\n<figure class=\"wp-block-gallery columns-2 is-cropped wp-block-gallery-1 is-layout-flex wp-block-gallery-is-layout-flex\">\r\n<ul class=\"blocks-gallery-grid\">\r\n<li class=\"blocks-gallery-item\">\r\n<figure><img loading=\"lazy\" decoding=\"async\" width=\"766\" height=\"1024\" class=\"wp-image-3792\" src=\"https:\/\/fablab-montagny-pres-louhans.fr\/wp-content\/uploads\/2021\/10\/IMG_20211023_174111-1-766x1024.jpg\" alt=\"\" data-id=\"3792\" data-full-url=\"https:\/\/fablab-montagny-pres-louhans.fr\/wp-content\/uploads\/2021\/10\/IMG_20211023_174111-1-rotated.jpg\" data-link=\"https:\/\/fablab-montagny-pres-louhans.fr\/img_20211023_174111-1\/\" srcset=\"https:\/\/fablab-montagny-pres-louhans.fr\/wp-content\/uploads\/2021\/10\/IMG_20211023_174111-1-766x1024.jpg 766w, https:\/\/fablab-montagny-pres-louhans.fr\/wp-content\/uploads\/2021\/10\/IMG_20211023_174111-1-224x300.jpg 224w, https:\/\/fablab-montagny-pres-louhans.fr\/wp-content\/uploads\/2021\/10\/IMG_20211023_174111-1-768x1026.jpg 768w, https:\/\/fablab-montagny-pres-louhans.fr\/wp-content\/uploads\/2021\/10\/IMG_20211023_174111-1-1149x1536.jpg 1149w, https:\/\/fablab-montagny-pres-louhans.fr\/wp-content\/uploads\/2021\/10\/IMG_20211023_174111-1-1532x2048.jpg 1532w, https:\/\/fablab-montagny-pres-louhans.fr\/wp-content\/uploads\/2021\/10\/IMG_20211023_174111-1-1320x1764.jpg 1320w, https:\/\/fablab-montagny-pres-louhans.fr\/wp-content\/uploads\/2021\/10\/IMG_20211023_174111-1-rotated.jpg 1771w\" sizes=\"(max-width: 766px) 100vw, 766px\" \/><\/figure>\r\n<\/li>\r\n<li class=\"blocks-gallery-item\">\r\n<figure><img loading=\"lazy\" decoding=\"async\" width=\"766\" height=\"1024\" class=\"wp-image-3794\" src=\"https:\/\/fablab-montagny-pres-louhans.fr\/wp-content\/uploads\/2021\/10\/IMG_20211023_174212-1-766x1024.jpg\" alt=\"\" data-id=\"3794\" data-full-url=\"https:\/\/fablab-montagny-pres-louhans.fr\/wp-content\/uploads\/2021\/10\/IMG_20211023_174212-1-rotated.jpg\" data-link=\"https:\/\/fablab-montagny-pres-louhans.fr\/img_20211023_174212-1\/\" srcset=\"https:\/\/fablab-montagny-pres-louhans.fr\/wp-content\/uploads\/2021\/10\/IMG_20211023_174212-1-766x1024.jpg 766w, https:\/\/fablab-montagny-pres-louhans.fr\/wp-content\/uploads\/2021\/10\/IMG_20211023_174212-1-224x300.jpg 224w, https:\/\/fablab-montagny-pres-louhans.fr\/wp-content\/uploads\/2021\/10\/IMG_20211023_174212-1-768x1026.jpg 768w, https:\/\/fablab-montagny-pres-louhans.fr\/wp-content\/uploads\/2021\/10\/IMG_20211023_174212-1-1149x1536.jpg 1149w, https:\/\/fablab-montagny-pres-louhans.fr\/wp-content\/uploads\/2021\/10\/IMG_20211023_174212-1-1532x2048.jpg 1532w, https:\/\/fablab-montagny-pres-louhans.fr\/wp-content\/uploads\/2021\/10\/IMG_20211023_174212-1-1320x1764.jpg 1320w, https:\/\/fablab-montagny-pres-louhans.fr\/wp-content\/uploads\/2021\/10\/IMG_20211023_174212-1-rotated.jpg 1771w\" sizes=\"(max-width: 766px) 100vw, 766px\" \/><\/figure>\r\n<\/li>\r\n<\/ul>\r\n<\/figure>\r\n\r\n\r\n\r\n<p>Une bonne nouvelle Antin\u00e9a, le cordonnier a fix\u00e9 des semelles antid\u00e9rapantes sous tes chaussures.<\/p>\r\n\r\n\r\n\r\n<p>A suivre&#8230;<\/p>\r\n","protected":false},"excerpt":{"rendered":"<p>La fabrication progresse. Aujourd&rsquo;hui et les semaines qui vont suivre seront consacr\u00e9es \u00e0 la couture et l&rsquo;ajustement du nouveau fond de robe (c&rsquo;est Christine qui s&rsquo;y colle) ainsi que la mise au point plus pr\u00e9cise des tesselles sur le mannequin r\u00e9gl\u00e9 cette fois aux mensurations de notre mod\u00e8le (Evelyne \u00e0 la pince et aux anneaux). [&hellip;]<\/p>\n","protected":false},"author":29,"featured_media":3992,"comment_status":"closed","ping_status":"open","sticky":false,"template":"","format":"standard","meta":{"_et_pb_use_builder":"","_et_pb_old_content":"","_et_gb_content_width":"","rop_custom_images_group":[],"rop_custom_messages_group":[],"rop_publish_now":"initial","rop_publish_now_accounts":{"facebook_1992431424458146_173380702515979":""},"rop_publish_now_history":[],"rop_publish_now_status":"pending","footnotes":""},"categories":[34,4,2,32],"tags":[],"class_list":["post-3795","post","type-post","status-publish","format-standard","has-post-thumbnail","hentry","category-couture","category-electronique","category-news","category-robe-de-soiree-du-futur"],"yoast_head":"<!-- This site is optimized with the Yoast SEO plugin v27.3 - https:\/\/yoast.com\/product\/yoast-seo-wordpress\/ -->\n<title>Suivi de la robe - Le FabLab<\/title>\n<meta name=\"robots\" content=\"noindex, follow, max-snippet:-1, max-image-preview:large, max-video-preview:-1\" \/>\n<meta property=\"og:locale\" content=\"fr_FR\" \/>\n<meta property=\"og:type\" content=\"article\" \/>\n<meta property=\"og:title\" content=\"Suivi de la robe - Le FabLab\" \/>\n<meta property=\"og:description\" content=\"La fabrication progresse. Aujourd&rsquo;hui et les semaines qui vont suivre seront consacr\u00e9es \u00e0 la couture et l&rsquo;ajustement du nouveau fond de robe (c&rsquo;est Christine qui s&rsquo;y colle) ainsi que la mise au point plus pr\u00e9cise des tesselles sur le mannequin r\u00e9gl\u00e9 cette fois aux mensurations de notre mod\u00e8le (Evelyne \u00e0 la pince et aux anneaux). [&hellip;]\" \/>\n<meta property=\"og:url\" content=\"https:\/\/fablab-montagny-pres-louhans.fr\/index.php\/2021\/10\/23\/suivi-de-la-robe\/\" \/>\n<meta property=\"og:site_name\" content=\"Le FabLab\" \/>\n<meta property=\"article:publisher\" content=\"https:\/\/www.facebook.com\/fablab.labom\/\" \/>\n<meta property=\"article:published_time\" content=\"2021-10-23T16:59:45+00:00\" \/>\n<meta property=\"article:modified_time\" content=\"2023-03-07T16:15:05+00:00\" \/>\n<meta property=\"og:image\" content=\"https:\/\/fablab-montagny-pres-louhans.fr\/wp-content\/uploads\/2021\/10\/La-robe-du-futur.jpg\" \/>\n\t<meta property=\"og:image:width\" content=\"1024\" \/>\n\t<meta property=\"og:image:height\" content=\"768\" \/>\n\t<meta property=\"og:image:type\" content=\"image\/jpeg\" \/>\n<meta name=\"author\" content=\"Roger Remondy\" \/>\n<meta name=\"twitter:card\" content=\"summary_large_image\" \/>\n<meta name=\"twitter:label1\" content=\"\u00c9crit par\" \/>\n\t<meta name=\"twitter:data1\" content=\"Roger Remondy\" \/>\n<script type=\"application\/ld+json\" class=\"yoast-schema-graph\">{\"@context\":\"https:\\\/\\\/schema.org\",\"@graph\":[{\"@type\":\"Article\",\"@id\":\"https:\\\/\\\/fablab-montagny-pres-louhans.fr\\\/index.php\\\/2021\\\/10\\\/23\\\/suivi-de-la-robe\\\/#article\",\"isPartOf\":{\"@id\":\"https:\\\/\\\/fablab-montagny-pres-louhans.fr\\\/index.php\\\/2021\\\/10\\\/23\\\/suivi-de-la-robe\\\/\"},\"author\":{\"name\":\"Roger Remondy\",\"@id\":\"https:\\\/\\\/fablab-montagny-pres-louhans.fr\\\/#\\\/schema\\\/person\\\/b4b47741bdde563325530989455fe7de\"},\"headline\":\"Suivi de la robe\",\"datePublished\":\"2021-10-23T16:59:45+00:00\",\"dateModified\":\"2023-03-07T16:15:05+00:00\",\"mainEntityOfPage\":{\"@id\":\"https:\\\/\\\/fablab-montagny-pres-louhans.fr\\\/index.php\\\/2021\\\/10\\\/23\\\/suivi-de-la-robe\\\/\"},\"wordCount\":95,\"publisher\":{\"@id\":\"https:\\\/\\\/fablab-montagny-pres-louhans.fr\\\/#organization\"},\"image\":{\"@id\":\"https:\\\/\\\/fablab-montagny-pres-louhans.fr\\\/index.php\\\/2021\\\/10\\\/23\\\/suivi-de-la-robe\\\/#primaryimage\"},\"thumbnailUrl\":\"https:\\\/\\\/fablab-montagny-pres-louhans.fr\\\/wp-content\\\/uploads\\\/2021\\\/10\\\/La-robe-du-futur.jpg\",\"articleSection\":[\"Couture\",\"Electronique\",\"News\",\"Robe de soiree du futur\"],\"inLanguage\":\"fr-FR\"},{\"@type\":\"WebPage\",\"@id\":\"https:\\\/\\\/fablab-montagny-pres-louhans.fr\\\/index.php\\\/2021\\\/10\\\/23\\\/suivi-de-la-robe\\\/\",\"url\":\"https:\\\/\\\/fablab-montagny-pres-louhans.fr\\\/index.php\\\/2021\\\/10\\\/23\\\/suivi-de-la-robe\\\/\",\"name\":\"Suivi de la robe - Le FabLab\",\"isPartOf\":{\"@id\":\"https:\\\/\\\/fablab-montagny-pres-louhans.fr\\\/#website\"},\"primaryImageOfPage\":{\"@id\":\"https:\\\/\\\/fablab-montagny-pres-louhans.fr\\\/index.php\\\/2021\\\/10\\\/23\\\/suivi-de-la-robe\\\/#primaryimage\"},\"image\":{\"@id\":\"https:\\\/\\\/fablab-montagny-pres-louhans.fr\\\/index.php\\\/2021\\\/10\\\/23\\\/suivi-de-la-robe\\\/#primaryimage\"},\"thumbnailUrl\":\"https:\\\/\\\/fablab-montagny-pres-louhans.fr\\\/wp-content\\\/uploads\\\/2021\\\/10\\\/La-robe-du-futur.jpg\",\"datePublished\":\"2021-10-23T16:59:45+00:00\",\"dateModified\":\"2023-03-07T16:15:05+00:00\",\"breadcrumb\":{\"@id\":\"https:\\\/\\\/fablab-montagny-pres-louhans.fr\\\/index.php\\\/2021\\\/10\\\/23\\\/suivi-de-la-robe\\\/#breadcrumb\"},\"inLanguage\":\"fr-FR\",\"potentialAction\":[{\"@type\":\"ReadAction\",\"target\":[\"https:\\\/\\\/fablab-montagny-pres-louhans.fr\\\/index.php\\\/2021\\\/10\\\/23\\\/suivi-de-la-robe\\\/\"]}]},{\"@type\":\"ImageObject\",\"inLanguage\":\"fr-FR\",\"@id\":\"https:\\\/\\\/fablab-montagny-pres-louhans.fr\\\/index.php\\\/2021\\\/10\\\/23\\\/suivi-de-la-robe\\\/#primaryimage\",\"url\":\"https:\\\/\\\/fablab-montagny-pres-louhans.fr\\\/wp-content\\\/uploads\\\/2021\\\/10\\\/La-robe-du-futur.jpg\",\"contentUrl\":\"https:\\\/\\\/fablab-montagny-pres-louhans.fr\\\/wp-content\\\/uploads\\\/2021\\\/10\\\/La-robe-du-futur.jpg\",\"width\":1024,\"height\":768,\"caption\":\"La robe du futur\"},{\"@type\":\"BreadcrumbList\",\"@id\":\"https:\\\/\\\/fablab-montagny-pres-louhans.fr\\\/index.php\\\/2021\\\/10\\\/23\\\/suivi-de-la-robe\\\/#breadcrumb\",\"itemListElement\":[{\"@type\":\"ListItem\",\"position\":1,\"name\":\"Accueil\",\"item\":\"https:\\\/\\\/fablab-montagny-pres-louhans.fr\\\/\"},{\"@type\":\"ListItem\",\"position\":2,\"name\":\"Suivi de la robe\"}]},{\"@type\":\"WebSite\",\"@id\":\"https:\\\/\\\/fablab-montagny-pres-louhans.fr\\\/#website\",\"url\":\"https:\\\/\\\/fablab-montagny-pres-louhans.fr\\\/\",\"name\":\"Le FabLab\",\"description\":\"Le premier de Bresse\",\"publisher\":{\"@id\":\"https:\\\/\\\/fablab-montagny-pres-louhans.fr\\\/#organization\"},\"potentialAction\":[{\"@type\":\"SearchAction\",\"target\":{\"@type\":\"EntryPoint\",\"urlTemplate\":\"https:\\\/\\\/fablab-montagny-pres-louhans.fr\\\/?s={search_term_string}\"},\"query-input\":{\"@type\":\"PropertyValueSpecification\",\"valueRequired\":true,\"valueName\":\"search_term_string\"}}],\"inLanguage\":\"fr-FR\"},{\"@type\":\"Organization\",\"@id\":\"https:\\\/\\\/fablab-montagny-pres-louhans.fr\\\/#organization\",\"name\":\"Le FabLab\",\"url\":\"https:\\\/\\\/fablab-montagny-pres-louhans.fr\\\/\",\"logo\":{\"@type\":\"ImageObject\",\"inLanguage\":\"fr-FR\",\"@id\":\"https:\\\/\\\/fablab-montagny-pres-louhans.fr\\\/#\\\/schema\\\/logo\\\/image\\\/\",\"url\":\"https:\\\/\\\/fablab-montagny-pres-louhans.fr\\\/wp-content\\\/uploads\\\/2023\\\/02\\\/FABALB-logo.png\",\"contentUrl\":\"https:\\\/\\\/fablab-montagny-pres-louhans.fr\\\/wp-content\\\/uploads\\\/2023\\\/02\\\/FABALB-logo.png\",\"width\":250,\"height\":260,\"caption\":\"Le FabLab\"},\"image\":{\"@id\":\"https:\\\/\\\/fablab-montagny-pres-louhans.fr\\\/#\\\/schema\\\/logo\\\/image\\\/\"},\"sameAs\":[\"https:\\\/\\\/www.facebook.com\\\/fablab.labom\\\/\"]},{\"@type\":\"Person\",\"@id\":\"https:\\\/\\\/fablab-montagny-pres-louhans.fr\\\/#\\\/schema\\\/person\\\/b4b47741bdde563325530989455fe7de\",\"name\":\"Roger Remondy\",\"image\":{\"@type\":\"ImageObject\",\"inLanguage\":\"fr-FR\",\"@id\":\"https:\\\/\\\/fablab-montagny-pres-louhans.fr\\\/wp-content\\\/litespeed\\\/avatar\\\/0636c9b2c03e4d83e562c27b768bd1cb.jpg?ver=1777239698\",\"url\":\"https:\\\/\\\/fablab-montagny-pres-louhans.fr\\\/wp-content\\\/litespeed\\\/avatar\\\/0636c9b2c03e4d83e562c27b768bd1cb.jpg?ver=1777239698\",\"contentUrl\":\"https:\\\/\\\/fablab-montagny-pres-louhans.fr\\\/wp-content\\\/litespeed\\\/avatar\\\/0636c9b2c03e4d83e562c27b768bd1cb.jpg?ver=1777239698\",\"caption\":\"Roger Remondy\"},\"url\":\"https:\\\/\\\/fablab-montagny-pres-louhans.fr\\\/index.php\\\/author\\\/roger\\\/\"}]}<\/script>\n<!-- \/ Yoast SEO plugin. -->","yoast_head_json":{"title":"Suivi de la robe - Le FabLab","robots":{"index":"noindex","follow":"follow","max-snippet":"max-snippet:-1","max-image-preview":"max-image-preview:large","max-video-preview":"max-video-preview:-1"},"og_locale":"fr_FR","og_type":"article","og_title":"Suivi de la robe - Le FabLab","og_description":"La fabrication progresse. Aujourd&rsquo;hui et les semaines qui vont suivre seront consacr\u00e9es \u00e0 la couture et l&rsquo;ajustement du nouveau fond de robe (c&rsquo;est Christine qui s&rsquo;y colle) ainsi que la mise au point plus pr\u00e9cise des tesselles sur le mannequin r\u00e9gl\u00e9 cette fois aux mensurations de notre mod\u00e8le (Evelyne \u00e0 la pince et aux anneaux). [&hellip;]","og_url":"https:\/\/fablab-montagny-pres-louhans.fr\/index.php\/2021\/10\/23\/suivi-de-la-robe\/","og_site_name":"Le FabLab","article_publisher":"https:\/\/www.facebook.com\/fablab.labom\/","article_published_time":"2021-10-23T16:59:45+00:00","article_modified_time":"2023-03-07T16:15:05+00:00","og_image":[{"width":1024,"height":768,"url":"https:\/\/fablab-montagny-pres-louhans.fr\/wp-content\/uploads\/2021\/10\/La-robe-du-futur.jpg","type":"image\/jpeg"}],"author":"Roger Remondy","twitter_card":"summary_large_image","twitter_misc":{"\u00c9crit par":"Roger Remondy"},"schema":{"@context":"https:\/\/schema.org","@graph":[{"@type":"Article","@id":"https:\/\/fablab-montagny-pres-louhans.fr\/index.php\/2021\/10\/23\/suivi-de-la-robe\/#article","isPartOf":{"@id":"https:\/\/fablab-montagny-pres-louhans.fr\/index.php\/2021\/10\/23\/suivi-de-la-robe\/"},"author":{"name":"Roger Remondy","@id":"https:\/\/fablab-montagny-pres-louhans.fr\/#\/schema\/person\/b4b47741bdde563325530989455fe7de"},"headline":"Suivi de la robe","datePublished":"2021-10-23T16:59:45+00:00","dateModified":"2023-03-07T16:15:05+00:00","mainEntityOfPage":{"@id":"https:\/\/fablab-montagny-pres-louhans.fr\/index.php\/2021\/10\/23\/suivi-de-la-robe\/"},"wordCount":95,"publisher":{"@id":"https:\/\/fablab-montagny-pres-louhans.fr\/#organization"},"image":{"@id":"https:\/\/fablab-montagny-pres-louhans.fr\/index.php\/2021\/10\/23\/suivi-de-la-robe\/#primaryimage"},"thumbnailUrl":"https:\/\/fablab-montagny-pres-louhans.fr\/wp-content\/uploads\/2021\/10\/La-robe-du-futur.jpg","articleSection":["Couture","Electronique","News","Robe de soiree du futur"],"inLanguage":"fr-FR"},{"@type":"WebPage","@id":"https:\/\/fablab-montagny-pres-louhans.fr\/index.php\/2021\/10\/23\/suivi-de-la-robe\/","url":"https:\/\/fablab-montagny-pres-louhans.fr\/index.php\/2021\/10\/23\/suivi-de-la-robe\/","name":"Suivi de la robe - Le FabLab","isPartOf":{"@id":"https:\/\/fablab-montagny-pres-louhans.fr\/#website"},"primaryImageOfPage":{"@id":"https:\/\/fablab-montagny-pres-louhans.fr\/index.php\/2021\/10\/23\/suivi-de-la-robe\/#primaryimage"},"image":{"@id":"https:\/\/fablab-montagny-pres-louhans.fr\/index.php\/2021\/10\/23\/suivi-de-la-robe\/#primaryimage"},"thumbnailUrl":"https:\/\/fablab-montagny-pres-louhans.fr\/wp-content\/uploads\/2021\/10\/La-robe-du-futur.jpg","datePublished":"2021-10-23T16:59:45+00:00","dateModified":"2023-03-07T16:15:05+00:00","breadcrumb":{"@id":"https:\/\/fablab-montagny-pres-louhans.fr\/index.php\/2021\/10\/23\/suivi-de-la-robe\/#breadcrumb"},"inLanguage":"fr-FR","potentialAction":[{"@type":"ReadAction","target":["https:\/\/fablab-montagny-pres-louhans.fr\/index.php\/2021\/10\/23\/suivi-de-la-robe\/"]}]},{"@type":"ImageObject","inLanguage":"fr-FR","@id":"https:\/\/fablab-montagny-pres-louhans.fr\/index.php\/2021\/10\/23\/suivi-de-la-robe\/#primaryimage","url":"https:\/\/fablab-montagny-pres-louhans.fr\/wp-content\/uploads\/2021\/10\/La-robe-du-futur.jpg","contentUrl":"https:\/\/fablab-montagny-pres-louhans.fr\/wp-content\/uploads\/2021\/10\/La-robe-du-futur.jpg","width":1024,"height":768,"caption":"La robe du futur"},{"@type":"BreadcrumbList","@id":"https:\/\/fablab-montagny-pres-louhans.fr\/index.php\/2021\/10\/23\/suivi-de-la-robe\/#breadcrumb","itemListElement":[{"@type":"ListItem","position":1,"name":"Accueil","item":"https:\/\/fablab-montagny-pres-louhans.fr\/"},{"@type":"ListItem","position":2,"name":"Suivi de la robe"}]},{"@type":"WebSite","@id":"https:\/\/fablab-montagny-pres-louhans.fr\/#website","url":"https:\/\/fablab-montagny-pres-louhans.fr\/","name":"Le FabLab","description":"Le premier de Bresse","publisher":{"@id":"https:\/\/fablab-montagny-pres-louhans.fr\/#organization"},"potentialAction":[{"@type":"SearchAction","target":{"@type":"EntryPoint","urlTemplate":"https:\/\/fablab-montagny-pres-louhans.fr\/?s={search_term_string}"},"query-input":{"@type":"PropertyValueSpecification","valueRequired":true,"valueName":"search_term_string"}}],"inLanguage":"fr-FR"},{"@type":"Organization","@id":"https:\/\/fablab-montagny-pres-louhans.fr\/#organization","name":"Le FabLab","url":"https:\/\/fablab-montagny-pres-louhans.fr\/","logo":{"@type":"ImageObject","inLanguage":"fr-FR","@id":"https:\/\/fablab-montagny-pres-louhans.fr\/#\/schema\/logo\/image\/","url":"https:\/\/fablab-montagny-pres-louhans.fr\/wp-content\/uploads\/2023\/02\/FABALB-logo.png","contentUrl":"https:\/\/fablab-montagny-pres-louhans.fr\/wp-content\/uploads\/2023\/02\/FABALB-logo.png","width":250,"height":260,"caption":"Le FabLab"},"image":{"@id":"https:\/\/fablab-montagny-pres-louhans.fr\/#\/schema\/logo\/image\/"},"sameAs":["https:\/\/www.facebook.com\/fablab.labom\/"]},{"@type":"Person","@id":"https:\/\/fablab-montagny-pres-louhans.fr\/#\/schema\/person\/b4b47741bdde563325530989455fe7de","name":"Roger Remondy","image":{"@type":"ImageObject","inLanguage":"fr-FR","@id":"https:\/\/fablab-montagny-pres-louhans.fr\/wp-content\/litespeed\/avatar\/0636c9b2c03e4d83e562c27b768bd1cb.jpg?ver=1777239698","url":"https:\/\/fablab-montagny-pres-louhans.fr\/wp-content\/litespeed\/avatar\/0636c9b2c03e4d83e562c27b768bd1cb.jpg?ver=1777239698","contentUrl":"https:\/\/fablab-montagny-pres-louhans.fr\/wp-content\/litespeed\/avatar\/0636c9b2c03e4d83e562c27b768bd1cb.jpg?ver=1777239698","caption":"Roger Remondy"},"url":"https:\/\/fablab-montagny-pres-louhans.fr\/index.php\/author\/roger\/"}]}},"_links":{"self":[{"href":"https:\/\/fablab-montagny-pres-louhans.fr\/index.php\/wp-json\/wp\/v2\/posts\/3795","targetHints":{"allow":["GET"]}}],"collection":[{"href":"https:\/\/fablab-montagny-pres-louhans.fr\/index.php\/wp-json\/wp\/v2\/posts"}],"about":[{"href":"https:\/\/fablab-montagny-pres-louhans.fr\/index.php\/wp-json\/wp\/v2\/types\/post"}],"author":[{"embeddable":true,"href":"https:\/\/fablab-montagny-pres-louhans.fr\/index.php\/wp-json\/wp\/v2\/users\/29"}],"replies":[{"embeddable":true,"href":"https:\/\/fablab-montagny-pres-louhans.fr\/index.php\/wp-json\/wp\/v2\/comments?post=3795"}],"version-history":[{"count":4,"href":"https:\/\/fablab-montagny-pres-louhans.fr\/index.php\/wp-json\/wp\/v2\/posts\/3795\/revisions"}],"predecessor-version":[{"id":3993,"href":"https:\/\/fablab-montagny-pres-louhans.fr\/index.php\/wp-json\/wp\/v2\/posts\/3795\/revisions\/3993"}],"wp:featuredmedia":[{"embeddable":true,"href":"https:\/\/fablab-montagny-pres-louhans.fr\/index.php\/wp-json\/wp\/v2\/media\/3992"}],"wp:attachment":[{"href":"https:\/\/fablab-montagny-pres-louhans.fr\/index.php\/wp-json\/wp\/v2\/media?parent=3795"}],"wp:term":[{"taxonomy":"category","embeddable":true,"href":"https:\/\/fablab-montagny-pres-louhans.fr\/index.php\/wp-json\/wp\/v2\/categories?post=3795"},{"taxonomy":"post_tag","embeddable":true,"href":"https:\/\/fablab-montagny-pres-louhans.fr\/index.php\/wp-json\/wp\/v2\/tags?post=3795"}],"curies":[{"name":"wp","href":"https:\/\/api.w.org\/{rel}","templated":true}]}}