{"id":3778,"date":"2021-10-08T17:57:54","date_gmt":"2021-10-08T15:57:54","guid":{"rendered":"https:\/\/fablab-montagny-pres-louhans.fr\/?p=3778"},"modified":"2023-02-21T19:16:04","modified_gmt":"2023-02-21T18:16:04","slug":"atelier-vannerie","status":"publish","type":"post","link":"https:\/\/fablab-montagny-pres-louhans.fr\/index.php\/2021\/10\/08\/atelier-vannerie\/","title":{"rendered":"Atelier vannerie"},"content":{"rendered":"\r\n<p>Ce mercredi 6 octobre, les loisirs cr\u00e9atifs s&rsquo;affichaient en mode march\u00e9 artisanal. En souvenir des ann\u00e9es ou il faisait la route ;-D, Michel qui , il y a quelques mois faisait une initiation macram\u00e9 \u00e0 toute sa petite tribu, a cette fois prodigu\u00e9 ses conseils pour former les futures vanni\u00e8res du fablab. L&rsquo;atelier du jour consistait \u00e0 fabriquer en une seule s\u00e9ance une mini corbeille appel\u00e9e \u00e0 devenir pour certaines un coussin \u00e0 \u00e9pingles, pour d&rsquo;autres une corbeille \u00e0 chocolats, un cache-pot ou bien d&rsquo;autres choses encore.<br \/>Apr\u00e8s cet essai transform\u00e9, nul doute que nos \u00ab\u00a0dr\u00f4les de dames\u00a0\u00bb reviendrons \u00e0 la vannerie avec des projets en rapport avec leur ambition habituelle.<\/p>\r\n\r\n\r\n\r\n<figure class=\"wp-block-gallery columns-2 is-cropped wp-block-gallery-1 is-layout-flex wp-block-gallery-is-layout-flex\">\r\n<ul class=\"blocks-gallery-grid\">\r\n<li class=\"blocks-gallery-item\">\r\n<figure><img loading=\"lazy\" decoding=\"async\" width=\"1024\" height=\"766\" class=\"wp-image-3782\" src=\"https:\/\/fablab-montagny-pres-louhans.fr\/wp-content\/uploads\/2021\/10\/IMG_20211006_140842-1-1024x766.jpg\" alt=\"\" data-id=\"3782\" data-full-url=\"https:\/\/fablab-montagny-pres-louhans.fr\/wp-content\/uploads\/2021\/10\/IMG_20211006_140842-1.jpg\" data-link=\"https:\/\/fablab-montagny-pres-louhans.fr\/img_20211006_140842-1\/\" srcset=\"https:\/\/fablab-montagny-pres-louhans.fr\/wp-content\/uploads\/2021\/10\/IMG_20211006_140842-1-1024x766.jpg 1024w, https:\/\/fablab-montagny-pres-louhans.fr\/wp-content\/uploads\/2021\/10\/IMG_20211006_140842-1-300x224.jpg 300w, https:\/\/fablab-montagny-pres-louhans.fr\/wp-content\/uploads\/2021\/10\/IMG_20211006_140842-1-768x574.jpg 768w, https:\/\/fablab-montagny-pres-louhans.fr\/wp-content\/uploads\/2021\/10\/IMG_20211006_140842-1-1536x1149.jpg 1536w, https:\/\/fablab-montagny-pres-louhans.fr\/wp-content\/uploads\/2021\/10\/IMG_20211006_140842-1-1320x987.jpg 1320w, https:\/\/fablab-montagny-pres-louhans.fr\/wp-content\/uploads\/2021\/10\/IMG_20211006_140842-1.jpg 1674w\" sizes=\"(max-width: 1024px) 100vw, 1024px\" \/>\r\n<figcaption class=\"blocks-gallery-item__caption\">Trempage, assouplissement des brins de mo\u00eblle de rotin<\/figcaption>\r\n<\/figure>\r\n<\/li>\r\n<li class=\"blocks-gallery-item\">\r\n<figure><img loading=\"lazy\" decoding=\"async\" width=\"766\" height=\"1024\" class=\"wp-image-3783\" src=\"https:\/\/fablab-montagny-pres-louhans.fr\/wp-content\/uploads\/2021\/10\/IMG_20211006_152015-1-766x1024.jpg\" alt=\"\" data-id=\"3783\" data-full-url=\"https:\/\/fablab-montagny-pres-louhans.fr\/wp-content\/uploads\/2021\/10\/IMG_20211006_152015-1-rotated.jpg\" data-link=\"https:\/\/fablab-montagny-pres-louhans.fr\/img_20211006_152015-1\/\" srcset=\"https:\/\/fablab-montagny-pres-louhans.fr\/wp-content\/uploads\/2021\/10\/IMG_20211006_152015-1-766x1024.jpg 766w, https:\/\/fablab-montagny-pres-louhans.fr\/wp-content\/uploads\/2021\/10\/IMG_20211006_152015-1-224x300.jpg 224w, https:\/\/fablab-montagny-pres-louhans.fr\/wp-content\/uploads\/2021\/10\/IMG_20211006_152015-1-768x1027.jpg 768w, https:\/\/fablab-montagny-pres-louhans.fr\/wp-content\/uploads\/2021\/10\/IMG_20211006_152015-1-1149x1536.jpg 1149w, https:\/\/fablab-montagny-pres-louhans.fr\/wp-content\/uploads\/2021\/10\/IMG_20211006_152015-1-rotated.jpg 1252w\" sizes=\"(max-width: 766px) 100vw, 766px\" \/>\r\n<figcaption class=\"blocks-gallery-item__caption\">Un p&rsquo;tit coup de main ?<\/figcaption>\r\n<\/figure>\r\n<\/li>\r\n<\/ul>\r\n<\/figure>\r\n\r\n\r\n\r\n<figure class=\"wp-block-gallery columns-1 is-cropped wp-block-gallery-2 is-layout-flex wp-block-gallery-is-layout-flex\">\r\n<ul class=\"blocks-gallery-grid\">\r\n<li class=\"blocks-gallery-item\">\r\n<figure><img loading=\"lazy\" decoding=\"async\" width=\"1024\" height=\"766\" class=\"wp-image-3785\" src=\"https:\/\/fablab-montagny-pres-louhans.fr\/wp-content\/uploads\/2021\/10\/IMG_20211006_152629-1-1024x766.jpg\" alt=\"\" data-id=\"3785\" data-full-url=\"https:\/\/fablab-montagny-pres-louhans.fr\/wp-content\/uploads\/2021\/10\/IMG_20211006_152629-1.jpg\" data-link=\"https:\/\/fablab-montagny-pres-louhans.fr\/img_20211006_152629-1\/\" srcset=\"https:\/\/fablab-montagny-pres-louhans.fr\/wp-content\/uploads\/2021\/10\/IMG_20211006_152629-1-1024x766.jpg 1024w, https:\/\/fablab-montagny-pres-louhans.fr\/wp-content\/uploads\/2021\/10\/IMG_20211006_152629-1-300x224.jpg 300w, https:\/\/fablab-montagny-pres-louhans.fr\/wp-content\/uploads\/2021\/10\/IMG_20211006_152629-1-768x574.jpg 768w, https:\/\/fablab-montagny-pres-louhans.fr\/wp-content\/uploads\/2021\/10\/IMG_20211006_152629-1-1536x1149.jpg 1536w, https:\/\/fablab-montagny-pres-louhans.fr\/wp-content\/uploads\/2021\/10\/IMG_20211006_152629-1-1320x987.jpg 1320w, https:\/\/fablab-montagny-pres-louhans.fr\/wp-content\/uploads\/2021\/10\/IMG_20211006_152629-1.jpg 1674w\" sizes=\"(max-width: 1024px) 100vw, 1024px\" \/>\r\n<figcaption class=\"blocks-gallery-item__caption\">Sous l&rsquo;\u0153il avis\u00e9 de Michel<\/figcaption>\r\n<\/figure>\r\n<\/li>\r\n<\/ul>\r\n<\/figure>\r\n\r\n\r\n\r\n<figure class=\"wp-block-gallery columns-2 is-cropped wp-block-gallery-3 is-layout-flex wp-block-gallery-is-layout-flex\">\r\n<ul class=\"blocks-gallery-grid\">\r\n<li class=\"blocks-gallery-item\">\r\n<figure><img loading=\"lazy\" decoding=\"async\" width=\"766\" height=\"1024\" class=\"wp-image-3784\" src=\"https:\/\/fablab-montagny-pres-louhans.fr\/wp-content\/uploads\/2021\/10\/IMG_20211006_152205-1-766x1024.jpg\" alt=\"\" data-id=\"3784\" data-full-url=\"https:\/\/fablab-montagny-pres-louhans.fr\/wp-content\/uploads\/2021\/10\/IMG_20211006_152205-1-rotated.jpg\" data-link=\"https:\/\/fablab-montagny-pres-louhans.fr\/img_20211006_152205-1\/\" srcset=\"https:\/\/fablab-montagny-pres-louhans.fr\/wp-content\/uploads\/2021\/10\/IMG_20211006_152205-1-766x1024.jpg 766w, https:\/\/fablab-montagny-pres-louhans.fr\/wp-content\/uploads\/2021\/10\/IMG_20211006_152205-1-224x300.jpg 224w, https:\/\/fablab-montagny-pres-louhans.fr\/wp-content\/uploads\/2021\/10\/IMG_20211006_152205-1-768x1027.jpg 768w, https:\/\/fablab-montagny-pres-louhans.fr\/wp-content\/uploads\/2021\/10\/IMG_20211006_152205-1-1149x1536.jpg 1149w, https:\/\/fablab-montagny-pres-louhans.fr\/wp-content\/uploads\/2021\/10\/IMG_20211006_152205-1-rotated.jpg 1252w\" sizes=\"(max-width: 766px) 100vw, 766px\" \/>\r\n<figcaption class=\"blocks-gallery-item__caption\">C&rsquo;est parti.<\/figcaption>\r\n<\/figure>\r\n<\/li>\r\n<li class=\"blocks-gallery-item\">\r\n<figure><img loading=\"lazy\" decoding=\"async\" width=\"1024\" height=\"766\" class=\"wp-image-3786\" src=\"https:\/\/fablab-montagny-pres-louhans.fr\/wp-content\/uploads\/2021\/10\/IMG_20211006_154312-1-1024x766.jpg\" alt=\"\" data-id=\"3786\" data-full-url=\"https:\/\/fablab-montagny-pres-louhans.fr\/wp-content\/uploads\/2021\/10\/IMG_20211006_154312-1.jpg\" data-link=\"https:\/\/fablab-montagny-pres-louhans.fr\/img_20211006_154312-1\/\" srcset=\"https:\/\/fablab-montagny-pres-louhans.fr\/wp-content\/uploads\/2021\/10\/IMG_20211006_154312-1-1024x766.jpg 1024w, https:\/\/fablab-montagny-pres-louhans.fr\/wp-content\/uploads\/2021\/10\/IMG_20211006_154312-1-300x224.jpg 300w, https:\/\/fablab-montagny-pres-louhans.fr\/wp-content\/uploads\/2021\/10\/IMG_20211006_154312-1-768x574.jpg 768w, https:\/\/fablab-montagny-pres-louhans.fr\/wp-content\/uploads\/2021\/10\/IMG_20211006_154312-1-1536x1149.jpg 1536w, https:\/\/fablab-montagny-pres-louhans.fr\/wp-content\/uploads\/2021\/10\/IMG_20211006_154312-1-1320x987.jpg 1320w, https:\/\/fablab-montagny-pres-louhans.fr\/wp-content\/uploads\/2021\/10\/IMG_20211006_154312-1.jpg 1674w\" sizes=\"(max-width: 1024px) 100vw, 1024px\" \/>\r\n<figcaption class=\"blocks-gallery-item__caption\">Ca prend forme&#8230;<\/figcaption>\r\n<\/figure>\r\n<\/li>\r\n<\/ul>\r\n<\/figure>\r\n\r\n\r\n\r\n<figure class=\"wp-block-gallery columns-1 is-cropped wp-block-gallery-4 is-layout-flex wp-block-gallery-is-layout-flex\">\r\n<ul class=\"blocks-gallery-grid\">\r\n<li class=\"blocks-gallery-item\">\r\n<figure><img loading=\"lazy\" decoding=\"async\" width=\"766\" height=\"1024\" class=\"wp-image-3787\" src=\"https:\/\/fablab-montagny-pres-louhans.fr\/wp-content\/uploads\/2021\/10\/IMG_20211006_165209-1-766x1024.jpg\" alt=\"\" data-id=\"3787\" data-full-url=\"https:\/\/fablab-montagny-pres-louhans.fr\/wp-content\/uploads\/2021\/10\/IMG_20211006_165209-1-rotated.jpg\" data-link=\"https:\/\/fablab-montagny-pres-louhans.fr\/img_20211006_165209-1\/\" srcset=\"https:\/\/fablab-montagny-pres-louhans.fr\/wp-content\/uploads\/2021\/10\/IMG_20211006_165209-1-766x1024.jpg 766w, https:\/\/fablab-montagny-pres-louhans.fr\/wp-content\/uploads\/2021\/10\/IMG_20211006_165209-1-224x300.jpg 224w, https:\/\/fablab-montagny-pres-louhans.fr\/wp-content\/uploads\/2021\/10\/IMG_20211006_165209-1-768x1027.jpg 768w, https:\/\/fablab-montagny-pres-louhans.fr\/wp-content\/uploads\/2021\/10\/IMG_20211006_165209-1-1149x1536.jpg 1149w, https:\/\/fablab-montagny-pres-louhans.fr\/wp-content\/uploads\/2021\/10\/IMG_20211006_165209-1-rotated.jpg 1252w\" sizes=\"(max-width: 766px) 100vw, 766px\" \/>\r\n<figcaption class=\"blocks-gallery-item__caption\">Et voil\u00e0 le travail.<\/figcaption>\r\n<\/figure>\r\n<\/li>\r\n<\/ul>\r\n<\/figure>\r\n","protected":false},"excerpt":{"rendered":"<p>Ce mercredi 6 octobre, les loisirs cr\u00e9atifs s&rsquo;affichaient en mode march\u00e9 artisanal. En souvenir des ann\u00e9es ou il faisait la route ;-D, Michel qui , il y a quelques mois faisait une initiation macram\u00e9 \u00e0 toute sa petite tribu, a cette fois prodigu\u00e9 ses conseils pour former les futures vanni\u00e8res du fablab. L&rsquo;atelier du jour [&hellip;]<\/p>\n","protected":false},"author":29,"featured_media":3996,"comment_status":"closed","ping_status":"open","sticky":false,"template":"","format":"standard","meta":{"_et_pb_use_builder":"","_et_pb_old_content":"","_et_gb_content_width":"","rop_custom_images_group":[],"rop_custom_messages_group":[],"rop_publish_now":"initial","rop_publish_now_accounts":{"facebook_1992431424458146_173380702515979":""},"rop_publish_now_history":[],"rop_publish_now_status":"pending","footnotes":""},"categories":[2],"tags":[],"class_list":["post-3778","post","type-post","status-publish","format-standard","has-post-thumbnail","hentry","category-news"],"yoast_head":"<!-- This site is optimized with the Yoast SEO plugin v27.3 - https:\/\/yoast.com\/product\/yoast-seo-wordpress\/ -->\n<title>Atelier vannerie - Le FabLab<\/title>\n<meta name=\"robots\" content=\"noindex, follow, max-snippet:-1, max-image-preview:large, max-video-preview:-1\" \/>\n<meta property=\"og:locale\" content=\"fr_FR\" \/>\n<meta property=\"og:type\" content=\"article\" \/>\n<meta property=\"og:title\" content=\"Atelier vannerie - Le FabLab\" \/>\n<meta property=\"og:description\" content=\"Ce mercredi 6 octobre, les loisirs cr\u00e9atifs s&rsquo;affichaient en mode march\u00e9 artisanal. En souvenir des ann\u00e9es ou il faisait la route ;-D, Michel qui , il y a quelques mois faisait une initiation macram\u00e9 \u00e0 toute sa petite tribu, a cette fois prodigu\u00e9 ses conseils pour former les futures vanni\u00e8res du fablab. L&rsquo;atelier du jour [&hellip;]\" \/>\n<meta property=\"og:url\" content=\"https:\/\/fablab-montagny-pres-louhans.fr\/index.php\/2021\/10\/08\/atelier-vannerie\/\" \/>\n<meta property=\"og:site_name\" content=\"Le FabLab\" \/>\n<meta property=\"article:publisher\" content=\"https:\/\/www.facebook.com\/fablab.labom\/\" \/>\n<meta property=\"article:published_time\" content=\"2021-10-08T15:57:54+00:00\" \/>\n<meta property=\"article:modified_time\" content=\"2023-02-21T18:16:04+00:00\" \/>\n<meta property=\"og:image\" content=\"https:\/\/fablab-montagny-pres-louhans.fr\/wp-content\/uploads\/2021\/10\/atelier-vannerie.jpg\" \/>\n\t<meta property=\"og:image:width\" content=\"1024\" \/>\n\t<meta property=\"og:image:height\" content=\"768\" \/>\n\t<meta property=\"og:image:type\" content=\"image\/jpeg\" \/>\n<meta name=\"author\" content=\"Roger Remondy\" \/>\n<meta name=\"twitter:card\" content=\"summary_large_image\" \/>\n<meta name=\"twitter:label1\" content=\"\u00c9crit par\" \/>\n\t<meta name=\"twitter:data1\" content=\"Roger Remondy\" \/>\n\t<meta name=\"twitter:label2\" content=\"Dur\u00e9e de lecture estim\u00e9e\" \/>\n\t<meta name=\"twitter:data2\" content=\"1 minute\" \/>\n<script type=\"application\/ld+json\" class=\"yoast-schema-graph\">{\"@context\":\"https:\\\/\\\/schema.org\",\"@graph\":[{\"@type\":\"Article\",\"@id\":\"https:\\\/\\\/fablab-montagny-pres-louhans.fr\\\/index.php\\\/2021\\\/10\\\/08\\\/atelier-vannerie\\\/#article\",\"isPartOf\":{\"@id\":\"https:\\\/\\\/fablab-montagny-pres-louhans.fr\\\/index.php\\\/2021\\\/10\\\/08\\\/atelier-vannerie\\\/\"},\"author\":{\"name\":\"Roger Remondy\",\"@id\":\"https:\\\/\\\/fablab-montagny-pres-louhans.fr\\\/#\\\/schema\\\/person\\\/b4b47741bdde563325530989455fe7de\"},\"headline\":\"Atelier vannerie\",\"datePublished\":\"2021-10-08T15:57:54+00:00\",\"dateModified\":\"2023-02-21T18:16:04+00:00\",\"mainEntityOfPage\":{\"@id\":\"https:\\\/\\\/fablab-montagny-pres-louhans.fr\\\/index.php\\\/2021\\\/10\\\/08\\\/atelier-vannerie\\\/\"},\"wordCount\":141,\"publisher\":{\"@id\":\"https:\\\/\\\/fablab-montagny-pres-louhans.fr\\\/#organization\"},\"image\":{\"@id\":\"https:\\\/\\\/fablab-montagny-pres-louhans.fr\\\/index.php\\\/2021\\\/10\\\/08\\\/atelier-vannerie\\\/#primaryimage\"},\"thumbnailUrl\":\"https:\\\/\\\/fablab-montagny-pres-louhans.fr\\\/wp-content\\\/uploads\\\/2021\\\/10\\\/atelier-vannerie.jpg\",\"articleSection\":[\"News\"],\"inLanguage\":\"fr-FR\"},{\"@type\":\"WebPage\",\"@id\":\"https:\\\/\\\/fablab-montagny-pres-louhans.fr\\\/index.php\\\/2021\\\/10\\\/08\\\/atelier-vannerie\\\/\",\"url\":\"https:\\\/\\\/fablab-montagny-pres-louhans.fr\\\/index.php\\\/2021\\\/10\\\/08\\\/atelier-vannerie\\\/\",\"name\":\"Atelier vannerie - Le FabLab\",\"isPartOf\":{\"@id\":\"https:\\\/\\\/fablab-montagny-pres-louhans.fr\\\/#website\"},\"primaryImageOfPage\":{\"@id\":\"https:\\\/\\\/fablab-montagny-pres-louhans.fr\\\/index.php\\\/2021\\\/10\\\/08\\\/atelier-vannerie\\\/#primaryimage\"},\"image\":{\"@id\":\"https:\\\/\\\/fablab-montagny-pres-louhans.fr\\\/index.php\\\/2021\\\/10\\\/08\\\/atelier-vannerie\\\/#primaryimage\"},\"thumbnailUrl\":\"https:\\\/\\\/fablab-montagny-pres-louhans.fr\\\/wp-content\\\/uploads\\\/2021\\\/10\\\/atelier-vannerie.jpg\",\"datePublished\":\"2021-10-08T15:57:54+00:00\",\"dateModified\":\"2023-02-21T18:16:04+00:00\",\"breadcrumb\":{\"@id\":\"https:\\\/\\\/fablab-montagny-pres-louhans.fr\\\/index.php\\\/2021\\\/10\\\/08\\\/atelier-vannerie\\\/#breadcrumb\"},\"inLanguage\":\"fr-FR\",\"potentialAction\":[{\"@type\":\"ReadAction\",\"target\":[\"https:\\\/\\\/fablab-montagny-pres-louhans.fr\\\/index.php\\\/2021\\\/10\\\/08\\\/atelier-vannerie\\\/\"]}]},{\"@type\":\"ImageObject\",\"inLanguage\":\"fr-FR\",\"@id\":\"https:\\\/\\\/fablab-montagny-pres-louhans.fr\\\/index.php\\\/2021\\\/10\\\/08\\\/atelier-vannerie\\\/#primaryimage\",\"url\":\"https:\\\/\\\/fablab-montagny-pres-louhans.fr\\\/wp-content\\\/uploads\\\/2021\\\/10\\\/atelier-vannerie.jpg\",\"contentUrl\":\"https:\\\/\\\/fablab-montagny-pres-louhans.fr\\\/wp-content\\\/uploads\\\/2021\\\/10\\\/atelier-vannerie.jpg\",\"width\":1024,\"height\":768,\"caption\":\"atelier vannerie\"},{\"@type\":\"BreadcrumbList\",\"@id\":\"https:\\\/\\\/fablab-montagny-pres-louhans.fr\\\/index.php\\\/2021\\\/10\\\/08\\\/atelier-vannerie\\\/#breadcrumb\",\"itemListElement\":[{\"@type\":\"ListItem\",\"position\":1,\"name\":\"Accueil\",\"item\":\"https:\\\/\\\/fablab-montagny-pres-louhans.fr\\\/\"},{\"@type\":\"ListItem\",\"position\":2,\"name\":\"Atelier vannerie\"}]},{\"@type\":\"WebSite\",\"@id\":\"https:\\\/\\\/fablab-montagny-pres-louhans.fr\\\/#website\",\"url\":\"https:\\\/\\\/fablab-montagny-pres-louhans.fr\\\/\",\"name\":\"Le FabLab\",\"description\":\"Le premier de Bresse\",\"publisher\":{\"@id\":\"https:\\\/\\\/fablab-montagny-pres-louhans.fr\\\/#organization\"},\"potentialAction\":[{\"@type\":\"SearchAction\",\"target\":{\"@type\":\"EntryPoint\",\"urlTemplate\":\"https:\\\/\\\/fablab-montagny-pres-louhans.fr\\\/?s={search_term_string}\"},\"query-input\":{\"@type\":\"PropertyValueSpecification\",\"valueRequired\":true,\"valueName\":\"search_term_string\"}}],\"inLanguage\":\"fr-FR\"},{\"@type\":\"Organization\",\"@id\":\"https:\\\/\\\/fablab-montagny-pres-louhans.fr\\\/#organization\",\"name\":\"Le FabLab\",\"url\":\"https:\\\/\\\/fablab-montagny-pres-louhans.fr\\\/\",\"logo\":{\"@type\":\"ImageObject\",\"inLanguage\":\"fr-FR\",\"@id\":\"https:\\\/\\\/fablab-montagny-pres-louhans.fr\\\/#\\\/schema\\\/logo\\\/image\\\/\",\"url\":\"https:\\\/\\\/fablab-montagny-pres-louhans.fr\\\/wp-content\\\/uploads\\\/2023\\\/02\\\/FABALB-logo.png\",\"contentUrl\":\"https:\\\/\\\/fablab-montagny-pres-louhans.fr\\\/wp-content\\\/uploads\\\/2023\\\/02\\\/FABALB-logo.png\",\"width\":250,\"height\":260,\"caption\":\"Le FabLab\"},\"image\":{\"@id\":\"https:\\\/\\\/fablab-montagny-pres-louhans.fr\\\/#\\\/schema\\\/logo\\\/image\\\/\"},\"sameAs\":[\"https:\\\/\\\/www.facebook.com\\\/fablab.labom\\\/\"]},{\"@type\":\"Person\",\"@id\":\"https:\\\/\\\/fablab-montagny-pres-louhans.fr\\\/#\\\/schema\\\/person\\\/b4b47741bdde563325530989455fe7de\",\"name\":\"Roger Remondy\",\"image\":{\"@type\":\"ImageObject\",\"inLanguage\":\"fr-FR\",\"@id\":\"https:\\\/\\\/fablab-montagny-pres-louhans.fr\\\/wp-content\\\/litespeed\\\/avatar\\\/0636c9b2c03e4d83e562c27b768bd1cb.jpg?ver=1777239698\",\"url\":\"https:\\\/\\\/fablab-montagny-pres-louhans.fr\\\/wp-content\\\/litespeed\\\/avatar\\\/0636c9b2c03e4d83e562c27b768bd1cb.jpg?ver=1777239698\",\"contentUrl\":\"https:\\\/\\\/fablab-montagny-pres-louhans.fr\\\/wp-content\\\/litespeed\\\/avatar\\\/0636c9b2c03e4d83e562c27b768bd1cb.jpg?ver=1777239698\",\"caption\":\"Roger Remondy\"},\"url\":\"https:\\\/\\\/fablab-montagny-pres-louhans.fr\\\/index.php\\\/author\\\/roger\\\/\"}]}<\/script>\n<!-- \/ Yoast SEO plugin. -->","yoast_head_json":{"title":"Atelier vannerie - Le FabLab","robots":{"index":"noindex","follow":"follow","max-snippet":"max-snippet:-1","max-image-preview":"max-image-preview:large","max-video-preview":"max-video-preview:-1"},"og_locale":"fr_FR","og_type":"article","og_title":"Atelier vannerie - Le FabLab","og_description":"Ce mercredi 6 octobre, les loisirs cr\u00e9atifs s&rsquo;affichaient en mode march\u00e9 artisanal. En souvenir des ann\u00e9es ou il faisait la route ;-D, Michel qui , il y a quelques mois faisait une initiation macram\u00e9 \u00e0 toute sa petite tribu, a cette fois prodigu\u00e9 ses conseils pour former les futures vanni\u00e8res du fablab. L&rsquo;atelier du jour [&hellip;]","og_url":"https:\/\/fablab-montagny-pres-louhans.fr\/index.php\/2021\/10\/08\/atelier-vannerie\/","og_site_name":"Le FabLab","article_publisher":"https:\/\/www.facebook.com\/fablab.labom\/","article_published_time":"2021-10-08T15:57:54+00:00","article_modified_time":"2023-02-21T18:16:04+00:00","og_image":[{"width":1024,"height":768,"url":"https:\/\/fablab-montagny-pres-louhans.fr\/wp-content\/uploads\/2021\/10\/atelier-vannerie.jpg","type":"image\/jpeg"}],"author":"Roger Remondy","twitter_card":"summary_large_image","twitter_misc":{"\u00c9crit par":"Roger Remondy","Dur\u00e9e de lecture estim\u00e9e":"1 minute"},"schema":{"@context":"https:\/\/schema.org","@graph":[{"@type":"Article","@id":"https:\/\/fablab-montagny-pres-louhans.fr\/index.php\/2021\/10\/08\/atelier-vannerie\/#article","isPartOf":{"@id":"https:\/\/fablab-montagny-pres-louhans.fr\/index.php\/2021\/10\/08\/atelier-vannerie\/"},"author":{"name":"Roger Remondy","@id":"https:\/\/fablab-montagny-pres-louhans.fr\/#\/schema\/person\/b4b47741bdde563325530989455fe7de"},"headline":"Atelier vannerie","datePublished":"2021-10-08T15:57:54+00:00","dateModified":"2023-02-21T18:16:04+00:00","mainEntityOfPage":{"@id":"https:\/\/fablab-montagny-pres-louhans.fr\/index.php\/2021\/10\/08\/atelier-vannerie\/"},"wordCount":141,"publisher":{"@id":"https:\/\/fablab-montagny-pres-louhans.fr\/#organization"},"image":{"@id":"https:\/\/fablab-montagny-pres-louhans.fr\/index.php\/2021\/10\/08\/atelier-vannerie\/#primaryimage"},"thumbnailUrl":"https:\/\/fablab-montagny-pres-louhans.fr\/wp-content\/uploads\/2021\/10\/atelier-vannerie.jpg","articleSection":["News"],"inLanguage":"fr-FR"},{"@type":"WebPage","@id":"https:\/\/fablab-montagny-pres-louhans.fr\/index.php\/2021\/10\/08\/atelier-vannerie\/","url":"https:\/\/fablab-montagny-pres-louhans.fr\/index.php\/2021\/10\/08\/atelier-vannerie\/","name":"Atelier vannerie - Le FabLab","isPartOf":{"@id":"https:\/\/fablab-montagny-pres-louhans.fr\/#website"},"primaryImageOfPage":{"@id":"https:\/\/fablab-montagny-pres-louhans.fr\/index.php\/2021\/10\/08\/atelier-vannerie\/#primaryimage"},"image":{"@id":"https:\/\/fablab-montagny-pres-louhans.fr\/index.php\/2021\/10\/08\/atelier-vannerie\/#primaryimage"},"thumbnailUrl":"https:\/\/fablab-montagny-pres-louhans.fr\/wp-content\/uploads\/2021\/10\/atelier-vannerie.jpg","datePublished":"2021-10-08T15:57:54+00:00","dateModified":"2023-02-21T18:16:04+00:00","breadcrumb":{"@id":"https:\/\/fablab-montagny-pres-louhans.fr\/index.php\/2021\/10\/08\/atelier-vannerie\/#breadcrumb"},"inLanguage":"fr-FR","potentialAction":[{"@type":"ReadAction","target":["https:\/\/fablab-montagny-pres-louhans.fr\/index.php\/2021\/10\/08\/atelier-vannerie\/"]}]},{"@type":"ImageObject","inLanguage":"fr-FR","@id":"https:\/\/fablab-montagny-pres-louhans.fr\/index.php\/2021\/10\/08\/atelier-vannerie\/#primaryimage","url":"https:\/\/fablab-montagny-pres-louhans.fr\/wp-content\/uploads\/2021\/10\/atelier-vannerie.jpg","contentUrl":"https:\/\/fablab-montagny-pres-louhans.fr\/wp-content\/uploads\/2021\/10\/atelier-vannerie.jpg","width":1024,"height":768,"caption":"atelier vannerie"},{"@type":"BreadcrumbList","@id":"https:\/\/fablab-montagny-pres-louhans.fr\/index.php\/2021\/10\/08\/atelier-vannerie\/#breadcrumb","itemListElement":[{"@type":"ListItem","position":1,"name":"Accueil","item":"https:\/\/fablab-montagny-pres-louhans.fr\/"},{"@type":"ListItem","position":2,"name":"Atelier vannerie"}]},{"@type":"WebSite","@id":"https:\/\/fablab-montagny-pres-louhans.fr\/#website","url":"https:\/\/fablab-montagny-pres-louhans.fr\/","name":"Le FabLab","description":"Le premier de Bresse","publisher":{"@id":"https:\/\/fablab-montagny-pres-louhans.fr\/#organization"},"potentialAction":[{"@type":"SearchAction","target":{"@type":"EntryPoint","urlTemplate":"https:\/\/fablab-montagny-pres-louhans.fr\/?s={search_term_string}"},"query-input":{"@type":"PropertyValueSpecification","valueRequired":true,"valueName":"search_term_string"}}],"inLanguage":"fr-FR"},{"@type":"Organization","@id":"https:\/\/fablab-montagny-pres-louhans.fr\/#organization","name":"Le FabLab","url":"https:\/\/fablab-montagny-pres-louhans.fr\/","logo":{"@type":"ImageObject","inLanguage":"fr-FR","@id":"https:\/\/fablab-montagny-pres-louhans.fr\/#\/schema\/logo\/image\/","url":"https:\/\/fablab-montagny-pres-louhans.fr\/wp-content\/uploads\/2023\/02\/FABALB-logo.png","contentUrl":"https:\/\/fablab-montagny-pres-louhans.fr\/wp-content\/uploads\/2023\/02\/FABALB-logo.png","width":250,"height":260,"caption":"Le FabLab"},"image":{"@id":"https:\/\/fablab-montagny-pres-louhans.fr\/#\/schema\/logo\/image\/"},"sameAs":["https:\/\/www.facebook.com\/fablab.labom\/"]},{"@type":"Person","@id":"https:\/\/fablab-montagny-pres-louhans.fr\/#\/schema\/person\/b4b47741bdde563325530989455fe7de","name":"Roger Remondy","image":{"@type":"ImageObject","inLanguage":"fr-FR","@id":"https:\/\/fablab-montagny-pres-louhans.fr\/wp-content\/litespeed\/avatar\/0636c9b2c03e4d83e562c27b768bd1cb.jpg?ver=1777239698","url":"https:\/\/fablab-montagny-pres-louhans.fr\/wp-content\/litespeed\/avatar\/0636c9b2c03e4d83e562c27b768bd1cb.jpg?ver=1777239698","contentUrl":"https:\/\/fablab-montagny-pres-louhans.fr\/wp-content\/litespeed\/avatar\/0636c9b2c03e4d83e562c27b768bd1cb.jpg?ver=1777239698","caption":"Roger Remondy"},"url":"https:\/\/fablab-montagny-pres-louhans.fr\/index.php\/author\/roger\/"}]}},"_links":{"self":[{"href":"https:\/\/fablab-montagny-pres-louhans.fr\/index.php\/wp-json\/wp\/v2\/posts\/3778","targetHints":{"allow":["GET"]}}],"collection":[{"href":"https:\/\/fablab-montagny-pres-louhans.fr\/index.php\/wp-json\/wp\/v2\/posts"}],"about":[{"href":"https:\/\/fablab-montagny-pres-louhans.fr\/index.php\/wp-json\/wp\/v2\/types\/post"}],"author":[{"embeddable":true,"href":"https:\/\/fablab-montagny-pres-louhans.fr\/index.php\/wp-json\/wp\/v2\/users\/29"}],"replies":[{"embeddable":true,"href":"https:\/\/fablab-montagny-pres-louhans.fr\/index.php\/wp-json\/wp\/v2\/comments?post=3778"}],"version-history":[{"count":5,"href":"https:\/\/fablab-montagny-pres-louhans.fr\/index.php\/wp-json\/wp\/v2\/posts\/3778\/revisions"}],"predecessor-version":[{"id":3997,"href":"https:\/\/fablab-montagny-pres-louhans.fr\/index.php\/wp-json\/wp\/v2\/posts\/3778\/revisions\/3997"}],"wp:featuredmedia":[{"embeddable":true,"href":"https:\/\/fablab-montagny-pres-louhans.fr\/index.php\/wp-json\/wp\/v2\/media\/3996"}],"wp:attachment":[{"href":"https:\/\/fablab-montagny-pres-louhans.fr\/index.php\/wp-json\/wp\/v2\/media?parent=3778"}],"wp:term":[{"taxonomy":"category","embeddable":true,"href":"https:\/\/fablab-montagny-pres-louhans.fr\/index.php\/wp-json\/wp\/v2\/categories?post=3778"},{"taxonomy":"post_tag","embeddable":true,"href":"https:\/\/fablab-montagny-pres-louhans.fr\/index.php\/wp-json\/wp\/v2\/tags?post=3778"}],"curies":[{"name":"wp","href":"https:\/\/api.w.org\/{rel}","templated":true}]}}