{"id":3748,"date":"2021-09-01T15:02:37","date_gmt":"2021-09-01T13:02:37","guid":{"rendered":"https:\/\/fablab-montagny-pres-louhans.fr\/?p=3748"},"modified":"2021-11-01T14:32:14","modified_gmt":"2021-11-01T13:32:14","slug":"lembarcadere-28-aout-2021","status":"publish","type":"post","link":"https:\/\/fablab-montagny-pres-louhans.fr\/index.php\/2021\/09\/01\/lembarcadere-28-aout-2021\/","title":{"rendered":"L&#8217;embarcad\u00e8re 28 ao\u00fbt 2021"},"content":{"rendered":"\n<p>Ce samedi 28 ao\u00fbt, nous nous sommes retrouv\u00e9s au restaurant l&rsquo;Embarcad\u00e8re \u00e0 la Truch\u00e8re pour un repas \u00ab\u00a0grenouilles\u00a0\u00bb plac\u00e9 sous le signe &#8211; de la convivialit\u00e9 bien s\u00fbr &#8211; mais aussi de l&rsquo;espoir pour cette nouvelle rentr\u00e9e. Apr\u00e8s 18 mois de contraintes et d&rsquo;incertitudes, il fallait marquer le coup et se prouver que le CAC\/ Fablab et ses adh\u00e9rents sont toujours debout, pr\u00eats \u00e0 repartir pour de nouvelles aventures. Tout le monde n&rsquo;\u00e9tait pas l\u00e0 certes, mais les vacances, et autres raisons personnelles nous ont amput\u00e9 d&rsquo;une partie de l&rsquo;\u00e9quipe. <\/p>\n\n\n\n<div class=\"wp-block-group\"><div class=\"wp-block-group__inner-container is-layout-flow wp-block-group-is-layout-flow\">\n<figure class=\"wp-block-gallery columns-3 is-cropped wp-block-gallery-1 is-layout-flex wp-block-gallery-is-layout-flex\"><ul class=\"blocks-gallery-grid\"><li class=\"blocks-gallery-item\"><figure><img loading=\"lazy\" decoding=\"async\" width=\"1024\" height=\"766\" src=\"https:\/\/fablab-montagny-pres-louhans.fr\/wp-content\/uploads\/2021\/08\/IMG_20210828_124827-1-1024x766.jpg\" alt=\"\" data-id=\"3744\" data-full-url=\"https:\/\/fablab-montagny-pres-louhans.fr\/wp-content\/uploads\/2021\/08\/IMG_20210828_124827-1.jpg\" data-link=\"https:\/\/fablab-montagny-pres-louhans.fr\/img_20210828_124827-1\/\" class=\"wp-image-3744\" srcset=\"https:\/\/fablab-montagny-pres-louhans.fr\/wp-content\/uploads\/2021\/08\/IMG_20210828_124827-1-1024x766.jpg 1024w, https:\/\/fablab-montagny-pres-louhans.fr\/wp-content\/uploads\/2021\/08\/IMG_20210828_124827-1-300x224.jpg 300w, https:\/\/fablab-montagny-pres-louhans.fr\/wp-content\/uploads\/2021\/08\/IMG_20210828_124827-1-768x575.jpg 768w, https:\/\/fablab-montagny-pres-louhans.fr\/wp-content\/uploads\/2021\/08\/IMG_20210828_124827-1-1536x1149.jpg 1536w, https:\/\/fablab-montagny-pres-louhans.fr\/wp-content\/uploads\/2021\/08\/IMG_20210828_124827-1-2048x1532.jpg 2048w, https:\/\/fablab-montagny-pres-louhans.fr\/wp-content\/uploads\/2021\/08\/IMG_20210828_124827-1-1320x988.jpg 1320w\" sizes=\"(max-width: 1024px) 100vw, 1024px\" \/><\/figure><\/li><li class=\"blocks-gallery-item\"><figure><img loading=\"lazy\" decoding=\"async\" width=\"1024\" height=\"766\" src=\"https:\/\/fablab-montagny-pres-louhans.fr\/wp-content\/uploads\/2021\/08\/IMG_20210828_124921-1-1024x766.jpg\" alt=\"\" data-id=\"3745\" data-full-url=\"https:\/\/fablab-montagny-pres-louhans.fr\/wp-content\/uploads\/2021\/08\/IMG_20210828_124921-1.jpg\" data-link=\"https:\/\/fablab-montagny-pres-louhans.fr\/img_20210828_124921-1\/\" class=\"wp-image-3745\" srcset=\"https:\/\/fablab-montagny-pres-louhans.fr\/wp-content\/uploads\/2021\/08\/IMG_20210828_124921-1-1024x766.jpg 1024w, https:\/\/fablab-montagny-pres-louhans.fr\/wp-content\/uploads\/2021\/08\/IMG_20210828_124921-1-300x224.jpg 300w, https:\/\/fablab-montagny-pres-louhans.fr\/wp-content\/uploads\/2021\/08\/IMG_20210828_124921-1-768x575.jpg 768w, https:\/\/fablab-montagny-pres-louhans.fr\/wp-content\/uploads\/2021\/08\/IMG_20210828_124921-1-1536x1149.jpg 1536w, https:\/\/fablab-montagny-pres-louhans.fr\/wp-content\/uploads\/2021\/08\/IMG_20210828_124921-1-2048x1532.jpg 2048w, https:\/\/fablab-montagny-pres-louhans.fr\/wp-content\/uploads\/2021\/08\/IMG_20210828_124921-1-1320x988.jpg 1320w\" sizes=\"(max-width: 1024px) 100vw, 1024px\" \/><\/figure><\/li><li class=\"blocks-gallery-item\"><figure><img loading=\"lazy\" decoding=\"async\" width=\"1024\" height=\"766\" src=\"https:\/\/fablab-montagny-pres-louhans.fr\/wp-content\/uploads\/2021\/08\/IMG_20210828_124933-1-1024x766.jpg\" alt=\"\" data-id=\"3747\" data-full-url=\"https:\/\/fablab-montagny-pres-louhans.fr\/wp-content\/uploads\/2021\/08\/IMG_20210828_124933-1.jpg\" data-link=\"https:\/\/fablab-montagny-pres-louhans.fr\/img_20210828_124933-1\/\" class=\"wp-image-3747\" srcset=\"https:\/\/fablab-montagny-pres-louhans.fr\/wp-content\/uploads\/2021\/08\/IMG_20210828_124933-1-1024x766.jpg 1024w, https:\/\/fablab-montagny-pres-louhans.fr\/wp-content\/uploads\/2021\/08\/IMG_20210828_124933-1-300x224.jpg 300w, https:\/\/fablab-montagny-pres-louhans.fr\/wp-content\/uploads\/2021\/08\/IMG_20210828_124933-1-768x575.jpg 768w, https:\/\/fablab-montagny-pres-louhans.fr\/wp-content\/uploads\/2021\/08\/IMG_20210828_124933-1-1536x1149.jpg 1536w, https:\/\/fablab-montagny-pres-louhans.fr\/wp-content\/uploads\/2021\/08\/IMG_20210828_124933-1-2048x1532.jpg 2048w, https:\/\/fablab-montagny-pres-louhans.fr\/wp-content\/uploads\/2021\/08\/IMG_20210828_124933-1-1320x988.jpg 1320w\" sizes=\"(max-width: 1024px) 100vw, 1024px\" \/><\/figure><\/li><\/ul><\/figure>\n<\/div><\/div>\n\n\n\n<p>Il semblerait ? que le Covid soit en phase de r\u00e9gression ? et que peut-\u00eatre nous pourrons progressivement mais lentement revenir \u00e0 \u00ab\u00a0la vie comme avant\u00a0\u00bb.                                                                                                                            On croise les doigts. Bonne rentr\u00e9e \u00e0 tous.<\/p>\n\n\n\n<div class=\"wp-block-group\"><div class=\"wp-block-group__inner-container is-layout-flow wp-block-group-is-layout-flow\">\n<div class=\"wp-block-group\"><div class=\"wp-block-group__inner-container is-layout-flow wp-block-group-is-layout-flow\">\n<figure class=\"wp-block-gallery columns-3 is-cropped wp-block-gallery-2 is-layout-flex wp-block-gallery-is-layout-flex\"><ul class=\"blocks-gallery-grid\"><li class=\"blocks-gallery-item\"><figure><img loading=\"lazy\" decoding=\"async\" width=\"1024\" height=\"766\" src=\"https:\/\/fablab-montagny-pres-louhans.fr\/wp-content\/uploads\/2021\/08\/IMG_20210828_124927-1-1024x766.jpg\" alt=\"\" data-id=\"3746\" data-full-url=\"https:\/\/fablab-montagny-pres-louhans.fr\/wp-content\/uploads\/2021\/08\/IMG_20210828_124927-1.jpg\" data-link=\"https:\/\/fablab-montagny-pres-louhans.fr\/img_20210828_124927-1\/\" class=\"wp-image-3746\" srcset=\"https:\/\/fablab-montagny-pres-louhans.fr\/wp-content\/uploads\/2021\/08\/IMG_20210828_124927-1-1024x766.jpg 1024w, https:\/\/fablab-montagny-pres-louhans.fr\/wp-content\/uploads\/2021\/08\/IMG_20210828_124927-1-300x224.jpg 300w, https:\/\/fablab-montagny-pres-louhans.fr\/wp-content\/uploads\/2021\/08\/IMG_20210828_124927-1-768x575.jpg 768w, https:\/\/fablab-montagny-pres-louhans.fr\/wp-content\/uploads\/2021\/08\/IMG_20210828_124927-1-1536x1149.jpg 1536w, https:\/\/fablab-montagny-pres-louhans.fr\/wp-content\/uploads\/2021\/08\/IMG_20210828_124927-1-2048x1532.jpg 2048w, https:\/\/fablab-montagny-pres-louhans.fr\/wp-content\/uploads\/2021\/08\/IMG_20210828_124927-1-1320x988.jpg 1320w\" sizes=\"(max-width: 1024px) 100vw, 1024px\" \/><\/figure><\/li><li class=\"blocks-gallery-item\"><figure><img loading=\"lazy\" decoding=\"async\" width=\"1024\" height=\"766\" src=\"https:\/\/fablab-montagny-pres-louhans.fr\/wp-content\/uploads\/2021\/08\/IMG_20210828_124759-1-1024x766.jpg\" alt=\"\" data-id=\"3743\" data-full-url=\"https:\/\/fablab-montagny-pres-louhans.fr\/wp-content\/uploads\/2021\/08\/IMG_20210828_124759-1.jpg\" data-link=\"https:\/\/fablab-montagny-pres-louhans.fr\/img_20210828_124759-1\/\" class=\"wp-image-3743\" srcset=\"https:\/\/fablab-montagny-pres-louhans.fr\/wp-content\/uploads\/2021\/08\/IMG_20210828_124759-1-1024x766.jpg 1024w, https:\/\/fablab-montagny-pres-louhans.fr\/wp-content\/uploads\/2021\/08\/IMG_20210828_124759-1-300x224.jpg 300w, https:\/\/fablab-montagny-pres-louhans.fr\/wp-content\/uploads\/2021\/08\/IMG_20210828_124759-1-768x575.jpg 768w, https:\/\/fablab-montagny-pres-louhans.fr\/wp-content\/uploads\/2021\/08\/IMG_20210828_124759-1-1536x1149.jpg 1536w, https:\/\/fablab-montagny-pres-louhans.fr\/wp-content\/uploads\/2021\/08\/IMG_20210828_124759-1-2048x1532.jpg 2048w, https:\/\/fablab-montagny-pres-louhans.fr\/wp-content\/uploads\/2021\/08\/IMG_20210828_124759-1-1320x988.jpg 1320w\" sizes=\"(max-width: 1024px) 100vw, 1024px\" \/><\/figure><\/li><li class=\"blocks-gallery-item\"><figure><img loading=\"lazy\" decoding=\"async\" width=\"1024\" height=\"766\" src=\"https:\/\/fablab-montagny-pres-louhans.fr\/wp-content\/uploads\/2021\/08\/IMG_20210828_124749-1-1024x766.jpg\" alt=\"\" data-id=\"3742\" data-full-url=\"https:\/\/fablab-montagny-pres-louhans.fr\/wp-content\/uploads\/2021\/08\/IMG_20210828_124749-1.jpg\" data-link=\"https:\/\/fablab-montagny-pres-louhans.fr\/img_20210828_124749-1\/\" class=\"wp-image-3742\" srcset=\"https:\/\/fablab-montagny-pres-louhans.fr\/wp-content\/uploads\/2021\/08\/IMG_20210828_124749-1-1024x766.jpg 1024w, https:\/\/fablab-montagny-pres-louhans.fr\/wp-content\/uploads\/2021\/08\/IMG_20210828_124749-1-300x224.jpg 300w, https:\/\/fablab-montagny-pres-louhans.fr\/wp-content\/uploads\/2021\/08\/IMG_20210828_124749-1-768x575.jpg 768w, https:\/\/fablab-montagny-pres-louhans.fr\/wp-content\/uploads\/2021\/08\/IMG_20210828_124749-1-1536x1149.jpg 1536w, https:\/\/fablab-montagny-pres-louhans.fr\/wp-content\/uploads\/2021\/08\/IMG_20210828_124749-1-2048x1532.jpg 2048w, https:\/\/fablab-montagny-pres-louhans.fr\/wp-content\/uploads\/2021\/08\/IMG_20210828_124749-1-1320x988.jpg 1320w\" sizes=\"(max-width: 1024px) 100vw, 1024px\" \/><\/figure><\/li><\/ul><\/figure>\n<\/div><\/div>\n<\/div><\/div>\n","protected":false},"excerpt":{"rendered":"<p>Ce samedi 28 ao\u00fbt, nous nous sommes retrouv\u00e9s au restaurant l&rsquo;Embarcad\u00e8re \u00e0 la Truch\u00e8re pour un repas \u00ab\u00a0grenouilles\u00a0\u00bb plac\u00e9 sous le signe &#8211; de la convivialit\u00e9 bien s\u00fbr &#8211; mais aussi de l&rsquo;espoir pour cette nouvelle rentr\u00e9e. Apr\u00e8s 18 mois de contraintes et d&rsquo;incertitudes, il fallait marquer le coup et se prouver que le CAC\/ [&hellip;]<\/p>\n","protected":false},"author":29,"featured_media":0,"comment_status":"closed","ping_status":"open","sticky":false,"template":"","format":"standard","meta":{"_et_pb_use_builder":"","_et_pb_old_content":"","_et_gb_content_width":"","rop_custom_images_group":[],"rop_custom_messages_group":[],"rop_publish_now":"initial","rop_publish_now_accounts":{"facebook_1992431424458146_173380702515979":""},"rop_publish_now_history":[],"rop_publish_now_status":"pending","footnotes":""},"categories":[2],"tags":[],"class_list":["post-3748","post","type-post","status-publish","format-standard","hentry","category-news"],"yoast_head":"<!-- This site is optimized with the Yoast SEO plugin v27.3 - https:\/\/yoast.com\/product\/yoast-seo-wordpress\/ -->\n<title>L&#039;embarcad\u00e8re 28 ao\u00fbt 2021 - Le FabLab<\/title>\n<meta name=\"robots\" content=\"noindex, follow, max-snippet:-1, max-image-preview:large, max-video-preview:-1\" \/>\n<meta property=\"og:locale\" content=\"fr_FR\" \/>\n<meta property=\"og:type\" content=\"article\" \/>\n<meta property=\"og:title\" content=\"L&#039;embarcad\u00e8re 28 ao\u00fbt 2021 - Le FabLab\" \/>\n<meta property=\"og:description\" content=\"Ce samedi 28 ao\u00fbt, nous nous sommes retrouv\u00e9s au restaurant l&rsquo;Embarcad\u00e8re \u00e0 la Truch\u00e8re pour un repas \u00ab\u00a0grenouilles\u00a0\u00bb plac\u00e9 sous le signe &#8211; de la convivialit\u00e9 bien s\u00fbr &#8211; mais aussi de l&rsquo;espoir pour cette nouvelle rentr\u00e9e. Apr\u00e8s 18 mois de contraintes et d&rsquo;incertitudes, il fallait marquer le coup et se prouver que le CAC\/ [&hellip;]\" \/>\n<meta property=\"og:url\" content=\"https:\/\/fablab-montagny-pres-louhans.fr\/index.php\/2021\/09\/01\/lembarcadere-28-aout-2021\/\" \/>\n<meta property=\"og:site_name\" content=\"Le FabLab\" \/>\n<meta property=\"article:publisher\" content=\"https:\/\/www.facebook.com\/fablab.labom\/\" \/>\n<meta property=\"article:published_time\" content=\"2021-09-01T13:02:37+00:00\" \/>\n<meta property=\"article:modified_time\" content=\"2021-11-01T13:32:14+00:00\" \/>\n<meta property=\"og:image\" content=\"https:\/\/fablab-montagny-pres-louhans.fr\/wp-content\/uploads\/2021\/08\/IMG_20210828_124827-1-1024x766.jpg\" \/>\n<meta name=\"author\" content=\"Roger Remondy\" \/>\n<meta name=\"twitter:card\" content=\"summary_large_image\" \/>\n<meta name=\"twitter:label1\" content=\"\u00c9crit par\" \/>\n\t<meta name=\"twitter:data1\" content=\"Roger Remondy\" \/>\n\t<meta name=\"twitter:label2\" content=\"Dur\u00e9e de lecture estim\u00e9e\" \/>\n\t<meta name=\"twitter:data2\" content=\"1 minute\" \/>\n<script type=\"application\/ld+json\" class=\"yoast-schema-graph\">{\"@context\":\"https:\\\/\\\/schema.org\",\"@graph\":[{\"@type\":\"Article\",\"@id\":\"https:\\\/\\\/fablab-montagny-pres-louhans.fr\\\/index.php\\\/2021\\\/09\\\/01\\\/lembarcadere-28-aout-2021\\\/#article\",\"isPartOf\":{\"@id\":\"https:\\\/\\\/fablab-montagny-pres-louhans.fr\\\/index.php\\\/2021\\\/09\\\/01\\\/lembarcadere-28-aout-2021\\\/\"},\"author\":{\"name\":\"Roger Remondy\",\"@id\":\"https:\\\/\\\/fablab-montagny-pres-louhans.fr\\\/#\\\/schema\\\/person\\\/b4b47741bdde563325530989455fe7de\"},\"headline\":\"L&#8217;embarcad\u00e8re 28 ao\u00fbt 2021\",\"datePublished\":\"2021-09-01T13:02:37+00:00\",\"dateModified\":\"2021-11-01T13:32:14+00:00\",\"mainEntityOfPage\":{\"@id\":\"https:\\\/\\\/fablab-montagny-pres-louhans.fr\\\/index.php\\\/2021\\\/09\\\/01\\\/lembarcadere-28-aout-2021\\\/\"},\"wordCount\":134,\"publisher\":{\"@id\":\"https:\\\/\\\/fablab-montagny-pres-louhans.fr\\\/#organization\"},\"image\":{\"@id\":\"https:\\\/\\\/fablab-montagny-pres-louhans.fr\\\/index.php\\\/2021\\\/09\\\/01\\\/lembarcadere-28-aout-2021\\\/#primaryimage\"},\"thumbnailUrl\":\"https:\\\/\\\/fablab-montagny-pres-louhans.fr\\\/wp-content\\\/uploads\\\/2021\\\/08\\\/IMG_20210828_124827-1-1024x766.jpg\",\"articleSection\":[\"News\"],\"inLanguage\":\"fr-FR\"},{\"@type\":\"WebPage\",\"@id\":\"https:\\\/\\\/fablab-montagny-pres-louhans.fr\\\/index.php\\\/2021\\\/09\\\/01\\\/lembarcadere-28-aout-2021\\\/\",\"url\":\"https:\\\/\\\/fablab-montagny-pres-louhans.fr\\\/index.php\\\/2021\\\/09\\\/01\\\/lembarcadere-28-aout-2021\\\/\",\"name\":\"L'embarcad\u00e8re 28 ao\u00fbt 2021 - Le FabLab\",\"isPartOf\":{\"@id\":\"https:\\\/\\\/fablab-montagny-pres-louhans.fr\\\/#website\"},\"primaryImageOfPage\":{\"@id\":\"https:\\\/\\\/fablab-montagny-pres-louhans.fr\\\/index.php\\\/2021\\\/09\\\/01\\\/lembarcadere-28-aout-2021\\\/#primaryimage\"},\"image\":{\"@id\":\"https:\\\/\\\/fablab-montagny-pres-louhans.fr\\\/index.php\\\/2021\\\/09\\\/01\\\/lembarcadere-28-aout-2021\\\/#primaryimage\"},\"thumbnailUrl\":\"https:\\\/\\\/fablab-montagny-pres-louhans.fr\\\/wp-content\\\/uploads\\\/2021\\\/08\\\/IMG_20210828_124827-1-1024x766.jpg\",\"datePublished\":\"2021-09-01T13:02:37+00:00\",\"dateModified\":\"2021-11-01T13:32:14+00:00\",\"breadcrumb\":{\"@id\":\"https:\\\/\\\/fablab-montagny-pres-louhans.fr\\\/index.php\\\/2021\\\/09\\\/01\\\/lembarcadere-28-aout-2021\\\/#breadcrumb\"},\"inLanguage\":\"fr-FR\",\"potentialAction\":[{\"@type\":\"ReadAction\",\"target\":[\"https:\\\/\\\/fablab-montagny-pres-louhans.fr\\\/index.php\\\/2021\\\/09\\\/01\\\/lembarcadere-28-aout-2021\\\/\"]}]},{\"@type\":\"ImageObject\",\"inLanguage\":\"fr-FR\",\"@id\":\"https:\\\/\\\/fablab-montagny-pres-louhans.fr\\\/index.php\\\/2021\\\/09\\\/01\\\/lembarcadere-28-aout-2021\\\/#primaryimage\",\"url\":\"https:\\\/\\\/fablab-montagny-pres-louhans.fr\\\/wp-content\\\/uploads\\\/2021\\\/08\\\/IMG_20210828_124827-1.jpg\",\"contentUrl\":\"https:\\\/\\\/fablab-montagny-pres-louhans.fr\\\/wp-content\\\/uploads\\\/2021\\\/08\\\/IMG_20210828_124827-1.jpg\",\"width\":2367,\"height\":1771},{\"@type\":\"BreadcrumbList\",\"@id\":\"https:\\\/\\\/fablab-montagny-pres-louhans.fr\\\/index.php\\\/2021\\\/09\\\/01\\\/lembarcadere-28-aout-2021\\\/#breadcrumb\",\"itemListElement\":[{\"@type\":\"ListItem\",\"position\":1,\"name\":\"Accueil\",\"item\":\"https:\\\/\\\/fablab-montagny-pres-louhans.fr\\\/\"},{\"@type\":\"ListItem\",\"position\":2,\"name\":\"L&#8217;embarcad\u00e8re 28 ao\u00fbt 2021\"}]},{\"@type\":\"WebSite\",\"@id\":\"https:\\\/\\\/fablab-montagny-pres-louhans.fr\\\/#website\",\"url\":\"https:\\\/\\\/fablab-montagny-pres-louhans.fr\\\/\",\"name\":\"Le FabLab\",\"description\":\"Le premier de Bresse\",\"publisher\":{\"@id\":\"https:\\\/\\\/fablab-montagny-pres-louhans.fr\\\/#organization\"},\"potentialAction\":[{\"@type\":\"SearchAction\",\"target\":{\"@type\":\"EntryPoint\",\"urlTemplate\":\"https:\\\/\\\/fablab-montagny-pres-louhans.fr\\\/?s={search_term_string}\"},\"query-input\":{\"@type\":\"PropertyValueSpecification\",\"valueRequired\":true,\"valueName\":\"search_term_string\"}}],\"inLanguage\":\"fr-FR\"},{\"@type\":\"Organization\",\"@id\":\"https:\\\/\\\/fablab-montagny-pres-louhans.fr\\\/#organization\",\"name\":\"Le FabLab\",\"url\":\"https:\\\/\\\/fablab-montagny-pres-louhans.fr\\\/\",\"logo\":{\"@type\":\"ImageObject\",\"inLanguage\":\"fr-FR\",\"@id\":\"https:\\\/\\\/fablab-montagny-pres-louhans.fr\\\/#\\\/schema\\\/logo\\\/image\\\/\",\"url\":\"https:\\\/\\\/fablab-montagny-pres-louhans.fr\\\/wp-content\\\/uploads\\\/2023\\\/02\\\/FABALB-logo.png\",\"contentUrl\":\"https:\\\/\\\/fablab-montagny-pres-louhans.fr\\\/wp-content\\\/uploads\\\/2023\\\/02\\\/FABALB-logo.png\",\"width\":250,\"height\":260,\"caption\":\"Le FabLab\"},\"image\":{\"@id\":\"https:\\\/\\\/fablab-montagny-pres-louhans.fr\\\/#\\\/schema\\\/logo\\\/image\\\/\"},\"sameAs\":[\"https:\\\/\\\/www.facebook.com\\\/fablab.labom\\\/\"]},{\"@type\":\"Person\",\"@id\":\"https:\\\/\\\/fablab-montagny-pres-louhans.fr\\\/#\\\/schema\\\/person\\\/b4b47741bdde563325530989455fe7de\",\"name\":\"Roger Remondy\",\"image\":{\"@type\":\"ImageObject\",\"inLanguage\":\"fr-FR\",\"@id\":\"https:\\\/\\\/fablab-montagny-pres-louhans.fr\\\/wp-content\\\/litespeed\\\/avatar\\\/0636c9b2c03e4d83e562c27b768bd1cb.jpg?ver=1777239698\",\"url\":\"https:\\\/\\\/fablab-montagny-pres-louhans.fr\\\/wp-content\\\/litespeed\\\/avatar\\\/0636c9b2c03e4d83e562c27b768bd1cb.jpg?ver=1777239698\",\"contentUrl\":\"https:\\\/\\\/fablab-montagny-pres-louhans.fr\\\/wp-content\\\/litespeed\\\/avatar\\\/0636c9b2c03e4d83e562c27b768bd1cb.jpg?ver=1777239698\",\"caption\":\"Roger Remondy\"},\"url\":\"https:\\\/\\\/fablab-montagny-pres-louhans.fr\\\/index.php\\\/author\\\/roger\\\/\"}]}<\/script>\n<!-- \/ Yoast SEO plugin. -->","yoast_head_json":{"title":"L'embarcad\u00e8re 28 ao\u00fbt 2021 - Le FabLab","robots":{"index":"noindex","follow":"follow","max-snippet":"max-snippet:-1","max-image-preview":"max-image-preview:large","max-video-preview":"max-video-preview:-1"},"og_locale":"fr_FR","og_type":"article","og_title":"L'embarcad\u00e8re 28 ao\u00fbt 2021 - Le FabLab","og_description":"Ce samedi 28 ao\u00fbt, nous nous sommes retrouv\u00e9s au restaurant l&rsquo;Embarcad\u00e8re \u00e0 la Truch\u00e8re pour un repas \u00ab\u00a0grenouilles\u00a0\u00bb plac\u00e9 sous le signe &#8211; de la convivialit\u00e9 bien s\u00fbr &#8211; mais aussi de l&rsquo;espoir pour cette nouvelle rentr\u00e9e. Apr\u00e8s 18 mois de contraintes et d&rsquo;incertitudes, il fallait marquer le coup et se prouver que le CAC\/ [&hellip;]","og_url":"https:\/\/fablab-montagny-pres-louhans.fr\/index.php\/2021\/09\/01\/lembarcadere-28-aout-2021\/","og_site_name":"Le FabLab","article_publisher":"https:\/\/www.facebook.com\/fablab.labom\/","article_published_time":"2021-09-01T13:02:37+00:00","article_modified_time":"2021-11-01T13:32:14+00:00","og_image":[{"url":"https:\/\/fablab-montagny-pres-louhans.fr\/wp-content\/uploads\/2021\/08\/IMG_20210828_124827-1-1024x766.jpg","type":"","width":"","height":""}],"author":"Roger Remondy","twitter_card":"summary_large_image","twitter_misc":{"\u00c9crit par":"Roger Remondy","Dur\u00e9e de lecture estim\u00e9e":"1 minute"},"schema":{"@context":"https:\/\/schema.org","@graph":[{"@type":"Article","@id":"https:\/\/fablab-montagny-pres-louhans.fr\/index.php\/2021\/09\/01\/lembarcadere-28-aout-2021\/#article","isPartOf":{"@id":"https:\/\/fablab-montagny-pres-louhans.fr\/index.php\/2021\/09\/01\/lembarcadere-28-aout-2021\/"},"author":{"name":"Roger Remondy","@id":"https:\/\/fablab-montagny-pres-louhans.fr\/#\/schema\/person\/b4b47741bdde563325530989455fe7de"},"headline":"L&#8217;embarcad\u00e8re 28 ao\u00fbt 2021","datePublished":"2021-09-01T13:02:37+00:00","dateModified":"2021-11-01T13:32:14+00:00","mainEntityOfPage":{"@id":"https:\/\/fablab-montagny-pres-louhans.fr\/index.php\/2021\/09\/01\/lembarcadere-28-aout-2021\/"},"wordCount":134,"publisher":{"@id":"https:\/\/fablab-montagny-pres-louhans.fr\/#organization"},"image":{"@id":"https:\/\/fablab-montagny-pres-louhans.fr\/index.php\/2021\/09\/01\/lembarcadere-28-aout-2021\/#primaryimage"},"thumbnailUrl":"https:\/\/fablab-montagny-pres-louhans.fr\/wp-content\/uploads\/2021\/08\/IMG_20210828_124827-1-1024x766.jpg","articleSection":["News"],"inLanguage":"fr-FR"},{"@type":"WebPage","@id":"https:\/\/fablab-montagny-pres-louhans.fr\/index.php\/2021\/09\/01\/lembarcadere-28-aout-2021\/","url":"https:\/\/fablab-montagny-pres-louhans.fr\/index.php\/2021\/09\/01\/lembarcadere-28-aout-2021\/","name":"L'embarcad\u00e8re 28 ao\u00fbt 2021 - Le FabLab","isPartOf":{"@id":"https:\/\/fablab-montagny-pres-louhans.fr\/#website"},"primaryImageOfPage":{"@id":"https:\/\/fablab-montagny-pres-louhans.fr\/index.php\/2021\/09\/01\/lembarcadere-28-aout-2021\/#primaryimage"},"image":{"@id":"https:\/\/fablab-montagny-pres-louhans.fr\/index.php\/2021\/09\/01\/lembarcadere-28-aout-2021\/#primaryimage"},"thumbnailUrl":"https:\/\/fablab-montagny-pres-louhans.fr\/wp-content\/uploads\/2021\/08\/IMG_20210828_124827-1-1024x766.jpg","datePublished":"2021-09-01T13:02:37+00:00","dateModified":"2021-11-01T13:32:14+00:00","breadcrumb":{"@id":"https:\/\/fablab-montagny-pres-louhans.fr\/index.php\/2021\/09\/01\/lembarcadere-28-aout-2021\/#breadcrumb"},"inLanguage":"fr-FR","potentialAction":[{"@type":"ReadAction","target":["https:\/\/fablab-montagny-pres-louhans.fr\/index.php\/2021\/09\/01\/lembarcadere-28-aout-2021\/"]}]},{"@type":"ImageObject","inLanguage":"fr-FR","@id":"https:\/\/fablab-montagny-pres-louhans.fr\/index.php\/2021\/09\/01\/lembarcadere-28-aout-2021\/#primaryimage","url":"https:\/\/fablab-montagny-pres-louhans.fr\/wp-content\/uploads\/2021\/08\/IMG_20210828_124827-1.jpg","contentUrl":"https:\/\/fablab-montagny-pres-louhans.fr\/wp-content\/uploads\/2021\/08\/IMG_20210828_124827-1.jpg","width":2367,"height":1771},{"@type":"BreadcrumbList","@id":"https:\/\/fablab-montagny-pres-louhans.fr\/index.php\/2021\/09\/01\/lembarcadere-28-aout-2021\/#breadcrumb","itemListElement":[{"@type":"ListItem","position":1,"name":"Accueil","item":"https:\/\/fablab-montagny-pres-louhans.fr\/"},{"@type":"ListItem","position":2,"name":"L&#8217;embarcad\u00e8re 28 ao\u00fbt 2021"}]},{"@type":"WebSite","@id":"https:\/\/fablab-montagny-pres-louhans.fr\/#website","url":"https:\/\/fablab-montagny-pres-louhans.fr\/","name":"Le FabLab","description":"Le premier de Bresse","publisher":{"@id":"https:\/\/fablab-montagny-pres-louhans.fr\/#organization"},"potentialAction":[{"@type":"SearchAction","target":{"@type":"EntryPoint","urlTemplate":"https:\/\/fablab-montagny-pres-louhans.fr\/?s={search_term_string}"},"query-input":{"@type":"PropertyValueSpecification","valueRequired":true,"valueName":"search_term_string"}}],"inLanguage":"fr-FR"},{"@type":"Organization","@id":"https:\/\/fablab-montagny-pres-louhans.fr\/#organization","name":"Le FabLab","url":"https:\/\/fablab-montagny-pres-louhans.fr\/","logo":{"@type":"ImageObject","inLanguage":"fr-FR","@id":"https:\/\/fablab-montagny-pres-louhans.fr\/#\/schema\/logo\/image\/","url":"https:\/\/fablab-montagny-pres-louhans.fr\/wp-content\/uploads\/2023\/02\/FABALB-logo.png","contentUrl":"https:\/\/fablab-montagny-pres-louhans.fr\/wp-content\/uploads\/2023\/02\/FABALB-logo.png","width":250,"height":260,"caption":"Le FabLab"},"image":{"@id":"https:\/\/fablab-montagny-pres-louhans.fr\/#\/schema\/logo\/image\/"},"sameAs":["https:\/\/www.facebook.com\/fablab.labom\/"]},{"@type":"Person","@id":"https:\/\/fablab-montagny-pres-louhans.fr\/#\/schema\/person\/b4b47741bdde563325530989455fe7de","name":"Roger Remondy","image":{"@type":"ImageObject","inLanguage":"fr-FR","@id":"https:\/\/fablab-montagny-pres-louhans.fr\/wp-content\/litespeed\/avatar\/0636c9b2c03e4d83e562c27b768bd1cb.jpg?ver=1777239698","url":"https:\/\/fablab-montagny-pres-louhans.fr\/wp-content\/litespeed\/avatar\/0636c9b2c03e4d83e562c27b768bd1cb.jpg?ver=1777239698","contentUrl":"https:\/\/fablab-montagny-pres-louhans.fr\/wp-content\/litespeed\/avatar\/0636c9b2c03e4d83e562c27b768bd1cb.jpg?ver=1777239698","caption":"Roger Remondy"},"url":"https:\/\/fablab-montagny-pres-louhans.fr\/index.php\/author\/roger\/"}]}},"_links":{"self":[{"href":"https:\/\/fablab-montagny-pres-louhans.fr\/index.php\/wp-json\/wp\/v2\/posts\/3748","targetHints":{"allow":["GET"]}}],"collection":[{"href":"https:\/\/fablab-montagny-pres-louhans.fr\/index.php\/wp-json\/wp\/v2\/posts"}],"about":[{"href":"https:\/\/fablab-montagny-pres-louhans.fr\/index.php\/wp-json\/wp\/v2\/types\/post"}],"author":[{"embeddable":true,"href":"https:\/\/fablab-montagny-pres-louhans.fr\/index.php\/wp-json\/wp\/v2\/users\/29"}],"replies":[{"embeddable":true,"href":"https:\/\/fablab-montagny-pres-louhans.fr\/index.php\/wp-json\/wp\/v2\/comments?post=3748"}],"version-history":[{"count":4,"href":"https:\/\/fablab-montagny-pres-louhans.fr\/index.php\/wp-json\/wp\/v2\/posts\/3748\/revisions"}],"predecessor-version":[{"id":3800,"href":"https:\/\/fablab-montagny-pres-louhans.fr\/index.php\/wp-json\/wp\/v2\/posts\/3748\/revisions\/3800"}],"wp:attachment":[{"href":"https:\/\/fablab-montagny-pres-louhans.fr\/index.php\/wp-json\/wp\/v2\/media?parent=3748"}],"wp:term":[{"taxonomy":"category","embeddable":true,"href":"https:\/\/fablab-montagny-pres-louhans.fr\/index.php\/wp-json\/wp\/v2\/categories?post=3748"},{"taxonomy":"post_tag","embeddable":true,"href":"https:\/\/fablab-montagny-pres-louhans.fr\/index.php\/wp-json\/wp\/v2\/tags?post=3748"}],"curies":[{"name":"wp","href":"https:\/\/api.w.org\/{rel}","templated":true}]}}