{"id":3651,"date":"2021-03-26T10:59:28","date_gmt":"2021-03-26T09:59:28","guid":{"rendered":"https:\/\/fablab-montagny-pres-louhans.fr\/?p=3651"},"modified":"2021-03-26T10:59:28","modified_gmt":"2021-03-26T09:59:28","slug":"le-fablab-et-la-cantine-de-lecole","status":"publish","type":"post","link":"https:\/\/fablab-montagny-pres-louhans.fr\/index.php\/2021\/03\/26\/le-fablab-et-la-cantine-de-lecole\/","title":{"rendered":"Le fablab et la cantine de l&rsquo;\u00e9cole."},"content":{"rendered":"\n<p>L\u2019atelier Loisirs Cr\u00e9atifs du Fablab reste motiv\u00e9 et poursuit son aide au service de l\u2019\u00e9cole de Montagny.<\/p>\n\n\n\n<p>Apr\u00e8s la confection de plusieurs masques et leurs pochettes r\u00e9alis\u00e9s pour chaque enfant de l\u2019\u00e9cole, le Fablab s\u2019adapte au protocole sanitaire du moment qui impose un masque pour la classe et un autre pour le trajet \u00e9cole-cantine.<\/p>\n\n\n\n<p>Patricia la cantini\u00e8re avait parl\u00e9 de pochettes afin que les enfants rangent en toute s\u00e9curit\u00e9 leurs masques pendant le temps du repas. Elise sollicite Evelyne une des couturi\u00e8res et ni une ni deux Evelyne sans h\u00e9sitation et avec enthousiasme ressort ses ciseaux, sa machine \u00e0 coudre et rel\u00e8ve le d\u00e9fi. (Voir photos Evelyne en plein travail de d\u00e9coupe et couture)<\/p>\n\n\n\n<div class=\"wp-block-group\"><div class=\"wp-block-group__inner-container is-layout-flow wp-block-group-is-layout-flow\">\n<p>Ce lundi, Evelyne et Elise, ont remis les pochettes personnalis\u00e9es \u00e0 Patricia pour ses jeunes et fid\u00e8les consommateurs.<\/p>\n<\/div><\/div>\n\n\n\n<figure class=\"wp-block-gallery columns-2 is-cropped wp-block-gallery-1 is-layout-flex wp-block-gallery-is-layout-flex\"><ul class=\"blocks-gallery-grid\"><li class=\"blocks-gallery-item\"><figure><img loading=\"lazy\" decoding=\"async\" width=\"768\" height=\"1024\" src=\"https:\/\/fablab-montagny-pres-louhans.fr\/wp-content\/uploads\/2021\/03\/IMG_20210310_120436-4-768x1024.jpg\" alt=\"\" data-id=\"3654\" data-full-url=\"https:\/\/fablab-montagny-pres-louhans.fr\/wp-content\/uploads\/2021\/03\/IMG_20210310_120436-4.jpg\" data-link=\"https:\/\/fablab-montagny-pres-louhans.fr\/img_20210310_120436-4\/\" class=\"wp-image-3654\" srcset=\"https:\/\/fablab-montagny-pres-louhans.fr\/wp-content\/uploads\/2021\/03\/IMG_20210310_120436-4-768x1024.jpg 768w, https:\/\/fablab-montagny-pres-louhans.fr\/wp-content\/uploads\/2021\/03\/IMG_20210310_120436-4-225x300.jpg 225w, https:\/\/fablab-montagny-pres-louhans.fr\/wp-content\/uploads\/2021\/03\/IMG_20210310_120436-4-1152x1536.jpg 1152w, https:\/\/fablab-montagny-pres-louhans.fr\/wp-content\/uploads\/2021\/03\/IMG_20210310_120436-4-1536x2048.jpg 1536w, https:\/\/fablab-montagny-pres-louhans.fr\/wp-content\/uploads\/2021\/03\/IMG_20210310_120436-4-1320x1760.jpg 1320w, https:\/\/fablab-montagny-pres-louhans.fr\/wp-content\/uploads\/2021\/03\/IMG_20210310_120436-4.jpg 1732w\" sizes=\"(max-width: 768px) 100vw, 768px\" \/><\/figure><\/li><li class=\"blocks-gallery-item\"><figure><img loading=\"lazy\" decoding=\"async\" width=\"768\" height=\"1024\" src=\"https:\/\/fablab-montagny-pres-louhans.fr\/wp-content\/uploads\/2021\/03\/IMG_20210310_120244-3-768x1024.jpg\" alt=\"\" data-id=\"3653\" data-full-url=\"https:\/\/fablab-montagny-pres-louhans.fr\/wp-content\/uploads\/2021\/03\/IMG_20210310_120244-3.jpg\" data-link=\"https:\/\/fablab-montagny-pres-louhans.fr\/img_20210310_120244-3\/\" class=\"wp-image-3653\" srcset=\"https:\/\/fablab-montagny-pres-louhans.fr\/wp-content\/uploads\/2021\/03\/IMG_20210310_120244-3-768x1024.jpg 768w, https:\/\/fablab-montagny-pres-louhans.fr\/wp-content\/uploads\/2021\/03\/IMG_20210310_120244-3-225x300.jpg 225w, https:\/\/fablab-montagny-pres-louhans.fr\/wp-content\/uploads\/2021\/03\/IMG_20210310_120244-3-1152x1536.jpg 1152w, https:\/\/fablab-montagny-pres-louhans.fr\/wp-content\/uploads\/2021\/03\/IMG_20210310_120244-3-1536x2048.jpg 1536w, https:\/\/fablab-montagny-pres-louhans.fr\/wp-content\/uploads\/2021\/03\/IMG_20210310_120244-3-1320x1760.jpg 1320w, https:\/\/fablab-montagny-pres-louhans.fr\/wp-content\/uploads\/2021\/03\/IMG_20210310_120244-3.jpg 1732w\" sizes=\"(max-width: 768px) 100vw, 768px\" \/><\/figure><\/li><\/ul><\/figure>\n\n\n\n<figure class=\"wp-block-image size-large\"><img loading=\"lazy\" decoding=\"async\" width=\"1024\" height=\"578\" src=\"https:\/\/fablab-montagny-pres-louhans.fr\/wp-content\/uploads\/2021\/03\/IMG_20210315_135318-1-1024x578.jpg\" alt=\"\" class=\"wp-image-3648\" srcset=\"https:\/\/fablab-montagny-pres-louhans.fr\/wp-content\/uploads\/2021\/03\/IMG_20210315_135318-1-1024x578.jpg 1024w, https:\/\/fablab-montagny-pres-louhans.fr\/wp-content\/uploads\/2021\/03\/IMG_20210315_135318-1-300x169.jpg 300w, https:\/\/fablab-montagny-pres-louhans.fr\/wp-content\/uploads\/2021\/03\/IMG_20210315_135318-1-768x433.jpg 768w, https:\/\/fablab-montagny-pres-louhans.fr\/wp-content\/uploads\/2021\/03\/IMG_20210315_135318-1-1536x867.jpg 1536w, https:\/\/fablab-montagny-pres-louhans.fr\/wp-content\/uploads\/2021\/03\/IMG_20210315_135318-1-2048x1156.jpg 2048w, https:\/\/fablab-montagny-pres-louhans.fr\/wp-content\/uploads\/2021\/03\/IMG_20210315_135318-1-1320x745.jpg 1320w\" sizes=\"(max-width: 1024px) 100vw, 1024px\" \/><\/figure>\n\n\n\n<figure class=\"wp-block-image size-large\"><img loading=\"lazy\" decoding=\"async\" width=\"1024\" height=\"578\" src=\"https:\/\/fablab-montagny-pres-louhans.fr\/wp-content\/uploads\/2021\/03\/IMG_20210315_135332-2-1024x578.jpg\" alt=\"\" class=\"wp-image-3649\" srcset=\"https:\/\/fablab-montagny-pres-louhans.fr\/wp-content\/uploads\/2021\/03\/IMG_20210315_135332-2-1024x578.jpg 1024w, https:\/\/fablab-montagny-pres-louhans.fr\/wp-content\/uploads\/2021\/03\/IMG_20210315_135332-2-300x169.jpg 300w, https:\/\/fablab-montagny-pres-louhans.fr\/wp-content\/uploads\/2021\/03\/IMG_20210315_135332-2-768x433.jpg 768w, https:\/\/fablab-montagny-pres-louhans.fr\/wp-content\/uploads\/2021\/03\/IMG_20210315_135332-2-1536x867.jpg 1536w, https:\/\/fablab-montagny-pres-louhans.fr\/wp-content\/uploads\/2021\/03\/IMG_20210315_135332-2-2048x1156.jpg 2048w, https:\/\/fablab-montagny-pres-louhans.fr\/wp-content\/uploads\/2021\/03\/IMG_20210315_135332-2-1320x745.jpg 1320w\" sizes=\"(max-width: 1024px) 100vw, 1024px\" \/><\/figure>\n","protected":false},"excerpt":{"rendered":"<p>L\u2019atelier Loisirs Cr\u00e9atifs du Fablab reste motiv\u00e9 et poursuit son aide au service de l\u2019\u00e9cole de Montagny. Apr\u00e8s la confection de plusieurs masques et leurs pochettes r\u00e9alis\u00e9s pour chaque enfant de l\u2019\u00e9cole, le Fablab s\u2019adapte au protocole sanitaire du moment qui impose un masque pour la classe et un autre pour le trajet \u00e9cole-cantine. Patricia [&hellip;]<\/p>\n","protected":false},"author":29,"featured_media":0,"comment_status":"closed","ping_status":"open","sticky":false,"template":"","format":"standard","meta":{"_et_pb_use_builder":"","_et_pb_old_content":"","_et_gb_content_width":"","rop_custom_images_group":[],"rop_custom_messages_group":[],"rop_publish_now":"initial","rop_publish_now_accounts":{"facebook_1992431424458146_173380702515979":""},"rop_publish_now_history":[],"rop_publish_now_status":"pending","footnotes":""},"categories":[2],"tags":[],"class_list":["post-3651","post","type-post","status-publish","format-standard","hentry","category-news"],"yoast_head":"<!-- This site is optimized with the Yoast SEO plugin v27.3 - https:\/\/yoast.com\/product\/yoast-seo-wordpress\/ -->\n<title>Le fablab et la cantine de l&#039;\u00e9cole. - Le FabLab<\/title>\n<meta name=\"robots\" content=\"noindex, follow, max-snippet:-1, max-image-preview:large, max-video-preview:-1\" \/>\n<meta property=\"og:locale\" content=\"fr_FR\" \/>\n<meta property=\"og:type\" content=\"article\" \/>\n<meta property=\"og:title\" content=\"Le fablab et la cantine de l&#039;\u00e9cole. - Le FabLab\" \/>\n<meta property=\"og:description\" content=\"L\u2019atelier Loisirs Cr\u00e9atifs du Fablab reste motiv\u00e9 et poursuit son aide au service de l\u2019\u00e9cole de Montagny. Apr\u00e8s la confection de plusieurs masques et leurs pochettes r\u00e9alis\u00e9s pour chaque enfant de l\u2019\u00e9cole, le Fablab s\u2019adapte au protocole sanitaire du moment qui impose un masque pour la classe et un autre pour le trajet \u00e9cole-cantine. Patricia [&hellip;]\" \/>\n<meta property=\"og:url\" content=\"https:\/\/fablab-montagny-pres-louhans.fr\/index.php\/2021\/03\/26\/le-fablab-et-la-cantine-de-lecole\/\" \/>\n<meta property=\"og:site_name\" content=\"Le FabLab\" \/>\n<meta property=\"article:publisher\" content=\"https:\/\/www.facebook.com\/fablab.labom\/\" \/>\n<meta property=\"article:published_time\" content=\"2021-03-26T09:59:28+00:00\" \/>\n<meta property=\"og:image\" content=\"https:\/\/fablab-montagny-pres-louhans.fr\/wp-content\/uploads\/2021\/03\/IMG_20210310_120436-4-768x1024.jpg\" \/>\n<meta name=\"author\" content=\"Roger Remondy\" \/>\n<meta name=\"twitter:card\" content=\"summary_large_image\" \/>\n<meta name=\"twitter:label1\" content=\"\u00c9crit par\" \/>\n\t<meta name=\"twitter:data1\" content=\"Roger Remondy\" \/>\n\t<meta name=\"twitter:label2\" content=\"Dur\u00e9e de lecture estim\u00e9e\" \/>\n\t<meta name=\"twitter:data2\" content=\"1 minute\" \/>\n<script type=\"application\/ld+json\" class=\"yoast-schema-graph\">{\"@context\":\"https:\\\/\\\/schema.org\",\"@graph\":[{\"@type\":\"Article\",\"@id\":\"https:\\\/\\\/fablab-montagny-pres-louhans.fr\\\/index.php\\\/2021\\\/03\\\/26\\\/le-fablab-et-la-cantine-de-lecole\\\/#article\",\"isPartOf\":{\"@id\":\"https:\\\/\\\/fablab-montagny-pres-louhans.fr\\\/index.php\\\/2021\\\/03\\\/26\\\/le-fablab-et-la-cantine-de-lecole\\\/\"},\"author\":{\"name\":\"Roger Remondy\",\"@id\":\"https:\\\/\\\/fablab-montagny-pres-louhans.fr\\\/#\\\/schema\\\/person\\\/b4b47741bdde563325530989455fe7de\"},\"headline\":\"Le fablab et la cantine de l&rsquo;\u00e9cole.\",\"datePublished\":\"2021-03-26T09:59:28+00:00\",\"mainEntityOfPage\":{\"@id\":\"https:\\\/\\\/fablab-montagny-pres-louhans.fr\\\/index.php\\\/2021\\\/03\\\/26\\\/le-fablab-et-la-cantine-de-lecole\\\/\"},\"wordCount\":155,\"publisher\":{\"@id\":\"https:\\\/\\\/fablab-montagny-pres-louhans.fr\\\/#organization\"},\"image\":{\"@id\":\"https:\\\/\\\/fablab-montagny-pres-louhans.fr\\\/index.php\\\/2021\\\/03\\\/26\\\/le-fablab-et-la-cantine-de-lecole\\\/#primaryimage\"},\"thumbnailUrl\":\"https:\\\/\\\/fablab-montagny-pres-louhans.fr\\\/wp-content\\\/uploads\\\/2021\\\/03\\\/IMG_20210310_120436-4-768x1024.jpg\",\"articleSection\":[\"News\"],\"inLanguage\":\"fr-FR\"},{\"@type\":\"WebPage\",\"@id\":\"https:\\\/\\\/fablab-montagny-pres-louhans.fr\\\/index.php\\\/2021\\\/03\\\/26\\\/le-fablab-et-la-cantine-de-lecole\\\/\",\"url\":\"https:\\\/\\\/fablab-montagny-pres-louhans.fr\\\/index.php\\\/2021\\\/03\\\/26\\\/le-fablab-et-la-cantine-de-lecole\\\/\",\"name\":\"Le fablab et la cantine de l'\u00e9cole. - Le FabLab\",\"isPartOf\":{\"@id\":\"https:\\\/\\\/fablab-montagny-pres-louhans.fr\\\/#website\"},\"primaryImageOfPage\":{\"@id\":\"https:\\\/\\\/fablab-montagny-pres-louhans.fr\\\/index.php\\\/2021\\\/03\\\/26\\\/le-fablab-et-la-cantine-de-lecole\\\/#primaryimage\"},\"image\":{\"@id\":\"https:\\\/\\\/fablab-montagny-pres-louhans.fr\\\/index.php\\\/2021\\\/03\\\/26\\\/le-fablab-et-la-cantine-de-lecole\\\/#primaryimage\"},\"thumbnailUrl\":\"https:\\\/\\\/fablab-montagny-pres-louhans.fr\\\/wp-content\\\/uploads\\\/2021\\\/03\\\/IMG_20210310_120436-4-768x1024.jpg\",\"datePublished\":\"2021-03-26T09:59:28+00:00\",\"breadcrumb\":{\"@id\":\"https:\\\/\\\/fablab-montagny-pres-louhans.fr\\\/index.php\\\/2021\\\/03\\\/26\\\/le-fablab-et-la-cantine-de-lecole\\\/#breadcrumb\"},\"inLanguage\":\"fr-FR\",\"potentialAction\":[{\"@type\":\"ReadAction\",\"target\":[\"https:\\\/\\\/fablab-montagny-pres-louhans.fr\\\/index.php\\\/2021\\\/03\\\/26\\\/le-fablab-et-la-cantine-de-lecole\\\/\"]}]},{\"@type\":\"ImageObject\",\"inLanguage\":\"fr-FR\",\"@id\":\"https:\\\/\\\/fablab-montagny-pres-louhans.fr\\\/index.php\\\/2021\\\/03\\\/26\\\/le-fablab-et-la-cantine-de-lecole\\\/#primaryimage\",\"url\":\"https:\\\/\\\/fablab-montagny-pres-louhans.fr\\\/wp-content\\\/uploads\\\/2021\\\/03\\\/IMG_20210310_120436-4.jpg\",\"contentUrl\":\"https:\\\/\\\/fablab-montagny-pres-louhans.fr\\\/wp-content\\\/uploads\\\/2021\\\/03\\\/IMG_20210310_120436-4.jpg\",\"width\":1732,\"height\":2309},{\"@type\":\"BreadcrumbList\",\"@id\":\"https:\\\/\\\/fablab-montagny-pres-louhans.fr\\\/index.php\\\/2021\\\/03\\\/26\\\/le-fablab-et-la-cantine-de-lecole\\\/#breadcrumb\",\"itemListElement\":[{\"@type\":\"ListItem\",\"position\":1,\"name\":\"Accueil\",\"item\":\"https:\\\/\\\/fablab-montagny-pres-louhans.fr\\\/\"},{\"@type\":\"ListItem\",\"position\":2,\"name\":\"Le fablab et la cantine de l&rsquo;\u00e9cole.\"}]},{\"@type\":\"WebSite\",\"@id\":\"https:\\\/\\\/fablab-montagny-pres-louhans.fr\\\/#website\",\"url\":\"https:\\\/\\\/fablab-montagny-pres-louhans.fr\\\/\",\"name\":\"Le FabLab\",\"description\":\"Le premier de Bresse\",\"publisher\":{\"@id\":\"https:\\\/\\\/fablab-montagny-pres-louhans.fr\\\/#organization\"},\"potentialAction\":[{\"@type\":\"SearchAction\",\"target\":{\"@type\":\"EntryPoint\",\"urlTemplate\":\"https:\\\/\\\/fablab-montagny-pres-louhans.fr\\\/?s={search_term_string}\"},\"query-input\":{\"@type\":\"PropertyValueSpecification\",\"valueRequired\":true,\"valueName\":\"search_term_string\"}}],\"inLanguage\":\"fr-FR\"},{\"@type\":\"Organization\",\"@id\":\"https:\\\/\\\/fablab-montagny-pres-louhans.fr\\\/#organization\",\"name\":\"Le FabLab\",\"url\":\"https:\\\/\\\/fablab-montagny-pres-louhans.fr\\\/\",\"logo\":{\"@type\":\"ImageObject\",\"inLanguage\":\"fr-FR\",\"@id\":\"https:\\\/\\\/fablab-montagny-pres-louhans.fr\\\/#\\\/schema\\\/logo\\\/image\\\/\",\"url\":\"https:\\\/\\\/fablab-montagny-pres-louhans.fr\\\/wp-content\\\/uploads\\\/2023\\\/02\\\/FABALB-logo.png\",\"contentUrl\":\"https:\\\/\\\/fablab-montagny-pres-louhans.fr\\\/wp-content\\\/uploads\\\/2023\\\/02\\\/FABALB-logo.png\",\"width\":250,\"height\":260,\"caption\":\"Le FabLab\"},\"image\":{\"@id\":\"https:\\\/\\\/fablab-montagny-pres-louhans.fr\\\/#\\\/schema\\\/logo\\\/image\\\/\"},\"sameAs\":[\"https:\\\/\\\/www.facebook.com\\\/fablab.labom\\\/\"]},{\"@type\":\"Person\",\"@id\":\"https:\\\/\\\/fablab-montagny-pres-louhans.fr\\\/#\\\/schema\\\/person\\\/b4b47741bdde563325530989455fe7de\",\"name\":\"Roger Remondy\",\"image\":{\"@type\":\"ImageObject\",\"inLanguage\":\"fr-FR\",\"@id\":\"https:\\\/\\\/fablab-montagny-pres-louhans.fr\\\/wp-content\\\/litespeed\\\/avatar\\\/0636c9b2c03e4d83e562c27b768bd1cb.jpg?ver=1777239698\",\"url\":\"https:\\\/\\\/fablab-montagny-pres-louhans.fr\\\/wp-content\\\/litespeed\\\/avatar\\\/0636c9b2c03e4d83e562c27b768bd1cb.jpg?ver=1777239698\",\"contentUrl\":\"https:\\\/\\\/fablab-montagny-pres-louhans.fr\\\/wp-content\\\/litespeed\\\/avatar\\\/0636c9b2c03e4d83e562c27b768bd1cb.jpg?ver=1777239698\",\"caption\":\"Roger Remondy\"},\"url\":\"https:\\\/\\\/fablab-montagny-pres-louhans.fr\\\/index.php\\\/author\\\/roger\\\/\"}]}<\/script>\n<!-- \/ Yoast SEO plugin. -->","yoast_head_json":{"title":"Le fablab et la cantine de l'\u00e9cole. - Le FabLab","robots":{"index":"noindex","follow":"follow","max-snippet":"max-snippet:-1","max-image-preview":"max-image-preview:large","max-video-preview":"max-video-preview:-1"},"og_locale":"fr_FR","og_type":"article","og_title":"Le fablab et la cantine de l'\u00e9cole. - Le FabLab","og_description":"L\u2019atelier Loisirs Cr\u00e9atifs du Fablab reste motiv\u00e9 et poursuit son aide au service de l\u2019\u00e9cole de Montagny. Apr\u00e8s la confection de plusieurs masques et leurs pochettes r\u00e9alis\u00e9s pour chaque enfant de l\u2019\u00e9cole, le Fablab s\u2019adapte au protocole sanitaire du moment qui impose un masque pour la classe et un autre pour le trajet \u00e9cole-cantine. Patricia [&hellip;]","og_url":"https:\/\/fablab-montagny-pres-louhans.fr\/index.php\/2021\/03\/26\/le-fablab-et-la-cantine-de-lecole\/","og_site_name":"Le FabLab","article_publisher":"https:\/\/www.facebook.com\/fablab.labom\/","article_published_time":"2021-03-26T09:59:28+00:00","og_image":[{"url":"https:\/\/fablab-montagny-pres-louhans.fr\/wp-content\/uploads\/2021\/03\/IMG_20210310_120436-4-768x1024.jpg","type":"","width":"","height":""}],"author":"Roger Remondy","twitter_card":"summary_large_image","twitter_misc":{"\u00c9crit par":"Roger Remondy","Dur\u00e9e de lecture estim\u00e9e":"1 minute"},"schema":{"@context":"https:\/\/schema.org","@graph":[{"@type":"Article","@id":"https:\/\/fablab-montagny-pres-louhans.fr\/index.php\/2021\/03\/26\/le-fablab-et-la-cantine-de-lecole\/#article","isPartOf":{"@id":"https:\/\/fablab-montagny-pres-louhans.fr\/index.php\/2021\/03\/26\/le-fablab-et-la-cantine-de-lecole\/"},"author":{"name":"Roger Remondy","@id":"https:\/\/fablab-montagny-pres-louhans.fr\/#\/schema\/person\/b4b47741bdde563325530989455fe7de"},"headline":"Le fablab et la cantine de l&rsquo;\u00e9cole.","datePublished":"2021-03-26T09:59:28+00:00","mainEntityOfPage":{"@id":"https:\/\/fablab-montagny-pres-louhans.fr\/index.php\/2021\/03\/26\/le-fablab-et-la-cantine-de-lecole\/"},"wordCount":155,"publisher":{"@id":"https:\/\/fablab-montagny-pres-louhans.fr\/#organization"},"image":{"@id":"https:\/\/fablab-montagny-pres-louhans.fr\/index.php\/2021\/03\/26\/le-fablab-et-la-cantine-de-lecole\/#primaryimage"},"thumbnailUrl":"https:\/\/fablab-montagny-pres-louhans.fr\/wp-content\/uploads\/2021\/03\/IMG_20210310_120436-4-768x1024.jpg","articleSection":["News"],"inLanguage":"fr-FR"},{"@type":"WebPage","@id":"https:\/\/fablab-montagny-pres-louhans.fr\/index.php\/2021\/03\/26\/le-fablab-et-la-cantine-de-lecole\/","url":"https:\/\/fablab-montagny-pres-louhans.fr\/index.php\/2021\/03\/26\/le-fablab-et-la-cantine-de-lecole\/","name":"Le fablab et la cantine de l'\u00e9cole. - Le FabLab","isPartOf":{"@id":"https:\/\/fablab-montagny-pres-louhans.fr\/#website"},"primaryImageOfPage":{"@id":"https:\/\/fablab-montagny-pres-louhans.fr\/index.php\/2021\/03\/26\/le-fablab-et-la-cantine-de-lecole\/#primaryimage"},"image":{"@id":"https:\/\/fablab-montagny-pres-louhans.fr\/index.php\/2021\/03\/26\/le-fablab-et-la-cantine-de-lecole\/#primaryimage"},"thumbnailUrl":"https:\/\/fablab-montagny-pres-louhans.fr\/wp-content\/uploads\/2021\/03\/IMG_20210310_120436-4-768x1024.jpg","datePublished":"2021-03-26T09:59:28+00:00","breadcrumb":{"@id":"https:\/\/fablab-montagny-pres-louhans.fr\/index.php\/2021\/03\/26\/le-fablab-et-la-cantine-de-lecole\/#breadcrumb"},"inLanguage":"fr-FR","potentialAction":[{"@type":"ReadAction","target":["https:\/\/fablab-montagny-pres-louhans.fr\/index.php\/2021\/03\/26\/le-fablab-et-la-cantine-de-lecole\/"]}]},{"@type":"ImageObject","inLanguage":"fr-FR","@id":"https:\/\/fablab-montagny-pres-louhans.fr\/index.php\/2021\/03\/26\/le-fablab-et-la-cantine-de-lecole\/#primaryimage","url":"https:\/\/fablab-montagny-pres-louhans.fr\/wp-content\/uploads\/2021\/03\/IMG_20210310_120436-4.jpg","contentUrl":"https:\/\/fablab-montagny-pres-louhans.fr\/wp-content\/uploads\/2021\/03\/IMG_20210310_120436-4.jpg","width":1732,"height":2309},{"@type":"BreadcrumbList","@id":"https:\/\/fablab-montagny-pres-louhans.fr\/index.php\/2021\/03\/26\/le-fablab-et-la-cantine-de-lecole\/#breadcrumb","itemListElement":[{"@type":"ListItem","position":1,"name":"Accueil","item":"https:\/\/fablab-montagny-pres-louhans.fr\/"},{"@type":"ListItem","position":2,"name":"Le fablab et la cantine de l&rsquo;\u00e9cole."}]},{"@type":"WebSite","@id":"https:\/\/fablab-montagny-pres-louhans.fr\/#website","url":"https:\/\/fablab-montagny-pres-louhans.fr\/","name":"Le FabLab","description":"Le premier de Bresse","publisher":{"@id":"https:\/\/fablab-montagny-pres-louhans.fr\/#organization"},"potentialAction":[{"@type":"SearchAction","target":{"@type":"EntryPoint","urlTemplate":"https:\/\/fablab-montagny-pres-louhans.fr\/?s={search_term_string}"},"query-input":{"@type":"PropertyValueSpecification","valueRequired":true,"valueName":"search_term_string"}}],"inLanguage":"fr-FR"},{"@type":"Organization","@id":"https:\/\/fablab-montagny-pres-louhans.fr\/#organization","name":"Le FabLab","url":"https:\/\/fablab-montagny-pres-louhans.fr\/","logo":{"@type":"ImageObject","inLanguage":"fr-FR","@id":"https:\/\/fablab-montagny-pres-louhans.fr\/#\/schema\/logo\/image\/","url":"https:\/\/fablab-montagny-pres-louhans.fr\/wp-content\/uploads\/2023\/02\/FABALB-logo.png","contentUrl":"https:\/\/fablab-montagny-pres-louhans.fr\/wp-content\/uploads\/2023\/02\/FABALB-logo.png","width":250,"height":260,"caption":"Le FabLab"},"image":{"@id":"https:\/\/fablab-montagny-pres-louhans.fr\/#\/schema\/logo\/image\/"},"sameAs":["https:\/\/www.facebook.com\/fablab.labom\/"]},{"@type":"Person","@id":"https:\/\/fablab-montagny-pres-louhans.fr\/#\/schema\/person\/b4b47741bdde563325530989455fe7de","name":"Roger Remondy","image":{"@type":"ImageObject","inLanguage":"fr-FR","@id":"https:\/\/fablab-montagny-pres-louhans.fr\/wp-content\/litespeed\/avatar\/0636c9b2c03e4d83e562c27b768bd1cb.jpg?ver=1777239698","url":"https:\/\/fablab-montagny-pres-louhans.fr\/wp-content\/litespeed\/avatar\/0636c9b2c03e4d83e562c27b768bd1cb.jpg?ver=1777239698","contentUrl":"https:\/\/fablab-montagny-pres-louhans.fr\/wp-content\/litespeed\/avatar\/0636c9b2c03e4d83e562c27b768bd1cb.jpg?ver=1777239698","caption":"Roger Remondy"},"url":"https:\/\/fablab-montagny-pres-louhans.fr\/index.php\/author\/roger\/"}]}},"_links":{"self":[{"href":"https:\/\/fablab-montagny-pres-louhans.fr\/index.php\/wp-json\/wp\/v2\/posts\/3651","targetHints":{"allow":["GET"]}}],"collection":[{"href":"https:\/\/fablab-montagny-pres-louhans.fr\/index.php\/wp-json\/wp\/v2\/posts"}],"about":[{"href":"https:\/\/fablab-montagny-pres-louhans.fr\/index.php\/wp-json\/wp\/v2\/types\/post"}],"author":[{"embeddable":true,"href":"https:\/\/fablab-montagny-pres-louhans.fr\/index.php\/wp-json\/wp\/v2\/users\/29"}],"replies":[{"embeddable":true,"href":"https:\/\/fablab-montagny-pres-louhans.fr\/index.php\/wp-json\/wp\/v2\/comments?post=3651"}],"version-history":[{"count":2,"href":"https:\/\/fablab-montagny-pres-louhans.fr\/index.php\/wp-json\/wp\/v2\/posts\/3651\/revisions"}],"predecessor-version":[{"id":3655,"href":"https:\/\/fablab-montagny-pres-louhans.fr\/index.php\/wp-json\/wp\/v2\/posts\/3651\/revisions\/3655"}],"wp:attachment":[{"href":"https:\/\/fablab-montagny-pres-louhans.fr\/index.php\/wp-json\/wp\/v2\/media?parent=3651"}],"wp:term":[{"taxonomy":"category","embeddable":true,"href":"https:\/\/fablab-montagny-pres-louhans.fr\/index.php\/wp-json\/wp\/v2\/categories?post=3651"},{"taxonomy":"post_tag","embeddable":true,"href":"https:\/\/fablab-montagny-pres-louhans.fr\/index.php\/wp-json\/wp\/v2\/tags?post=3651"}],"curies":[{"name":"wp","href":"https:\/\/api.w.org\/{rel}","templated":true}]}}