{"id":3262,"date":"2020-05-25T11:35:16","date_gmt":"2020-05-25T09:35:16","guid":{"rendered":"https:\/\/fablab-montagny-pres-louhans.fr\/?p=3262"},"modified":"2020-05-25T11:36:25","modified_gmt":"2020-05-25T09:36:25","slug":"limpression-3d-au-secours-des-modelistes-maquettistes","status":"publish","type":"post","link":"https:\/\/fablab-montagny-pres-louhans.fr\/index.php\/2020\/05\/25\/limpression-3d-au-secours-des-modelistes-maquettistes\/","title":{"rendered":"L&rsquo;impression 3D au secours des mod\u00e9listes\/maquettistes."},"content":{"rendered":"\n<p>Nos deux maquettistes pr\u00e9f\u00e9r\u00e9s, Daniel pour l&rsquo;automobile et Pierre pour le ferroviaire ont vite compris l\u2019int\u00e9r\u00eat que pouvaient apporter l&rsquo;impression 3D, dans le d\u00e9veloppement de leur passion. En partant du dessin (CAO) convertit en fichier STL pour l&rsquo;imprimante 3D qui va fabriquer la pi\u00e8ce ou l&rsquo;objet (presque) toute seule. Le gain de temps obtenu est important et rend ainsi le projet plus dynamique. <\/p>\n\n\n\n<p>Ci dessous, les derni\u00e8res impressions de Pierre.<\/p>\n\n\n\n<figure class=\"wp-block-image size-large\"><img loading=\"lazy\" decoding=\"async\" width=\"1024\" height=\"741\" src=\"https:\/\/fablab-montagny-pres-louhans.fr\/wp-content\/uploads\/2020\/05\/nouvelle-gare-1-1024x741.jpg\" alt=\"\" class=\"wp-image-3261\" srcset=\"https:\/\/fablab-montagny-pres-louhans.fr\/wp-content\/uploads\/2020\/05\/nouvelle-gare-1-1024x741.jpg 1024w, https:\/\/fablab-montagny-pres-louhans.fr\/wp-content\/uploads\/2020\/05\/nouvelle-gare-1-300x217.jpg 300w, https:\/\/fablab-montagny-pres-louhans.fr\/wp-content\/uploads\/2020\/05\/nouvelle-gare-1-768x556.jpg 768w, https:\/\/fablab-montagny-pres-louhans.fr\/wp-content\/uploads\/2020\/05\/nouvelle-gare-1-1536x1112.jpg 1536w, https:\/\/fablab-montagny-pres-louhans.fr\/wp-content\/uploads\/2020\/05\/nouvelle-gare-1-2048x1482.jpg 2048w, https:\/\/fablab-montagny-pres-louhans.fr\/wp-content\/uploads\/2020\/05\/nouvelle-gare-1-1320x955.jpg 1320w\" sizes=\"(max-width: 1024px) 100vw, 1024px\" \/><figcaption>La gare termin\u00e9e. Il ne reste que les chemin\u00e9es \u00e0 patiner.<br><\/figcaption><\/figure>\n\n\n\n<figure class=\"wp-block-gallery columns-1 is-cropped wp-block-gallery-1 is-layout-flex wp-block-gallery-is-layout-flex\"><ul class=\"blocks-gallery-grid\"><li class=\"blocks-gallery-item\"><figure><img loading=\"lazy\" decoding=\"async\" width=\"850\" height=\"567\" src=\"https:\/\/fablab-montagny-pres-louhans.fr\/wp-content\/uploads\/2020\/05\/Pierre-gare-et-train-blind\u00e9-1.jpg\" alt=\"\" data-id=\"3265\" data-full-url=\"https:\/\/fablab-montagny-pres-louhans.fr\/wp-content\/uploads\/2020\/05\/Pierre-gare-et-train-blind\u00e9-1.jpg\" data-link=\"https:\/\/fablab-montagny-pres-louhans.fr\/pierre-gare-et-train-blinde-2\/\" class=\"wp-image-3265\" srcset=\"https:\/\/fablab-montagny-pres-louhans.fr\/wp-content\/uploads\/2020\/05\/Pierre-gare-et-train-blind\u00e9-1.jpg 850w, https:\/\/fablab-montagny-pres-louhans.fr\/wp-content\/uploads\/2020\/05\/Pierre-gare-et-train-blind\u00e9-1-300x200.jpg 300w, https:\/\/fablab-montagny-pres-louhans.fr\/wp-content\/uploads\/2020\/05\/Pierre-gare-et-train-blind\u00e9-1-768x512.jpg 768w\" sizes=\"(max-width: 850px) 100vw, 850px\" \/><\/figure><\/li><\/ul><figcaption class=\"blocks-gallery-caption\">Sur les quais, un train blind\u00e9 avant peinture et d\u00e9co enti\u00e8rement imprim\u00e9 (sauf ch\u00e2ssis)<\/figcaption><\/figure>\n\n\n\n<figure class=\"wp-block-gallery aligncenter columns-1 is-cropped wp-block-gallery-2 is-layout-flex wp-block-gallery-is-layout-flex\"><ul class=\"blocks-gallery-grid\"><li class=\"blocks-gallery-item\"><figure><img loading=\"lazy\" decoding=\"async\" width=\"567\" height=\"378\" src=\"https:\/\/fablab-montagny-pres-louhans.fr\/wp-content\/uploads\/2020\/05\/gare-et-quai.jpg\" alt=\"\" data-id=\"3257\" data-full-url=\"https:\/\/fablab-montagny-pres-louhans.fr\/wp-content\/uploads\/2020\/05\/gare-et-quai.jpg\" data-link=\"https:\/\/fablab-montagny-pres-louhans.fr\/gare-et-quai\/\" class=\"wp-image-3257\" srcset=\"https:\/\/fablab-montagny-pres-louhans.fr\/wp-content\/uploads\/2020\/05\/gare-et-quai.jpg 567w, https:\/\/fablab-montagny-pres-louhans.fr\/wp-content\/uploads\/2020\/05\/gare-et-quai-300x200.jpg 300w\" sizes=\"(max-width: 567px) 100vw, 567px\" \/><figcaption class=\"blocks-gallery-item__caption\">Gare et quai<\/figcaption><\/figure><\/li><\/ul><\/figure>\n\n\n\n<div class=\"wp-block-group\"><div class=\"wp-block-group__inner-container is-layout-flow wp-block-group-is-layout-flow\">\n<div class=\"wp-block-group\"><div class=\"wp-block-group__inner-container is-layout-flow wp-block-group-is-layout-flow\">\n<p>Imprim\u00e9 en PLA. sur une \u00ab\u00a0petite\u00a0\u00bb CREALITY Ender 3. Temps d&rsquo;impression pour la gare : une cinquantaine d&rsquo;heures. <\/p>\n<\/div><\/div>\n<\/div><\/div>\n","protected":false},"excerpt":{"rendered":"<p>Nos deux maquettistes pr\u00e9f\u00e9r\u00e9s, Daniel pour l&rsquo;automobile et Pierre pour le ferroviaire ont vite compris l\u2019int\u00e9r\u00eat que pouvaient apporter l&rsquo;impression 3D, dans le d\u00e9veloppement de leur passion. En partant du dessin (CAO) convertit en fichier STL pour l&rsquo;imprimante 3D qui va fabriquer la pi\u00e8ce ou l&rsquo;objet (presque) toute seule. Le gain de temps obtenu est [&hellip;]<\/p>\n","protected":false},"author":29,"featured_media":0,"comment_status":"closed","ping_status":"open","sticky":false,"template":"","format":"standard","meta":{"_et_pb_use_builder":"","_et_pb_old_content":"","_et_gb_content_width":"","rop_custom_images_group":[],"rop_custom_messages_group":[],"rop_publish_now":"initial","rop_publish_now_accounts":{"facebook_1992431424458146_173380702515979":""},"rop_publish_now_history":[],"rop_publish_now_status":"pending","footnotes":""},"categories":[2],"tags":[],"class_list":["post-3262","post","type-post","status-publish","format-standard","hentry","category-news"],"yoast_head":"<!-- This site is optimized with the Yoast SEO plugin v27.3 - https:\/\/yoast.com\/product\/yoast-seo-wordpress\/ -->\n<title>L&#039;impression 3D au secours des mod\u00e9listes\/maquettistes. - Le FabLab<\/title>\n<meta name=\"robots\" content=\"noindex, follow, max-snippet:-1, max-image-preview:large, max-video-preview:-1\" \/>\n<meta property=\"og:locale\" content=\"fr_FR\" \/>\n<meta property=\"og:type\" content=\"article\" \/>\n<meta property=\"og:title\" content=\"L&#039;impression 3D au secours des mod\u00e9listes\/maquettistes. - Le FabLab\" \/>\n<meta property=\"og:description\" content=\"Nos deux maquettistes pr\u00e9f\u00e9r\u00e9s, Daniel pour l&rsquo;automobile et Pierre pour le ferroviaire ont vite compris l\u2019int\u00e9r\u00eat que pouvaient apporter l&rsquo;impression 3D, dans le d\u00e9veloppement de leur passion. En partant du dessin (CAO) convertit en fichier STL pour l&rsquo;imprimante 3D qui va fabriquer la pi\u00e8ce ou l&rsquo;objet (presque) toute seule. Le gain de temps obtenu est [&hellip;]\" \/>\n<meta property=\"og:url\" content=\"https:\/\/fablab-montagny-pres-louhans.fr\/index.php\/2020\/05\/25\/limpression-3d-au-secours-des-modelistes-maquettistes\/\" \/>\n<meta property=\"og:site_name\" content=\"Le FabLab\" \/>\n<meta property=\"article:publisher\" content=\"https:\/\/www.facebook.com\/fablab.labom\/\" \/>\n<meta property=\"article:published_time\" content=\"2020-05-25T09:35:16+00:00\" \/>\n<meta property=\"article:modified_time\" content=\"2020-05-25T09:36:25+00:00\" \/>\n<meta property=\"og:image\" content=\"https:\/\/fablab-montagny-pres-louhans.fr\/wp-content\/uploads\/2020\/05\/nouvelle-gare-1-1024x741.jpg\" \/>\n<meta name=\"author\" content=\"Roger Remondy\" \/>\n<meta name=\"twitter:card\" content=\"summary_large_image\" \/>\n<meta name=\"twitter:label1\" content=\"\u00c9crit par\" \/>\n\t<meta name=\"twitter:data1\" content=\"Roger Remondy\" \/>\n\t<meta name=\"twitter:label2\" content=\"Dur\u00e9e de lecture estim\u00e9e\" \/>\n\t<meta name=\"twitter:data2\" content=\"1 minute\" \/>\n<script type=\"application\/ld+json\" class=\"yoast-schema-graph\">{\"@context\":\"https:\\\/\\\/schema.org\",\"@graph\":[{\"@type\":\"Article\",\"@id\":\"https:\\\/\\\/fablab-montagny-pres-louhans.fr\\\/index.php\\\/2020\\\/05\\\/25\\\/limpression-3d-au-secours-des-modelistes-maquettistes\\\/#article\",\"isPartOf\":{\"@id\":\"https:\\\/\\\/fablab-montagny-pres-louhans.fr\\\/index.php\\\/2020\\\/05\\\/25\\\/limpression-3d-au-secours-des-modelistes-maquettistes\\\/\"},\"author\":{\"name\":\"Roger Remondy\",\"@id\":\"https:\\\/\\\/fablab-montagny-pres-louhans.fr\\\/#\\\/schema\\\/person\\\/b4b47741bdde563325530989455fe7de\"},\"headline\":\"L&rsquo;impression 3D au secours des mod\u00e9listes\\\/maquettistes.\",\"datePublished\":\"2020-05-25T09:35:16+00:00\",\"dateModified\":\"2020-05-25T09:36:25+00:00\",\"mainEntityOfPage\":{\"@id\":\"https:\\\/\\\/fablab-montagny-pres-louhans.fr\\\/index.php\\\/2020\\\/05\\\/25\\\/limpression-3d-au-secours-des-modelistes-maquettistes\\\/\"},\"wordCount\":135,\"publisher\":{\"@id\":\"https:\\\/\\\/fablab-montagny-pres-louhans.fr\\\/#organization\"},\"image\":{\"@id\":\"https:\\\/\\\/fablab-montagny-pres-louhans.fr\\\/index.php\\\/2020\\\/05\\\/25\\\/limpression-3d-au-secours-des-modelistes-maquettistes\\\/#primaryimage\"},\"thumbnailUrl\":\"https:\\\/\\\/fablab-montagny-pres-louhans.fr\\\/wp-content\\\/uploads\\\/2020\\\/05\\\/nouvelle-gare-1-1024x741.jpg\",\"articleSection\":[\"News\"],\"inLanguage\":\"fr-FR\"},{\"@type\":\"WebPage\",\"@id\":\"https:\\\/\\\/fablab-montagny-pres-louhans.fr\\\/index.php\\\/2020\\\/05\\\/25\\\/limpression-3d-au-secours-des-modelistes-maquettistes\\\/\",\"url\":\"https:\\\/\\\/fablab-montagny-pres-louhans.fr\\\/index.php\\\/2020\\\/05\\\/25\\\/limpression-3d-au-secours-des-modelistes-maquettistes\\\/\",\"name\":\"L'impression 3D au secours des mod\u00e9listes\\\/maquettistes. - Le FabLab\",\"isPartOf\":{\"@id\":\"https:\\\/\\\/fablab-montagny-pres-louhans.fr\\\/#website\"},\"primaryImageOfPage\":{\"@id\":\"https:\\\/\\\/fablab-montagny-pres-louhans.fr\\\/index.php\\\/2020\\\/05\\\/25\\\/limpression-3d-au-secours-des-modelistes-maquettistes\\\/#primaryimage\"},\"image\":{\"@id\":\"https:\\\/\\\/fablab-montagny-pres-louhans.fr\\\/index.php\\\/2020\\\/05\\\/25\\\/limpression-3d-au-secours-des-modelistes-maquettistes\\\/#primaryimage\"},\"thumbnailUrl\":\"https:\\\/\\\/fablab-montagny-pres-louhans.fr\\\/wp-content\\\/uploads\\\/2020\\\/05\\\/nouvelle-gare-1-1024x741.jpg\",\"datePublished\":\"2020-05-25T09:35:16+00:00\",\"dateModified\":\"2020-05-25T09:36:25+00:00\",\"breadcrumb\":{\"@id\":\"https:\\\/\\\/fablab-montagny-pres-louhans.fr\\\/index.php\\\/2020\\\/05\\\/25\\\/limpression-3d-au-secours-des-modelistes-maquettistes\\\/#breadcrumb\"},\"inLanguage\":\"fr-FR\",\"potentialAction\":[{\"@type\":\"ReadAction\",\"target\":[\"https:\\\/\\\/fablab-montagny-pres-louhans.fr\\\/index.php\\\/2020\\\/05\\\/25\\\/limpression-3d-au-secours-des-modelistes-maquettistes\\\/\"]}]},{\"@type\":\"ImageObject\",\"inLanguage\":\"fr-FR\",\"@id\":\"https:\\\/\\\/fablab-montagny-pres-louhans.fr\\\/index.php\\\/2020\\\/05\\\/25\\\/limpression-3d-au-secours-des-modelistes-maquettistes\\\/#primaryimage\",\"url\":\"https:\\\/\\\/fablab-montagny-pres-louhans.fr\\\/wp-content\\\/uploads\\\/2020\\\/05\\\/nouvelle-gare-1-scaled.jpg\",\"contentUrl\":\"https:\\\/\\\/fablab-montagny-pres-louhans.fr\\\/wp-content\\\/uploads\\\/2020\\\/05\\\/nouvelle-gare-1-scaled.jpg\",\"width\":2560,\"height\":1853},{\"@type\":\"BreadcrumbList\",\"@id\":\"https:\\\/\\\/fablab-montagny-pres-louhans.fr\\\/index.php\\\/2020\\\/05\\\/25\\\/limpression-3d-au-secours-des-modelistes-maquettistes\\\/#breadcrumb\",\"itemListElement\":[{\"@type\":\"ListItem\",\"position\":1,\"name\":\"Accueil\",\"item\":\"https:\\\/\\\/fablab-montagny-pres-louhans.fr\\\/\"},{\"@type\":\"ListItem\",\"position\":2,\"name\":\"L&rsquo;impression 3D au secours des mod\u00e9listes\\\/maquettistes.\"}]},{\"@type\":\"WebSite\",\"@id\":\"https:\\\/\\\/fablab-montagny-pres-louhans.fr\\\/#website\",\"url\":\"https:\\\/\\\/fablab-montagny-pres-louhans.fr\\\/\",\"name\":\"Le FabLab\",\"description\":\"Le premier de Bresse\",\"publisher\":{\"@id\":\"https:\\\/\\\/fablab-montagny-pres-louhans.fr\\\/#organization\"},\"potentialAction\":[{\"@type\":\"SearchAction\",\"target\":{\"@type\":\"EntryPoint\",\"urlTemplate\":\"https:\\\/\\\/fablab-montagny-pres-louhans.fr\\\/?s={search_term_string}\"},\"query-input\":{\"@type\":\"PropertyValueSpecification\",\"valueRequired\":true,\"valueName\":\"search_term_string\"}}],\"inLanguage\":\"fr-FR\"},{\"@type\":\"Organization\",\"@id\":\"https:\\\/\\\/fablab-montagny-pres-louhans.fr\\\/#organization\",\"name\":\"Le FabLab\",\"url\":\"https:\\\/\\\/fablab-montagny-pres-louhans.fr\\\/\",\"logo\":{\"@type\":\"ImageObject\",\"inLanguage\":\"fr-FR\",\"@id\":\"https:\\\/\\\/fablab-montagny-pres-louhans.fr\\\/#\\\/schema\\\/logo\\\/image\\\/\",\"url\":\"https:\\\/\\\/fablab-montagny-pres-louhans.fr\\\/wp-content\\\/uploads\\\/2023\\\/02\\\/FABALB-logo.png\",\"contentUrl\":\"https:\\\/\\\/fablab-montagny-pres-louhans.fr\\\/wp-content\\\/uploads\\\/2023\\\/02\\\/FABALB-logo.png\",\"width\":250,\"height\":260,\"caption\":\"Le FabLab\"},\"image\":{\"@id\":\"https:\\\/\\\/fablab-montagny-pres-louhans.fr\\\/#\\\/schema\\\/logo\\\/image\\\/\"},\"sameAs\":[\"https:\\\/\\\/www.facebook.com\\\/fablab.labom\\\/\"]},{\"@type\":\"Person\",\"@id\":\"https:\\\/\\\/fablab-montagny-pres-louhans.fr\\\/#\\\/schema\\\/person\\\/b4b47741bdde563325530989455fe7de\",\"name\":\"Roger Remondy\",\"image\":{\"@type\":\"ImageObject\",\"inLanguage\":\"fr-FR\",\"@id\":\"https:\\\/\\\/fablab-montagny-pres-louhans.fr\\\/wp-content\\\/litespeed\\\/avatar\\\/0636c9b2c03e4d83e562c27b768bd1cb.jpg?ver=1777239698\",\"url\":\"https:\\\/\\\/fablab-montagny-pres-louhans.fr\\\/wp-content\\\/litespeed\\\/avatar\\\/0636c9b2c03e4d83e562c27b768bd1cb.jpg?ver=1777239698\",\"contentUrl\":\"https:\\\/\\\/fablab-montagny-pres-louhans.fr\\\/wp-content\\\/litespeed\\\/avatar\\\/0636c9b2c03e4d83e562c27b768bd1cb.jpg?ver=1777239698\",\"caption\":\"Roger Remondy\"},\"url\":\"https:\\\/\\\/fablab-montagny-pres-louhans.fr\\\/index.php\\\/author\\\/roger\\\/\"}]}<\/script>\n<!-- \/ Yoast SEO plugin. -->","yoast_head_json":{"title":"L'impression 3D au secours des mod\u00e9listes\/maquettistes. - Le FabLab","robots":{"index":"noindex","follow":"follow","max-snippet":"max-snippet:-1","max-image-preview":"max-image-preview:large","max-video-preview":"max-video-preview:-1"},"og_locale":"fr_FR","og_type":"article","og_title":"L'impression 3D au secours des mod\u00e9listes\/maquettistes. - Le FabLab","og_description":"Nos deux maquettistes pr\u00e9f\u00e9r\u00e9s, Daniel pour l&rsquo;automobile et Pierre pour le ferroviaire ont vite compris l\u2019int\u00e9r\u00eat que pouvaient apporter l&rsquo;impression 3D, dans le d\u00e9veloppement de leur passion. En partant du dessin (CAO) convertit en fichier STL pour l&rsquo;imprimante 3D qui va fabriquer la pi\u00e8ce ou l&rsquo;objet (presque) toute seule. Le gain de temps obtenu est [&hellip;]","og_url":"https:\/\/fablab-montagny-pres-louhans.fr\/index.php\/2020\/05\/25\/limpression-3d-au-secours-des-modelistes-maquettistes\/","og_site_name":"Le FabLab","article_publisher":"https:\/\/www.facebook.com\/fablab.labom\/","article_published_time":"2020-05-25T09:35:16+00:00","article_modified_time":"2020-05-25T09:36:25+00:00","og_image":[{"url":"https:\/\/fablab-montagny-pres-louhans.fr\/wp-content\/uploads\/2020\/05\/nouvelle-gare-1-1024x741.jpg","type":"","width":"","height":""}],"author":"Roger Remondy","twitter_card":"summary_large_image","twitter_misc":{"\u00c9crit par":"Roger Remondy","Dur\u00e9e de lecture estim\u00e9e":"1 minute"},"schema":{"@context":"https:\/\/schema.org","@graph":[{"@type":"Article","@id":"https:\/\/fablab-montagny-pres-louhans.fr\/index.php\/2020\/05\/25\/limpression-3d-au-secours-des-modelistes-maquettistes\/#article","isPartOf":{"@id":"https:\/\/fablab-montagny-pres-louhans.fr\/index.php\/2020\/05\/25\/limpression-3d-au-secours-des-modelistes-maquettistes\/"},"author":{"name":"Roger Remondy","@id":"https:\/\/fablab-montagny-pres-louhans.fr\/#\/schema\/person\/b4b47741bdde563325530989455fe7de"},"headline":"L&rsquo;impression 3D au secours des mod\u00e9listes\/maquettistes.","datePublished":"2020-05-25T09:35:16+00:00","dateModified":"2020-05-25T09:36:25+00:00","mainEntityOfPage":{"@id":"https:\/\/fablab-montagny-pres-louhans.fr\/index.php\/2020\/05\/25\/limpression-3d-au-secours-des-modelistes-maquettistes\/"},"wordCount":135,"publisher":{"@id":"https:\/\/fablab-montagny-pres-louhans.fr\/#organization"},"image":{"@id":"https:\/\/fablab-montagny-pres-louhans.fr\/index.php\/2020\/05\/25\/limpression-3d-au-secours-des-modelistes-maquettistes\/#primaryimage"},"thumbnailUrl":"https:\/\/fablab-montagny-pres-louhans.fr\/wp-content\/uploads\/2020\/05\/nouvelle-gare-1-1024x741.jpg","articleSection":["News"],"inLanguage":"fr-FR"},{"@type":"WebPage","@id":"https:\/\/fablab-montagny-pres-louhans.fr\/index.php\/2020\/05\/25\/limpression-3d-au-secours-des-modelistes-maquettistes\/","url":"https:\/\/fablab-montagny-pres-louhans.fr\/index.php\/2020\/05\/25\/limpression-3d-au-secours-des-modelistes-maquettistes\/","name":"L'impression 3D au secours des mod\u00e9listes\/maquettistes. - Le FabLab","isPartOf":{"@id":"https:\/\/fablab-montagny-pres-louhans.fr\/#website"},"primaryImageOfPage":{"@id":"https:\/\/fablab-montagny-pres-louhans.fr\/index.php\/2020\/05\/25\/limpression-3d-au-secours-des-modelistes-maquettistes\/#primaryimage"},"image":{"@id":"https:\/\/fablab-montagny-pres-louhans.fr\/index.php\/2020\/05\/25\/limpression-3d-au-secours-des-modelistes-maquettistes\/#primaryimage"},"thumbnailUrl":"https:\/\/fablab-montagny-pres-louhans.fr\/wp-content\/uploads\/2020\/05\/nouvelle-gare-1-1024x741.jpg","datePublished":"2020-05-25T09:35:16+00:00","dateModified":"2020-05-25T09:36:25+00:00","breadcrumb":{"@id":"https:\/\/fablab-montagny-pres-louhans.fr\/index.php\/2020\/05\/25\/limpression-3d-au-secours-des-modelistes-maquettistes\/#breadcrumb"},"inLanguage":"fr-FR","potentialAction":[{"@type":"ReadAction","target":["https:\/\/fablab-montagny-pres-louhans.fr\/index.php\/2020\/05\/25\/limpression-3d-au-secours-des-modelistes-maquettistes\/"]}]},{"@type":"ImageObject","inLanguage":"fr-FR","@id":"https:\/\/fablab-montagny-pres-louhans.fr\/index.php\/2020\/05\/25\/limpression-3d-au-secours-des-modelistes-maquettistes\/#primaryimage","url":"https:\/\/fablab-montagny-pres-louhans.fr\/wp-content\/uploads\/2020\/05\/nouvelle-gare-1-scaled.jpg","contentUrl":"https:\/\/fablab-montagny-pres-louhans.fr\/wp-content\/uploads\/2020\/05\/nouvelle-gare-1-scaled.jpg","width":2560,"height":1853},{"@type":"BreadcrumbList","@id":"https:\/\/fablab-montagny-pres-louhans.fr\/index.php\/2020\/05\/25\/limpression-3d-au-secours-des-modelistes-maquettistes\/#breadcrumb","itemListElement":[{"@type":"ListItem","position":1,"name":"Accueil","item":"https:\/\/fablab-montagny-pres-louhans.fr\/"},{"@type":"ListItem","position":2,"name":"L&rsquo;impression 3D au secours des mod\u00e9listes\/maquettistes."}]},{"@type":"WebSite","@id":"https:\/\/fablab-montagny-pres-louhans.fr\/#website","url":"https:\/\/fablab-montagny-pres-louhans.fr\/","name":"Le FabLab","description":"Le premier de Bresse","publisher":{"@id":"https:\/\/fablab-montagny-pres-louhans.fr\/#organization"},"potentialAction":[{"@type":"SearchAction","target":{"@type":"EntryPoint","urlTemplate":"https:\/\/fablab-montagny-pres-louhans.fr\/?s={search_term_string}"},"query-input":{"@type":"PropertyValueSpecification","valueRequired":true,"valueName":"search_term_string"}}],"inLanguage":"fr-FR"},{"@type":"Organization","@id":"https:\/\/fablab-montagny-pres-louhans.fr\/#organization","name":"Le FabLab","url":"https:\/\/fablab-montagny-pres-louhans.fr\/","logo":{"@type":"ImageObject","inLanguage":"fr-FR","@id":"https:\/\/fablab-montagny-pres-louhans.fr\/#\/schema\/logo\/image\/","url":"https:\/\/fablab-montagny-pres-louhans.fr\/wp-content\/uploads\/2023\/02\/FABALB-logo.png","contentUrl":"https:\/\/fablab-montagny-pres-louhans.fr\/wp-content\/uploads\/2023\/02\/FABALB-logo.png","width":250,"height":260,"caption":"Le FabLab"},"image":{"@id":"https:\/\/fablab-montagny-pres-louhans.fr\/#\/schema\/logo\/image\/"},"sameAs":["https:\/\/www.facebook.com\/fablab.labom\/"]},{"@type":"Person","@id":"https:\/\/fablab-montagny-pres-louhans.fr\/#\/schema\/person\/b4b47741bdde563325530989455fe7de","name":"Roger Remondy","image":{"@type":"ImageObject","inLanguage":"fr-FR","@id":"https:\/\/fablab-montagny-pres-louhans.fr\/wp-content\/litespeed\/avatar\/0636c9b2c03e4d83e562c27b768bd1cb.jpg?ver=1777239698","url":"https:\/\/fablab-montagny-pres-louhans.fr\/wp-content\/litespeed\/avatar\/0636c9b2c03e4d83e562c27b768bd1cb.jpg?ver=1777239698","contentUrl":"https:\/\/fablab-montagny-pres-louhans.fr\/wp-content\/litespeed\/avatar\/0636c9b2c03e4d83e562c27b768bd1cb.jpg?ver=1777239698","caption":"Roger Remondy"},"url":"https:\/\/fablab-montagny-pres-louhans.fr\/index.php\/author\/roger\/"}]}},"_links":{"self":[{"href":"https:\/\/fablab-montagny-pres-louhans.fr\/index.php\/wp-json\/wp\/v2\/posts\/3262","targetHints":{"allow":["GET"]}}],"collection":[{"href":"https:\/\/fablab-montagny-pres-louhans.fr\/index.php\/wp-json\/wp\/v2\/posts"}],"about":[{"href":"https:\/\/fablab-montagny-pres-louhans.fr\/index.php\/wp-json\/wp\/v2\/types\/post"}],"author":[{"embeddable":true,"href":"https:\/\/fablab-montagny-pres-louhans.fr\/index.php\/wp-json\/wp\/v2\/users\/29"}],"replies":[{"embeddable":true,"href":"https:\/\/fablab-montagny-pres-louhans.fr\/index.php\/wp-json\/wp\/v2\/comments?post=3262"}],"version-history":[{"count":7,"href":"https:\/\/fablab-montagny-pres-louhans.fr\/index.php\/wp-json\/wp\/v2\/posts\/3262\/revisions"}],"predecessor-version":[{"id":3272,"href":"https:\/\/fablab-montagny-pres-louhans.fr\/index.php\/wp-json\/wp\/v2\/posts\/3262\/revisions\/3272"}],"wp:attachment":[{"href":"https:\/\/fablab-montagny-pres-louhans.fr\/index.php\/wp-json\/wp\/v2\/media?parent=3262"}],"wp:term":[{"taxonomy":"category","embeddable":true,"href":"https:\/\/fablab-montagny-pres-louhans.fr\/index.php\/wp-json\/wp\/v2\/categories?post=3262"},{"taxonomy":"post_tag","embeddable":true,"href":"https:\/\/fablab-montagny-pres-louhans.fr\/index.php\/wp-json\/wp\/v2\/tags?post=3262"}],"curies":[{"name":"wp","href":"https:\/\/api.w.org\/{rel}","templated":true}]}}