{"id":3235,"date":"2020-05-04T22:07:03","date_gmt":"2020-05-04T20:07:03","guid":{"rendered":"https:\/\/fablab-montagny-pres-louhans.fr\/?p=3235"},"modified":"2020-05-07T19:35:04","modified_gmt":"2020-05-07T17:35:04","slug":"labom-sur-tf1","status":"publish","type":"post","link":"https:\/\/fablab-montagny-pres-louhans.fr\/index.php\/2020\/05\/04\/labom-sur-tf1\/","title":{"rendered":"LaboM sur TF1"},"content":{"rendered":"\n<figure class=\"wp-block-image size-large\"><img loading=\"lazy\" decoding=\"async\" width=\"1024\" height=\"789\" src=\"https:\/\/fablab-montagny-pres-louhans.fr\/wp-content\/uploads\/2020\/05\/IMG_2856-Copie-2-1-1024x789.jpg\" alt=\"\" class=\"wp-image-3239\" srcset=\"https:\/\/fablab-montagny-pres-louhans.fr\/wp-content\/uploads\/2020\/05\/IMG_2856-Copie-2-1-1024x789.jpg 1024w, https:\/\/fablab-montagny-pres-louhans.fr\/wp-content\/uploads\/2020\/05\/IMG_2856-Copie-2-1-300x231.jpg 300w, https:\/\/fablab-montagny-pres-louhans.fr\/wp-content\/uploads\/2020\/05\/IMG_2856-Copie-2-1-768x592.jpg 768w, https:\/\/fablab-montagny-pres-louhans.fr\/wp-content\/uploads\/2020\/05\/IMG_2856-Copie-2-1.jpg 1100w\" sizes=\"(max-width: 1024px) 100vw, 1024px\" \/><\/figure>\n\n\n\n<p>Aujourd&rsquo;hui, tout le monde \u00e9tait sur le pont pour accueillir la sympathique \u00e9quipe de reportage de TF1.<\/p>\n\n\n\n<figure class=\"wp-block-image size-large\"><img loading=\"lazy\" decoding=\"async\" width=\"640\" height=\"480\" src=\"https:\/\/fablab-montagny-pres-louhans.fr\/wp-content\/uploads\/2020\/05\/IMG_2862-Largeur-max.-640-Hauteur-max.-480.jpg\" alt=\"\" class=\"wp-image-3236\" srcset=\"https:\/\/fablab-montagny-pres-louhans.fr\/wp-content\/uploads\/2020\/05\/IMG_2862-Largeur-max.-640-Hauteur-max.-480.jpg 640w, https:\/\/fablab-montagny-pres-louhans.fr\/wp-content\/uploads\/2020\/05\/IMG_2862-Largeur-max.-640-Hauteur-max.-480-300x225.jpg 300w\" sizes=\"(max-width: 640px) 100vw, 640px\" \/><\/figure>\n\n\n\n<figure class=\"wp-block-image size-large\"><img loading=\"lazy\" decoding=\"async\" width=\"1024\" height=\"576\" src=\"https:\/\/fablab-montagny-pres-louhans.fr\/wp-content\/uploads\/2020\/05\/105_5491-1024x576.jpg\" alt=\"\" class=\"wp-image-3242\" srcset=\"https:\/\/fablab-montagny-pres-louhans.fr\/wp-content\/uploads\/2020\/05\/105_5491-1024x576.jpg 1024w, https:\/\/fablab-montagny-pres-louhans.fr\/wp-content\/uploads\/2020\/05\/105_5491-300x169.jpg 300w, https:\/\/fablab-montagny-pres-louhans.fr\/wp-content\/uploads\/2020\/05\/105_5491-768x432.jpg 768w, https:\/\/fablab-montagny-pres-louhans.fr\/wp-content\/uploads\/2020\/05\/105_5491-1536x864.jpg 1536w, https:\/\/fablab-montagny-pres-louhans.fr\/wp-content\/uploads\/2020\/05\/105_5491-2048x1152.jpg 2048w, https:\/\/fablab-montagny-pres-louhans.fr\/wp-content\/uploads\/2020\/05\/105_5491-1320x743.jpg 1320w\" sizes=\"(max-width: 1024px) 100vw, 1024px\" \/><figcaption>KODAK Digital Still Camera<\/figcaption><\/figure>\n\n\n\n<figure class=\"wp-block-image size-large\"><img loading=\"lazy\" decoding=\"async\" width=\"640\" height=\"480\" src=\"https:\/\/fablab-montagny-pres-louhans.fr\/wp-content\/uploads\/2020\/05\/IMG_2868-Largeur-max.-640-Hauteur-max.-480.jpg\" alt=\"\" class=\"wp-image-3237\" srcset=\"https:\/\/fablab-montagny-pres-louhans.fr\/wp-content\/uploads\/2020\/05\/IMG_2868-Largeur-max.-640-Hauteur-max.-480.jpg 640w, https:\/\/fablab-montagny-pres-louhans.fr\/wp-content\/uploads\/2020\/05\/IMG_2868-Largeur-max.-640-Hauteur-max.-480-300x225.jpg 300w\" sizes=\"(max-width: 640px) 100vw, 640px\" \/><\/figure>\n\n\n\n<figure class=\"wp-block-image size-large\"><img loading=\"lazy\" decoding=\"async\" width=\"1024\" height=\"576\" src=\"https:\/\/fablab-montagny-pres-louhans.fr\/wp-content\/uploads\/2020\/05\/105_5499-1-1024x576.jpg\" alt=\"\" class=\"wp-image-3244\" srcset=\"https:\/\/fablab-montagny-pres-louhans.fr\/wp-content\/uploads\/2020\/05\/105_5499-1-1024x576.jpg 1024w, https:\/\/fablab-montagny-pres-louhans.fr\/wp-content\/uploads\/2020\/05\/105_5499-1-300x169.jpg 300w, https:\/\/fablab-montagny-pres-louhans.fr\/wp-content\/uploads\/2020\/05\/105_5499-1-768x432.jpg 768w, https:\/\/fablab-montagny-pres-louhans.fr\/wp-content\/uploads\/2020\/05\/105_5499-1-1536x864.jpg 1536w, https:\/\/fablab-montagny-pres-louhans.fr\/wp-content\/uploads\/2020\/05\/105_5499-1-2048x1152.jpg 2048w, https:\/\/fablab-montagny-pres-louhans.fr\/wp-content\/uploads\/2020\/05\/105_5499-1-1320x743.jpg 1320w\" sizes=\"(max-width: 1024px) 100vw, 1024px\" \/><figcaption>KODAK Digital Still Camera<\/figcaption><\/figure>\n\n\n\n<figure class=\"wp-block-image size-large\"><img loading=\"lazy\" decoding=\"async\" width=\"640\" height=\"480\" src=\"https:\/\/fablab-montagny-pres-louhans.fr\/wp-content\/uploads\/2020\/05\/IMG_2845-Largeur-max.-640-Hauteur-max.-480.jpg\" alt=\"\" class=\"wp-image-3240\" srcset=\"https:\/\/fablab-montagny-pres-louhans.fr\/wp-content\/uploads\/2020\/05\/IMG_2845-Largeur-max.-640-Hauteur-max.-480.jpg 640w, https:\/\/fablab-montagny-pres-louhans.fr\/wp-content\/uploads\/2020\/05\/IMG_2845-Largeur-max.-640-Hauteur-max.-480-300x225.jpg 300w\" sizes=\"(max-width: 640px) 100vw, 640px\" \/><\/figure>\n\n\n\n<figure class=\"wp-block-image size-large\"><img loading=\"lazy\" decoding=\"async\" width=\"1024\" height=\"576\" src=\"https:\/\/fablab-montagny-pres-louhans.fr\/wp-content\/uploads\/2020\/05\/105_5500-1024x576.jpg\" alt=\"\" class=\"wp-image-3245\" srcset=\"https:\/\/fablab-montagny-pres-louhans.fr\/wp-content\/uploads\/2020\/05\/105_5500-1024x576.jpg 1024w, https:\/\/fablab-montagny-pres-louhans.fr\/wp-content\/uploads\/2020\/05\/105_5500-300x169.jpg 300w, https:\/\/fablab-montagny-pres-louhans.fr\/wp-content\/uploads\/2020\/05\/105_5500-768x432.jpg 768w, https:\/\/fablab-montagny-pres-louhans.fr\/wp-content\/uploads\/2020\/05\/105_5500-1536x864.jpg 1536w, https:\/\/fablab-montagny-pres-louhans.fr\/wp-content\/uploads\/2020\/05\/105_5500-2048x1152.jpg 2048w, https:\/\/fablab-montagny-pres-louhans.fr\/wp-content\/uploads\/2020\/05\/105_5500-1320x743.jpg 1320w\" sizes=\"(max-width: 1024px) 100vw, 1024px\" \/><\/figure>\n\n\n\n<p>Il est pr\u00e9vu que le <strong>sujet sur Labo&rsquo;M<\/strong> et de ses actions en faveur :&nbsp;du personnel m\u00e9dical et des aidants (visi\u00e8res), des habitants du village (masques)<br><strong><s>Soit diffus\u00e9 demain mardi 5 mai au journal de <a href=\"http:\/\/13h00.de\">13h00<\/a> de TF1<\/s><\/strong><\/p>\n\n\n\n<p>La diffusion a \u00e9t\u00e9 report\u00e9e du fait de l&rsquo;intervention du chef de l&rsquo;\u00e9tat. Il ne reste qu&rsquo;\u00e0 surveiller le petit \u00e9cran. \ud83d\ude09<\/p>\n","protected":false},"excerpt":{"rendered":"<p>Aujourd&rsquo;hui, tout le monde \u00e9tait sur le pont pour accueillir la sympathique \u00e9quipe de reportage de TF1. Il est pr\u00e9vu que le sujet sur Labo&rsquo;M et de ses actions en faveur :&nbsp;du personnel m\u00e9dical et des aidants (visi\u00e8res), des habitants du village (masques)Soit diffus\u00e9 demain mardi 5 mai au journal de 13h00 de TF1 La [&hellip;]<\/p>\n","protected":false},"author":31,"featured_media":0,"comment_status":"closed","ping_status":"open","sticky":false,"template":"","format":"standard","meta":{"_et_pb_use_builder":"","_et_pb_old_content":"","_et_gb_content_width":"","rop_custom_images_group":[],"rop_custom_messages_group":[],"rop_publish_now":"initial","rop_publish_now_accounts":{"facebook_1992431424458146_173380702515979":""},"rop_publish_now_history":[],"rop_publish_now_status":"pending","footnotes":""},"categories":[2],"tags":[],"class_list":["post-3235","post","type-post","status-publish","format-standard","hentry","category-news"],"yoast_head":"<!-- This site is optimized with the Yoast SEO plugin v27.3 - https:\/\/yoast.com\/product\/yoast-seo-wordpress\/ -->\n<title>LaboM sur TF1 - Le FabLab<\/title>\n<meta name=\"robots\" content=\"noindex, follow, max-snippet:-1, max-image-preview:large, max-video-preview:-1\" \/>\n<meta property=\"og:locale\" content=\"fr_FR\" \/>\n<meta property=\"og:type\" content=\"article\" \/>\n<meta property=\"og:title\" content=\"LaboM sur TF1 - Le FabLab\" \/>\n<meta property=\"og:description\" content=\"Aujourd&rsquo;hui, tout le monde \u00e9tait sur le pont pour accueillir la sympathique \u00e9quipe de reportage de TF1. Il est pr\u00e9vu que le sujet sur Labo&rsquo;M et de ses actions en faveur :&nbsp;du personnel m\u00e9dical et des aidants (visi\u00e8res), des habitants du village (masques)Soit diffus\u00e9 demain mardi 5 mai au journal de 13h00 de TF1 La [&hellip;]\" \/>\n<meta property=\"og:url\" content=\"https:\/\/fablab-montagny-pres-louhans.fr\/index.php\/2020\/05\/04\/labom-sur-tf1\/\" \/>\n<meta property=\"og:site_name\" content=\"Le FabLab\" \/>\n<meta property=\"article:publisher\" content=\"https:\/\/www.facebook.com\/fablab.labom\/\" \/>\n<meta property=\"article:published_time\" content=\"2020-05-04T20:07:03+00:00\" \/>\n<meta property=\"article:modified_time\" content=\"2020-05-07T17:35:04+00:00\" \/>\n<meta property=\"og:image\" content=\"https:\/\/fablab-montagny-pres-louhans.fr\/wp-content\/uploads\/2020\/05\/IMG_2856-Copie-2-1-1024x789.jpg\" \/>\n<meta name=\"author\" content=\"Xavier Vincent\" \/>\n<meta name=\"twitter:card\" content=\"summary_large_image\" \/>\n<meta name=\"twitter:label1\" content=\"\u00c9crit par\" \/>\n\t<meta name=\"twitter:data1\" content=\"Xavier Vincent\" \/>\n<script type=\"application\/ld+json\" class=\"yoast-schema-graph\">{\"@context\":\"https:\\\/\\\/schema.org\",\"@graph\":[{\"@type\":\"Article\",\"@id\":\"https:\\\/\\\/fablab-montagny-pres-louhans.fr\\\/index.php\\\/2020\\\/05\\\/04\\\/labom-sur-tf1\\\/#article\",\"isPartOf\":{\"@id\":\"https:\\\/\\\/fablab-montagny-pres-louhans.fr\\\/index.php\\\/2020\\\/05\\\/04\\\/labom-sur-tf1\\\/\"},\"author\":{\"name\":\"Xavier Vincent\",\"@id\":\"https:\\\/\\\/fablab-montagny-pres-louhans.fr\\\/#\\\/schema\\\/person\\\/59c98416fe3a0c002433d49a5b0f12ce\"},\"headline\":\"LaboM sur TF1\",\"datePublished\":\"2020-05-04T20:07:03+00:00\",\"dateModified\":\"2020-05-07T17:35:04+00:00\",\"mainEntityOfPage\":{\"@id\":\"https:\\\/\\\/fablab-montagny-pres-louhans.fr\\\/index.php\\\/2020\\\/05\\\/04\\\/labom-sur-tf1\\\/\"},\"wordCount\":93,\"publisher\":{\"@id\":\"https:\\\/\\\/fablab-montagny-pres-louhans.fr\\\/#organization\"},\"image\":{\"@id\":\"https:\\\/\\\/fablab-montagny-pres-louhans.fr\\\/index.php\\\/2020\\\/05\\\/04\\\/labom-sur-tf1\\\/#primaryimage\"},\"thumbnailUrl\":\"https:\\\/\\\/fablab-montagny-pres-louhans.fr\\\/wp-content\\\/uploads\\\/2020\\\/05\\\/IMG_2856-Copie-2-1-1024x789.jpg\",\"articleSection\":[\"News\"],\"inLanguage\":\"fr-FR\"},{\"@type\":\"WebPage\",\"@id\":\"https:\\\/\\\/fablab-montagny-pres-louhans.fr\\\/index.php\\\/2020\\\/05\\\/04\\\/labom-sur-tf1\\\/\",\"url\":\"https:\\\/\\\/fablab-montagny-pres-louhans.fr\\\/index.php\\\/2020\\\/05\\\/04\\\/labom-sur-tf1\\\/\",\"name\":\"LaboM sur TF1 - Le FabLab\",\"isPartOf\":{\"@id\":\"https:\\\/\\\/fablab-montagny-pres-louhans.fr\\\/#website\"},\"primaryImageOfPage\":{\"@id\":\"https:\\\/\\\/fablab-montagny-pres-louhans.fr\\\/index.php\\\/2020\\\/05\\\/04\\\/labom-sur-tf1\\\/#primaryimage\"},\"image\":{\"@id\":\"https:\\\/\\\/fablab-montagny-pres-louhans.fr\\\/index.php\\\/2020\\\/05\\\/04\\\/labom-sur-tf1\\\/#primaryimage\"},\"thumbnailUrl\":\"https:\\\/\\\/fablab-montagny-pres-louhans.fr\\\/wp-content\\\/uploads\\\/2020\\\/05\\\/IMG_2856-Copie-2-1-1024x789.jpg\",\"datePublished\":\"2020-05-04T20:07:03+00:00\",\"dateModified\":\"2020-05-07T17:35:04+00:00\",\"breadcrumb\":{\"@id\":\"https:\\\/\\\/fablab-montagny-pres-louhans.fr\\\/index.php\\\/2020\\\/05\\\/04\\\/labom-sur-tf1\\\/#breadcrumb\"},\"inLanguage\":\"fr-FR\",\"potentialAction\":[{\"@type\":\"ReadAction\",\"target\":[\"https:\\\/\\\/fablab-montagny-pres-louhans.fr\\\/index.php\\\/2020\\\/05\\\/04\\\/labom-sur-tf1\\\/\"]}]},{\"@type\":\"ImageObject\",\"inLanguage\":\"fr-FR\",\"@id\":\"https:\\\/\\\/fablab-montagny-pres-louhans.fr\\\/index.php\\\/2020\\\/05\\\/04\\\/labom-sur-tf1\\\/#primaryimage\",\"url\":\"https:\\\/\\\/fablab-montagny-pres-louhans.fr\\\/wp-content\\\/uploads\\\/2020\\\/05\\\/IMG_2856-Copie-2-1.jpg\",\"contentUrl\":\"https:\\\/\\\/fablab-montagny-pres-louhans.fr\\\/wp-content\\\/uploads\\\/2020\\\/05\\\/IMG_2856-Copie-2-1.jpg\",\"width\":1100,\"height\":848},{\"@type\":\"BreadcrumbList\",\"@id\":\"https:\\\/\\\/fablab-montagny-pres-louhans.fr\\\/index.php\\\/2020\\\/05\\\/04\\\/labom-sur-tf1\\\/#breadcrumb\",\"itemListElement\":[{\"@type\":\"ListItem\",\"position\":1,\"name\":\"Accueil\",\"item\":\"https:\\\/\\\/fablab-montagny-pres-louhans.fr\\\/\"},{\"@type\":\"ListItem\",\"position\":2,\"name\":\"LaboM sur TF1\"}]},{\"@type\":\"WebSite\",\"@id\":\"https:\\\/\\\/fablab-montagny-pres-louhans.fr\\\/#website\",\"url\":\"https:\\\/\\\/fablab-montagny-pres-louhans.fr\\\/\",\"name\":\"Le FabLab\",\"description\":\"Le premier de Bresse\",\"publisher\":{\"@id\":\"https:\\\/\\\/fablab-montagny-pres-louhans.fr\\\/#organization\"},\"potentialAction\":[{\"@type\":\"SearchAction\",\"target\":{\"@type\":\"EntryPoint\",\"urlTemplate\":\"https:\\\/\\\/fablab-montagny-pres-louhans.fr\\\/?s={search_term_string}\"},\"query-input\":{\"@type\":\"PropertyValueSpecification\",\"valueRequired\":true,\"valueName\":\"search_term_string\"}}],\"inLanguage\":\"fr-FR\"},{\"@type\":\"Organization\",\"@id\":\"https:\\\/\\\/fablab-montagny-pres-louhans.fr\\\/#organization\",\"name\":\"Le FabLab\",\"url\":\"https:\\\/\\\/fablab-montagny-pres-louhans.fr\\\/\",\"logo\":{\"@type\":\"ImageObject\",\"inLanguage\":\"fr-FR\",\"@id\":\"https:\\\/\\\/fablab-montagny-pres-louhans.fr\\\/#\\\/schema\\\/logo\\\/image\\\/\",\"url\":\"https:\\\/\\\/fablab-montagny-pres-louhans.fr\\\/wp-content\\\/uploads\\\/2023\\\/02\\\/FABALB-logo.png\",\"contentUrl\":\"https:\\\/\\\/fablab-montagny-pres-louhans.fr\\\/wp-content\\\/uploads\\\/2023\\\/02\\\/FABALB-logo.png\",\"width\":250,\"height\":260,\"caption\":\"Le FabLab\"},\"image\":{\"@id\":\"https:\\\/\\\/fablab-montagny-pres-louhans.fr\\\/#\\\/schema\\\/logo\\\/image\\\/\"},\"sameAs\":[\"https:\\\/\\\/www.facebook.com\\\/fablab.labom\\\/\"]},{\"@type\":\"Person\",\"@id\":\"https:\\\/\\\/fablab-montagny-pres-louhans.fr\\\/#\\\/schema\\\/person\\\/59c98416fe3a0c002433d49a5b0f12ce\",\"name\":\"Xavier Vincent\",\"image\":{\"@type\":\"ImageObject\",\"inLanguage\":\"fr-FR\",\"@id\":\"https:\\\/\\\/fablab-montagny-pres-louhans.fr\\\/wp-content\\\/litespeed\\\/avatar\\\/bae4764d44065ff492363743a1d834cd.jpg?ver=1777239699\",\"url\":\"https:\\\/\\\/fablab-montagny-pres-louhans.fr\\\/wp-content\\\/litespeed\\\/avatar\\\/bae4764d44065ff492363743a1d834cd.jpg?ver=1777239699\",\"contentUrl\":\"https:\\\/\\\/fablab-montagny-pres-louhans.fr\\\/wp-content\\\/litespeed\\\/avatar\\\/bae4764d44065ff492363743a1d834cd.jpg?ver=1777239699\",\"caption\":\"Xavier Vincent\"},\"url\":\"https:\\\/\\\/fablab-montagny-pres-louhans.fr\\\/index.php\\\/author\\\/xavier\\\/\"}]}<\/script>\n<!-- \/ Yoast SEO plugin. -->","yoast_head_json":{"title":"LaboM sur TF1 - Le FabLab","robots":{"index":"noindex","follow":"follow","max-snippet":"max-snippet:-1","max-image-preview":"max-image-preview:large","max-video-preview":"max-video-preview:-1"},"og_locale":"fr_FR","og_type":"article","og_title":"LaboM sur TF1 - Le FabLab","og_description":"Aujourd&rsquo;hui, tout le monde \u00e9tait sur le pont pour accueillir la sympathique \u00e9quipe de reportage de TF1. Il est pr\u00e9vu que le sujet sur Labo&rsquo;M et de ses actions en faveur :&nbsp;du personnel m\u00e9dical et des aidants (visi\u00e8res), des habitants du village (masques)Soit diffus\u00e9 demain mardi 5 mai au journal de 13h00 de TF1 La [&hellip;]","og_url":"https:\/\/fablab-montagny-pres-louhans.fr\/index.php\/2020\/05\/04\/labom-sur-tf1\/","og_site_name":"Le FabLab","article_publisher":"https:\/\/www.facebook.com\/fablab.labom\/","article_published_time":"2020-05-04T20:07:03+00:00","article_modified_time":"2020-05-07T17:35:04+00:00","og_image":[{"url":"https:\/\/fablab-montagny-pres-louhans.fr\/wp-content\/uploads\/2020\/05\/IMG_2856-Copie-2-1-1024x789.jpg","type":"","width":"","height":""}],"author":"Xavier Vincent","twitter_card":"summary_large_image","twitter_misc":{"\u00c9crit par":"Xavier Vincent"},"schema":{"@context":"https:\/\/schema.org","@graph":[{"@type":"Article","@id":"https:\/\/fablab-montagny-pres-louhans.fr\/index.php\/2020\/05\/04\/labom-sur-tf1\/#article","isPartOf":{"@id":"https:\/\/fablab-montagny-pres-louhans.fr\/index.php\/2020\/05\/04\/labom-sur-tf1\/"},"author":{"name":"Xavier Vincent","@id":"https:\/\/fablab-montagny-pres-louhans.fr\/#\/schema\/person\/59c98416fe3a0c002433d49a5b0f12ce"},"headline":"LaboM sur TF1","datePublished":"2020-05-04T20:07:03+00:00","dateModified":"2020-05-07T17:35:04+00:00","mainEntityOfPage":{"@id":"https:\/\/fablab-montagny-pres-louhans.fr\/index.php\/2020\/05\/04\/labom-sur-tf1\/"},"wordCount":93,"publisher":{"@id":"https:\/\/fablab-montagny-pres-louhans.fr\/#organization"},"image":{"@id":"https:\/\/fablab-montagny-pres-louhans.fr\/index.php\/2020\/05\/04\/labom-sur-tf1\/#primaryimage"},"thumbnailUrl":"https:\/\/fablab-montagny-pres-louhans.fr\/wp-content\/uploads\/2020\/05\/IMG_2856-Copie-2-1-1024x789.jpg","articleSection":["News"],"inLanguage":"fr-FR"},{"@type":"WebPage","@id":"https:\/\/fablab-montagny-pres-louhans.fr\/index.php\/2020\/05\/04\/labom-sur-tf1\/","url":"https:\/\/fablab-montagny-pres-louhans.fr\/index.php\/2020\/05\/04\/labom-sur-tf1\/","name":"LaboM sur TF1 - Le FabLab","isPartOf":{"@id":"https:\/\/fablab-montagny-pres-louhans.fr\/#website"},"primaryImageOfPage":{"@id":"https:\/\/fablab-montagny-pres-louhans.fr\/index.php\/2020\/05\/04\/labom-sur-tf1\/#primaryimage"},"image":{"@id":"https:\/\/fablab-montagny-pres-louhans.fr\/index.php\/2020\/05\/04\/labom-sur-tf1\/#primaryimage"},"thumbnailUrl":"https:\/\/fablab-montagny-pres-louhans.fr\/wp-content\/uploads\/2020\/05\/IMG_2856-Copie-2-1-1024x789.jpg","datePublished":"2020-05-04T20:07:03+00:00","dateModified":"2020-05-07T17:35:04+00:00","breadcrumb":{"@id":"https:\/\/fablab-montagny-pres-louhans.fr\/index.php\/2020\/05\/04\/labom-sur-tf1\/#breadcrumb"},"inLanguage":"fr-FR","potentialAction":[{"@type":"ReadAction","target":["https:\/\/fablab-montagny-pres-louhans.fr\/index.php\/2020\/05\/04\/labom-sur-tf1\/"]}]},{"@type":"ImageObject","inLanguage":"fr-FR","@id":"https:\/\/fablab-montagny-pres-louhans.fr\/index.php\/2020\/05\/04\/labom-sur-tf1\/#primaryimage","url":"https:\/\/fablab-montagny-pres-louhans.fr\/wp-content\/uploads\/2020\/05\/IMG_2856-Copie-2-1.jpg","contentUrl":"https:\/\/fablab-montagny-pres-louhans.fr\/wp-content\/uploads\/2020\/05\/IMG_2856-Copie-2-1.jpg","width":1100,"height":848},{"@type":"BreadcrumbList","@id":"https:\/\/fablab-montagny-pres-louhans.fr\/index.php\/2020\/05\/04\/labom-sur-tf1\/#breadcrumb","itemListElement":[{"@type":"ListItem","position":1,"name":"Accueil","item":"https:\/\/fablab-montagny-pres-louhans.fr\/"},{"@type":"ListItem","position":2,"name":"LaboM sur TF1"}]},{"@type":"WebSite","@id":"https:\/\/fablab-montagny-pres-louhans.fr\/#website","url":"https:\/\/fablab-montagny-pres-louhans.fr\/","name":"Le FabLab","description":"Le premier de Bresse","publisher":{"@id":"https:\/\/fablab-montagny-pres-louhans.fr\/#organization"},"potentialAction":[{"@type":"SearchAction","target":{"@type":"EntryPoint","urlTemplate":"https:\/\/fablab-montagny-pres-louhans.fr\/?s={search_term_string}"},"query-input":{"@type":"PropertyValueSpecification","valueRequired":true,"valueName":"search_term_string"}}],"inLanguage":"fr-FR"},{"@type":"Organization","@id":"https:\/\/fablab-montagny-pres-louhans.fr\/#organization","name":"Le FabLab","url":"https:\/\/fablab-montagny-pres-louhans.fr\/","logo":{"@type":"ImageObject","inLanguage":"fr-FR","@id":"https:\/\/fablab-montagny-pres-louhans.fr\/#\/schema\/logo\/image\/","url":"https:\/\/fablab-montagny-pres-louhans.fr\/wp-content\/uploads\/2023\/02\/FABALB-logo.png","contentUrl":"https:\/\/fablab-montagny-pres-louhans.fr\/wp-content\/uploads\/2023\/02\/FABALB-logo.png","width":250,"height":260,"caption":"Le FabLab"},"image":{"@id":"https:\/\/fablab-montagny-pres-louhans.fr\/#\/schema\/logo\/image\/"},"sameAs":["https:\/\/www.facebook.com\/fablab.labom\/"]},{"@type":"Person","@id":"https:\/\/fablab-montagny-pres-louhans.fr\/#\/schema\/person\/59c98416fe3a0c002433d49a5b0f12ce","name":"Xavier Vincent","image":{"@type":"ImageObject","inLanguage":"fr-FR","@id":"https:\/\/fablab-montagny-pres-louhans.fr\/wp-content\/litespeed\/avatar\/bae4764d44065ff492363743a1d834cd.jpg?ver=1777239699","url":"https:\/\/fablab-montagny-pres-louhans.fr\/wp-content\/litespeed\/avatar\/bae4764d44065ff492363743a1d834cd.jpg?ver=1777239699","contentUrl":"https:\/\/fablab-montagny-pres-louhans.fr\/wp-content\/litespeed\/avatar\/bae4764d44065ff492363743a1d834cd.jpg?ver=1777239699","caption":"Xavier Vincent"},"url":"https:\/\/fablab-montagny-pres-louhans.fr\/index.php\/author\/xavier\/"}]}},"_links":{"self":[{"href":"https:\/\/fablab-montagny-pres-louhans.fr\/index.php\/wp-json\/wp\/v2\/posts\/3235","targetHints":{"allow":["GET"]}}],"collection":[{"href":"https:\/\/fablab-montagny-pres-louhans.fr\/index.php\/wp-json\/wp\/v2\/posts"}],"about":[{"href":"https:\/\/fablab-montagny-pres-louhans.fr\/index.php\/wp-json\/wp\/v2\/types\/post"}],"author":[{"embeddable":true,"href":"https:\/\/fablab-montagny-pres-louhans.fr\/index.php\/wp-json\/wp\/v2\/users\/31"}],"replies":[{"embeddable":true,"href":"https:\/\/fablab-montagny-pres-louhans.fr\/index.php\/wp-json\/wp\/v2\/comments?post=3235"}],"version-history":[{"count":4,"href":"https:\/\/fablab-montagny-pres-louhans.fr\/index.php\/wp-json\/wp\/v2\/posts\/3235\/revisions"}],"predecessor-version":[{"id":3253,"href":"https:\/\/fablab-montagny-pres-louhans.fr\/index.php\/wp-json\/wp\/v2\/posts\/3235\/revisions\/3253"}],"wp:attachment":[{"href":"https:\/\/fablab-montagny-pres-louhans.fr\/index.php\/wp-json\/wp\/v2\/media?parent=3235"}],"wp:term":[{"taxonomy":"category","embeddable":true,"href":"https:\/\/fablab-montagny-pres-louhans.fr\/index.php\/wp-json\/wp\/v2\/categories?post=3235"},{"taxonomy":"post_tag","embeddable":true,"href":"https:\/\/fablab-montagny-pres-louhans.fr\/index.php\/wp-json\/wp\/v2\/tags?post=3235"}],"curies":[{"name":"wp","href":"https:\/\/api.w.org\/{rel}","templated":true}]}}