{"id":3208,"date":"2020-04-18T10:19:31","date_gmt":"2020-04-18T08:19:31","guid":{"rendered":"https:\/\/fablab-montagny-pres-louhans.fr\/?p=3208"},"modified":"2020-04-18T10:29:46","modified_gmt":"2020-04-18T08:29:46","slug":"proteger-et-servir","status":"publish","type":"post","link":"https:\/\/fablab-montagny-pres-louhans.fr\/index.php\/2020\/04\/18\/proteger-et-servir\/","title":{"rendered":"Prot\u00e9ger et servir"},"content":{"rendered":"\n<figure class=\"wp-block-image size-large\"><img loading=\"lazy\" decoding=\"async\" width=\"546\" height=\"235\" src=\"https:\/\/fablab-montagny-pres-louhans.fr\/wp-content\/uploads\/2020\/04\/zoom-protect-and-serve.jpg\" alt=\"\" class=\"wp-image-3209\" srcset=\"https:\/\/fablab-montagny-pres-louhans.fr\/wp-content\/uploads\/2020\/04\/zoom-protect-and-serve.jpg 546w, https:\/\/fablab-montagny-pres-louhans.fr\/wp-content\/uploads\/2020\/04\/zoom-protect-and-serve-300x129.jpg 300w\" sizes=\"(max-width: 546px) 100vw, 546px\" \/><\/figure>\n\n\n\n<p>Non, vous \u00eates bien sur le site de laboM, mais cela pourrait bien \u00eatre aussi notre devise. <\/p>\n\n\n\n<p>L&rsquo;\u00e9tat salue le d\u00e9vouement des soignants, les citoyens les applaudissent \u00e0 20h, \u00e0 Labo&rsquo;M, nous avons retrouss\u00e9 nos manches et dans un \u00e9lan de solidarit\u00e9 unanime, nous avons mis nos comp\u00e9tences et notre mat\u00e9riel \u00e0 disposition. <\/p>\n\n\n\n<p>Partant du constat que de nombreuses personnes des \u00ab\u00a0premi\u00e8res lignes\u00a0\u00bb ne disposaient d&rsquo;aucune protection, Labo&rsquo;M et ses membres ont choisi de rejoindre le grand mouvement des Makers pour produire des visi\u00e8res de protection.<\/p>\n\n\n\n<p>Sans se substituer pour autant aux masques qui restent essentiels, le principe simple et efficace des visi\u00e8res de protection offre une protection suppl\u00e9mentaire en \u00e9vitant la contamination des muqueuses du visage.<\/p>\n\n\n\n<p>Les mat\u00e9riaux de base des visi\u00e8res sont : des feuilles de rhodo\u00efd (les feuilles transparentes des couvertures des rapports) et du filament imprimables pour imprimante 3D, ajoutez aussi un \u00e9lastique pour faciliter le maintien final.<\/p>\n\n\n\n<figure class=\"wp-block-gallery columns-3 is-cropped wp-block-gallery-1 is-layout-flex wp-block-gallery-is-layout-flex\"><ul class=\"blocks-gallery-grid\"><li class=\"blocks-gallery-item\"><figure><img decoding=\"async\" src=\"https:\/\/fablab-montagny-pres-louhans.fr\/wp-content\/uploads\/2020\/04\/elastique.png\" alt=\"\" data-id=\"3214\" data-full-url=\"https:\/\/fablab-montagny-pres-louhans.fr\/wp-content\/uploads\/2020\/04\/elastique.png\" data-link=\"https:\/\/fablab-montagny-pres-louhans.fr\/?attachment_id=3214\" class=\"wp-image-3214\"\/><\/figure><\/li><li class=\"blocks-gallery-item\"><figure><img loading=\"lazy\" decoding=\"async\" width=\"445\" height=\"266\" src=\"https:\/\/fablab-montagny-pres-louhans.fr\/wp-content\/uploads\/2020\/04\/PLA.png\" alt=\"\" data-id=\"3212\" data-full-url=\"https:\/\/fablab-montagny-pres-louhans.fr\/wp-content\/uploads\/2020\/04\/PLA.png\" data-link=\"https:\/\/fablab-montagny-pres-louhans.fr\/?attachment_id=3212\" class=\"wp-image-3212\" srcset=\"https:\/\/fablab-montagny-pres-louhans.fr\/wp-content\/uploads\/2020\/04\/PLA.png 445w, https:\/\/fablab-montagny-pres-louhans.fr\/wp-content\/uploads\/2020\/04\/PLA-300x179.png 300w\" sizes=\"(max-width: 445px) 100vw, 445px\" \/><\/figure><\/li><li class=\"blocks-gallery-item\"><figure><img decoding=\"async\" src=\"https:\/\/fablab-montagny-pres-louhans.fr\/wp-content\/uploads\/2020\/04\/rhodo\u00efd.png\" alt=\"\" data-id=\"3211\" data-full-url=\"https:\/\/fablab-montagny-pres-louhans.fr\/wp-content\/uploads\/2020\/04\/rhodo\u00efd.png\" data-link=\"https:\/\/fablab-montagny-pres-louhans.fr\/?attachment_id=3211\" class=\"wp-image-3211\"\/><\/figure><\/li><\/ul><\/figure>\n\n\n\n<p>A l&rsquo;aide du fil PLA, nous avons donc pu imprimer des supports \u00ab\u00a0serre t\u00eate\u00a0\u00bb&#8230;<\/p>\n\n\n\n<figure class=\"wp-block-image size-large\"><img loading=\"lazy\" decoding=\"async\" width=\"1024\" height=\"768\" src=\"https:\/\/fablab-montagny-pres-louhans.fr\/wp-content\/uploads\/2020\/04\/IMG_0237-1024x768.jpg\" alt=\"\" class=\"wp-image-3217\" srcset=\"https:\/\/fablab-montagny-pres-louhans.fr\/wp-content\/uploads\/2020\/04\/IMG_0237-1024x768.jpg 1024w, https:\/\/fablab-montagny-pres-louhans.fr\/wp-content\/uploads\/2020\/04\/IMG_0237-300x225.jpg 300w, https:\/\/fablab-montagny-pres-louhans.fr\/wp-content\/uploads\/2020\/04\/IMG_0237-768x576.jpg 768w, https:\/\/fablab-montagny-pres-louhans.fr\/wp-content\/uploads\/2020\/04\/IMG_0237-1536x1152.jpg 1536w, https:\/\/fablab-montagny-pres-louhans.fr\/wp-content\/uploads\/2020\/04\/IMG_0237-2048x1536.jpg 2048w, https:\/\/fablab-montagny-pres-louhans.fr\/wp-content\/uploads\/2020\/04\/IMG_0237-1320x990.jpg 1320w\" sizes=\"(max-width: 1024px) 100vw, 1024px\" \/><\/figure>\n\n\n\n<p>&#8230; et ses agrafes &#8230;<\/p>\n\n\n\n<figure class=\"wp-block-image size-full\"><img loading=\"lazy\" decoding=\"async\" width=\"640\" height=\"480\" src=\"https:\/\/fablab-montagny-pres-louhans.fr\/wp-content\/uploads\/2020\/04\/IMG_0245-Largeur-max.-640-Hauteur-max.-480.jpg\" alt=\"\" class=\"wp-image-3218\" srcset=\"https:\/\/fablab-montagny-pres-louhans.fr\/wp-content\/uploads\/2020\/04\/IMG_0245-Largeur-max.-640-Hauteur-max.-480.jpg 640w, https:\/\/fablab-montagny-pres-louhans.fr\/wp-content\/uploads\/2020\/04\/IMG_0245-Largeur-max.-640-Hauteur-max.-480-300x225.jpg 300w\" sizes=\"(max-width: 640px) 100vw, 640px\" \/><figcaption>test de diff\u00e9rentes agrafes&#8230;<\/figcaption><\/figure>\n\n\n\n<p>&#8230; mais aussi d&rsquo;autres variantes&#8230;<\/p>\n\n\n\n<figure class=\"wp-block-image size-large\"><img loading=\"lazy\" decoding=\"async\" width=\"1024\" height=\"768\" src=\"https:\/\/fablab-montagny-pres-louhans.fr\/wp-content\/uploads\/2020\/04\/IMG_0241-1024x768.jpg\" alt=\"\" class=\"wp-image-3219\" srcset=\"https:\/\/fablab-montagny-pres-louhans.fr\/wp-content\/uploads\/2020\/04\/IMG_0241-1024x768.jpg 1024w, https:\/\/fablab-montagny-pres-louhans.fr\/wp-content\/uploads\/2020\/04\/IMG_0241-300x225.jpg 300w, https:\/\/fablab-montagny-pres-louhans.fr\/wp-content\/uploads\/2020\/04\/IMG_0241-768x576.jpg 768w, https:\/\/fablab-montagny-pres-louhans.fr\/wp-content\/uploads\/2020\/04\/IMG_0241-1536x1152.jpg 1536w, https:\/\/fablab-montagny-pres-louhans.fr\/wp-content\/uploads\/2020\/04\/IMG_0241-2048x1536.jpg 2048w, https:\/\/fablab-montagny-pres-louhans.fr\/wp-content\/uploads\/2020\/04\/IMG_0241-1320x990.jpg 1320w\" sizes=\"(max-width: 1024px) 100vw, 1024px\" \/><figcaption>mod\u00e8le \u00e0 ergots<\/figcaption><\/figure>\n\n\n\n<p>Les \u00e9l\u00e9ments ont \u00e9t\u00e9 produits sur plusieurs sites par Daniel, Pierre, Sylvain, Yannis et Xavier.<br>Les rhodo\u00efds et les \u00e9lastiques ont ensuite \u00e9t\u00e9 perc\u00e9s et d\u00e9coup\u00e9es par notre infatigable Elise pour un assemblage final tandis que Roger assurait l&rsquo;ensemble de la partie logistique.<\/p>\n\n\n\n<p>Sylvain a assur\u00e9e la partie recherche et optimisations techniques et propose au t\u00e9l\u00e9chargement une solution libre et gratuite. <br><a href=\"https:\/\/www.thingiverse.com\/thing:4250946\/files\">https:\/\/www.thingiverse.com\/thing:4250946\/files<\/a><\/p>\n\n\n\n<p>Les imprimantes 3D du fablab ainsi que celles personnelles ont donc \u00e9t\u00e9 mises \u00e0 rude \u00e9preuve pour produire (\u00e0 ce jour) <strong>plus de 680 visi\u00e8res<\/strong> de protection \u00e0 destination des infirmi\u00e8res lib\u00e9rales, des EHPAD, du personnel des associations de service \u00e0 la personne, des pharmaciens etc &#8230;.et m\u00eame &#8230;..des gendarmes de Sa\u00f4ne et Loire.<\/p>\n\n\n\n<figure class=\"wp-block-image size-large\"><img loading=\"lazy\" decoding=\"async\" width=\"640\" height=\"480\" src=\"https:\/\/fablab-montagny-pres-louhans.fr\/wp-content\/uploads\/2020\/04\/IMG_0257-Largeur-max.-640-Hauteur-max.-480.jpg\" alt=\"\" class=\"wp-image-3221\" srcset=\"https:\/\/fablab-montagny-pres-louhans.fr\/wp-content\/uploads\/2020\/04\/IMG_0257-Largeur-max.-640-Hauteur-max.-480.jpg 640w, https:\/\/fablab-montagny-pres-louhans.fr\/wp-content\/uploads\/2020\/04\/IMG_0257-Largeur-max.-640-Hauteur-max.-480-300x225.jpg 300w\" sizes=\"(max-width: 640px) 100vw, 640px\" \/><\/figure>\n\n\n\n<figure class=\"wp-block-image size-large\"><img loading=\"lazy\" decoding=\"async\" width=\"640\" height=\"480\" src=\"https:\/\/fablab-montagny-pres-louhans.fr\/wp-content\/uploads\/2020\/04\/IMG_0259-Largeur-max.-640-Hauteur-max.-480.jpg\" alt=\"\" class=\"wp-image-3222\" srcset=\"https:\/\/fablab-montagny-pres-louhans.fr\/wp-content\/uploads\/2020\/04\/IMG_0259-Largeur-max.-640-Hauteur-max.-480.jpg 640w, https:\/\/fablab-montagny-pres-louhans.fr\/wp-content\/uploads\/2020\/04\/IMG_0259-Largeur-max.-640-Hauteur-max.-480-300x225.jpg 300w\" sizes=\"(max-width: 640px) 100vw, 640px\" \/><\/figure>\n\n\n\n<figure class=\"wp-block-image size-large\"><img loading=\"lazy\" decoding=\"async\" width=\"740\" height=\"1024\" src=\"https:\/\/fablab-montagny-pres-louhans.fr\/wp-content\/uploads\/2020\/04\/Diana-740x1024.jpg\" alt=\"\" class=\"wp-image-3224\" srcset=\"https:\/\/fablab-montagny-pres-louhans.fr\/wp-content\/uploads\/2020\/04\/Diana-740x1024.jpg 740w, https:\/\/fablab-montagny-pres-louhans.fr\/wp-content\/uploads\/2020\/04\/Diana-217x300.jpg 217w, https:\/\/fablab-montagny-pres-louhans.fr\/wp-content\/uploads\/2020\/04\/Diana-768x1063.jpg 768w, https:\/\/fablab-montagny-pres-louhans.fr\/wp-content\/uploads\/2020\/04\/Diana.jpg 1061w\" sizes=\"(max-width: 740px) 100vw, 740px\" \/><\/figure>\n","protected":false},"excerpt":{"rendered":"<p>Non, vous \u00eates bien sur le site de laboM, mais cela pourrait bien \u00eatre aussi notre devise. L&rsquo;\u00e9tat salue le d\u00e9vouement des soignants, les citoyens les applaudissent \u00e0 20h, \u00e0 Labo&rsquo;M, nous avons retrouss\u00e9 nos manches et dans un \u00e9lan de solidarit\u00e9 unanime, nous avons mis nos comp\u00e9tences et notre mat\u00e9riel \u00e0 disposition. Partant du [&hellip;]<\/p>\n","protected":false},"author":31,"featured_media":0,"comment_status":"closed","ping_status":"open","sticky":false,"template":"","format":"standard","meta":{"_et_pb_use_builder":"","_et_pb_old_content":"","_et_gb_content_width":"","rop_custom_images_group":[],"rop_custom_messages_group":[],"rop_publish_now":"initial","rop_publish_now_accounts":{"facebook_1992431424458146_173380702515979":""},"rop_publish_now_history":[],"rop_publish_now_status":"pending","footnotes":""},"categories":[2],"tags":[],"class_list":["post-3208","post","type-post","status-publish","format-standard","hentry","category-news"],"yoast_head":"<!-- This site is optimized with the Yoast SEO plugin v27.3 - https:\/\/yoast.com\/product\/yoast-seo-wordpress\/ -->\n<title>Prot\u00e9ger et servir - Le FabLab<\/title>\n<meta name=\"robots\" content=\"noindex, follow, max-snippet:-1, max-image-preview:large, max-video-preview:-1\" \/>\n<meta property=\"og:locale\" content=\"fr_FR\" \/>\n<meta property=\"og:type\" content=\"article\" \/>\n<meta property=\"og:title\" content=\"Prot\u00e9ger et servir - Le FabLab\" \/>\n<meta property=\"og:description\" content=\"Non, vous \u00eates bien sur le site de laboM, mais cela pourrait bien \u00eatre aussi notre devise. L&rsquo;\u00e9tat salue le d\u00e9vouement des soignants, les citoyens les applaudissent \u00e0 20h, \u00e0 Labo&rsquo;M, nous avons retrouss\u00e9 nos manches et dans un \u00e9lan de solidarit\u00e9 unanime, nous avons mis nos comp\u00e9tences et notre mat\u00e9riel \u00e0 disposition. Partant du [&hellip;]\" \/>\n<meta property=\"og:url\" content=\"https:\/\/fablab-montagny-pres-louhans.fr\/index.php\/2020\/04\/18\/proteger-et-servir\/\" \/>\n<meta property=\"og:site_name\" content=\"Le FabLab\" \/>\n<meta property=\"article:publisher\" content=\"https:\/\/www.facebook.com\/fablab.labom\/\" \/>\n<meta property=\"article:published_time\" content=\"2020-04-18T08:19:31+00:00\" \/>\n<meta property=\"article:modified_time\" content=\"2020-04-18T08:29:46+00:00\" \/>\n<meta property=\"og:image\" content=\"https:\/\/fablab-montagny-pres-louhans.fr\/wp-content\/uploads\/2020\/04\/zoom-protect-and-serve.jpg\" \/>\n<meta name=\"author\" content=\"Xavier Vincent\" \/>\n<meta name=\"twitter:card\" content=\"summary_large_image\" \/>\n<meta name=\"twitter:label1\" content=\"\u00c9crit par\" \/>\n\t<meta name=\"twitter:data1\" content=\"Xavier Vincent\" \/>\n\t<meta name=\"twitter:label2\" content=\"Dur\u00e9e de lecture estim\u00e9e\" \/>\n\t<meta name=\"twitter:data2\" content=\"2 minutes\" \/>\n<script type=\"application\/ld+json\" class=\"yoast-schema-graph\">{\"@context\":\"https:\\\/\\\/schema.org\",\"@graph\":[{\"@type\":\"Article\",\"@id\":\"https:\\\/\\\/fablab-montagny-pres-louhans.fr\\\/index.php\\\/2020\\\/04\\\/18\\\/proteger-et-servir\\\/#article\",\"isPartOf\":{\"@id\":\"https:\\\/\\\/fablab-montagny-pres-louhans.fr\\\/index.php\\\/2020\\\/04\\\/18\\\/proteger-et-servir\\\/\"},\"author\":{\"name\":\"Xavier Vincent\",\"@id\":\"https:\\\/\\\/fablab-montagny-pres-louhans.fr\\\/#\\\/schema\\\/person\\\/59c98416fe3a0c002433d49a5b0f12ce\"},\"headline\":\"Prot\u00e9ger et servir\",\"datePublished\":\"2020-04-18T08:19:31+00:00\",\"dateModified\":\"2020-04-18T08:29:46+00:00\",\"mainEntityOfPage\":{\"@id\":\"https:\\\/\\\/fablab-montagny-pres-louhans.fr\\\/index.php\\\/2020\\\/04\\\/18\\\/proteger-et-servir\\\/\"},\"wordCount\":322,\"publisher\":{\"@id\":\"https:\\\/\\\/fablab-montagny-pres-louhans.fr\\\/#organization\"},\"image\":{\"@id\":\"https:\\\/\\\/fablab-montagny-pres-louhans.fr\\\/index.php\\\/2020\\\/04\\\/18\\\/proteger-et-servir\\\/#primaryimage\"},\"thumbnailUrl\":\"https:\\\/\\\/fablab-montagny-pres-louhans.fr\\\/wp-content\\\/uploads\\\/2020\\\/04\\\/zoom-protect-and-serve.jpg\",\"articleSection\":[\"News\"],\"inLanguage\":\"fr-FR\"},{\"@type\":\"WebPage\",\"@id\":\"https:\\\/\\\/fablab-montagny-pres-louhans.fr\\\/index.php\\\/2020\\\/04\\\/18\\\/proteger-et-servir\\\/\",\"url\":\"https:\\\/\\\/fablab-montagny-pres-louhans.fr\\\/index.php\\\/2020\\\/04\\\/18\\\/proteger-et-servir\\\/\",\"name\":\"Prot\u00e9ger et servir - Le FabLab\",\"isPartOf\":{\"@id\":\"https:\\\/\\\/fablab-montagny-pres-louhans.fr\\\/#website\"},\"primaryImageOfPage\":{\"@id\":\"https:\\\/\\\/fablab-montagny-pres-louhans.fr\\\/index.php\\\/2020\\\/04\\\/18\\\/proteger-et-servir\\\/#primaryimage\"},\"image\":{\"@id\":\"https:\\\/\\\/fablab-montagny-pres-louhans.fr\\\/index.php\\\/2020\\\/04\\\/18\\\/proteger-et-servir\\\/#primaryimage\"},\"thumbnailUrl\":\"https:\\\/\\\/fablab-montagny-pres-louhans.fr\\\/wp-content\\\/uploads\\\/2020\\\/04\\\/zoom-protect-and-serve.jpg\",\"datePublished\":\"2020-04-18T08:19:31+00:00\",\"dateModified\":\"2020-04-18T08:29:46+00:00\",\"breadcrumb\":{\"@id\":\"https:\\\/\\\/fablab-montagny-pres-louhans.fr\\\/index.php\\\/2020\\\/04\\\/18\\\/proteger-et-servir\\\/#breadcrumb\"},\"inLanguage\":\"fr-FR\",\"potentialAction\":[{\"@type\":\"ReadAction\",\"target\":[\"https:\\\/\\\/fablab-montagny-pres-louhans.fr\\\/index.php\\\/2020\\\/04\\\/18\\\/proteger-et-servir\\\/\"]}]},{\"@type\":\"ImageObject\",\"inLanguage\":\"fr-FR\",\"@id\":\"https:\\\/\\\/fablab-montagny-pres-louhans.fr\\\/index.php\\\/2020\\\/04\\\/18\\\/proteger-et-servir\\\/#primaryimage\",\"url\":\"https:\\\/\\\/fablab-montagny-pres-louhans.fr\\\/wp-content\\\/uploads\\\/2020\\\/04\\\/zoom-protect-and-serve.jpg\",\"contentUrl\":\"https:\\\/\\\/fablab-montagny-pres-louhans.fr\\\/wp-content\\\/uploads\\\/2020\\\/04\\\/zoom-protect-and-serve.jpg\",\"width\":546,\"height\":235},{\"@type\":\"BreadcrumbList\",\"@id\":\"https:\\\/\\\/fablab-montagny-pres-louhans.fr\\\/index.php\\\/2020\\\/04\\\/18\\\/proteger-et-servir\\\/#breadcrumb\",\"itemListElement\":[{\"@type\":\"ListItem\",\"position\":1,\"name\":\"Accueil\",\"item\":\"https:\\\/\\\/fablab-montagny-pres-louhans.fr\\\/\"},{\"@type\":\"ListItem\",\"position\":2,\"name\":\"Prot\u00e9ger et servir\"}]},{\"@type\":\"WebSite\",\"@id\":\"https:\\\/\\\/fablab-montagny-pres-louhans.fr\\\/#website\",\"url\":\"https:\\\/\\\/fablab-montagny-pres-louhans.fr\\\/\",\"name\":\"Le FabLab\",\"description\":\"Le premier de Bresse\",\"publisher\":{\"@id\":\"https:\\\/\\\/fablab-montagny-pres-louhans.fr\\\/#organization\"},\"potentialAction\":[{\"@type\":\"SearchAction\",\"target\":{\"@type\":\"EntryPoint\",\"urlTemplate\":\"https:\\\/\\\/fablab-montagny-pres-louhans.fr\\\/?s={search_term_string}\"},\"query-input\":{\"@type\":\"PropertyValueSpecification\",\"valueRequired\":true,\"valueName\":\"search_term_string\"}}],\"inLanguage\":\"fr-FR\"},{\"@type\":\"Organization\",\"@id\":\"https:\\\/\\\/fablab-montagny-pres-louhans.fr\\\/#organization\",\"name\":\"Le FabLab\",\"url\":\"https:\\\/\\\/fablab-montagny-pres-louhans.fr\\\/\",\"logo\":{\"@type\":\"ImageObject\",\"inLanguage\":\"fr-FR\",\"@id\":\"https:\\\/\\\/fablab-montagny-pres-louhans.fr\\\/#\\\/schema\\\/logo\\\/image\\\/\",\"url\":\"https:\\\/\\\/fablab-montagny-pres-louhans.fr\\\/wp-content\\\/uploads\\\/2023\\\/02\\\/FABALB-logo.png\",\"contentUrl\":\"https:\\\/\\\/fablab-montagny-pres-louhans.fr\\\/wp-content\\\/uploads\\\/2023\\\/02\\\/FABALB-logo.png\",\"width\":250,\"height\":260,\"caption\":\"Le FabLab\"},\"image\":{\"@id\":\"https:\\\/\\\/fablab-montagny-pres-louhans.fr\\\/#\\\/schema\\\/logo\\\/image\\\/\"},\"sameAs\":[\"https:\\\/\\\/www.facebook.com\\\/fablab.labom\\\/\"]},{\"@type\":\"Person\",\"@id\":\"https:\\\/\\\/fablab-montagny-pres-louhans.fr\\\/#\\\/schema\\\/person\\\/59c98416fe3a0c002433d49a5b0f12ce\",\"name\":\"Xavier Vincent\",\"image\":{\"@type\":\"ImageObject\",\"inLanguage\":\"fr-FR\",\"@id\":\"https:\\\/\\\/fablab-montagny-pres-louhans.fr\\\/wp-content\\\/litespeed\\\/avatar\\\/bae4764d44065ff492363743a1d834cd.jpg?ver=1777239699\",\"url\":\"https:\\\/\\\/fablab-montagny-pres-louhans.fr\\\/wp-content\\\/litespeed\\\/avatar\\\/bae4764d44065ff492363743a1d834cd.jpg?ver=1777239699\",\"contentUrl\":\"https:\\\/\\\/fablab-montagny-pres-louhans.fr\\\/wp-content\\\/litespeed\\\/avatar\\\/bae4764d44065ff492363743a1d834cd.jpg?ver=1777239699\",\"caption\":\"Xavier Vincent\"},\"url\":\"https:\\\/\\\/fablab-montagny-pres-louhans.fr\\\/index.php\\\/author\\\/xavier\\\/\"}]}<\/script>\n<!-- \/ Yoast SEO plugin. -->","yoast_head_json":{"title":"Prot\u00e9ger et servir - Le FabLab","robots":{"index":"noindex","follow":"follow","max-snippet":"max-snippet:-1","max-image-preview":"max-image-preview:large","max-video-preview":"max-video-preview:-1"},"og_locale":"fr_FR","og_type":"article","og_title":"Prot\u00e9ger et servir - Le FabLab","og_description":"Non, vous \u00eates bien sur le site de laboM, mais cela pourrait bien \u00eatre aussi notre devise. L&rsquo;\u00e9tat salue le d\u00e9vouement des soignants, les citoyens les applaudissent \u00e0 20h, \u00e0 Labo&rsquo;M, nous avons retrouss\u00e9 nos manches et dans un \u00e9lan de solidarit\u00e9 unanime, nous avons mis nos comp\u00e9tences et notre mat\u00e9riel \u00e0 disposition. Partant du [&hellip;]","og_url":"https:\/\/fablab-montagny-pres-louhans.fr\/index.php\/2020\/04\/18\/proteger-et-servir\/","og_site_name":"Le FabLab","article_publisher":"https:\/\/www.facebook.com\/fablab.labom\/","article_published_time":"2020-04-18T08:19:31+00:00","article_modified_time":"2020-04-18T08:29:46+00:00","og_image":[{"url":"https:\/\/fablab-montagny-pres-louhans.fr\/wp-content\/uploads\/2020\/04\/zoom-protect-and-serve.jpg","type":"","width":"","height":""}],"author":"Xavier Vincent","twitter_card":"summary_large_image","twitter_misc":{"\u00c9crit par":"Xavier Vincent","Dur\u00e9e de lecture estim\u00e9e":"2 minutes"},"schema":{"@context":"https:\/\/schema.org","@graph":[{"@type":"Article","@id":"https:\/\/fablab-montagny-pres-louhans.fr\/index.php\/2020\/04\/18\/proteger-et-servir\/#article","isPartOf":{"@id":"https:\/\/fablab-montagny-pres-louhans.fr\/index.php\/2020\/04\/18\/proteger-et-servir\/"},"author":{"name":"Xavier Vincent","@id":"https:\/\/fablab-montagny-pres-louhans.fr\/#\/schema\/person\/59c98416fe3a0c002433d49a5b0f12ce"},"headline":"Prot\u00e9ger et servir","datePublished":"2020-04-18T08:19:31+00:00","dateModified":"2020-04-18T08:29:46+00:00","mainEntityOfPage":{"@id":"https:\/\/fablab-montagny-pres-louhans.fr\/index.php\/2020\/04\/18\/proteger-et-servir\/"},"wordCount":322,"publisher":{"@id":"https:\/\/fablab-montagny-pres-louhans.fr\/#organization"},"image":{"@id":"https:\/\/fablab-montagny-pres-louhans.fr\/index.php\/2020\/04\/18\/proteger-et-servir\/#primaryimage"},"thumbnailUrl":"https:\/\/fablab-montagny-pres-louhans.fr\/wp-content\/uploads\/2020\/04\/zoom-protect-and-serve.jpg","articleSection":["News"],"inLanguage":"fr-FR"},{"@type":"WebPage","@id":"https:\/\/fablab-montagny-pres-louhans.fr\/index.php\/2020\/04\/18\/proteger-et-servir\/","url":"https:\/\/fablab-montagny-pres-louhans.fr\/index.php\/2020\/04\/18\/proteger-et-servir\/","name":"Prot\u00e9ger et servir - Le FabLab","isPartOf":{"@id":"https:\/\/fablab-montagny-pres-louhans.fr\/#website"},"primaryImageOfPage":{"@id":"https:\/\/fablab-montagny-pres-louhans.fr\/index.php\/2020\/04\/18\/proteger-et-servir\/#primaryimage"},"image":{"@id":"https:\/\/fablab-montagny-pres-louhans.fr\/index.php\/2020\/04\/18\/proteger-et-servir\/#primaryimage"},"thumbnailUrl":"https:\/\/fablab-montagny-pres-louhans.fr\/wp-content\/uploads\/2020\/04\/zoom-protect-and-serve.jpg","datePublished":"2020-04-18T08:19:31+00:00","dateModified":"2020-04-18T08:29:46+00:00","breadcrumb":{"@id":"https:\/\/fablab-montagny-pres-louhans.fr\/index.php\/2020\/04\/18\/proteger-et-servir\/#breadcrumb"},"inLanguage":"fr-FR","potentialAction":[{"@type":"ReadAction","target":["https:\/\/fablab-montagny-pres-louhans.fr\/index.php\/2020\/04\/18\/proteger-et-servir\/"]}]},{"@type":"ImageObject","inLanguage":"fr-FR","@id":"https:\/\/fablab-montagny-pres-louhans.fr\/index.php\/2020\/04\/18\/proteger-et-servir\/#primaryimage","url":"https:\/\/fablab-montagny-pres-louhans.fr\/wp-content\/uploads\/2020\/04\/zoom-protect-and-serve.jpg","contentUrl":"https:\/\/fablab-montagny-pres-louhans.fr\/wp-content\/uploads\/2020\/04\/zoom-protect-and-serve.jpg","width":546,"height":235},{"@type":"BreadcrumbList","@id":"https:\/\/fablab-montagny-pres-louhans.fr\/index.php\/2020\/04\/18\/proteger-et-servir\/#breadcrumb","itemListElement":[{"@type":"ListItem","position":1,"name":"Accueil","item":"https:\/\/fablab-montagny-pres-louhans.fr\/"},{"@type":"ListItem","position":2,"name":"Prot\u00e9ger et servir"}]},{"@type":"WebSite","@id":"https:\/\/fablab-montagny-pres-louhans.fr\/#website","url":"https:\/\/fablab-montagny-pres-louhans.fr\/","name":"Le FabLab","description":"Le premier de Bresse","publisher":{"@id":"https:\/\/fablab-montagny-pres-louhans.fr\/#organization"},"potentialAction":[{"@type":"SearchAction","target":{"@type":"EntryPoint","urlTemplate":"https:\/\/fablab-montagny-pres-louhans.fr\/?s={search_term_string}"},"query-input":{"@type":"PropertyValueSpecification","valueRequired":true,"valueName":"search_term_string"}}],"inLanguage":"fr-FR"},{"@type":"Organization","@id":"https:\/\/fablab-montagny-pres-louhans.fr\/#organization","name":"Le FabLab","url":"https:\/\/fablab-montagny-pres-louhans.fr\/","logo":{"@type":"ImageObject","inLanguage":"fr-FR","@id":"https:\/\/fablab-montagny-pres-louhans.fr\/#\/schema\/logo\/image\/","url":"https:\/\/fablab-montagny-pres-louhans.fr\/wp-content\/uploads\/2023\/02\/FABALB-logo.png","contentUrl":"https:\/\/fablab-montagny-pres-louhans.fr\/wp-content\/uploads\/2023\/02\/FABALB-logo.png","width":250,"height":260,"caption":"Le FabLab"},"image":{"@id":"https:\/\/fablab-montagny-pres-louhans.fr\/#\/schema\/logo\/image\/"},"sameAs":["https:\/\/www.facebook.com\/fablab.labom\/"]},{"@type":"Person","@id":"https:\/\/fablab-montagny-pres-louhans.fr\/#\/schema\/person\/59c98416fe3a0c002433d49a5b0f12ce","name":"Xavier Vincent","image":{"@type":"ImageObject","inLanguage":"fr-FR","@id":"https:\/\/fablab-montagny-pres-louhans.fr\/wp-content\/litespeed\/avatar\/bae4764d44065ff492363743a1d834cd.jpg?ver=1777239699","url":"https:\/\/fablab-montagny-pres-louhans.fr\/wp-content\/litespeed\/avatar\/bae4764d44065ff492363743a1d834cd.jpg?ver=1777239699","contentUrl":"https:\/\/fablab-montagny-pres-louhans.fr\/wp-content\/litespeed\/avatar\/bae4764d44065ff492363743a1d834cd.jpg?ver=1777239699","caption":"Xavier Vincent"},"url":"https:\/\/fablab-montagny-pres-louhans.fr\/index.php\/author\/xavier\/"}]}},"_links":{"self":[{"href":"https:\/\/fablab-montagny-pres-louhans.fr\/index.php\/wp-json\/wp\/v2\/posts\/3208","targetHints":{"allow":["GET"]}}],"collection":[{"href":"https:\/\/fablab-montagny-pres-louhans.fr\/index.php\/wp-json\/wp\/v2\/posts"}],"about":[{"href":"https:\/\/fablab-montagny-pres-louhans.fr\/index.php\/wp-json\/wp\/v2\/types\/post"}],"author":[{"embeddable":true,"href":"https:\/\/fablab-montagny-pres-louhans.fr\/index.php\/wp-json\/wp\/v2\/users\/31"}],"replies":[{"embeddable":true,"href":"https:\/\/fablab-montagny-pres-louhans.fr\/index.php\/wp-json\/wp\/v2\/comments?post=3208"}],"version-history":[{"count":8,"href":"https:\/\/fablab-montagny-pres-louhans.fr\/index.php\/wp-json\/wp\/v2\/posts\/3208\/revisions"}],"predecessor-version":[{"id":3231,"href":"https:\/\/fablab-montagny-pres-louhans.fr\/index.php\/wp-json\/wp\/v2\/posts\/3208\/revisions\/3231"}],"wp:attachment":[{"href":"https:\/\/fablab-montagny-pres-louhans.fr\/index.php\/wp-json\/wp\/v2\/media?parent=3208"}],"wp:term":[{"taxonomy":"category","embeddable":true,"href":"https:\/\/fablab-montagny-pres-louhans.fr\/index.php\/wp-json\/wp\/v2\/categories?post=3208"},{"taxonomy":"post_tag","embeddable":true,"href":"https:\/\/fablab-montagny-pres-louhans.fr\/index.php\/wp-json\/wp\/v2\/tags?post=3208"}],"curies":[{"name":"wp","href":"https:\/\/api.w.org\/{rel}","templated":true}]}}