{"id":318,"date":"2017-02-12T08:08:58","date_gmt":"2017-02-12T07:08:58","guid":{"rendered":"https:\/\/fablab-montagny-pres-louhans.fr\/?p=318"},"modified":"2017-02-13T07:06:41","modified_gmt":"2017-02-13T06:06:41","slug":"la-main-et-lesprit-faites-des-bougies","status":"publish","type":"post","link":"https:\/\/fablab-montagny-pres-louhans.fr\/index.php\/2017\/02\/12\/la-main-et-lesprit-faites-des-bougies\/","title":{"rendered":"La main et l&rsquo;esprit, faites des bougies !"},"content":{"rendered":"<p>C&rsquo;est gr\u00e2ce \u00e0 Yvonne que le laboM a pu d\u00e9couvrir les\u00a0proc\u00e9d\u00e9s de fabrication des bougies \u00e0 la cire d&rsquo;abeille et \u00e0 la paraffine.<\/p>\n<p>Cela peut para\u00eetre curieux pour un \u00ab\u00a0FabLab\u00a0\u00bb de s&rsquo;int\u00e9resser \u00e0 ce genre de choses pas vraiment num\u00e9rique, mais le LaboM est comme \u00e7a et aime \u00e7a, car tout est int\u00e9ressant, et tout est bon \u00e0 savoir.<\/p>\n<p>Alors question : combien d&rsquo;entre-vous savent comment on s&rsquo;y prend\u00a0?<\/p>\n<p>tic tac tic tac &#8230;. non pas d&rsquo;oracle Googlelien &#8230;on laisse son clavier SVP &#8230;.tic tac ding !<\/p>\n<p>Un poil de r\u00e9flexion c&rsquo;est mieux avant d&rsquo;avoir la r\u00e9ponse.<\/p>\n<p>Alors voila, dans le texte et en images :<\/p>\n<p><img loading=\"lazy\" decoding=\"async\" class=\" wp-image-245 aligncenter\" src=\"https:\/\/fablab-montagny-pres-louhans.fr\/wp-content\/uploads\/2017\/02\/resized-IMGP7875-300x201.jpg\" alt=\"\" width=\"605\" height=\"405\" srcset=\"https:\/\/fablab-montagny-pres-louhans.fr\/wp-content\/uploads\/2017\/02\/resized-IMGP7875-300x201.jpg 300w, https:\/\/fablab-montagny-pres-louhans.fr\/wp-content\/uploads\/2017\/02\/resized-IMGP7875-768x514.jpg 768w, https:\/\/fablab-montagny-pres-louhans.fr\/wp-content\/uploads\/2017\/02\/resized-IMGP7875.jpg 1024w\" sizes=\"(max-width: 605px) 100vw, 605px\" \/><\/p>\n<p>Maintenant action !<\/p>\n<p>Le monde est entr\u00e9 et sorti de 14h \u00e0 17h30, il y avait tous les \u00e2ges.\u00a0Ambiance parfaitement conviviale.<\/p>\n<p>&nbsp;<\/p>\n<p><img loading=\"lazy\" decoding=\"async\" class=\"alignnone size-medium wp-image-249\" src=\"https:\/\/fablab-montagny-pres-louhans.fr\/wp-content\/uploads\/2017\/02\/resized-IMGP7879-300x201.jpg\" alt=\"\" width=\"300\" height=\"201\" srcset=\"https:\/\/fablab-montagny-pres-louhans.fr\/wp-content\/uploads\/2017\/02\/resized-IMGP7879-300x201.jpg 300w, https:\/\/fablab-montagny-pres-louhans.fr\/wp-content\/uploads\/2017\/02\/resized-IMGP7879-768x514.jpg 768w, https:\/\/fablab-montagny-pres-louhans.fr\/wp-content\/uploads\/2017\/02\/resized-IMGP7879.jpg 1024w\" sizes=\"(max-width: 300px) 100vw, 300px\" \/> <img loading=\"lazy\" decoding=\"async\" class=\"alignnone size-medium wp-image-239\" src=\"https:\/\/fablab-montagny-pres-louhans.fr\/wp-content\/uploads\/2017\/02\/resized-IMGP7869-300x201.jpg\" alt=\"\" width=\"300\" height=\"201\" srcset=\"https:\/\/fablab-montagny-pres-louhans.fr\/wp-content\/uploads\/2017\/02\/resized-IMGP7869-300x201.jpg 300w, https:\/\/fablab-montagny-pres-louhans.fr\/wp-content\/uploads\/2017\/02\/resized-IMGP7869-768x514.jpg 768w, https:\/\/fablab-montagny-pres-louhans.fr\/wp-content\/uploads\/2017\/02\/resized-IMGP7869.jpg 1024w\" sizes=\"(max-width: 300px) 100vw, 300px\" \/><img loading=\"lazy\" decoding=\"async\" class=\"alignnone size-medium wp-image-336\" src=\"https:\/\/fablab-montagny-pres-louhans.fr\/wp-content\/uploads\/2017\/02\/IMG_2510-300x200.jpg\" alt=\"\" width=\"300\" height=\"200\" \/><\/p>\n<p>On commence par couper une m\u00e8che et on fait une boucle afin de la suspendre plus tard.<\/p>\n<p><img loading=\"lazy\" decoding=\"async\" class=\"alignnone size-medium wp-image-265 aligncenter\" src=\"https:\/\/fablab-montagny-pres-louhans.fr\/wp-content\/uploads\/2017\/02\/resized-IMGP7897-e1486878841397-300x210.jpg\" alt=\"\" width=\"300\" height=\"210\" srcset=\"https:\/\/fablab-montagny-pres-louhans.fr\/wp-content\/uploads\/2017\/02\/resized-IMGP7897-e1486878841397-300x210.jpg 300w, https:\/\/fablab-montagny-pres-louhans.fr\/wp-content\/uploads\/2017\/02\/resized-IMGP7897-e1486878841397.jpg 673w\" sizes=\"(max-width: 300px) 100vw, 300px\" \/><\/p>\n<p>Apr\u00e8s\u00a0\u00e7a ressemble un peu \u00e0 la p\u00eache \u00e0 la ligne &#8230;. (\u00e0 gauche la paraffine, \u00e0 droite la cire d&rsquo;abeille) on trempe et on retire &#8230;<\/p>\n<p><img loading=\"lazy\" decoding=\"async\" class=\"alignnone size-medium wp-image-310\" src=\"https:\/\/fablab-montagny-pres-louhans.fr\/wp-content\/uploads\/2017\/02\/resized-IMGP7945-e1486878228135-257x300.jpg\" alt=\"\" width=\"257\" height=\"300\" srcset=\"https:\/\/fablab-montagny-pres-louhans.fr\/wp-content\/uploads\/2017\/02\/resized-IMGP7945-e1486878228135-257x300.jpg 257w, https:\/\/fablab-montagny-pres-louhans.fr\/wp-content\/uploads\/2017\/02\/resized-IMGP7945-e1486878228135.jpg 460w\" sizes=\"(max-width: 257px) 100vw, 257px\" \/><img loading=\"lazy\" decoding=\"async\" class=\"alignnone size-medium wp-image-259\" src=\"https:\/\/fablab-montagny-pres-louhans.fr\/wp-content\/uploads\/2017\/02\/resized-IMGP7891-e1486878917660-201x300.jpg\" alt=\"\" width=\"201\" height=\"300\" srcset=\"https:\/\/fablab-montagny-pres-louhans.fr\/wp-content\/uploads\/2017\/02\/resized-IMGP7891-e1486878917660-201x300.jpg 201w, https:\/\/fablab-montagny-pres-louhans.fr\/wp-content\/uploads\/2017\/02\/resized-IMGP7891-e1486878917660.jpg 685w\" sizes=\"(max-width: 201px) 100vw, 201px\" \/><img loading=\"lazy\" decoding=\"async\" class=\"alignnone size-medium wp-image-244\" src=\"https:\/\/fablab-montagny-pres-louhans.fr\/wp-content\/uploads\/2017\/02\/resized-IMGP7874-e1486879068660-201x300.jpg\" alt=\"\" width=\"201\" height=\"300\" srcset=\"https:\/\/fablab-montagny-pres-louhans.fr\/wp-content\/uploads\/2017\/02\/resized-IMGP7874-e1486879068660-201x300.jpg 201w, https:\/\/fablab-montagny-pres-louhans.fr\/wp-content\/uploads\/2017\/02\/resized-IMGP7874-e1486879068660.jpg 685w\" sizes=\"(max-width: 201px) 100vw, 201px\" \/><img loading=\"lazy\" decoding=\"async\" class=\"alignnone size-medium wp-image-334\" src=\"https:\/\/fablab-montagny-pres-louhans.fr\/wp-content\/uploads\/2017\/02\/IMG_2503-e1486923420176-200x300.jpg\" alt=\"\" width=\"200\" height=\"300\" srcset=\"https:\/\/fablab-montagny-pres-louhans.fr\/wp-content\/uploads\/2017\/02\/IMG_2503-e1486923420176-200x300.jpg 200w, https:\/\/fablab-montagny-pres-louhans.fr\/wp-content\/uploads\/2017\/02\/IMG_2503-e1486923420176.jpg 681w\" sizes=\"(max-width: 200px) 100vw, 200px\" \/><\/p>\n<p>Pour la paraffine, on peut refroidir chaque couche en trempant la bougie dans de l&rsquo;eau froide. Pour la cire (ma pr\u00e9f\u00e9rence), c&rsquo;est plus long et on se prend \u00e0 m\u00e9diter entre chaque phase de refroidissement. L&rsquo;esprit se suspend et la main, au dessus de la cire chaude, aussi&#8230; C&rsquo;est Zen la bougie ! Yvonne m&rsquo;a confi\u00e9 qu&rsquo;un peu de musique classique et un verre de Bourgogne permettaient de se faire une petite\u00a0f\u00eate tout seul :-). Festif la bougie<\/p>\n<p>La fabrication \u00e0 partir de la paraffine est super ludique et les enfants se r\u00e9galent avec les couleurs. Les papas avec la taille curieusement ? \u00a0De beaux sp\u00e9cimens ont \u00e9t\u00e9 produits &#8230; mais d\u00e9sol\u00e9 pas de photos \ud83d\ude42<\/p>\n<p>Une fois que la bougie a atteint le bon diam\u00e8tre ce n&rsquo;est pas fini. On peu faire plein de choses &#8230;<\/p>\n<p><img loading=\"lazy\" decoding=\"async\" class=\"size-medium wp-image-252 alignnone\" src=\"https:\/\/fablab-montagny-pres-louhans.fr\/wp-content\/uploads\/2017\/02\/resized-IMGP7884-e1486878993143-201x300.jpg\" alt=\"\" width=\"201\" height=\"300\" srcset=\"https:\/\/fablab-montagny-pres-louhans.fr\/wp-content\/uploads\/2017\/02\/resized-IMGP7884-e1486878993143-201x300.jpg 201w, https:\/\/fablab-montagny-pres-louhans.fr\/wp-content\/uploads\/2017\/02\/resized-IMGP7884-e1486878993143.jpg 685w\" sizes=\"(max-width: 201px) 100vw, 201px\" \/><img loading=\"lazy\" decoding=\"async\" class=\"wp-image-269 size-medium alignnone\" src=\"https:\/\/fablab-montagny-pres-louhans.fr\/wp-content\/uploads\/2017\/02\/resized-IMGP7904-e1486881631870-201x300.jpg\" width=\"201\" height=\"300\" srcset=\"https:\/\/fablab-montagny-pres-louhans.fr\/wp-content\/uploads\/2017\/02\/resized-IMGP7904-e1486881631870-201x300.jpg 201w, https:\/\/fablab-montagny-pres-louhans.fr\/wp-content\/uploads\/2017\/02\/resized-IMGP7904-e1486881631870.jpg 685w\" sizes=\"(max-width: 201px) 100vw, 201px\" \/><img loading=\"lazy\" decoding=\"async\" class=\"wp-image-288 size-medium alignnone\" src=\"https:\/\/fablab-montagny-pres-louhans.fr\/wp-content\/uploads\/2017\/02\/resized-IMGP7923-e1486881670995-201x300.jpg\" width=\"201\" height=\"300\" srcset=\"https:\/\/fablab-montagny-pres-louhans.fr\/wp-content\/uploads\/2017\/02\/resized-IMGP7923-e1486881670995-201x300.jpg 201w, https:\/\/fablab-montagny-pres-louhans.fr\/wp-content\/uploads\/2017\/02\/resized-IMGP7923-e1486881670995.jpg 685w\" sizes=\"(max-width: 201px) 100vw, 201px\" \/><img loading=\"lazy\" decoding=\"async\" class=\"size-medium wp-image-298 alignnone\" src=\"https:\/\/fablab-montagny-pres-louhans.fr\/wp-content\/uploads\/2017\/02\/resized-IMGP7933-e1486878420443-283x300.jpg\" alt=\"\" width=\"283\" height=\"300\" srcset=\"https:\/\/fablab-montagny-pres-louhans.fr\/wp-content\/uploads\/2017\/02\/resized-IMGP7933-e1486878420443-283x300.jpg 283w, https:\/\/fablab-montagny-pres-louhans.fr\/wp-content\/uploads\/2017\/02\/resized-IMGP7933-e1486878420443.jpg 527w\" sizes=\"(max-width: 283px) 100vw, 283px\" \/><img loading=\"lazy\" decoding=\"async\" class=\"size-medium wp-image-335 aligncenter\" src=\"https:\/\/fablab-montagny-pres-louhans.fr\/wp-content\/uploads\/2017\/02\/IMG_2507-e1486923390581-200x300.jpg\" alt=\"\" width=\"200\" height=\"300\" srcset=\"https:\/\/fablab-montagny-pres-louhans.fr\/wp-content\/uploads\/2017\/02\/IMG_2507-e1486923390581-200x300.jpg 200w, https:\/\/fablab-montagny-pres-louhans.fr\/wp-content\/uploads\/2017\/02\/IMG_2507-e1486923390581.jpg 681w\" sizes=\"(max-width: 200px) 100vw, 200px\" \/><\/p>\n<p>&#8230;. On joue avec les diff\u00e9rentes couches et on accole \u00e0 chaud des rondelles de bougie. On aplatie avec un rouleau en marbre la cire chaude et on torsade \u00e0 la main. Il faut faire attention d&rsquo;avoir une \u00e9paisseur constante sinon elle se tord plus vite l\u00e0 o\u00f9 l&rsquo;\u00e9paisseur est moindre.<\/p>\n<p>On peut entailler la bougie avec un canif et d\u00e9coller d\u00e9licatement l&rsquo;entaille afin de faire appara\u00eetre une \u00ab\u00a0feuille\u00a0\u00bb color\u00e9e le long de la \u00ab\u00a0tige\u00a0\u00bb.<\/p>\n<p>Ou alors coller de petits objets. Bref, comme d&rsquo;habitude la limite c&rsquo;est l&rsquo;imagination.<\/p>\n<p>Alors bon &#8230; ok, des bougies c&rsquo;est super mais bon &#8230;. c&rsquo;est pas non plus super \u00ab\u00a0FabLab\u00a0\u00bb\u00a0hein ?<\/p>\n<p>Et bien si, voila ce qu&rsquo;on peut \u00ab\u00a0hacker\u00a0\u00bb\u00a0avec de l&rsquo;imagination, de l&rsquo;altruisme et une imprimante 3D.<\/p>\n<p>&nbsp;<\/p>\n<p><img loading=\"lazy\" decoding=\"async\" class=\"wp-image-283  alignnone\" src=\"https:\/\/fablab-montagny-pres-louhans.fr\/wp-content\/uploads\/2017\/02\/resized-IMGP7918-e1486882173991-201x300.jpg\" width=\"200\" height=\"299\" srcset=\"https:\/\/fablab-montagny-pres-louhans.fr\/wp-content\/uploads\/2017\/02\/resized-IMGP7918-e1486882173991-201x300.jpg 201w, https:\/\/fablab-montagny-pres-louhans.fr\/wp-content\/uploads\/2017\/02\/resized-IMGP7918-e1486882173991.jpg 685w\" sizes=\"(max-width: 200px) 100vw, 200px\" \/><img loading=\"lazy\" decoding=\"async\" class=\"wp-image-291 alignnone\" src=\"https:\/\/fablab-montagny-pres-louhans.fr\/wp-content\/uploads\/2017\/02\/resized-IMGP7926-e1486878518581-246x300.jpg\" alt=\"\" width=\"245\" height=\"298\" srcset=\"https:\/\/fablab-montagny-pres-louhans.fr\/wp-content\/uploads\/2017\/02\/resized-IMGP7926-e1486878518581-246x300.jpg 246w, https:\/\/fablab-montagny-pres-louhans.fr\/wp-content\/uploads\/2017\/02\/resized-IMGP7926-e1486878518581.jpg 473w\" sizes=\"(max-width: 245px) 100vw, 245px\" \/><img loading=\"lazy\" decoding=\"async\" class=\"size-medium wp-image-294 alignnone\" src=\"https:\/\/fablab-montagny-pres-louhans.fr\/wp-content\/uploads\/2017\/02\/resized-IMGP7929-e1486878461527-234x300.jpg\" alt=\"\" width=\"234\" height=\"300\" srcset=\"https:\/\/fablab-montagny-pres-louhans.fr\/wp-content\/uploads\/2017\/02\/resized-IMGP7929-e1486878461527-234x300.jpg 234w, https:\/\/fablab-montagny-pres-louhans.fr\/wp-content\/uploads\/2017\/02\/resized-IMGP7929-e1486878461527.jpg 422w\" sizes=\"(max-width: 234px) 100vw, 234px\" \/><\/p>\n<p><img loading=\"lazy\" decoding=\"async\" class=\"alignnone wp-image-304 size-medium\" src=\"https:\/\/fablab-montagny-pres-louhans.fr\/wp-content\/uploads\/2017\/02\/resized-IMGP7939-e1486882287704-201x300.jpg\" width=\"201\" height=\"300\" srcset=\"https:\/\/fablab-montagny-pres-louhans.fr\/wp-content\/uploads\/2017\/02\/resized-IMGP7939-e1486882287704-201x300.jpg 201w, https:\/\/fablab-montagny-pres-louhans.fr\/wp-content\/uploads\/2017\/02\/resized-IMGP7939-e1486882287704.jpg 685w\" sizes=\"(max-width: 201px) 100vw, 201px\" \/><img loading=\"lazy\" decoding=\"async\" class=\"size-medium wp-image-305 alignnone\" src=\"https:\/\/fablab-montagny-pres-louhans.fr\/wp-content\/uploads\/2017\/02\/resized-IMGP7940-e1486878277638-201x300.jpg\" alt=\"\" width=\"201\" height=\"300\" srcset=\"https:\/\/fablab-montagny-pres-louhans.fr\/wp-content\/uploads\/2017\/02\/resized-IMGP7940-e1486878277638-201x300.jpg 201w, https:\/\/fablab-montagny-pres-louhans.fr\/wp-content\/uploads\/2017\/02\/resized-IMGP7940-e1486878277638.jpg 685w\" sizes=\"(max-width: 201px) 100vw, 201px\" \/><img loading=\"lazy\" decoding=\"async\" class=\"size-medium wp-image-311 alignnone\" src=\"https:\/\/fablab-montagny-pres-louhans.fr\/wp-content\/uploads\/2017\/02\/resized-IMGP7946-e1486878097244-201x300.jpg\" alt=\"\" width=\"201\" height=\"300\" srcset=\"https:\/\/fablab-montagny-pres-louhans.fr\/wp-content\/uploads\/2017\/02\/resized-IMGP7946-e1486878097244-201x300.jpg 201w, https:\/\/fablab-montagny-pres-louhans.fr\/wp-content\/uploads\/2017\/02\/resized-IMGP7946-e1486878097244.jpg 685w\" sizes=\"(max-width: 201px) 100vw, 201px\" \/><img loading=\"lazy\" decoding=\"async\" class=\"wp-image-313 size-medium alignnone\" src=\"https:\/\/fablab-montagny-pres-louhans.fr\/wp-content\/uploads\/2017\/02\/resized-IMGP7948-e1486882326325-201x300.jpg\" width=\"201\" height=\"300\" srcset=\"https:\/\/fablab-montagny-pres-louhans.fr\/wp-content\/uploads\/2017\/02\/resized-IMGP7948-e1486882326325-201x300.jpg 201w, https:\/\/fablab-montagny-pres-louhans.fr\/wp-content\/uploads\/2017\/02\/resized-IMGP7948-e1486882326325.jpg 685w\" sizes=\"(max-width: 201px) 100vw, 201px\" \/><\/p>\n<p>Bravo Sylvain \u00ab\u00a0King of Model\u00a0\u00bb !<\/p>\n<p>Alors maintenant merci.\u00a0Merci \u00e0 Yvonne pour cette id\u00e9e g\u00e9nialissime &#8230;<\/p>\n<p><img loading=\"lazy\" decoding=\"async\" class=\"alignnone size-medium wp-image-253 aligncenter\" src=\"https:\/\/fablab-montagny-pres-louhans.fr\/wp-content\/uploads\/2017\/02\/resized-IMGP7885-e1486878981871-204x300.jpg\" alt=\"\" width=\"204\" height=\"300\" srcset=\"https:\/\/fablab-montagny-pres-louhans.fr\/wp-content\/uploads\/2017\/02\/resized-IMGP7885-e1486878981871-204x300.jpg 204w, https:\/\/fablab-montagny-pres-louhans.fr\/wp-content\/uploads\/2017\/02\/resized-IMGP7885-e1486878981871.jpg 440w\" sizes=\"(max-width: 204px) 100vw, 204px\" \/><\/p>\n<p>&#8230; et ce don de\u00a0temps, de mati\u00e8res, d&rsquo;\u00e9quipements pour la communaut\u00e9 et toujours merci \u00e0 \u00ab\u00a0Heckle and Jeckle\u00a0\u00bb, \u00ab\u00a0Bonnie and Clyde\u00a0\u00bb, le duo infernal \u00ab\u00a0Elise et Roger\u00a0\u00bb qui nous r\u00e9galent et permettent \u00e0 tous de d\u00e9coller vers la lune, voire au del\u00e0, dans la galaxie afin de d\u00e9couvrir toujours plus de choses.<\/p>\n<p>Merci \u00e0 toutes et tous qui\u00a0avez\u00a0particip\u00e9 et \u00e0 tr\u00e8s bient\u00f4t pour de nouvelles aventuuuuuures !<\/p>\n","protected":false},"excerpt":{"rendered":"<p>C&rsquo;est gr\u00e2ce \u00e0 Yvonne que le laboM a pu d\u00e9couvrir les\u00a0proc\u00e9d\u00e9s de fabrication des bougies \u00e0 la cire d&rsquo;abeille et \u00e0 la paraffine. Cela peut para\u00eetre curieux pour un \u00ab\u00a0FabLab\u00a0\u00bb de s&rsquo;int\u00e9resser \u00e0 ce genre de choses pas vraiment num\u00e9rique, mais le LaboM est comme \u00e7a et aime \u00e7a, car tout est int\u00e9ressant, et tout [&hellip;]<\/p>\n","protected":false},"author":1,"featured_media":0,"comment_status":"closed","ping_status":"open","sticky":false,"template":"","format":"standard","meta":{"_et_pb_use_builder":"","_et_pb_old_content":"","_et_gb_content_width":"","rop_custom_images_group":[],"rop_custom_messages_group":[],"rop_publish_now":"initial","rop_publish_now_accounts":{"facebook_1992431424458146_173380702515979":""},"rop_publish_now_history":[],"rop_publish_now_status":"pending","footnotes":""},"categories":[5,2],"tags":[],"class_list":["post-318","post","type-post","status-publish","format-standard","hentry","category-loisirs-creatifs","category-news"],"yoast_head":"<!-- This site is optimized with the Yoast SEO plugin v27.3 - https:\/\/yoast.com\/product\/yoast-seo-wordpress\/ -->\n<title>La main et l&#039;esprit, faites des bougies ! - Le FabLab<\/title>\n<meta name=\"robots\" content=\"noindex, follow, max-snippet:-1, max-image-preview:large, max-video-preview:-1\" \/>\n<meta property=\"og:locale\" content=\"fr_FR\" \/>\n<meta property=\"og:type\" content=\"article\" \/>\n<meta property=\"og:title\" content=\"La main et l&#039;esprit, faites des bougies ! - Le FabLab\" \/>\n<meta property=\"og:description\" content=\"C&rsquo;est gr\u00e2ce \u00e0 Yvonne que le laboM a pu d\u00e9couvrir les\u00a0proc\u00e9d\u00e9s de fabrication des bougies \u00e0 la cire d&rsquo;abeille et \u00e0 la paraffine. Cela peut para\u00eetre curieux pour un \u00ab\u00a0FabLab\u00a0\u00bb de s&rsquo;int\u00e9resser \u00e0 ce genre de choses pas vraiment num\u00e9rique, mais le LaboM est comme \u00e7a et aime \u00e7a, car tout est int\u00e9ressant, et tout [&hellip;]\" \/>\n<meta property=\"og:url\" content=\"https:\/\/fablab-montagny-pres-louhans.fr\/index.php\/2017\/02\/12\/la-main-et-lesprit-faites-des-bougies\/\" \/>\n<meta property=\"og:site_name\" content=\"Le FabLab\" \/>\n<meta property=\"article:publisher\" content=\"https:\/\/www.facebook.com\/fablab.labom\/\" \/>\n<meta property=\"article:published_time\" content=\"2017-02-12T07:08:58+00:00\" \/>\n<meta property=\"article:modified_time\" content=\"2017-02-13T06:06:41+00:00\" \/>\n<meta property=\"og:image\" content=\"https:\/\/fablab-montagny-pres-louhans.fr\/wp-content\/uploads\/2017\/02\/resized-IMGP7875-300x201.jpg\" \/>\n<meta name=\"author\" content=\"Mo\" \/>\n<meta name=\"twitter:card\" content=\"summary_large_image\" \/>\n<meta name=\"twitter:label1\" content=\"\u00c9crit par\" \/>\n\t<meta name=\"twitter:data1\" content=\"Mo\" \/>\n\t<meta name=\"twitter:label2\" content=\"Dur\u00e9e de lecture estim\u00e9e\" \/>\n\t<meta name=\"twitter:data2\" content=\"3 minutes\" \/>\n<script type=\"application\/ld+json\" class=\"yoast-schema-graph\">{\"@context\":\"https:\\\/\\\/schema.org\",\"@graph\":[{\"@type\":\"Article\",\"@id\":\"https:\\\/\\\/fablab-montagny-pres-louhans.fr\\\/index.php\\\/2017\\\/02\\\/12\\\/la-main-et-lesprit-faites-des-bougies\\\/#article\",\"isPartOf\":{\"@id\":\"https:\\\/\\\/fablab-montagny-pres-louhans.fr\\\/index.php\\\/2017\\\/02\\\/12\\\/la-main-et-lesprit-faites-des-bougies\\\/\"},\"author\":{\"name\":\"Mo\",\"@id\":\"https:\\\/\\\/fablab-montagny-pres-louhans.fr\\\/#\\\/schema\\\/person\\\/8456266e713876daefebd9e75b7bba60\"},\"headline\":\"La main et l&rsquo;esprit, faites des bougies !\",\"datePublished\":\"2017-02-12T07:08:58+00:00\",\"dateModified\":\"2017-02-13T06:06:41+00:00\",\"mainEntityOfPage\":{\"@id\":\"https:\\\/\\\/fablab-montagny-pres-louhans.fr\\\/index.php\\\/2017\\\/02\\\/12\\\/la-main-et-lesprit-faites-des-bougies\\\/\"},\"wordCount\":529,\"publisher\":{\"@id\":\"https:\\\/\\\/fablab-montagny-pres-louhans.fr\\\/#organization\"},\"image\":{\"@id\":\"https:\\\/\\\/fablab-montagny-pres-louhans.fr\\\/index.php\\\/2017\\\/02\\\/12\\\/la-main-et-lesprit-faites-des-bougies\\\/#primaryimage\"},\"thumbnailUrl\":\"https:\\\/\\\/fablab-montagny-pres-louhans.fr\\\/wp-content\\\/uploads\\\/2017\\\/02\\\/resized-IMGP7875-300x201.jpg\",\"articleSection\":[\"Loisirs cr\u00e9atifs\",\"News\"],\"inLanguage\":\"fr-FR\"},{\"@type\":\"WebPage\",\"@id\":\"https:\\\/\\\/fablab-montagny-pres-louhans.fr\\\/index.php\\\/2017\\\/02\\\/12\\\/la-main-et-lesprit-faites-des-bougies\\\/\",\"url\":\"https:\\\/\\\/fablab-montagny-pres-louhans.fr\\\/index.php\\\/2017\\\/02\\\/12\\\/la-main-et-lesprit-faites-des-bougies\\\/\",\"name\":\"La main et l'esprit, faites des bougies ! - Le FabLab\",\"isPartOf\":{\"@id\":\"https:\\\/\\\/fablab-montagny-pres-louhans.fr\\\/#website\"},\"primaryImageOfPage\":{\"@id\":\"https:\\\/\\\/fablab-montagny-pres-louhans.fr\\\/index.php\\\/2017\\\/02\\\/12\\\/la-main-et-lesprit-faites-des-bougies\\\/#primaryimage\"},\"image\":{\"@id\":\"https:\\\/\\\/fablab-montagny-pres-louhans.fr\\\/index.php\\\/2017\\\/02\\\/12\\\/la-main-et-lesprit-faites-des-bougies\\\/#primaryimage\"},\"thumbnailUrl\":\"https:\\\/\\\/fablab-montagny-pres-louhans.fr\\\/wp-content\\\/uploads\\\/2017\\\/02\\\/resized-IMGP7875-300x201.jpg\",\"datePublished\":\"2017-02-12T07:08:58+00:00\",\"dateModified\":\"2017-02-13T06:06:41+00:00\",\"breadcrumb\":{\"@id\":\"https:\\\/\\\/fablab-montagny-pres-louhans.fr\\\/index.php\\\/2017\\\/02\\\/12\\\/la-main-et-lesprit-faites-des-bougies\\\/#breadcrumb\"},\"inLanguage\":\"fr-FR\",\"potentialAction\":[{\"@type\":\"ReadAction\",\"target\":[\"https:\\\/\\\/fablab-montagny-pres-louhans.fr\\\/index.php\\\/2017\\\/02\\\/12\\\/la-main-et-lesprit-faites-des-bougies\\\/\"]}]},{\"@type\":\"ImageObject\",\"inLanguage\":\"fr-FR\",\"@id\":\"https:\\\/\\\/fablab-montagny-pres-louhans.fr\\\/index.php\\\/2017\\\/02\\\/12\\\/la-main-et-lesprit-faites-des-bougies\\\/#primaryimage\",\"url\":\"https:\\\/\\\/fablab-montagny-pres-louhans.fr\\\/wp-content\\\/uploads\\\/2017\\\/02\\\/resized-IMGP7875.jpg\",\"contentUrl\":\"https:\\\/\\\/fablab-montagny-pres-louhans.fr\\\/wp-content\\\/uploads\\\/2017\\\/02\\\/resized-IMGP7875.jpg\",\"width\":1024,\"height\":685},{\"@type\":\"BreadcrumbList\",\"@id\":\"https:\\\/\\\/fablab-montagny-pres-louhans.fr\\\/index.php\\\/2017\\\/02\\\/12\\\/la-main-et-lesprit-faites-des-bougies\\\/#breadcrumb\",\"itemListElement\":[{\"@type\":\"ListItem\",\"position\":1,\"name\":\"Accueil\",\"item\":\"https:\\\/\\\/fablab-montagny-pres-louhans.fr\\\/\"},{\"@type\":\"ListItem\",\"position\":2,\"name\":\"La main et l&rsquo;esprit, faites des bougies !\"}]},{\"@type\":\"WebSite\",\"@id\":\"https:\\\/\\\/fablab-montagny-pres-louhans.fr\\\/#website\",\"url\":\"https:\\\/\\\/fablab-montagny-pres-louhans.fr\\\/\",\"name\":\"Le FabLab\",\"description\":\"Le premier de Bresse\",\"publisher\":{\"@id\":\"https:\\\/\\\/fablab-montagny-pres-louhans.fr\\\/#organization\"},\"potentialAction\":[{\"@type\":\"SearchAction\",\"target\":{\"@type\":\"EntryPoint\",\"urlTemplate\":\"https:\\\/\\\/fablab-montagny-pres-louhans.fr\\\/?s={search_term_string}\"},\"query-input\":{\"@type\":\"PropertyValueSpecification\",\"valueRequired\":true,\"valueName\":\"search_term_string\"}}],\"inLanguage\":\"fr-FR\"},{\"@type\":\"Organization\",\"@id\":\"https:\\\/\\\/fablab-montagny-pres-louhans.fr\\\/#organization\",\"name\":\"Le FabLab\",\"url\":\"https:\\\/\\\/fablab-montagny-pres-louhans.fr\\\/\",\"logo\":{\"@type\":\"ImageObject\",\"inLanguage\":\"fr-FR\",\"@id\":\"https:\\\/\\\/fablab-montagny-pres-louhans.fr\\\/#\\\/schema\\\/logo\\\/image\\\/\",\"url\":\"https:\\\/\\\/fablab-montagny-pres-louhans.fr\\\/wp-content\\\/uploads\\\/2023\\\/02\\\/FABALB-logo.png\",\"contentUrl\":\"https:\\\/\\\/fablab-montagny-pres-louhans.fr\\\/wp-content\\\/uploads\\\/2023\\\/02\\\/FABALB-logo.png\",\"width\":250,\"height\":260,\"caption\":\"Le FabLab\"},\"image\":{\"@id\":\"https:\\\/\\\/fablab-montagny-pres-louhans.fr\\\/#\\\/schema\\\/logo\\\/image\\\/\"},\"sameAs\":[\"https:\\\/\\\/www.facebook.com\\\/fablab.labom\\\/\"]},{\"@type\":\"Person\",\"@id\":\"https:\\\/\\\/fablab-montagny-pres-louhans.fr\\\/#\\\/schema\\\/person\\\/8456266e713876daefebd9e75b7bba60\",\"name\":\"Mo\",\"image\":{\"@type\":\"ImageObject\",\"inLanguage\":\"fr-FR\",\"@id\":\"https:\\\/\\\/fablab-montagny-pres-louhans.fr\\\/wp-content\\\/litespeed\\\/avatar\\\/0cd8c0fa40492fbe802afa80739e06e7.jpg?ver=1777249441\",\"url\":\"https:\\\/\\\/fablab-montagny-pres-louhans.fr\\\/wp-content\\\/litespeed\\\/avatar\\\/0cd8c0fa40492fbe802afa80739e06e7.jpg?ver=1777249441\",\"contentUrl\":\"https:\\\/\\\/fablab-montagny-pres-louhans.fr\\\/wp-content\\\/litespeed\\\/avatar\\\/0cd8c0fa40492fbe802afa80739e06e7.jpg?ver=1777249441\",\"caption\":\"Mo\"},\"url\":\"https:\\\/\\\/fablab-montagny-pres-louhans.fr\\\/index.php\\\/author\\\/dominique\\\/\"}]}<\/script>\n<!-- \/ Yoast SEO plugin. -->","yoast_head_json":{"title":"La main et l'esprit, faites des bougies ! - Le FabLab","robots":{"index":"noindex","follow":"follow","max-snippet":"max-snippet:-1","max-image-preview":"max-image-preview:large","max-video-preview":"max-video-preview:-1"},"og_locale":"fr_FR","og_type":"article","og_title":"La main et l'esprit, faites des bougies ! - Le FabLab","og_description":"C&rsquo;est gr\u00e2ce \u00e0 Yvonne que le laboM a pu d\u00e9couvrir les\u00a0proc\u00e9d\u00e9s de fabrication des bougies \u00e0 la cire d&rsquo;abeille et \u00e0 la paraffine. Cela peut para\u00eetre curieux pour un \u00ab\u00a0FabLab\u00a0\u00bb de s&rsquo;int\u00e9resser \u00e0 ce genre de choses pas vraiment num\u00e9rique, mais le LaboM est comme \u00e7a et aime \u00e7a, car tout est int\u00e9ressant, et tout [&hellip;]","og_url":"https:\/\/fablab-montagny-pres-louhans.fr\/index.php\/2017\/02\/12\/la-main-et-lesprit-faites-des-bougies\/","og_site_name":"Le FabLab","article_publisher":"https:\/\/www.facebook.com\/fablab.labom\/","article_published_time":"2017-02-12T07:08:58+00:00","article_modified_time":"2017-02-13T06:06:41+00:00","og_image":[{"url":"https:\/\/fablab-montagny-pres-louhans.fr\/wp-content\/uploads\/2017\/02\/resized-IMGP7875-300x201.jpg","type":"","width":"","height":""}],"author":"Mo","twitter_card":"summary_large_image","twitter_misc":{"\u00c9crit par":"Mo","Dur\u00e9e de lecture estim\u00e9e":"3 minutes"},"schema":{"@context":"https:\/\/schema.org","@graph":[{"@type":"Article","@id":"https:\/\/fablab-montagny-pres-louhans.fr\/index.php\/2017\/02\/12\/la-main-et-lesprit-faites-des-bougies\/#article","isPartOf":{"@id":"https:\/\/fablab-montagny-pres-louhans.fr\/index.php\/2017\/02\/12\/la-main-et-lesprit-faites-des-bougies\/"},"author":{"name":"Mo","@id":"https:\/\/fablab-montagny-pres-louhans.fr\/#\/schema\/person\/8456266e713876daefebd9e75b7bba60"},"headline":"La main et l&rsquo;esprit, faites des bougies !","datePublished":"2017-02-12T07:08:58+00:00","dateModified":"2017-02-13T06:06:41+00:00","mainEntityOfPage":{"@id":"https:\/\/fablab-montagny-pres-louhans.fr\/index.php\/2017\/02\/12\/la-main-et-lesprit-faites-des-bougies\/"},"wordCount":529,"publisher":{"@id":"https:\/\/fablab-montagny-pres-louhans.fr\/#organization"},"image":{"@id":"https:\/\/fablab-montagny-pres-louhans.fr\/index.php\/2017\/02\/12\/la-main-et-lesprit-faites-des-bougies\/#primaryimage"},"thumbnailUrl":"https:\/\/fablab-montagny-pres-louhans.fr\/wp-content\/uploads\/2017\/02\/resized-IMGP7875-300x201.jpg","articleSection":["Loisirs cr\u00e9atifs","News"],"inLanguage":"fr-FR"},{"@type":"WebPage","@id":"https:\/\/fablab-montagny-pres-louhans.fr\/index.php\/2017\/02\/12\/la-main-et-lesprit-faites-des-bougies\/","url":"https:\/\/fablab-montagny-pres-louhans.fr\/index.php\/2017\/02\/12\/la-main-et-lesprit-faites-des-bougies\/","name":"La main et l'esprit, faites des bougies ! - Le FabLab","isPartOf":{"@id":"https:\/\/fablab-montagny-pres-louhans.fr\/#website"},"primaryImageOfPage":{"@id":"https:\/\/fablab-montagny-pres-louhans.fr\/index.php\/2017\/02\/12\/la-main-et-lesprit-faites-des-bougies\/#primaryimage"},"image":{"@id":"https:\/\/fablab-montagny-pres-louhans.fr\/index.php\/2017\/02\/12\/la-main-et-lesprit-faites-des-bougies\/#primaryimage"},"thumbnailUrl":"https:\/\/fablab-montagny-pres-louhans.fr\/wp-content\/uploads\/2017\/02\/resized-IMGP7875-300x201.jpg","datePublished":"2017-02-12T07:08:58+00:00","dateModified":"2017-02-13T06:06:41+00:00","breadcrumb":{"@id":"https:\/\/fablab-montagny-pres-louhans.fr\/index.php\/2017\/02\/12\/la-main-et-lesprit-faites-des-bougies\/#breadcrumb"},"inLanguage":"fr-FR","potentialAction":[{"@type":"ReadAction","target":["https:\/\/fablab-montagny-pres-louhans.fr\/index.php\/2017\/02\/12\/la-main-et-lesprit-faites-des-bougies\/"]}]},{"@type":"ImageObject","inLanguage":"fr-FR","@id":"https:\/\/fablab-montagny-pres-louhans.fr\/index.php\/2017\/02\/12\/la-main-et-lesprit-faites-des-bougies\/#primaryimage","url":"https:\/\/fablab-montagny-pres-louhans.fr\/wp-content\/uploads\/2017\/02\/resized-IMGP7875.jpg","contentUrl":"https:\/\/fablab-montagny-pres-louhans.fr\/wp-content\/uploads\/2017\/02\/resized-IMGP7875.jpg","width":1024,"height":685},{"@type":"BreadcrumbList","@id":"https:\/\/fablab-montagny-pres-louhans.fr\/index.php\/2017\/02\/12\/la-main-et-lesprit-faites-des-bougies\/#breadcrumb","itemListElement":[{"@type":"ListItem","position":1,"name":"Accueil","item":"https:\/\/fablab-montagny-pres-louhans.fr\/"},{"@type":"ListItem","position":2,"name":"La main et l&rsquo;esprit, faites des bougies !"}]},{"@type":"WebSite","@id":"https:\/\/fablab-montagny-pres-louhans.fr\/#website","url":"https:\/\/fablab-montagny-pres-louhans.fr\/","name":"Le FabLab","description":"Le premier de Bresse","publisher":{"@id":"https:\/\/fablab-montagny-pres-louhans.fr\/#organization"},"potentialAction":[{"@type":"SearchAction","target":{"@type":"EntryPoint","urlTemplate":"https:\/\/fablab-montagny-pres-louhans.fr\/?s={search_term_string}"},"query-input":{"@type":"PropertyValueSpecification","valueRequired":true,"valueName":"search_term_string"}}],"inLanguage":"fr-FR"},{"@type":"Organization","@id":"https:\/\/fablab-montagny-pres-louhans.fr\/#organization","name":"Le FabLab","url":"https:\/\/fablab-montagny-pres-louhans.fr\/","logo":{"@type":"ImageObject","inLanguage":"fr-FR","@id":"https:\/\/fablab-montagny-pres-louhans.fr\/#\/schema\/logo\/image\/","url":"https:\/\/fablab-montagny-pres-louhans.fr\/wp-content\/uploads\/2023\/02\/FABALB-logo.png","contentUrl":"https:\/\/fablab-montagny-pres-louhans.fr\/wp-content\/uploads\/2023\/02\/FABALB-logo.png","width":250,"height":260,"caption":"Le FabLab"},"image":{"@id":"https:\/\/fablab-montagny-pres-louhans.fr\/#\/schema\/logo\/image\/"},"sameAs":["https:\/\/www.facebook.com\/fablab.labom\/"]},{"@type":"Person","@id":"https:\/\/fablab-montagny-pres-louhans.fr\/#\/schema\/person\/8456266e713876daefebd9e75b7bba60","name":"Mo","image":{"@type":"ImageObject","inLanguage":"fr-FR","@id":"https:\/\/fablab-montagny-pres-louhans.fr\/wp-content\/litespeed\/avatar\/0cd8c0fa40492fbe802afa80739e06e7.jpg?ver=1777249441","url":"https:\/\/fablab-montagny-pres-louhans.fr\/wp-content\/litespeed\/avatar\/0cd8c0fa40492fbe802afa80739e06e7.jpg?ver=1777249441","contentUrl":"https:\/\/fablab-montagny-pres-louhans.fr\/wp-content\/litespeed\/avatar\/0cd8c0fa40492fbe802afa80739e06e7.jpg?ver=1777249441","caption":"Mo"},"url":"https:\/\/fablab-montagny-pres-louhans.fr\/index.php\/author\/dominique\/"}]}},"_links":{"self":[{"href":"https:\/\/fablab-montagny-pres-louhans.fr\/index.php\/wp-json\/wp\/v2\/posts\/318","targetHints":{"allow":["GET"]}}],"collection":[{"href":"https:\/\/fablab-montagny-pres-louhans.fr\/index.php\/wp-json\/wp\/v2\/posts"}],"about":[{"href":"https:\/\/fablab-montagny-pres-louhans.fr\/index.php\/wp-json\/wp\/v2\/types\/post"}],"author":[{"embeddable":true,"href":"https:\/\/fablab-montagny-pres-louhans.fr\/index.php\/wp-json\/wp\/v2\/users\/1"}],"replies":[{"embeddable":true,"href":"https:\/\/fablab-montagny-pres-louhans.fr\/index.php\/wp-json\/wp\/v2\/comments?post=318"}],"version-history":[{"count":11,"href":"https:\/\/fablab-montagny-pres-louhans.fr\/index.php\/wp-json\/wp\/v2\/posts\/318\/revisions"}],"predecessor-version":[{"id":338,"href":"https:\/\/fablab-montagny-pres-louhans.fr\/index.php\/wp-json\/wp\/v2\/posts\/318\/revisions\/338"}],"wp:attachment":[{"href":"https:\/\/fablab-montagny-pres-louhans.fr\/index.php\/wp-json\/wp\/v2\/media?parent=318"}],"wp:term":[{"taxonomy":"category","embeddable":true,"href":"https:\/\/fablab-montagny-pres-louhans.fr\/index.php\/wp-json\/wp\/v2\/categories?post=318"},{"taxonomy":"post_tag","embeddable":true,"href":"https:\/\/fablab-montagny-pres-louhans.fr\/index.php\/wp-json\/wp\/v2\/tags?post=318"}],"curies":[{"name":"wp","href":"https:\/\/api.w.org\/{rel}","templated":true}]}}