{"id":2912,"date":"2019-10-19T16:17:07","date_gmt":"2019-10-19T14:17:07","guid":{"rendered":"https:\/\/fablab-montagny-pres-louhans.fr\/?p=2912"},"modified":"2019-10-19T16:17:13","modified_gmt":"2019-10-19T14:17:13","slug":"etiquettes-laser","status":"publish","type":"post","link":"https:\/\/fablab-montagny-pres-louhans.fr\/index.php\/2019\/10\/19\/etiquettes-laser\/","title":{"rendered":"ETIQUETTES LASER"},"content":{"rendered":"\n<figure class=\"wp-block-image size-large\"><img loading=\"lazy\" decoding=\"async\" width=\"881\" height=\"661\" src=\"https:\/\/fablab-montagny-pres-louhans.fr\/wp-content\/uploads\/2019\/10\/IMG_2310.jpg\" alt=\"\" class=\"wp-image-2909\" srcset=\"https:\/\/fablab-montagny-pres-louhans.fr\/wp-content\/uploads\/2019\/10\/IMG_2310.jpg 881w, https:\/\/fablab-montagny-pres-louhans.fr\/wp-content\/uploads\/2019\/10\/IMG_2310-300x225.jpg 300w, https:\/\/fablab-montagny-pres-louhans.fr\/wp-content\/uploads\/2019\/10\/IMG_2310-768x576.jpg 768w\" sizes=\"(max-width: 881px) 100vw, 881px\" \/><figcaption>\u00e9tiquettes d&rsquo;identification de plantes<\/figcaption><\/figure>\n\n\n\n<p>Ces \u00e9tiquettes sont l&rsquo;objet d&rsquo;une commande sp\u00e9ciale. La mati\u00e8re utilis\u00e9e est un bicouches 1.5mm d&rsquo;\u00e9paisseur, r\u00e9f\u00e9rence \u00ab\u00a0Textures\u00a0\u00bb de Chez Gamma-Tec. Louis s&rsquo;est \u00ab\u00a0coll\u00e9\u00a0\u00bb \u00e0 la r\u00e9daction des noms en allemand et latin. Apr\u00e8s validation par le client, Xavier qui avait pr\u00e9alablement pr\u00e9par\u00e9 les formes \u00e0 lanc\u00e9 la machine qui, dans le m\u00eame temps a, grav\u00e9, fait les trous de fixation et d\u00e9coup\u00e9 les \u00e9tiquettes. Le laser est id\u00e9al &#8211; pr\u00e9cision, rapidit\u00e9 &#8211; pour  les grandes s\u00e9ries (ce qui n&rsquo;est pas le cas dans cet exemple)  de d\u00e9coupe de tissu, carton, bicouches, PMMA (plexiglass) etc.\u2026..<\/p>\n\n\n\n<p>Prochainement un stage d\u00e9couverte sera programm\u00e9 pour faire conna\u00eetre les possibilit\u00e9s de r\u00e9alisations que permet cette machine. <\/p>\n","protected":false},"excerpt":{"rendered":"<p>Ces \u00e9tiquettes sont l&rsquo;objet d&rsquo;une commande sp\u00e9ciale. La mati\u00e8re utilis\u00e9e est un bicouches 1.5mm d&rsquo;\u00e9paisseur, r\u00e9f\u00e9rence \u00ab\u00a0Textures\u00a0\u00bb de Chez Gamma-Tec. Louis s&rsquo;est \u00ab\u00a0coll\u00e9\u00a0\u00bb \u00e0 la r\u00e9daction des noms en allemand et latin. Apr\u00e8s validation par le client, Xavier qui avait pr\u00e9alablement pr\u00e9par\u00e9 les formes \u00e0 lanc\u00e9 la machine qui, dans le m\u00eame temps a, grav\u00e9, [&hellip;]<\/p>\n","protected":false},"author":29,"featured_media":0,"comment_status":"closed","ping_status":"open","sticky":false,"template":"","format":"standard","meta":{"_et_pb_use_builder":"","_et_pb_old_content":"","_et_gb_content_width":"","rop_custom_images_group":[],"rop_custom_messages_group":[],"rop_publish_now":"initial","rop_publish_now_accounts":{"facebook_1992431424458146_173380702515979":""},"rop_publish_now_history":[],"rop_publish_now_status":"pending","footnotes":""},"categories":[2],"tags":[],"class_list":["post-2912","post","type-post","status-publish","format-standard","hentry","category-news"],"yoast_head":"<!-- This site is optimized with the Yoast SEO plugin v27.3 - https:\/\/yoast.com\/product\/yoast-seo-wordpress\/ -->\n<title>ETIQUETTES LASER - Le FabLab<\/title>\n<meta name=\"robots\" content=\"noindex, follow, max-snippet:-1, max-image-preview:large, max-video-preview:-1\" \/>\n<meta property=\"og:locale\" content=\"fr_FR\" \/>\n<meta property=\"og:type\" content=\"article\" \/>\n<meta property=\"og:title\" content=\"ETIQUETTES LASER - Le FabLab\" \/>\n<meta property=\"og:description\" content=\"Ces \u00e9tiquettes sont l&rsquo;objet d&rsquo;une commande sp\u00e9ciale. La mati\u00e8re utilis\u00e9e est un bicouches 1.5mm d&rsquo;\u00e9paisseur, r\u00e9f\u00e9rence \u00ab\u00a0Textures\u00a0\u00bb de Chez Gamma-Tec. Louis s&rsquo;est \u00ab\u00a0coll\u00e9\u00a0\u00bb \u00e0 la r\u00e9daction des noms en allemand et latin. Apr\u00e8s validation par le client, Xavier qui avait pr\u00e9alablement pr\u00e9par\u00e9 les formes \u00e0 lanc\u00e9 la machine qui, dans le m\u00eame temps a, grav\u00e9, [&hellip;]\" \/>\n<meta property=\"og:url\" content=\"https:\/\/fablab-montagny-pres-louhans.fr\/index.php\/2019\/10\/19\/etiquettes-laser\/\" \/>\n<meta property=\"og:site_name\" content=\"Le FabLab\" \/>\n<meta property=\"article:publisher\" content=\"https:\/\/www.facebook.com\/fablab.labom\/\" \/>\n<meta property=\"article:published_time\" content=\"2019-10-19T14:17:07+00:00\" \/>\n<meta property=\"article:modified_time\" content=\"2019-10-19T14:17:13+00:00\" \/>\n<meta property=\"og:image\" content=\"https:\/\/fablab-montagny-pres-louhans.fr\/wp-content\/uploads\/2019\/10\/IMG_2310.jpg\" \/>\n<meta name=\"author\" content=\"Roger Remondy\" \/>\n<meta name=\"twitter:card\" content=\"summary_large_image\" \/>\n<meta name=\"twitter:label1\" content=\"\u00c9crit par\" \/>\n\t<meta name=\"twitter:data1\" content=\"Roger Remondy\" \/>\n\t<meta name=\"twitter:label2\" content=\"Dur\u00e9e de lecture estim\u00e9e\" \/>\n\t<meta name=\"twitter:data2\" content=\"1 minute\" \/>\n<script type=\"application\/ld+json\" class=\"yoast-schema-graph\">{\"@context\":\"https:\\\/\\\/schema.org\",\"@graph\":[{\"@type\":\"Article\",\"@id\":\"https:\\\/\\\/fablab-montagny-pres-louhans.fr\\\/index.php\\\/2019\\\/10\\\/19\\\/etiquettes-laser\\\/#article\",\"isPartOf\":{\"@id\":\"https:\\\/\\\/fablab-montagny-pres-louhans.fr\\\/index.php\\\/2019\\\/10\\\/19\\\/etiquettes-laser\\\/\"},\"author\":{\"name\":\"Roger Remondy\",\"@id\":\"https:\\\/\\\/fablab-montagny-pres-louhans.fr\\\/#\\\/schema\\\/person\\\/b4b47741bdde563325530989455fe7de\"},\"headline\":\"ETIQUETTES LASER\",\"datePublished\":\"2019-10-19T14:17:07+00:00\",\"dateModified\":\"2019-10-19T14:17:13+00:00\",\"mainEntityOfPage\":{\"@id\":\"https:\\\/\\\/fablab-montagny-pres-louhans.fr\\\/index.php\\\/2019\\\/10\\\/19\\\/etiquettes-laser\\\/\"},\"wordCount\":135,\"publisher\":{\"@id\":\"https:\\\/\\\/fablab-montagny-pres-louhans.fr\\\/#organization\"},\"image\":{\"@id\":\"https:\\\/\\\/fablab-montagny-pres-louhans.fr\\\/index.php\\\/2019\\\/10\\\/19\\\/etiquettes-laser\\\/#primaryimage\"},\"thumbnailUrl\":\"https:\\\/\\\/fablab-montagny-pres-louhans.fr\\\/wp-content\\\/uploads\\\/2019\\\/10\\\/IMG_2310.jpg\",\"articleSection\":[\"News\"],\"inLanguage\":\"fr-FR\"},{\"@type\":\"WebPage\",\"@id\":\"https:\\\/\\\/fablab-montagny-pres-louhans.fr\\\/index.php\\\/2019\\\/10\\\/19\\\/etiquettes-laser\\\/\",\"url\":\"https:\\\/\\\/fablab-montagny-pres-louhans.fr\\\/index.php\\\/2019\\\/10\\\/19\\\/etiquettes-laser\\\/\",\"name\":\"ETIQUETTES LASER - Le FabLab\",\"isPartOf\":{\"@id\":\"https:\\\/\\\/fablab-montagny-pres-louhans.fr\\\/#website\"},\"primaryImageOfPage\":{\"@id\":\"https:\\\/\\\/fablab-montagny-pres-louhans.fr\\\/index.php\\\/2019\\\/10\\\/19\\\/etiquettes-laser\\\/#primaryimage\"},\"image\":{\"@id\":\"https:\\\/\\\/fablab-montagny-pres-louhans.fr\\\/index.php\\\/2019\\\/10\\\/19\\\/etiquettes-laser\\\/#primaryimage\"},\"thumbnailUrl\":\"https:\\\/\\\/fablab-montagny-pres-louhans.fr\\\/wp-content\\\/uploads\\\/2019\\\/10\\\/IMG_2310.jpg\",\"datePublished\":\"2019-10-19T14:17:07+00:00\",\"dateModified\":\"2019-10-19T14:17:13+00:00\",\"breadcrumb\":{\"@id\":\"https:\\\/\\\/fablab-montagny-pres-louhans.fr\\\/index.php\\\/2019\\\/10\\\/19\\\/etiquettes-laser\\\/#breadcrumb\"},\"inLanguage\":\"fr-FR\",\"potentialAction\":[{\"@type\":\"ReadAction\",\"target\":[\"https:\\\/\\\/fablab-montagny-pres-louhans.fr\\\/index.php\\\/2019\\\/10\\\/19\\\/etiquettes-laser\\\/\"]}]},{\"@type\":\"ImageObject\",\"inLanguage\":\"fr-FR\",\"@id\":\"https:\\\/\\\/fablab-montagny-pres-louhans.fr\\\/index.php\\\/2019\\\/10\\\/19\\\/etiquettes-laser\\\/#primaryimage\",\"url\":\"https:\\\/\\\/fablab-montagny-pres-louhans.fr\\\/wp-content\\\/uploads\\\/2019\\\/10\\\/IMG_2310.jpg\",\"contentUrl\":\"https:\\\/\\\/fablab-montagny-pres-louhans.fr\\\/wp-content\\\/uploads\\\/2019\\\/10\\\/IMG_2310.jpg\",\"width\":881,\"height\":661},{\"@type\":\"BreadcrumbList\",\"@id\":\"https:\\\/\\\/fablab-montagny-pres-louhans.fr\\\/index.php\\\/2019\\\/10\\\/19\\\/etiquettes-laser\\\/#breadcrumb\",\"itemListElement\":[{\"@type\":\"ListItem\",\"position\":1,\"name\":\"Accueil\",\"item\":\"https:\\\/\\\/fablab-montagny-pres-louhans.fr\\\/\"},{\"@type\":\"ListItem\",\"position\":2,\"name\":\"ETIQUETTES LASER\"}]},{\"@type\":\"WebSite\",\"@id\":\"https:\\\/\\\/fablab-montagny-pres-louhans.fr\\\/#website\",\"url\":\"https:\\\/\\\/fablab-montagny-pres-louhans.fr\\\/\",\"name\":\"Le FabLab\",\"description\":\"Le premier de Bresse\",\"publisher\":{\"@id\":\"https:\\\/\\\/fablab-montagny-pres-louhans.fr\\\/#organization\"},\"potentialAction\":[{\"@type\":\"SearchAction\",\"target\":{\"@type\":\"EntryPoint\",\"urlTemplate\":\"https:\\\/\\\/fablab-montagny-pres-louhans.fr\\\/?s={search_term_string}\"},\"query-input\":{\"@type\":\"PropertyValueSpecification\",\"valueRequired\":true,\"valueName\":\"search_term_string\"}}],\"inLanguage\":\"fr-FR\"},{\"@type\":\"Organization\",\"@id\":\"https:\\\/\\\/fablab-montagny-pres-louhans.fr\\\/#organization\",\"name\":\"Le FabLab\",\"url\":\"https:\\\/\\\/fablab-montagny-pres-louhans.fr\\\/\",\"logo\":{\"@type\":\"ImageObject\",\"inLanguage\":\"fr-FR\",\"@id\":\"https:\\\/\\\/fablab-montagny-pres-louhans.fr\\\/#\\\/schema\\\/logo\\\/image\\\/\",\"url\":\"https:\\\/\\\/fablab-montagny-pres-louhans.fr\\\/wp-content\\\/uploads\\\/2023\\\/02\\\/FABALB-logo.png\",\"contentUrl\":\"https:\\\/\\\/fablab-montagny-pres-louhans.fr\\\/wp-content\\\/uploads\\\/2023\\\/02\\\/FABALB-logo.png\",\"width\":250,\"height\":260,\"caption\":\"Le FabLab\"},\"image\":{\"@id\":\"https:\\\/\\\/fablab-montagny-pres-louhans.fr\\\/#\\\/schema\\\/logo\\\/image\\\/\"},\"sameAs\":[\"https:\\\/\\\/www.facebook.com\\\/fablab.labom\\\/\"]},{\"@type\":\"Person\",\"@id\":\"https:\\\/\\\/fablab-montagny-pres-louhans.fr\\\/#\\\/schema\\\/person\\\/b4b47741bdde563325530989455fe7de\",\"name\":\"Roger Remondy\",\"image\":{\"@type\":\"ImageObject\",\"inLanguage\":\"fr-FR\",\"@id\":\"https:\\\/\\\/fablab-montagny-pres-louhans.fr\\\/wp-content\\\/litespeed\\\/avatar\\\/0636c9b2c03e4d83e562c27b768bd1cb.jpg?ver=1777239698\",\"url\":\"https:\\\/\\\/fablab-montagny-pres-louhans.fr\\\/wp-content\\\/litespeed\\\/avatar\\\/0636c9b2c03e4d83e562c27b768bd1cb.jpg?ver=1777239698\",\"contentUrl\":\"https:\\\/\\\/fablab-montagny-pres-louhans.fr\\\/wp-content\\\/litespeed\\\/avatar\\\/0636c9b2c03e4d83e562c27b768bd1cb.jpg?ver=1777239698\",\"caption\":\"Roger Remondy\"},\"url\":\"https:\\\/\\\/fablab-montagny-pres-louhans.fr\\\/index.php\\\/author\\\/roger\\\/\"}]}<\/script>\n<!-- \/ Yoast SEO plugin. -->","yoast_head_json":{"title":"ETIQUETTES LASER - Le FabLab","robots":{"index":"noindex","follow":"follow","max-snippet":"max-snippet:-1","max-image-preview":"max-image-preview:large","max-video-preview":"max-video-preview:-1"},"og_locale":"fr_FR","og_type":"article","og_title":"ETIQUETTES LASER - Le FabLab","og_description":"Ces \u00e9tiquettes sont l&rsquo;objet d&rsquo;une commande sp\u00e9ciale. La mati\u00e8re utilis\u00e9e est un bicouches 1.5mm d&rsquo;\u00e9paisseur, r\u00e9f\u00e9rence \u00ab\u00a0Textures\u00a0\u00bb de Chez Gamma-Tec. Louis s&rsquo;est \u00ab\u00a0coll\u00e9\u00a0\u00bb \u00e0 la r\u00e9daction des noms en allemand et latin. Apr\u00e8s validation par le client, Xavier qui avait pr\u00e9alablement pr\u00e9par\u00e9 les formes \u00e0 lanc\u00e9 la machine qui, dans le m\u00eame temps a, grav\u00e9, [&hellip;]","og_url":"https:\/\/fablab-montagny-pres-louhans.fr\/index.php\/2019\/10\/19\/etiquettes-laser\/","og_site_name":"Le FabLab","article_publisher":"https:\/\/www.facebook.com\/fablab.labom\/","article_published_time":"2019-10-19T14:17:07+00:00","article_modified_time":"2019-10-19T14:17:13+00:00","og_image":[{"url":"https:\/\/fablab-montagny-pres-louhans.fr\/wp-content\/uploads\/2019\/10\/IMG_2310.jpg","type":"","width":"","height":""}],"author":"Roger Remondy","twitter_card":"summary_large_image","twitter_misc":{"\u00c9crit par":"Roger Remondy","Dur\u00e9e de lecture estim\u00e9e":"1 minute"},"schema":{"@context":"https:\/\/schema.org","@graph":[{"@type":"Article","@id":"https:\/\/fablab-montagny-pres-louhans.fr\/index.php\/2019\/10\/19\/etiquettes-laser\/#article","isPartOf":{"@id":"https:\/\/fablab-montagny-pres-louhans.fr\/index.php\/2019\/10\/19\/etiquettes-laser\/"},"author":{"name":"Roger Remondy","@id":"https:\/\/fablab-montagny-pres-louhans.fr\/#\/schema\/person\/b4b47741bdde563325530989455fe7de"},"headline":"ETIQUETTES LASER","datePublished":"2019-10-19T14:17:07+00:00","dateModified":"2019-10-19T14:17:13+00:00","mainEntityOfPage":{"@id":"https:\/\/fablab-montagny-pres-louhans.fr\/index.php\/2019\/10\/19\/etiquettes-laser\/"},"wordCount":135,"publisher":{"@id":"https:\/\/fablab-montagny-pres-louhans.fr\/#organization"},"image":{"@id":"https:\/\/fablab-montagny-pres-louhans.fr\/index.php\/2019\/10\/19\/etiquettes-laser\/#primaryimage"},"thumbnailUrl":"https:\/\/fablab-montagny-pres-louhans.fr\/wp-content\/uploads\/2019\/10\/IMG_2310.jpg","articleSection":["News"],"inLanguage":"fr-FR"},{"@type":"WebPage","@id":"https:\/\/fablab-montagny-pres-louhans.fr\/index.php\/2019\/10\/19\/etiquettes-laser\/","url":"https:\/\/fablab-montagny-pres-louhans.fr\/index.php\/2019\/10\/19\/etiquettes-laser\/","name":"ETIQUETTES LASER - Le FabLab","isPartOf":{"@id":"https:\/\/fablab-montagny-pres-louhans.fr\/#website"},"primaryImageOfPage":{"@id":"https:\/\/fablab-montagny-pres-louhans.fr\/index.php\/2019\/10\/19\/etiquettes-laser\/#primaryimage"},"image":{"@id":"https:\/\/fablab-montagny-pres-louhans.fr\/index.php\/2019\/10\/19\/etiquettes-laser\/#primaryimage"},"thumbnailUrl":"https:\/\/fablab-montagny-pres-louhans.fr\/wp-content\/uploads\/2019\/10\/IMG_2310.jpg","datePublished":"2019-10-19T14:17:07+00:00","dateModified":"2019-10-19T14:17:13+00:00","breadcrumb":{"@id":"https:\/\/fablab-montagny-pres-louhans.fr\/index.php\/2019\/10\/19\/etiquettes-laser\/#breadcrumb"},"inLanguage":"fr-FR","potentialAction":[{"@type":"ReadAction","target":["https:\/\/fablab-montagny-pres-louhans.fr\/index.php\/2019\/10\/19\/etiquettes-laser\/"]}]},{"@type":"ImageObject","inLanguage":"fr-FR","@id":"https:\/\/fablab-montagny-pres-louhans.fr\/index.php\/2019\/10\/19\/etiquettes-laser\/#primaryimage","url":"https:\/\/fablab-montagny-pres-louhans.fr\/wp-content\/uploads\/2019\/10\/IMG_2310.jpg","contentUrl":"https:\/\/fablab-montagny-pres-louhans.fr\/wp-content\/uploads\/2019\/10\/IMG_2310.jpg","width":881,"height":661},{"@type":"BreadcrumbList","@id":"https:\/\/fablab-montagny-pres-louhans.fr\/index.php\/2019\/10\/19\/etiquettes-laser\/#breadcrumb","itemListElement":[{"@type":"ListItem","position":1,"name":"Accueil","item":"https:\/\/fablab-montagny-pres-louhans.fr\/"},{"@type":"ListItem","position":2,"name":"ETIQUETTES LASER"}]},{"@type":"WebSite","@id":"https:\/\/fablab-montagny-pres-louhans.fr\/#website","url":"https:\/\/fablab-montagny-pres-louhans.fr\/","name":"Le FabLab","description":"Le premier de Bresse","publisher":{"@id":"https:\/\/fablab-montagny-pres-louhans.fr\/#organization"},"potentialAction":[{"@type":"SearchAction","target":{"@type":"EntryPoint","urlTemplate":"https:\/\/fablab-montagny-pres-louhans.fr\/?s={search_term_string}"},"query-input":{"@type":"PropertyValueSpecification","valueRequired":true,"valueName":"search_term_string"}}],"inLanguage":"fr-FR"},{"@type":"Organization","@id":"https:\/\/fablab-montagny-pres-louhans.fr\/#organization","name":"Le FabLab","url":"https:\/\/fablab-montagny-pres-louhans.fr\/","logo":{"@type":"ImageObject","inLanguage":"fr-FR","@id":"https:\/\/fablab-montagny-pres-louhans.fr\/#\/schema\/logo\/image\/","url":"https:\/\/fablab-montagny-pres-louhans.fr\/wp-content\/uploads\/2023\/02\/FABALB-logo.png","contentUrl":"https:\/\/fablab-montagny-pres-louhans.fr\/wp-content\/uploads\/2023\/02\/FABALB-logo.png","width":250,"height":260,"caption":"Le FabLab"},"image":{"@id":"https:\/\/fablab-montagny-pres-louhans.fr\/#\/schema\/logo\/image\/"},"sameAs":["https:\/\/www.facebook.com\/fablab.labom\/"]},{"@type":"Person","@id":"https:\/\/fablab-montagny-pres-louhans.fr\/#\/schema\/person\/b4b47741bdde563325530989455fe7de","name":"Roger Remondy","image":{"@type":"ImageObject","inLanguage":"fr-FR","@id":"https:\/\/fablab-montagny-pres-louhans.fr\/wp-content\/litespeed\/avatar\/0636c9b2c03e4d83e562c27b768bd1cb.jpg?ver=1777239698","url":"https:\/\/fablab-montagny-pres-louhans.fr\/wp-content\/litespeed\/avatar\/0636c9b2c03e4d83e562c27b768bd1cb.jpg?ver=1777239698","contentUrl":"https:\/\/fablab-montagny-pres-louhans.fr\/wp-content\/litespeed\/avatar\/0636c9b2c03e4d83e562c27b768bd1cb.jpg?ver=1777239698","caption":"Roger Remondy"},"url":"https:\/\/fablab-montagny-pres-louhans.fr\/index.php\/author\/roger\/"}]}},"_links":{"self":[{"href":"https:\/\/fablab-montagny-pres-louhans.fr\/index.php\/wp-json\/wp\/v2\/posts\/2912","targetHints":{"allow":["GET"]}}],"collection":[{"href":"https:\/\/fablab-montagny-pres-louhans.fr\/index.php\/wp-json\/wp\/v2\/posts"}],"about":[{"href":"https:\/\/fablab-montagny-pres-louhans.fr\/index.php\/wp-json\/wp\/v2\/types\/post"}],"author":[{"embeddable":true,"href":"https:\/\/fablab-montagny-pres-louhans.fr\/index.php\/wp-json\/wp\/v2\/users\/29"}],"replies":[{"embeddable":true,"href":"https:\/\/fablab-montagny-pres-louhans.fr\/index.php\/wp-json\/wp\/v2\/comments?post=2912"}],"version-history":[{"count":4,"href":"https:\/\/fablab-montagny-pres-louhans.fr\/index.php\/wp-json\/wp\/v2\/posts\/2912\/revisions"}],"predecessor-version":[{"id":2918,"href":"https:\/\/fablab-montagny-pres-louhans.fr\/index.php\/wp-json\/wp\/v2\/posts\/2912\/revisions\/2918"}],"wp:attachment":[{"href":"https:\/\/fablab-montagny-pres-louhans.fr\/index.php\/wp-json\/wp\/v2\/media?parent=2912"}],"wp:term":[{"taxonomy":"category","embeddable":true,"href":"https:\/\/fablab-montagny-pres-louhans.fr\/index.php\/wp-json\/wp\/v2\/categories?post=2912"},{"taxonomy":"post_tag","embeddable":true,"href":"https:\/\/fablab-montagny-pres-louhans.fr\/index.php\/wp-json\/wp\/v2\/tags?post=2912"}],"curies":[{"name":"wp","href":"https:\/\/api.w.org\/{rel}","templated":true}]}}