{"id":2727,"date":"2019-08-27T10:22:58","date_gmt":"2019-08-27T08:22:58","guid":{"rendered":"https:\/\/fablab-montagny-pres-louhans.fr\/?p=2727"},"modified":"2019-08-31T23:14:29","modified_gmt":"2019-08-31T21:14:29","slug":"parametres-laser","status":"publish","type":"post","link":"https:\/\/fablab-montagny-pres-louhans.fr\/index.php\/2019\/08\/27\/parametres-laser\/","title":{"rendered":"Param\u00e8tres laser"},"content":{"rendered":"\n<p>Pas tout \u00e0 fait un article, mais plut\u00f4t une s\u00e9rie de r\u00e9glages \u00e0 garder en m\u00e9moire.<\/p>\n\n\n\n<p>Graver ou couper des mat\u00e9riaux avec un laser est un m\u00e9lange entre vitesse et puissance. Diminuer la vitesse permet de r\u00e9duire la puissance pour un m\u00eame travail. L&rsquo;option de r\u00e9p\u00e9ter plusieurs fois l&rsquo;op\u00e9ration conduit souvent \u00e0 des r\u00e9sultats plus nets ou \u00e0 des coupes plus profondes. La limite technique optique de notre laser CO2 60W \u00e9tant de 1cm (soit +\/- 5mm autour du point de focale).<\/p>\n\n\n\n<p>Le film de protection \u00e9vite les d\u00e9p\u00f4ts de fum\u00e9es mais est parfois compliqu\u00e9 \u00e0 enlever sur de petites surfaces.<br><br>Suivant le mat\u00e9riau utilis\u00e9, son homog\u00e9n\u00e9it\u00e9, suivant le fournisseur, des tests sont n\u00e9cessaires. Cette page vise \u00e0 recenser les tests et ne garantit pas des valeurs exactes transf\u00e9rables, mais plut\u00f4t une base \u00e0 adapter.<\/p>\n\n\n\n<hr class=\"wp-block-separator\" \/>\n\n\n\n<div class=\"wp-block-image\"><figure class=\"aligncenter\"><img loading=\"lazy\" decoding=\"async\" width=\"500\" height=\"374\" src=\"https:\/\/fablab-montagny-pres-louhans.fr\/wp-content\/uploads\/2019\/08\/copie-0_IMG_1098.jpg\" alt=\"\" class=\"wp-image-2728\" srcset=\"https:\/\/fablab-montagny-pres-louhans.fr\/wp-content\/uploads\/2019\/08\/copie-0_IMG_1098.jpg 500w, https:\/\/fablab-montagny-pres-louhans.fr\/wp-content\/uploads\/2019\/08\/copie-0_IMG_1098-300x224.jpg 300w\" sizes=\"(max-width: 500px) 100vw, 500px\" \/><figcaption>coupe acrylique ep. 8mm : V 12mm P 80% travers\u00e9 en 4 passes<\/figcaption><\/figure><\/div>\n\n\n\n<div class=\"wp-block-image\"><figure class=\"aligncenter\"><img loading=\"lazy\" decoding=\"async\" width=\"500\" height=\"374\" src=\"https:\/\/fablab-montagny-pres-louhans.fr\/wp-content\/uploads\/2019\/08\/IMG_1539-1.jpg\" alt=\"\" class=\"wp-image-2731\" srcset=\"https:\/\/fablab-montagny-pres-louhans.fr\/wp-content\/uploads\/2019\/08\/IMG_1539-1.jpg 500w, https:\/\/fablab-montagny-pres-louhans.fr\/wp-content\/uploads\/2019\/08\/IMG_1539-1-300x224.jpg 300w\" sizes=\"(max-width: 500px) 100vw, 500px\" \/><figcaption> coupe acrylique ep. 8mm : V 12mm P 80% travers\u00e9 en 4 passes <\/figcaption><\/figure><\/div>\n\n\n\n<div class=\"wp-block-image\"><figure class=\"aligncenter\"><img loading=\"lazy\" decoding=\"async\" width=\"500\" height=\"374\" src=\"https:\/\/fablab-montagny-pres-louhans.fr\/wp-content\/uploads\/2019\/08\/copie-0_IMG_1111-modifi\u00e9.jpg\" alt=\"\" class=\"wp-image-2729\" srcset=\"https:\/\/fablab-montagny-pres-louhans.fr\/wp-content\/uploads\/2019\/08\/copie-0_IMG_1111-modifi\u00e9.jpg 500w, https:\/\/fablab-montagny-pres-louhans.fr\/wp-content\/uploads\/2019\/08\/copie-0_IMG_1111-modifi\u00e9-300x224.jpg 300w\" sizes=\"(max-width: 500px) 100vw, 500px\" \/><figcaption> gravure sur acrylique ep. 8mm : V 400mm P 15% faire varier la puissance pour \u00e9viter les pics aux intersections et changements de direction<br><\/figcaption><\/figure><\/div>\n\n\n\n<div class=\"wp-block-image\"><figure class=\"aligncenter\"><img loading=\"lazy\" decoding=\"async\" width=\"500\" height=\"374\" src=\"https:\/\/fablab-montagny-pres-louhans.fr\/wp-content\/uploads\/2019\/08\/IMG_1541.jpg\" alt=\"\" class=\"wp-image-2732\" srcset=\"https:\/\/fablab-montagny-pres-louhans.fr\/wp-content\/uploads\/2019\/08\/IMG_1541.jpg 500w, https:\/\/fablab-montagny-pres-louhans.fr\/wp-content\/uploads\/2019\/08\/IMG_1541-300x224.jpg 300w\" sizes=\"(max-width: 500px) 100vw, 500px\" \/><figcaption> test coupe acrylique ep. 2mm ??? : V 5mm P 0-100% <\/figcaption><\/figure><\/div>\n\n\n\n<div class=\"wp-block-image\"><figure class=\"aligncenter\"><img loading=\"lazy\" decoding=\"async\" width=\"500\" height=\"374\" src=\"https:\/\/fablab-montagny-pres-louhans.fr\/wp-content\/uploads\/2019\/08\/IMG_1543.jpg\" alt=\"\" class=\"wp-image-2733\" srcset=\"https:\/\/fablab-montagny-pres-louhans.fr\/wp-content\/uploads\/2019\/08\/IMG_1543.jpg 500w, https:\/\/fablab-montagny-pres-louhans.fr\/wp-content\/uploads\/2019\/08\/IMG_1543-300x224.jpg 300w\" sizes=\"(max-width: 500px) 100vw, 500px\" \/><figcaption> test coupe multicouches (type marin ?) ep. 5mm : V 5mm P 0-100% <br>Bois tr\u00e8s dur dont la composition peut \u00eatre tr\u00e8s vari\u00e9e dans les couches internes (restes de pneus, squelettes de poissons, et parfois lamelle d&rsquo;aluminium !!!). Prendre de la qualit\u00e9 est donc imp\u00e9ratif.<\/figcaption><\/figure><\/div>\n\n\n\n<div class=\"wp-block-image\"><figure class=\"aligncenter\"><img loading=\"lazy\" decoding=\"async\" width=\"375\" height=\"500\" src=\"https:\/\/fablab-montagny-pres-louhans.fr\/wp-content\/uploads\/2019\/08\/IMG_1545.jpg\" alt=\"\" class=\"wp-image-2734\" srcset=\"https:\/\/fablab-montagny-pres-louhans.fr\/wp-content\/uploads\/2019\/08\/IMG_1545.jpg 375w, https:\/\/fablab-montagny-pres-louhans.fr\/wp-content\/uploads\/2019\/08\/IMG_1545-225x300.jpg 225w\" sizes=\"(max-width: 375px) 100vw, 375px\" \/><figcaption>  coupe Pin ep. 10mm : V 5mm P 0-100% <\/figcaption><\/figure><\/div>\n\n\n\n<div class=\"wp-block-image\"><figure class=\"aligncenter\"><img loading=\"lazy\" decoding=\"async\" width=\"500\" height=\"374\" src=\"https:\/\/fablab-montagny-pres-louhans.fr\/wp-content\/uploads\/2019\/08\/IMG_1546.jpg\" alt=\"\" class=\"wp-image-2735\" srcset=\"https:\/\/fablab-montagny-pres-louhans.fr\/wp-content\/uploads\/2019\/08\/IMG_1546.jpg 500w, https:\/\/fablab-montagny-pres-louhans.fr\/wp-content\/uploads\/2019\/08\/IMG_1546-300x224.jpg 300w\" sizes=\"(max-width: 500px) 100vw, 500px\" \/><figcaption>  coupe balsa ep. 1.5mm : V 50mm P 100% <br>Puissance doit facilement pouvoir \u00eatre r\u00e9duite.<\/figcaption><\/figure><\/div>\n\n\n\n<div class=\"wp-block-image\"><figure class=\"aligncenter\"><img loading=\"lazy\" decoding=\"async\" width=\"500\" height=\"374\" src=\"https:\/\/fablab-montagny-pres-louhans.fr\/wp-content\/uploads\/2019\/08\/IMG_1689.jpg\" alt=\"\" class=\"wp-image-2736\" srcset=\"https:\/\/fablab-montagny-pres-louhans.fr\/wp-content\/uploads\/2019\/08\/IMG_1689.jpg 500w, https:\/\/fablab-montagny-pres-louhans.fr\/wp-content\/uploads\/2019\/08\/IMG_1689-300x224.jpg 300w\" sizes=\"(max-width: 500px) 100vw, 500px\" \/><figcaption>  scan acrylique bicouche effet m\u00e9tal ep. 3mm : V 30mm P 50% <br>L&rsquo;effet n&rsquo;est pas celui attendu, la mati\u00e8re a \u00e9t\u00e9 pulv\u00e9ris\u00e9e. Trop de puissance et trop lent.  <\/figcaption><\/figure><\/div>\n\n\n\n<div class=\"wp-block-image\"><figure class=\"aligncenter\"><img loading=\"lazy\" decoding=\"async\" width=\"500\" height=\"374\" src=\"https:\/\/fablab-montagny-pres-louhans.fr\/wp-content\/uploads\/2019\/08\/IMG_1846.jpg\" alt=\"\" class=\"wp-image-2737\" srcset=\"https:\/\/fablab-montagny-pres-louhans.fr\/wp-content\/uploads\/2019\/08\/IMG_1846.jpg 500w, https:\/\/fablab-montagny-pres-louhans.fr\/wp-content\/uploads\/2019\/08\/IMG_1846-300x224.jpg 300w\" sizes=\"(max-width: 500px) 100vw, 500px\" \/><figcaption>   scan acrylique bicouche effet m\u00e9tal ep. 3mm : V 500mm P 20% (et non 1000mm\/s)<br>Le marquage est fin et suffisant.  <\/figcaption><\/figure><\/div>\n\n\n\n<div class=\"wp-block-image\"><figure class=\"aligncenter\"><img loading=\"lazy\" decoding=\"async\" width=\"500\" height=\"374\" src=\"https:\/\/fablab-montagny-pres-louhans.fr\/wp-content\/uploads\/2019\/08\/IMG_1963.jpg\" alt=\"\" class=\"wp-image-2738\" srcset=\"https:\/\/fablab-montagny-pres-louhans.fr\/wp-content\/uploads\/2019\/08\/IMG_1963.jpg 500w, https:\/\/fablab-montagny-pres-louhans.fr\/wp-content\/uploads\/2019\/08\/IMG_1963-300x224.jpg 300w\" sizes=\"(max-width: 500px) 100vw, 500px\" \/><figcaption>    coupe acrylique bicouche effet m\u00e9tal ep. 3mm : V 30mm P 80% <\/figcaption><\/figure><\/div>\n\n\n\n<div class=\"wp-block-image\"><figure class=\"aligncenter\"><img loading=\"lazy\" decoding=\"async\" width=\"500\" height=\"374\" src=\"https:\/\/fablab-montagny-pres-louhans.fr\/wp-content\/uploads\/2019\/08\/IMG_1767.jpg\" alt=\"\" class=\"wp-image-2739\" srcset=\"https:\/\/fablab-montagny-pres-louhans.fr\/wp-content\/uploads\/2019\/08\/IMG_1767.jpg 500w, https:\/\/fablab-montagny-pres-louhans.fr\/wp-content\/uploads\/2019\/08\/IMG_1767-300x224.jpg 300w\" sizes=\"(max-width: 500px) 100vw, 500px\" \/><figcaption>    gravure acrylique ep. 5mm? : V 400mm P 20% <br>Le texte est  bien lisible.<br><\/figcaption><\/figure><\/div>\n\n\n\n<div class=\"wp-block-image\"><figure class=\"aligncenter\"><img loading=\"lazy\" decoding=\"async\" width=\"500\" height=\"374\" src=\"https:\/\/fablab-montagny-pres-louhans.fr\/wp-content\/uploads\/2019\/08\/IMG_1768.jpg\" alt=\"\" class=\"wp-image-2741\" srcset=\"https:\/\/fablab-montagny-pres-louhans.fr\/wp-content\/uploads\/2019\/08\/IMG_1768.jpg 500w, https:\/\/fablab-montagny-pres-louhans.fr\/wp-content\/uploads\/2019\/08\/IMG_1768-300x224.jpg 300w\" sizes=\"(max-width: 500px) 100vw, 500px\" \/><figcaption>    chambrage t\u00eate de vis 2mm sur acrylique ep. 5mm : V 60mm P 20% <\/figcaption><\/figure><\/div>\n\n\n\n<div class=\"wp-block-image\"><figure class=\"aligncenter\"><img loading=\"lazy\" decoding=\"async\" width=\"500\" height=\"374\" src=\"https:\/\/fablab-montagny-pres-louhans.fr\/wp-content\/uploads\/2019\/08\/IMG_1762.jpg\" alt=\"\" class=\"wp-image-2742\" srcset=\"https:\/\/fablab-montagny-pres-louhans.fr\/wp-content\/uploads\/2019\/08\/IMG_1762.jpg 500w, https:\/\/fablab-montagny-pres-louhans.fr\/wp-content\/uploads\/2019\/08\/IMG_1762-300x224.jpg 300w\" sizes=\"(max-width: 500px) 100vw, 500px\" \/><figcaption>    marquage aluminium tr\u00e8s fin : V 100mm P 100<br>Ici un substrat d&rsquo;accroche est utilis\u00e9 pour marquer le m\u00e9tal. Trop de puissance chauffe et d\u00e9forme le m\u00e9tal (\u00e0 gauche). Le marquage est un d\u00e9p\u00f4t de mati\u00e8re noire tr\u00e8s r\u00e9sistante en surface, il n\u00e9cessite l&rsquo;usage d&rsquo;un primaire en a\u00e9rosol. (cher et pas tr\u00e8s \u00e9cologique) <\/figcaption><\/figure><\/div>\n\n\n\n<div class=\"wp-block-image\"><figure class=\"aligncenter\"><img loading=\"lazy\" decoding=\"async\" width=\"500\" height=\"374\" src=\"https:\/\/fablab-montagny-pres-louhans.fr\/wp-content\/uploads\/2019\/08\/IMG_1832.jpg\" alt=\"\" class=\"wp-image-2746\" srcset=\"https:\/\/fablab-montagny-pres-louhans.fr\/wp-content\/uploads\/2019\/08\/IMG_1832.jpg 500w, https:\/\/fablab-montagny-pres-louhans.fr\/wp-content\/uploads\/2019\/08\/IMG_1832-300x224.jpg 300w\" sizes=\"(max-width: 500px) 100vw, 500px\" \/><figcaption>     coupe acrylique bicouche ep. 3mm : V 150mm Pmax 80% Pmin 15%<br>Besoin de sur\u00e9lever le mat\u00e9riaux, sinon marques face inf\u00e9rieure avec la grille m\u00e9tal ou les fum\u00e9es du martyr bois. Attention \u00e0 l&rsquo;option adh\u00e9sif sur face inf\u00e9rieure qui freine la d\u00e9coupe (c&rsquo;est peut \u00eatre voulu pour de grandes pi\u00e8ces) et \u00e9mets des fum\u00e9es qui noircissent les bords.  <\/figcaption><\/figure><\/div>\n","protected":false},"excerpt":{"rendered":"<p>Pas tout \u00e0 fait un article, mais plut\u00f4t une s\u00e9rie de r\u00e9glages \u00e0 garder en m\u00e9moire. Graver ou couper des mat\u00e9riaux avec un laser est un m\u00e9lange entre vitesse et puissance. Diminuer la vitesse permet de r\u00e9duire la puissance pour un m\u00eame travail. L&rsquo;option de r\u00e9p\u00e9ter plusieurs fois l&rsquo;op\u00e9ration conduit souvent \u00e0 des r\u00e9sultats plus [&hellip;]<\/p>\n","protected":false},"author":31,"featured_media":0,"comment_status":"closed","ping_status":"open","sticky":false,"template":"","format":"standard","meta":{"_et_pb_use_builder":"","_et_pb_old_content":"","_et_gb_content_width":"","rop_custom_images_group":[],"rop_custom_messages_group":[],"rop_publish_now":"initial","rop_publish_now_accounts":{"facebook_1992431424458146_173380702515979":""},"rop_publish_now_history":[],"rop_publish_now_status":"pending","footnotes":""},"categories":[2],"tags":[],"class_list":["post-2727","post","type-post","status-publish","format-standard","hentry","category-news"],"yoast_head":"<!-- This site is optimized with the Yoast SEO plugin v27.3 - https:\/\/yoast.com\/product\/yoast-seo-wordpress\/ -->\n<title>Param\u00e8tres laser - Le FabLab<\/title>\n<meta name=\"robots\" content=\"noindex, follow, max-snippet:-1, max-image-preview:large, max-video-preview:-1\" \/>\n<meta property=\"og:locale\" content=\"fr_FR\" \/>\n<meta property=\"og:type\" content=\"article\" \/>\n<meta property=\"og:title\" content=\"Param\u00e8tres laser - Le FabLab\" \/>\n<meta property=\"og:description\" content=\"Pas tout \u00e0 fait un article, mais plut\u00f4t une s\u00e9rie de r\u00e9glages \u00e0 garder en m\u00e9moire. Graver ou couper des mat\u00e9riaux avec un laser est un m\u00e9lange entre vitesse et puissance. Diminuer la vitesse permet de r\u00e9duire la puissance pour un m\u00eame travail. L&rsquo;option de r\u00e9p\u00e9ter plusieurs fois l&rsquo;op\u00e9ration conduit souvent \u00e0 des r\u00e9sultats plus [&hellip;]\" \/>\n<meta property=\"og:url\" content=\"https:\/\/fablab-montagny-pres-louhans.fr\/index.php\/2019\/08\/27\/parametres-laser\/\" \/>\n<meta property=\"og:site_name\" content=\"Le FabLab\" \/>\n<meta property=\"article:publisher\" content=\"https:\/\/www.facebook.com\/fablab.labom\/\" \/>\n<meta property=\"article:published_time\" content=\"2019-08-27T08:22:58+00:00\" \/>\n<meta property=\"article:modified_time\" content=\"2019-08-31T21:14:29+00:00\" \/>\n<meta property=\"og:image\" content=\"https:\/\/fablab-montagny-pres-louhans.fr\/wp-content\/uploads\/2019\/08\/copie-0_IMG_1098.jpg\" \/>\n<meta name=\"author\" content=\"Xavier Vincent\" \/>\n<meta name=\"twitter:card\" content=\"summary_large_image\" \/>\n<meta name=\"twitter:label1\" content=\"\u00c9crit par\" \/>\n\t<meta name=\"twitter:data1\" content=\"Xavier Vincent\" \/>\n\t<meta name=\"twitter:label2\" content=\"Dur\u00e9e de lecture estim\u00e9e\" \/>\n\t<meta name=\"twitter:data2\" content=\"2 minutes\" \/>\n<script type=\"application\/ld+json\" class=\"yoast-schema-graph\">{\"@context\":\"https:\\\/\\\/schema.org\",\"@graph\":[{\"@type\":\"Article\",\"@id\":\"https:\\\/\\\/fablab-montagny-pres-louhans.fr\\\/index.php\\\/2019\\\/08\\\/27\\\/parametres-laser\\\/#article\",\"isPartOf\":{\"@id\":\"https:\\\/\\\/fablab-montagny-pres-louhans.fr\\\/index.php\\\/2019\\\/08\\\/27\\\/parametres-laser\\\/\"},\"author\":{\"name\":\"Xavier Vincent\",\"@id\":\"https:\\\/\\\/fablab-montagny-pres-louhans.fr\\\/#\\\/schema\\\/person\\\/59c98416fe3a0c002433d49a5b0f12ce\"},\"headline\":\"Param\u00e8tres laser\",\"datePublished\":\"2019-08-27T08:22:58+00:00\",\"dateModified\":\"2019-08-31T21:14:29+00:00\",\"mainEntityOfPage\":{\"@id\":\"https:\\\/\\\/fablab-montagny-pres-louhans.fr\\\/index.php\\\/2019\\\/08\\\/27\\\/parametres-laser\\\/\"},\"wordCount\":484,\"publisher\":{\"@id\":\"https:\\\/\\\/fablab-montagny-pres-louhans.fr\\\/#organization\"},\"image\":{\"@id\":\"https:\\\/\\\/fablab-montagny-pres-louhans.fr\\\/index.php\\\/2019\\\/08\\\/27\\\/parametres-laser\\\/#primaryimage\"},\"thumbnailUrl\":\"https:\\\/\\\/fablab-montagny-pres-louhans.fr\\\/wp-content\\\/uploads\\\/2019\\\/08\\\/copie-0_IMG_1098.jpg\",\"articleSection\":[\"News\"],\"inLanguage\":\"fr-FR\"},{\"@type\":\"WebPage\",\"@id\":\"https:\\\/\\\/fablab-montagny-pres-louhans.fr\\\/index.php\\\/2019\\\/08\\\/27\\\/parametres-laser\\\/\",\"url\":\"https:\\\/\\\/fablab-montagny-pres-louhans.fr\\\/index.php\\\/2019\\\/08\\\/27\\\/parametres-laser\\\/\",\"name\":\"Param\u00e8tres laser - Le FabLab\",\"isPartOf\":{\"@id\":\"https:\\\/\\\/fablab-montagny-pres-louhans.fr\\\/#website\"},\"primaryImageOfPage\":{\"@id\":\"https:\\\/\\\/fablab-montagny-pres-louhans.fr\\\/index.php\\\/2019\\\/08\\\/27\\\/parametres-laser\\\/#primaryimage\"},\"image\":{\"@id\":\"https:\\\/\\\/fablab-montagny-pres-louhans.fr\\\/index.php\\\/2019\\\/08\\\/27\\\/parametres-laser\\\/#primaryimage\"},\"thumbnailUrl\":\"https:\\\/\\\/fablab-montagny-pres-louhans.fr\\\/wp-content\\\/uploads\\\/2019\\\/08\\\/copie-0_IMG_1098.jpg\",\"datePublished\":\"2019-08-27T08:22:58+00:00\",\"dateModified\":\"2019-08-31T21:14:29+00:00\",\"breadcrumb\":{\"@id\":\"https:\\\/\\\/fablab-montagny-pres-louhans.fr\\\/index.php\\\/2019\\\/08\\\/27\\\/parametres-laser\\\/#breadcrumb\"},\"inLanguage\":\"fr-FR\",\"potentialAction\":[{\"@type\":\"ReadAction\",\"target\":[\"https:\\\/\\\/fablab-montagny-pres-louhans.fr\\\/index.php\\\/2019\\\/08\\\/27\\\/parametres-laser\\\/\"]}]},{\"@type\":\"ImageObject\",\"inLanguage\":\"fr-FR\",\"@id\":\"https:\\\/\\\/fablab-montagny-pres-louhans.fr\\\/index.php\\\/2019\\\/08\\\/27\\\/parametres-laser\\\/#primaryimage\",\"url\":\"https:\\\/\\\/fablab-montagny-pres-louhans.fr\\\/wp-content\\\/uploads\\\/2019\\\/08\\\/copie-0_IMG_1098.jpg\",\"contentUrl\":\"https:\\\/\\\/fablab-montagny-pres-louhans.fr\\\/wp-content\\\/uploads\\\/2019\\\/08\\\/copie-0_IMG_1098.jpg\",\"width\":500,\"height\":374},{\"@type\":\"BreadcrumbList\",\"@id\":\"https:\\\/\\\/fablab-montagny-pres-louhans.fr\\\/index.php\\\/2019\\\/08\\\/27\\\/parametres-laser\\\/#breadcrumb\",\"itemListElement\":[{\"@type\":\"ListItem\",\"position\":1,\"name\":\"Accueil\",\"item\":\"https:\\\/\\\/fablab-montagny-pres-louhans.fr\\\/\"},{\"@type\":\"ListItem\",\"position\":2,\"name\":\"Param\u00e8tres laser\"}]},{\"@type\":\"WebSite\",\"@id\":\"https:\\\/\\\/fablab-montagny-pres-louhans.fr\\\/#website\",\"url\":\"https:\\\/\\\/fablab-montagny-pres-louhans.fr\\\/\",\"name\":\"Le FabLab\",\"description\":\"Le premier de Bresse\",\"publisher\":{\"@id\":\"https:\\\/\\\/fablab-montagny-pres-louhans.fr\\\/#organization\"},\"potentialAction\":[{\"@type\":\"SearchAction\",\"target\":{\"@type\":\"EntryPoint\",\"urlTemplate\":\"https:\\\/\\\/fablab-montagny-pres-louhans.fr\\\/?s={search_term_string}\"},\"query-input\":{\"@type\":\"PropertyValueSpecification\",\"valueRequired\":true,\"valueName\":\"search_term_string\"}}],\"inLanguage\":\"fr-FR\"},{\"@type\":\"Organization\",\"@id\":\"https:\\\/\\\/fablab-montagny-pres-louhans.fr\\\/#organization\",\"name\":\"Le FabLab\",\"url\":\"https:\\\/\\\/fablab-montagny-pres-louhans.fr\\\/\",\"logo\":{\"@type\":\"ImageObject\",\"inLanguage\":\"fr-FR\",\"@id\":\"https:\\\/\\\/fablab-montagny-pres-louhans.fr\\\/#\\\/schema\\\/logo\\\/image\\\/\",\"url\":\"https:\\\/\\\/fablab-montagny-pres-louhans.fr\\\/wp-content\\\/uploads\\\/2023\\\/02\\\/FABALB-logo.png\",\"contentUrl\":\"https:\\\/\\\/fablab-montagny-pres-louhans.fr\\\/wp-content\\\/uploads\\\/2023\\\/02\\\/FABALB-logo.png\",\"width\":250,\"height\":260,\"caption\":\"Le FabLab\"},\"image\":{\"@id\":\"https:\\\/\\\/fablab-montagny-pres-louhans.fr\\\/#\\\/schema\\\/logo\\\/image\\\/\"},\"sameAs\":[\"https:\\\/\\\/www.facebook.com\\\/fablab.labom\\\/\"]},{\"@type\":\"Person\",\"@id\":\"https:\\\/\\\/fablab-montagny-pres-louhans.fr\\\/#\\\/schema\\\/person\\\/59c98416fe3a0c002433d49a5b0f12ce\",\"name\":\"Xavier Vincent\",\"image\":{\"@type\":\"ImageObject\",\"inLanguage\":\"fr-FR\",\"@id\":\"https:\\\/\\\/fablab-montagny-pres-louhans.fr\\\/wp-content\\\/litespeed\\\/avatar\\\/bae4764d44065ff492363743a1d834cd.jpg?ver=1777239699\",\"url\":\"https:\\\/\\\/fablab-montagny-pres-louhans.fr\\\/wp-content\\\/litespeed\\\/avatar\\\/bae4764d44065ff492363743a1d834cd.jpg?ver=1777239699\",\"contentUrl\":\"https:\\\/\\\/fablab-montagny-pres-louhans.fr\\\/wp-content\\\/litespeed\\\/avatar\\\/bae4764d44065ff492363743a1d834cd.jpg?ver=1777239699\",\"caption\":\"Xavier Vincent\"},\"url\":\"https:\\\/\\\/fablab-montagny-pres-louhans.fr\\\/index.php\\\/author\\\/xavier\\\/\"}]}<\/script>\n<!-- \/ Yoast SEO plugin. -->","yoast_head_json":{"title":"Param\u00e8tres laser - Le FabLab","robots":{"index":"noindex","follow":"follow","max-snippet":"max-snippet:-1","max-image-preview":"max-image-preview:large","max-video-preview":"max-video-preview:-1"},"og_locale":"fr_FR","og_type":"article","og_title":"Param\u00e8tres laser - Le FabLab","og_description":"Pas tout \u00e0 fait un article, mais plut\u00f4t une s\u00e9rie de r\u00e9glages \u00e0 garder en m\u00e9moire. Graver ou couper des mat\u00e9riaux avec un laser est un m\u00e9lange entre vitesse et puissance. Diminuer la vitesse permet de r\u00e9duire la puissance pour un m\u00eame travail. L&rsquo;option de r\u00e9p\u00e9ter plusieurs fois l&rsquo;op\u00e9ration conduit souvent \u00e0 des r\u00e9sultats plus [&hellip;]","og_url":"https:\/\/fablab-montagny-pres-louhans.fr\/index.php\/2019\/08\/27\/parametres-laser\/","og_site_name":"Le FabLab","article_publisher":"https:\/\/www.facebook.com\/fablab.labom\/","article_published_time":"2019-08-27T08:22:58+00:00","article_modified_time":"2019-08-31T21:14:29+00:00","og_image":[{"url":"https:\/\/fablab-montagny-pres-louhans.fr\/wp-content\/uploads\/2019\/08\/copie-0_IMG_1098.jpg","type":"","width":"","height":""}],"author":"Xavier Vincent","twitter_card":"summary_large_image","twitter_misc":{"\u00c9crit par":"Xavier Vincent","Dur\u00e9e de lecture estim\u00e9e":"2 minutes"},"schema":{"@context":"https:\/\/schema.org","@graph":[{"@type":"Article","@id":"https:\/\/fablab-montagny-pres-louhans.fr\/index.php\/2019\/08\/27\/parametres-laser\/#article","isPartOf":{"@id":"https:\/\/fablab-montagny-pres-louhans.fr\/index.php\/2019\/08\/27\/parametres-laser\/"},"author":{"name":"Xavier Vincent","@id":"https:\/\/fablab-montagny-pres-louhans.fr\/#\/schema\/person\/59c98416fe3a0c002433d49a5b0f12ce"},"headline":"Param\u00e8tres laser","datePublished":"2019-08-27T08:22:58+00:00","dateModified":"2019-08-31T21:14:29+00:00","mainEntityOfPage":{"@id":"https:\/\/fablab-montagny-pres-louhans.fr\/index.php\/2019\/08\/27\/parametres-laser\/"},"wordCount":484,"publisher":{"@id":"https:\/\/fablab-montagny-pres-louhans.fr\/#organization"},"image":{"@id":"https:\/\/fablab-montagny-pres-louhans.fr\/index.php\/2019\/08\/27\/parametres-laser\/#primaryimage"},"thumbnailUrl":"https:\/\/fablab-montagny-pres-louhans.fr\/wp-content\/uploads\/2019\/08\/copie-0_IMG_1098.jpg","articleSection":["News"],"inLanguage":"fr-FR"},{"@type":"WebPage","@id":"https:\/\/fablab-montagny-pres-louhans.fr\/index.php\/2019\/08\/27\/parametres-laser\/","url":"https:\/\/fablab-montagny-pres-louhans.fr\/index.php\/2019\/08\/27\/parametres-laser\/","name":"Param\u00e8tres laser - Le FabLab","isPartOf":{"@id":"https:\/\/fablab-montagny-pres-louhans.fr\/#website"},"primaryImageOfPage":{"@id":"https:\/\/fablab-montagny-pres-louhans.fr\/index.php\/2019\/08\/27\/parametres-laser\/#primaryimage"},"image":{"@id":"https:\/\/fablab-montagny-pres-louhans.fr\/index.php\/2019\/08\/27\/parametres-laser\/#primaryimage"},"thumbnailUrl":"https:\/\/fablab-montagny-pres-louhans.fr\/wp-content\/uploads\/2019\/08\/copie-0_IMG_1098.jpg","datePublished":"2019-08-27T08:22:58+00:00","dateModified":"2019-08-31T21:14:29+00:00","breadcrumb":{"@id":"https:\/\/fablab-montagny-pres-louhans.fr\/index.php\/2019\/08\/27\/parametres-laser\/#breadcrumb"},"inLanguage":"fr-FR","potentialAction":[{"@type":"ReadAction","target":["https:\/\/fablab-montagny-pres-louhans.fr\/index.php\/2019\/08\/27\/parametres-laser\/"]}]},{"@type":"ImageObject","inLanguage":"fr-FR","@id":"https:\/\/fablab-montagny-pres-louhans.fr\/index.php\/2019\/08\/27\/parametres-laser\/#primaryimage","url":"https:\/\/fablab-montagny-pres-louhans.fr\/wp-content\/uploads\/2019\/08\/copie-0_IMG_1098.jpg","contentUrl":"https:\/\/fablab-montagny-pres-louhans.fr\/wp-content\/uploads\/2019\/08\/copie-0_IMG_1098.jpg","width":500,"height":374},{"@type":"BreadcrumbList","@id":"https:\/\/fablab-montagny-pres-louhans.fr\/index.php\/2019\/08\/27\/parametres-laser\/#breadcrumb","itemListElement":[{"@type":"ListItem","position":1,"name":"Accueil","item":"https:\/\/fablab-montagny-pres-louhans.fr\/"},{"@type":"ListItem","position":2,"name":"Param\u00e8tres laser"}]},{"@type":"WebSite","@id":"https:\/\/fablab-montagny-pres-louhans.fr\/#website","url":"https:\/\/fablab-montagny-pres-louhans.fr\/","name":"Le FabLab","description":"Le premier de Bresse","publisher":{"@id":"https:\/\/fablab-montagny-pres-louhans.fr\/#organization"},"potentialAction":[{"@type":"SearchAction","target":{"@type":"EntryPoint","urlTemplate":"https:\/\/fablab-montagny-pres-louhans.fr\/?s={search_term_string}"},"query-input":{"@type":"PropertyValueSpecification","valueRequired":true,"valueName":"search_term_string"}}],"inLanguage":"fr-FR"},{"@type":"Organization","@id":"https:\/\/fablab-montagny-pres-louhans.fr\/#organization","name":"Le FabLab","url":"https:\/\/fablab-montagny-pres-louhans.fr\/","logo":{"@type":"ImageObject","inLanguage":"fr-FR","@id":"https:\/\/fablab-montagny-pres-louhans.fr\/#\/schema\/logo\/image\/","url":"https:\/\/fablab-montagny-pres-louhans.fr\/wp-content\/uploads\/2023\/02\/FABALB-logo.png","contentUrl":"https:\/\/fablab-montagny-pres-louhans.fr\/wp-content\/uploads\/2023\/02\/FABALB-logo.png","width":250,"height":260,"caption":"Le FabLab"},"image":{"@id":"https:\/\/fablab-montagny-pres-louhans.fr\/#\/schema\/logo\/image\/"},"sameAs":["https:\/\/www.facebook.com\/fablab.labom\/"]},{"@type":"Person","@id":"https:\/\/fablab-montagny-pres-louhans.fr\/#\/schema\/person\/59c98416fe3a0c002433d49a5b0f12ce","name":"Xavier Vincent","image":{"@type":"ImageObject","inLanguage":"fr-FR","@id":"https:\/\/fablab-montagny-pres-louhans.fr\/wp-content\/litespeed\/avatar\/bae4764d44065ff492363743a1d834cd.jpg?ver=1777239699","url":"https:\/\/fablab-montagny-pres-louhans.fr\/wp-content\/litespeed\/avatar\/bae4764d44065ff492363743a1d834cd.jpg?ver=1777239699","contentUrl":"https:\/\/fablab-montagny-pres-louhans.fr\/wp-content\/litespeed\/avatar\/bae4764d44065ff492363743a1d834cd.jpg?ver=1777239699","caption":"Xavier Vincent"},"url":"https:\/\/fablab-montagny-pres-louhans.fr\/index.php\/author\/xavier\/"}]}},"_links":{"self":[{"href":"https:\/\/fablab-montagny-pres-louhans.fr\/index.php\/wp-json\/wp\/v2\/posts\/2727","targetHints":{"allow":["GET"]}}],"collection":[{"href":"https:\/\/fablab-montagny-pres-louhans.fr\/index.php\/wp-json\/wp\/v2\/posts"}],"about":[{"href":"https:\/\/fablab-montagny-pres-louhans.fr\/index.php\/wp-json\/wp\/v2\/types\/post"}],"author":[{"embeddable":true,"href":"https:\/\/fablab-montagny-pres-louhans.fr\/index.php\/wp-json\/wp\/v2\/users\/31"}],"replies":[{"embeddable":true,"href":"https:\/\/fablab-montagny-pres-louhans.fr\/index.php\/wp-json\/wp\/v2\/comments?post=2727"}],"version-history":[{"count":7,"href":"https:\/\/fablab-montagny-pres-louhans.fr\/index.php\/wp-json\/wp\/v2\/posts\/2727\/revisions"}],"predecessor-version":[{"id":2776,"href":"https:\/\/fablab-montagny-pres-louhans.fr\/index.php\/wp-json\/wp\/v2\/posts\/2727\/revisions\/2776"}],"wp:attachment":[{"href":"https:\/\/fablab-montagny-pres-louhans.fr\/index.php\/wp-json\/wp\/v2\/media?parent=2727"}],"wp:term":[{"taxonomy":"category","embeddable":true,"href":"https:\/\/fablab-montagny-pres-louhans.fr\/index.php\/wp-json\/wp\/v2\/categories?post=2727"},{"taxonomy":"post_tag","embeddable":true,"href":"https:\/\/fablab-montagny-pres-louhans.fr\/index.php\/wp-json\/wp\/v2\/tags?post=2727"}],"curies":[{"name":"wp","href":"https:\/\/api.w.org\/{rel}","templated":true}]}}