{"id":2681,"date":"2019-08-15T12:37:35","date_gmt":"2019-08-15T10:37:35","guid":{"rendered":"https:\/\/fablab-montagny-pres-louhans.fr\/?p=2681"},"modified":"2019-08-16T06:59:14","modified_gmt":"2019-08-16T04:59:14","slug":"la-sous-prefete-de-louhans-visite-le-fablab","status":"publish","type":"post","link":"https:\/\/fablab-montagny-pres-louhans.fr\/index.php\/2019\/08\/15\/la-sous-prefete-de-louhans-visite-le-fablab\/","title":{"rendered":"La sous-pr\u00e9f\u00e8te de Louhans visite le FabLab"},"content":{"rendered":"\n<p>Comme nous vous l&rsquo;avions annonc\u00e9, Madame Pascaline BOULAY sous pr\u00e9f\u00e8te de Louhans nous \u00e0 fait l&rsquo;honneur de sa pr\u00e9sence ce mercredi 14 aout. Madame Mathilde CHALUMEAU conseill\u00e8re d\u00e9partemental Monsieur Anthony VADOT  pr\u00e9sident de la communaut\u00e9 de communes Bresse Louhannaise Intercom \u00e9taient \u00e9galement pr\u00e9sents.<\/p>\n\n\n\n<p>En d\u00e9placement dans la commune de Montagny-pr\u00e8s-Louhans o\u00f9 elle rencontrait l&rsquo;\u00e9quipe municipale qui lui pr\u00e9sentait le projet d&rsquo;am\u00e9nagement, elle a pu d\u00e9couvrir et appr\u00e9cier quelques unes de nos activit\u00e9s<\/p>\n\n\n\n<p>Callvin s&rsquo;est brillamment  charg\u00e9  du reportage photo. Merci \u00e0 lui.<\/p>\n\n\n\n<p>La suite en images&#8230;<\/p>\n\n\n\n<figure class=\"wp-block-image\"><img loading=\"lazy\" decoding=\"async\" width=\"1601\" height=\"1200\" src=\"https:\/\/i2.wp.com\/www.labo-m.club\/wp-content\/uploads\/2019\/08\/copie-0_IMG_1873.jpg?fit=843%2C632\" alt=\"\" class=\"wp-image-2688\" srcset=\"https:\/\/fablab-montagny-pres-louhans.fr\/wp-content\/uploads\/2019\/08\/copie-0_IMG_1873.jpg 1601w, https:\/\/fablab-montagny-pres-louhans.fr\/wp-content\/uploads\/2019\/08\/copie-0_IMG_1873-300x225.jpg 300w, https:\/\/fablab-montagny-pres-louhans.fr\/wp-content\/uploads\/2019\/08\/copie-0_IMG_1873-768x576.jpg 768w, https:\/\/fablab-montagny-pres-louhans.fr\/wp-content\/uploads\/2019\/08\/copie-0_IMG_1873-1024x768.jpg 1024w\" sizes=\"(max-width: 1601px) 100vw, 1601px\" \/><\/figure>\n\n\n\n<figure class=\"wp-block-image\"><img loading=\"lazy\" decoding=\"async\" width=\"1601\" height=\"1200\" src=\"https:\/\/i2.wp.com\/www.labo-m.club\/wp-content\/uploads\/2019\/08\/copie-0_IMG_1875.jpg?fit=843%2C632\" alt=\"\" class=\"wp-image-2689\" srcset=\"https:\/\/fablab-montagny-pres-louhans.fr\/wp-content\/uploads\/2019\/08\/copie-0_IMG_1875.jpg 1601w, https:\/\/fablab-montagny-pres-louhans.fr\/wp-content\/uploads\/2019\/08\/copie-0_IMG_1875-300x225.jpg 300w, https:\/\/fablab-montagny-pres-louhans.fr\/wp-content\/uploads\/2019\/08\/copie-0_IMG_1875-768x576.jpg 768w, https:\/\/fablab-montagny-pres-louhans.fr\/wp-content\/uploads\/2019\/08\/copie-0_IMG_1875-1024x768.jpg 1024w\" sizes=\"(max-width: 1601px) 100vw, 1601px\" \/><\/figure>\n\n\n\n<figure class=\"wp-block-image\"><img loading=\"lazy\" decoding=\"async\" width=\"1601\" height=\"1200\" src=\"https:\/\/i1.wp.com\/www.labo-m.club\/wp-content\/uploads\/2019\/08\/copie-0_IMG_1876.jpg?fit=843%2C632\" alt=\"\" class=\"wp-image-2690\" srcset=\"https:\/\/fablab-montagny-pres-louhans.fr\/wp-content\/uploads\/2019\/08\/copie-0_IMG_1876.jpg 1601w, https:\/\/fablab-montagny-pres-louhans.fr\/wp-content\/uploads\/2019\/08\/copie-0_IMG_1876-300x225.jpg 300w, https:\/\/fablab-montagny-pres-louhans.fr\/wp-content\/uploads\/2019\/08\/copie-0_IMG_1876-768x576.jpg 768w, https:\/\/fablab-montagny-pres-louhans.fr\/wp-content\/uploads\/2019\/08\/copie-0_IMG_1876-1024x768.jpg 1024w\" sizes=\"(max-width: 1601px) 100vw, 1601px\" \/><\/figure>\n\n\n\n<figure class=\"wp-block-image\"><img loading=\"lazy\" decoding=\"async\" width=\"1601\" height=\"1200\" src=\"https:\/\/i2.wp.com\/www.labo-m.club\/wp-content\/uploads\/2019\/08\/copie-0_IMG_1888.jpg?fit=843%2C632\" alt=\"\" class=\"wp-image-2691\" srcset=\"https:\/\/fablab-montagny-pres-louhans.fr\/wp-content\/uploads\/2019\/08\/copie-0_IMG_1888.jpg 1601w, https:\/\/fablab-montagny-pres-louhans.fr\/wp-content\/uploads\/2019\/08\/copie-0_IMG_1888-300x225.jpg 300w, https:\/\/fablab-montagny-pres-louhans.fr\/wp-content\/uploads\/2019\/08\/copie-0_IMG_1888-768x576.jpg 768w, https:\/\/fablab-montagny-pres-louhans.fr\/wp-content\/uploads\/2019\/08\/copie-0_IMG_1888-1024x768.jpg 1024w\" sizes=\"(max-width: 1601px) 100vw, 1601px\" \/><\/figure>\n\n\n\n<figure class=\"wp-block-image\"><img loading=\"lazy\" decoding=\"async\" width=\"1601\" height=\"1200\" src=\"https:\/\/i1.wp.com\/www.labo-m.club\/wp-content\/uploads\/2019\/08\/copie-0_IMG_1889.jpg?fit=843%2C632\" alt=\"\" class=\"wp-image-2692\" srcset=\"https:\/\/fablab-montagny-pres-louhans.fr\/wp-content\/uploads\/2019\/08\/copie-0_IMG_1889.jpg 1601w, https:\/\/fablab-montagny-pres-louhans.fr\/wp-content\/uploads\/2019\/08\/copie-0_IMG_1889-300x225.jpg 300w, https:\/\/fablab-montagny-pres-louhans.fr\/wp-content\/uploads\/2019\/08\/copie-0_IMG_1889-768x576.jpg 768w, https:\/\/fablab-montagny-pres-louhans.fr\/wp-content\/uploads\/2019\/08\/copie-0_IMG_1889-1024x768.jpg 1024w\" sizes=\"(max-width: 1601px) 100vw, 1601px\" \/><\/figure>\n\n\n\n<figure class=\"wp-block-image\"><img loading=\"lazy\" decoding=\"async\" width=\"1601\" height=\"1200\" src=\"https:\/\/i2.wp.com\/www.labo-m.club\/wp-content\/uploads\/2019\/08\/copie-0_IMG_1906.jpg?fit=843%2C632\" alt=\"\" class=\"wp-image-2693\" srcset=\"https:\/\/fablab-montagny-pres-louhans.fr\/wp-content\/uploads\/2019\/08\/copie-0_IMG_1906.jpg 1601w, https:\/\/fablab-montagny-pres-louhans.fr\/wp-content\/uploads\/2019\/08\/copie-0_IMG_1906-300x225.jpg 300w, https:\/\/fablab-montagny-pres-louhans.fr\/wp-content\/uploads\/2019\/08\/copie-0_IMG_1906-768x576.jpg 768w, https:\/\/fablab-montagny-pres-louhans.fr\/wp-content\/uploads\/2019\/08\/copie-0_IMG_1906-1024x768.jpg 1024w\" sizes=\"(max-width: 1601px) 100vw, 1601px\" \/><\/figure>\n\n\n\n<figure class=\"wp-block-image\"><img loading=\"lazy\" decoding=\"async\" width=\"1601\" height=\"1200\" src=\"https:\/\/i0.wp.com\/www.labo-m.club\/wp-content\/uploads\/2019\/08\/copie-0_IMG_1917.jpg?fit=843%2C632\" alt=\"\" class=\"wp-image-2694\" srcset=\"https:\/\/fablab-montagny-pres-louhans.fr\/wp-content\/uploads\/2019\/08\/copie-0_IMG_1917.jpg 1601w, https:\/\/fablab-montagny-pres-louhans.fr\/wp-content\/uploads\/2019\/08\/copie-0_IMG_1917-300x225.jpg 300w, https:\/\/fablab-montagny-pres-louhans.fr\/wp-content\/uploads\/2019\/08\/copie-0_IMG_1917-768x576.jpg 768w, https:\/\/fablab-montagny-pres-louhans.fr\/wp-content\/uploads\/2019\/08\/copie-0_IMG_1917-1024x768.jpg 1024w\" sizes=\"(max-width: 1601px) 100vw, 1601px\" \/><\/figure>\n\n\n\n<figure class=\"wp-block-image\"><img loading=\"lazy\" decoding=\"async\" width=\"1601\" height=\"1200\" src=\"https:\/\/i2.wp.com\/www.labo-m.club\/wp-content\/uploads\/2019\/08\/copie-0_IMG_1921.jpg?fit=843%2C632\" alt=\"\" class=\"wp-image-2695\" srcset=\"https:\/\/fablab-montagny-pres-louhans.fr\/wp-content\/uploads\/2019\/08\/copie-0_IMG_1921.jpg 1601w, https:\/\/fablab-montagny-pres-louhans.fr\/wp-content\/uploads\/2019\/08\/copie-0_IMG_1921-300x225.jpg 300w, https:\/\/fablab-montagny-pres-louhans.fr\/wp-content\/uploads\/2019\/08\/copie-0_IMG_1921-768x576.jpg 768w, https:\/\/fablab-montagny-pres-louhans.fr\/wp-content\/uploads\/2019\/08\/copie-0_IMG_1921-1024x768.jpg 1024w\" sizes=\"(max-width: 1601px) 100vw, 1601px\" \/><\/figure>\n\n\n\n<figure class=\"wp-block-image\"><img loading=\"lazy\" decoding=\"async\" width=\"1601\" height=\"1200\" src=\"https:\/\/i0.wp.com\/www.labo-m.club\/wp-content\/uploads\/2019\/08\/copie-0_IMG_1922.jpg?fit=843%2C632\" alt=\"\" class=\"wp-image-2696\" srcset=\"https:\/\/fablab-montagny-pres-louhans.fr\/wp-content\/uploads\/2019\/08\/copie-0_IMG_1922.jpg 1601w, https:\/\/fablab-montagny-pres-louhans.fr\/wp-content\/uploads\/2019\/08\/copie-0_IMG_1922-300x225.jpg 300w, https:\/\/fablab-montagny-pres-louhans.fr\/wp-content\/uploads\/2019\/08\/copie-0_IMG_1922-768x576.jpg 768w, https:\/\/fablab-montagny-pres-louhans.fr\/wp-content\/uploads\/2019\/08\/copie-0_IMG_1922-1024x768.jpg 1024w\" sizes=\"(max-width: 1601px) 100vw, 1601px\" \/><\/figure>\n\n\n\n<figure class=\"wp-block-image\"><img loading=\"lazy\" decoding=\"async\" width=\"1601\" height=\"1200\" src=\"https:\/\/i1.wp.com\/www.labo-m.club\/wp-content\/uploads\/2019\/08\/copie-0_IMG_1928.jpg?fit=843%2C632\" alt=\"\" class=\"wp-image-2697\" srcset=\"https:\/\/fablab-montagny-pres-louhans.fr\/wp-content\/uploads\/2019\/08\/copie-0_IMG_1928.jpg 1601w, https:\/\/fablab-montagny-pres-louhans.fr\/wp-content\/uploads\/2019\/08\/copie-0_IMG_1928-300x225.jpg 300w, https:\/\/fablab-montagny-pres-louhans.fr\/wp-content\/uploads\/2019\/08\/copie-0_IMG_1928-768x576.jpg 768w, https:\/\/fablab-montagny-pres-louhans.fr\/wp-content\/uploads\/2019\/08\/copie-0_IMG_1928-1024x768.jpg 1024w\" sizes=\"(max-width: 1601px) 100vw, 1601px\" \/><\/figure>\n\n\n\n<figure class=\"wp-block-image\"><img loading=\"lazy\" decoding=\"async\" width=\"1601\" height=\"1200\" src=\"https:\/\/i2.wp.com\/www.labo-m.club\/wp-content\/uploads\/2019\/08\/copie-0_IMG_1943.jpg?fit=843%2C632\" alt=\"\" class=\"wp-image-2698\" srcset=\"https:\/\/fablab-montagny-pres-louhans.fr\/wp-content\/uploads\/2019\/08\/copie-0_IMG_1943.jpg 1601w, https:\/\/fablab-montagny-pres-louhans.fr\/wp-content\/uploads\/2019\/08\/copie-0_IMG_1943-300x225.jpg 300w, https:\/\/fablab-montagny-pres-louhans.fr\/wp-content\/uploads\/2019\/08\/copie-0_IMG_1943-768x576.jpg 768w, https:\/\/fablab-montagny-pres-louhans.fr\/wp-content\/uploads\/2019\/08\/copie-0_IMG_1943-1024x768.jpg 1024w\" sizes=\"(max-width: 1601px) 100vw, 1601px\" \/><\/figure>\n","protected":false},"excerpt":{"rendered":"<p>Comme nous vous l&rsquo;avions annonc\u00e9, Madame Pascaline BOULAY sous pr\u00e9f\u00e8te de Louhans nous \u00e0 fait l&rsquo;honneur de sa pr\u00e9sence ce mercredi 14 aout. Madame Mathilde CHALUMEAU conseill\u00e8re d\u00e9partemental Monsieur Anthony VADOT pr\u00e9sident de la communaut\u00e9 de communes Bresse Louhannaise Intercom \u00e9taient \u00e9galement pr\u00e9sents. En d\u00e9placement dans la commune de Montagny-pr\u00e8s-Louhans o\u00f9 elle rencontrait l&rsquo;\u00e9quipe municipale [&hellip;]<\/p>\n","protected":false},"author":31,"featured_media":0,"comment_status":"closed","ping_status":"open","sticky":false,"template":"","format":"standard","meta":{"_et_pb_use_builder":"","_et_pb_old_content":"","_et_gb_content_width":"","rop_custom_images_group":[],"rop_custom_messages_group":[],"rop_publish_now":"initial","rop_publish_now_accounts":{"facebook_1992431424458146_173380702515979":""},"rop_publish_now_history":[],"rop_publish_now_status":"pending","footnotes":""},"categories":[2],"tags":[],"class_list":["post-2681","post","type-post","status-publish","format-standard","hentry","category-news"],"yoast_head":"<!-- This site is optimized with the Yoast SEO plugin v27.3 - https:\/\/yoast.com\/product\/yoast-seo-wordpress\/ -->\n<title>La sous-pr\u00e9f\u00e8te de Louhans visite le FabLab - Le FabLab<\/title>\n<meta name=\"robots\" content=\"noindex, follow, max-snippet:-1, max-image-preview:large, max-video-preview:-1\" \/>\n<meta property=\"og:locale\" content=\"fr_FR\" \/>\n<meta property=\"og:type\" content=\"article\" \/>\n<meta property=\"og:title\" content=\"La sous-pr\u00e9f\u00e8te de Louhans visite le FabLab - Le FabLab\" \/>\n<meta property=\"og:description\" content=\"Comme nous vous l&rsquo;avions annonc\u00e9, Madame Pascaline BOULAY sous pr\u00e9f\u00e8te de Louhans nous \u00e0 fait l&rsquo;honneur de sa pr\u00e9sence ce mercredi 14 aout. Madame Mathilde CHALUMEAU conseill\u00e8re d\u00e9partemental Monsieur Anthony VADOT pr\u00e9sident de la communaut\u00e9 de communes Bresse Louhannaise Intercom \u00e9taient \u00e9galement pr\u00e9sents. En d\u00e9placement dans la commune de Montagny-pr\u00e8s-Louhans o\u00f9 elle rencontrait l&rsquo;\u00e9quipe municipale [&hellip;]\" \/>\n<meta property=\"og:url\" content=\"https:\/\/fablab-montagny-pres-louhans.fr\/index.php\/2019\/08\/15\/la-sous-prefete-de-louhans-visite-le-fablab\/\" \/>\n<meta property=\"og:site_name\" content=\"Le FabLab\" \/>\n<meta property=\"article:publisher\" content=\"https:\/\/www.facebook.com\/fablab.labom\/\" \/>\n<meta property=\"article:published_time\" content=\"2019-08-15T10:37:35+00:00\" \/>\n<meta property=\"article:modified_time\" content=\"2019-08-16T04:59:14+00:00\" \/>\n<meta property=\"og:image\" content=\"https:\/\/i2.wp.com\/www.labo-m.club\/wp-content\/uploads\/2019\/08\/copie-0_IMG_1873.jpg?fit=843%2C632\" \/>\n<meta name=\"author\" content=\"Xavier Vincent\" \/>\n<meta name=\"twitter:card\" content=\"summary_large_image\" \/>\n<meta name=\"twitter:label1\" content=\"\u00c9crit par\" \/>\n\t<meta name=\"twitter:data1\" content=\"Xavier Vincent\" \/>\n<script type=\"application\/ld+json\" class=\"yoast-schema-graph\">{\"@context\":\"https:\\\/\\\/schema.org\",\"@graph\":[{\"@type\":\"Article\",\"@id\":\"https:\\\/\\\/fablab-montagny-pres-louhans.fr\\\/index.php\\\/2019\\\/08\\\/15\\\/la-sous-prefete-de-louhans-visite-le-fablab\\\/#article\",\"isPartOf\":{\"@id\":\"https:\\\/\\\/fablab-montagny-pres-louhans.fr\\\/index.php\\\/2019\\\/08\\\/15\\\/la-sous-prefete-de-louhans-visite-le-fablab\\\/\"},\"author\":{\"name\":\"Xavier Vincent\",\"@id\":\"https:\\\/\\\/fablab-montagny-pres-louhans.fr\\\/#\\\/schema\\\/person\\\/59c98416fe3a0c002433d49a5b0f12ce\"},\"headline\":\"La sous-pr\u00e9f\u00e8te de Louhans visite le FabLab\",\"datePublished\":\"2019-08-15T10:37:35+00:00\",\"dateModified\":\"2019-08-16T04:59:14+00:00\",\"mainEntityOfPage\":{\"@id\":\"https:\\\/\\\/fablab-montagny-pres-louhans.fr\\\/index.php\\\/2019\\\/08\\\/15\\\/la-sous-prefete-de-louhans-visite-le-fablab\\\/\"},\"wordCount\":107,\"publisher\":{\"@id\":\"https:\\\/\\\/fablab-montagny-pres-louhans.fr\\\/#organization\"},\"image\":{\"@id\":\"https:\\\/\\\/fablab-montagny-pres-louhans.fr\\\/index.php\\\/2019\\\/08\\\/15\\\/la-sous-prefete-de-louhans-visite-le-fablab\\\/#primaryimage\"},\"thumbnailUrl\":\"https:\\\/\\\/i2.wp.com\\\/www.labo-m.club\\\/wp-content\\\/uploads\\\/2019\\\/08\\\/copie-0_IMG_1873.jpg?fit=843%2C632\",\"articleSection\":[\"News\"],\"inLanguage\":\"fr-FR\"},{\"@type\":\"WebPage\",\"@id\":\"https:\\\/\\\/fablab-montagny-pres-louhans.fr\\\/index.php\\\/2019\\\/08\\\/15\\\/la-sous-prefete-de-louhans-visite-le-fablab\\\/\",\"url\":\"https:\\\/\\\/fablab-montagny-pres-louhans.fr\\\/index.php\\\/2019\\\/08\\\/15\\\/la-sous-prefete-de-louhans-visite-le-fablab\\\/\",\"name\":\"La sous-pr\u00e9f\u00e8te de Louhans visite le FabLab - Le FabLab\",\"isPartOf\":{\"@id\":\"https:\\\/\\\/fablab-montagny-pres-louhans.fr\\\/#website\"},\"primaryImageOfPage\":{\"@id\":\"https:\\\/\\\/fablab-montagny-pres-louhans.fr\\\/index.php\\\/2019\\\/08\\\/15\\\/la-sous-prefete-de-louhans-visite-le-fablab\\\/#primaryimage\"},\"image\":{\"@id\":\"https:\\\/\\\/fablab-montagny-pres-louhans.fr\\\/index.php\\\/2019\\\/08\\\/15\\\/la-sous-prefete-de-louhans-visite-le-fablab\\\/#primaryimage\"},\"thumbnailUrl\":\"https:\\\/\\\/i2.wp.com\\\/www.labo-m.club\\\/wp-content\\\/uploads\\\/2019\\\/08\\\/copie-0_IMG_1873.jpg?fit=843%2C632\",\"datePublished\":\"2019-08-15T10:37:35+00:00\",\"dateModified\":\"2019-08-16T04:59:14+00:00\",\"breadcrumb\":{\"@id\":\"https:\\\/\\\/fablab-montagny-pres-louhans.fr\\\/index.php\\\/2019\\\/08\\\/15\\\/la-sous-prefete-de-louhans-visite-le-fablab\\\/#breadcrumb\"},\"inLanguage\":\"fr-FR\",\"potentialAction\":[{\"@type\":\"ReadAction\",\"target\":[\"https:\\\/\\\/fablab-montagny-pres-louhans.fr\\\/index.php\\\/2019\\\/08\\\/15\\\/la-sous-prefete-de-louhans-visite-le-fablab\\\/\"]}]},{\"@type\":\"ImageObject\",\"inLanguage\":\"fr-FR\",\"@id\":\"https:\\\/\\\/fablab-montagny-pres-louhans.fr\\\/index.php\\\/2019\\\/08\\\/15\\\/la-sous-prefete-de-louhans-visite-le-fablab\\\/#primaryimage\",\"url\":\"https:\\\/\\\/i2.wp.com\\\/www.labo-m.club\\\/wp-content\\\/uploads\\\/2019\\\/08\\\/copie-0_IMG_1873.jpg?fit=843%2C632\",\"contentUrl\":\"https:\\\/\\\/i2.wp.com\\\/www.labo-m.club\\\/wp-content\\\/uploads\\\/2019\\\/08\\\/copie-0_IMG_1873.jpg?fit=843%2C632\"},{\"@type\":\"BreadcrumbList\",\"@id\":\"https:\\\/\\\/fablab-montagny-pres-louhans.fr\\\/index.php\\\/2019\\\/08\\\/15\\\/la-sous-prefete-de-louhans-visite-le-fablab\\\/#breadcrumb\",\"itemListElement\":[{\"@type\":\"ListItem\",\"position\":1,\"name\":\"Accueil\",\"item\":\"https:\\\/\\\/fablab-montagny-pres-louhans.fr\\\/\"},{\"@type\":\"ListItem\",\"position\":2,\"name\":\"La sous-pr\u00e9f\u00e8te de Louhans visite le FabLab\"}]},{\"@type\":\"WebSite\",\"@id\":\"https:\\\/\\\/fablab-montagny-pres-louhans.fr\\\/#website\",\"url\":\"https:\\\/\\\/fablab-montagny-pres-louhans.fr\\\/\",\"name\":\"Le FabLab\",\"description\":\"Le premier de Bresse\",\"publisher\":{\"@id\":\"https:\\\/\\\/fablab-montagny-pres-louhans.fr\\\/#organization\"},\"potentialAction\":[{\"@type\":\"SearchAction\",\"target\":{\"@type\":\"EntryPoint\",\"urlTemplate\":\"https:\\\/\\\/fablab-montagny-pres-louhans.fr\\\/?s={search_term_string}\"},\"query-input\":{\"@type\":\"PropertyValueSpecification\",\"valueRequired\":true,\"valueName\":\"search_term_string\"}}],\"inLanguage\":\"fr-FR\"},{\"@type\":\"Organization\",\"@id\":\"https:\\\/\\\/fablab-montagny-pres-louhans.fr\\\/#organization\",\"name\":\"Le FabLab\",\"url\":\"https:\\\/\\\/fablab-montagny-pres-louhans.fr\\\/\",\"logo\":{\"@type\":\"ImageObject\",\"inLanguage\":\"fr-FR\",\"@id\":\"https:\\\/\\\/fablab-montagny-pres-louhans.fr\\\/#\\\/schema\\\/logo\\\/image\\\/\",\"url\":\"https:\\\/\\\/fablab-montagny-pres-louhans.fr\\\/wp-content\\\/uploads\\\/2023\\\/02\\\/FABALB-logo.png\",\"contentUrl\":\"https:\\\/\\\/fablab-montagny-pres-louhans.fr\\\/wp-content\\\/uploads\\\/2023\\\/02\\\/FABALB-logo.png\",\"width\":250,\"height\":260,\"caption\":\"Le FabLab\"},\"image\":{\"@id\":\"https:\\\/\\\/fablab-montagny-pres-louhans.fr\\\/#\\\/schema\\\/logo\\\/image\\\/\"},\"sameAs\":[\"https:\\\/\\\/www.facebook.com\\\/fablab.labom\\\/\"]},{\"@type\":\"Person\",\"@id\":\"https:\\\/\\\/fablab-montagny-pres-louhans.fr\\\/#\\\/schema\\\/person\\\/59c98416fe3a0c002433d49a5b0f12ce\",\"name\":\"Xavier Vincent\",\"image\":{\"@type\":\"ImageObject\",\"inLanguage\":\"fr-FR\",\"@id\":\"https:\\\/\\\/fablab-montagny-pres-louhans.fr\\\/wp-content\\\/litespeed\\\/avatar\\\/bae4764d44065ff492363743a1d834cd.jpg?ver=1777239699\",\"url\":\"https:\\\/\\\/fablab-montagny-pres-louhans.fr\\\/wp-content\\\/litespeed\\\/avatar\\\/bae4764d44065ff492363743a1d834cd.jpg?ver=1777239699\",\"contentUrl\":\"https:\\\/\\\/fablab-montagny-pres-louhans.fr\\\/wp-content\\\/litespeed\\\/avatar\\\/bae4764d44065ff492363743a1d834cd.jpg?ver=1777239699\",\"caption\":\"Xavier Vincent\"},\"url\":\"https:\\\/\\\/fablab-montagny-pres-louhans.fr\\\/index.php\\\/author\\\/xavier\\\/\"}]}<\/script>\n<!-- \/ Yoast SEO plugin. -->","yoast_head_json":{"title":"La sous-pr\u00e9f\u00e8te de Louhans visite le FabLab - Le FabLab","robots":{"index":"noindex","follow":"follow","max-snippet":"max-snippet:-1","max-image-preview":"max-image-preview:large","max-video-preview":"max-video-preview:-1"},"og_locale":"fr_FR","og_type":"article","og_title":"La sous-pr\u00e9f\u00e8te de Louhans visite le FabLab - Le FabLab","og_description":"Comme nous vous l&rsquo;avions annonc\u00e9, Madame Pascaline BOULAY sous pr\u00e9f\u00e8te de Louhans nous \u00e0 fait l&rsquo;honneur de sa pr\u00e9sence ce mercredi 14 aout. Madame Mathilde CHALUMEAU conseill\u00e8re d\u00e9partemental Monsieur Anthony VADOT pr\u00e9sident de la communaut\u00e9 de communes Bresse Louhannaise Intercom \u00e9taient \u00e9galement pr\u00e9sents. En d\u00e9placement dans la commune de Montagny-pr\u00e8s-Louhans o\u00f9 elle rencontrait l&rsquo;\u00e9quipe municipale [&hellip;]","og_url":"https:\/\/fablab-montagny-pres-louhans.fr\/index.php\/2019\/08\/15\/la-sous-prefete-de-louhans-visite-le-fablab\/","og_site_name":"Le FabLab","article_publisher":"https:\/\/www.facebook.com\/fablab.labom\/","article_published_time":"2019-08-15T10:37:35+00:00","article_modified_time":"2019-08-16T04:59:14+00:00","og_image":[{"url":"https:\/\/i2.wp.com\/www.labo-m.club\/wp-content\/uploads\/2019\/08\/copie-0_IMG_1873.jpg?fit=843%2C632","type":"","width":"","height":""}],"author":"Xavier Vincent","twitter_card":"summary_large_image","twitter_misc":{"\u00c9crit par":"Xavier Vincent"},"schema":{"@context":"https:\/\/schema.org","@graph":[{"@type":"Article","@id":"https:\/\/fablab-montagny-pres-louhans.fr\/index.php\/2019\/08\/15\/la-sous-prefete-de-louhans-visite-le-fablab\/#article","isPartOf":{"@id":"https:\/\/fablab-montagny-pres-louhans.fr\/index.php\/2019\/08\/15\/la-sous-prefete-de-louhans-visite-le-fablab\/"},"author":{"name":"Xavier Vincent","@id":"https:\/\/fablab-montagny-pres-louhans.fr\/#\/schema\/person\/59c98416fe3a0c002433d49a5b0f12ce"},"headline":"La sous-pr\u00e9f\u00e8te de Louhans visite le FabLab","datePublished":"2019-08-15T10:37:35+00:00","dateModified":"2019-08-16T04:59:14+00:00","mainEntityOfPage":{"@id":"https:\/\/fablab-montagny-pres-louhans.fr\/index.php\/2019\/08\/15\/la-sous-prefete-de-louhans-visite-le-fablab\/"},"wordCount":107,"publisher":{"@id":"https:\/\/fablab-montagny-pres-louhans.fr\/#organization"},"image":{"@id":"https:\/\/fablab-montagny-pres-louhans.fr\/index.php\/2019\/08\/15\/la-sous-prefete-de-louhans-visite-le-fablab\/#primaryimage"},"thumbnailUrl":"https:\/\/i2.wp.com\/www.labo-m.club\/wp-content\/uploads\/2019\/08\/copie-0_IMG_1873.jpg?fit=843%2C632","articleSection":["News"],"inLanguage":"fr-FR"},{"@type":"WebPage","@id":"https:\/\/fablab-montagny-pres-louhans.fr\/index.php\/2019\/08\/15\/la-sous-prefete-de-louhans-visite-le-fablab\/","url":"https:\/\/fablab-montagny-pres-louhans.fr\/index.php\/2019\/08\/15\/la-sous-prefete-de-louhans-visite-le-fablab\/","name":"La sous-pr\u00e9f\u00e8te de Louhans visite le FabLab - Le FabLab","isPartOf":{"@id":"https:\/\/fablab-montagny-pres-louhans.fr\/#website"},"primaryImageOfPage":{"@id":"https:\/\/fablab-montagny-pres-louhans.fr\/index.php\/2019\/08\/15\/la-sous-prefete-de-louhans-visite-le-fablab\/#primaryimage"},"image":{"@id":"https:\/\/fablab-montagny-pres-louhans.fr\/index.php\/2019\/08\/15\/la-sous-prefete-de-louhans-visite-le-fablab\/#primaryimage"},"thumbnailUrl":"https:\/\/i2.wp.com\/www.labo-m.club\/wp-content\/uploads\/2019\/08\/copie-0_IMG_1873.jpg?fit=843%2C632","datePublished":"2019-08-15T10:37:35+00:00","dateModified":"2019-08-16T04:59:14+00:00","breadcrumb":{"@id":"https:\/\/fablab-montagny-pres-louhans.fr\/index.php\/2019\/08\/15\/la-sous-prefete-de-louhans-visite-le-fablab\/#breadcrumb"},"inLanguage":"fr-FR","potentialAction":[{"@type":"ReadAction","target":["https:\/\/fablab-montagny-pres-louhans.fr\/index.php\/2019\/08\/15\/la-sous-prefete-de-louhans-visite-le-fablab\/"]}]},{"@type":"ImageObject","inLanguage":"fr-FR","@id":"https:\/\/fablab-montagny-pres-louhans.fr\/index.php\/2019\/08\/15\/la-sous-prefete-de-louhans-visite-le-fablab\/#primaryimage","url":"https:\/\/i2.wp.com\/www.labo-m.club\/wp-content\/uploads\/2019\/08\/copie-0_IMG_1873.jpg?fit=843%2C632","contentUrl":"https:\/\/i2.wp.com\/www.labo-m.club\/wp-content\/uploads\/2019\/08\/copie-0_IMG_1873.jpg?fit=843%2C632"},{"@type":"BreadcrumbList","@id":"https:\/\/fablab-montagny-pres-louhans.fr\/index.php\/2019\/08\/15\/la-sous-prefete-de-louhans-visite-le-fablab\/#breadcrumb","itemListElement":[{"@type":"ListItem","position":1,"name":"Accueil","item":"https:\/\/fablab-montagny-pres-louhans.fr\/"},{"@type":"ListItem","position":2,"name":"La sous-pr\u00e9f\u00e8te de Louhans visite le FabLab"}]},{"@type":"WebSite","@id":"https:\/\/fablab-montagny-pres-louhans.fr\/#website","url":"https:\/\/fablab-montagny-pres-louhans.fr\/","name":"Le FabLab","description":"Le premier de Bresse","publisher":{"@id":"https:\/\/fablab-montagny-pres-louhans.fr\/#organization"},"potentialAction":[{"@type":"SearchAction","target":{"@type":"EntryPoint","urlTemplate":"https:\/\/fablab-montagny-pres-louhans.fr\/?s={search_term_string}"},"query-input":{"@type":"PropertyValueSpecification","valueRequired":true,"valueName":"search_term_string"}}],"inLanguage":"fr-FR"},{"@type":"Organization","@id":"https:\/\/fablab-montagny-pres-louhans.fr\/#organization","name":"Le FabLab","url":"https:\/\/fablab-montagny-pres-louhans.fr\/","logo":{"@type":"ImageObject","inLanguage":"fr-FR","@id":"https:\/\/fablab-montagny-pres-louhans.fr\/#\/schema\/logo\/image\/","url":"https:\/\/fablab-montagny-pres-louhans.fr\/wp-content\/uploads\/2023\/02\/FABALB-logo.png","contentUrl":"https:\/\/fablab-montagny-pres-louhans.fr\/wp-content\/uploads\/2023\/02\/FABALB-logo.png","width":250,"height":260,"caption":"Le FabLab"},"image":{"@id":"https:\/\/fablab-montagny-pres-louhans.fr\/#\/schema\/logo\/image\/"},"sameAs":["https:\/\/www.facebook.com\/fablab.labom\/"]},{"@type":"Person","@id":"https:\/\/fablab-montagny-pres-louhans.fr\/#\/schema\/person\/59c98416fe3a0c002433d49a5b0f12ce","name":"Xavier Vincent","image":{"@type":"ImageObject","inLanguage":"fr-FR","@id":"https:\/\/fablab-montagny-pres-louhans.fr\/wp-content\/litespeed\/avatar\/bae4764d44065ff492363743a1d834cd.jpg?ver=1777239699","url":"https:\/\/fablab-montagny-pres-louhans.fr\/wp-content\/litespeed\/avatar\/bae4764d44065ff492363743a1d834cd.jpg?ver=1777239699","contentUrl":"https:\/\/fablab-montagny-pres-louhans.fr\/wp-content\/litespeed\/avatar\/bae4764d44065ff492363743a1d834cd.jpg?ver=1777239699","caption":"Xavier Vincent"},"url":"https:\/\/fablab-montagny-pres-louhans.fr\/index.php\/author\/xavier\/"}]}},"_links":{"self":[{"href":"https:\/\/fablab-montagny-pres-louhans.fr\/index.php\/wp-json\/wp\/v2\/posts\/2681","targetHints":{"allow":["GET"]}}],"collection":[{"href":"https:\/\/fablab-montagny-pres-louhans.fr\/index.php\/wp-json\/wp\/v2\/posts"}],"about":[{"href":"https:\/\/fablab-montagny-pres-louhans.fr\/index.php\/wp-json\/wp\/v2\/types\/post"}],"author":[{"embeddable":true,"href":"https:\/\/fablab-montagny-pres-louhans.fr\/index.php\/wp-json\/wp\/v2\/users\/31"}],"replies":[{"embeddable":true,"href":"https:\/\/fablab-montagny-pres-louhans.fr\/index.php\/wp-json\/wp\/v2\/comments?post=2681"}],"version-history":[{"count":8,"href":"https:\/\/fablab-montagny-pres-louhans.fr\/index.php\/wp-json\/wp\/v2\/posts\/2681\/revisions"}],"predecessor-version":[{"id":2701,"href":"https:\/\/fablab-montagny-pres-louhans.fr\/index.php\/wp-json\/wp\/v2\/posts\/2681\/revisions\/2701"}],"wp:attachment":[{"href":"https:\/\/fablab-montagny-pres-louhans.fr\/index.php\/wp-json\/wp\/v2\/media?parent=2681"}],"wp:term":[{"taxonomy":"category","embeddable":true,"href":"https:\/\/fablab-montagny-pres-louhans.fr\/index.php\/wp-json\/wp\/v2\/categories?post=2681"},{"taxonomy":"post_tag","embeddable":true,"href":"https:\/\/fablab-montagny-pres-louhans.fr\/index.php\/wp-json\/wp\/v2\/tags?post=2681"}],"curies":[{"name":"wp","href":"https:\/\/api.w.org\/{rel}","templated":true}]}}