{"id":2674,"date":"2019-08-11T19:09:36","date_gmt":"2019-08-11T17:09:36","guid":{"rendered":"https:\/\/fablab-montagny-pres-louhans.fr\/?p=2674"},"modified":"2019-08-11T19:09:36","modified_gmt":"2019-08-11T17:09:36","slug":"pot-de-depart-yannis","status":"publish","type":"post","link":"https:\/\/fablab-montagny-pres-louhans.fr\/index.php\/2019\/08\/11\/pot-de-depart-yannis\/","title":{"rendered":"Pot de d\u00e9part YANNIS"},"content":{"rendered":"\n<p><strong>Nous \u00e9tions plus de 30 vendredi 9 ao\u00fbt pour marquer la fin de la Mission Service Civique de Yannis. Cette petite f\u00eate \u00e9tait pr\u00e9texte pour passer un bon \u00ab\u00a0moment en famille\u00a0\u00bb, mais c&rsquo;\u00e9tait surtout l&rsquo;occasion de remercier Yannis pour son aide et sa disponibilit\u00e9 durant ces 6 mois pass\u00e9s avec nous.<\/strong><\/p>\n\n\n\n<div class=\"wp-block-media-text alignwide\"><figure class=\"wp-block-media-text__media\"><img loading=\"lazy\" decoding=\"async\" width=\"1024\" height=\"611\" src=\"https:\/\/fablab-montagny-pres-louhans.fr\/wp-content\/uploads\/2019\/08\/20190809_183926-1024x611.jpg\" alt=\"\" class=\"wp-image-2670\" srcset=\"https:\/\/fablab-montagny-pres-louhans.fr\/wp-content\/uploads\/2019\/08\/20190809_183926-1024x611.jpg 1024w, https:\/\/fablab-montagny-pres-louhans.fr\/wp-content\/uploads\/2019\/08\/20190809_183926-300x179.jpg 300w, https:\/\/fablab-montagny-pres-louhans.fr\/wp-content\/uploads\/2019\/08\/20190809_183926-768x458.jpg 768w\" sizes=\"(max-width: 1024px) 100vw, 1024px\" \/><\/figure><div class=\"wp-block-media-text__content\">\n<p><strong><em>Les invit\u00e9s et le buffet \u2026.avant l&rsquo;ouverture des hostilit\u00e9s.<\/em><\/strong><\/p>\n<\/div><\/div>\n\n\n\n<div class=\"wp-block-media-text alignwide\"><figure class=\"wp-block-media-text__media\"><img loading=\"lazy\" decoding=\"async\" width=\"969\" height=\"1024\" src=\"https:\/\/fablab-montagny-pres-louhans.fr\/wp-content\/uploads\/2019\/08\/IMG_20190809_184032-969x1024.jpg\" alt=\"\" class=\"wp-image-2672\" srcset=\"https:\/\/fablab-montagny-pres-louhans.fr\/wp-content\/uploads\/2019\/08\/IMG_20190809_184032-969x1024.jpg 969w, https:\/\/fablab-montagny-pres-louhans.fr\/wp-content\/uploads\/2019\/08\/IMG_20190809_184032-284x300.jpg 284w, https:\/\/fablab-montagny-pres-louhans.fr\/wp-content\/uploads\/2019\/08\/IMG_20190809_184032-768x812.jpg 768w\" sizes=\"(max-width: 969px) 100vw, 969px\" \/><\/figure><div class=\"wp-block-media-text__content\">\n<p><strong><em>Vue d&rsquo;avion.<\/em><\/strong><\/p>\n<\/div><\/div>\n\n\n\n<p><br><strong><em>D\u00e8s cette fin de mois, Yannis int\u00e8grera \u00ab\u00a0l&rsquo;\u00e9cole 42\u00a0\u00bb \u00e0 Paris ou il sera d&rsquo;abord pendant un mois en \u00ab\u00a0immersion dans la piscine\u00a0\u00bb. Pas de profs, pas de surveillants mais des probl\u00e8mes et des \u00e9tapes \u00e0 franchir. A peu pr\u00e8s 14 heures de code par jour. On dort \u00e0 quelques m\u00e8tres des ordinateurs; Si on aime, personne ne vous emp\u00eachera de travailler la nuit plut\u00f4t que le jour. A la fin du premier mois, ceux qui sont encore l\u00e0 : 20 \u00e0 30% de l&rsquo;effectif de d\u00e9part seront re\u00e7us et pourront poursuivre ou tchao \u2026 <\/em><\/strong><br><strong><em>C&rsquo;est un truc de ouf on vous dit; et \u00e7a tombe bien \u2026. <\/em> <\/strong><\/p>\n\n\n\n<p><br><strong>Bon vent Yannis, l&rsquo;aventure ne fait que commencer pour toi.<br>La gestion de ton temps,<br>La prise d&rsquo;initiative,<br>La r\u00e9solution de probl\u00e8mes,<br>L&rsquo;aide apport\u00e9es aux adh\u00e9rents,<br>La cr\u00e9ativit\u00e9 et l&rsquo;inventivit\u00e9,<br>toutes ces exp\u00e9riences acquises au cours de ce s\u00e9jour \u00e0 Labo&rsquo;M te seront forc\u00e9ment utiles pour tes projets \u00e0 venir.<br> A bient\u00f4t au fablab.<\/strong><br><\/p>\n","protected":false},"excerpt":{"rendered":"<p>Nous \u00e9tions plus de 30 vendredi 9 ao\u00fbt pour marquer la fin de la Mission Service Civique de Yannis. Cette petite f\u00eate \u00e9tait pr\u00e9texte pour passer un bon \u00ab\u00a0moment en famille\u00a0\u00bb, mais c&rsquo;\u00e9tait surtout l&rsquo;occasion de remercier Yannis pour son aide et sa disponibilit\u00e9 durant ces 6 mois pass\u00e9s avec nous. Les invit\u00e9s et le [&hellip;]<\/p>\n","protected":false},"author":29,"featured_media":0,"comment_status":"closed","ping_status":"open","sticky":false,"template":"","format":"standard","meta":{"_et_pb_use_builder":"","_et_pb_old_content":"","_et_gb_content_width":"","rop_custom_images_group":[],"rop_custom_messages_group":[],"rop_publish_now":"initial","rop_publish_now_accounts":{"facebook_1992431424458146_173380702515979":""},"rop_publish_now_history":[],"rop_publish_now_status":"pending","footnotes":""},"categories":[2],"tags":[],"class_list":["post-2674","post","type-post","status-publish","format-standard","hentry","category-news"],"yoast_head":"<!-- This site is optimized with the Yoast SEO plugin v27.3 - https:\/\/yoast.com\/product\/yoast-seo-wordpress\/ -->\n<title>Pot de d\u00e9part YANNIS - Le FabLab<\/title>\n<meta name=\"robots\" content=\"noindex, follow, max-snippet:-1, max-image-preview:large, max-video-preview:-1\" \/>\n<meta property=\"og:locale\" content=\"fr_FR\" \/>\n<meta property=\"og:type\" content=\"article\" \/>\n<meta property=\"og:title\" content=\"Pot de d\u00e9part YANNIS - Le FabLab\" \/>\n<meta property=\"og:description\" content=\"Nous \u00e9tions plus de 30 vendredi 9 ao\u00fbt pour marquer la fin de la Mission Service Civique de Yannis. Cette petite f\u00eate \u00e9tait pr\u00e9texte pour passer un bon \u00ab\u00a0moment en famille\u00a0\u00bb, mais c&rsquo;\u00e9tait surtout l&rsquo;occasion de remercier Yannis pour son aide et sa disponibilit\u00e9 durant ces 6 mois pass\u00e9s avec nous. Les invit\u00e9s et le [&hellip;]\" \/>\n<meta property=\"og:url\" content=\"https:\/\/fablab-montagny-pres-louhans.fr\/index.php\/2019\/08\/11\/pot-de-depart-yannis\/\" \/>\n<meta property=\"og:site_name\" content=\"Le FabLab\" \/>\n<meta property=\"article:publisher\" content=\"https:\/\/www.facebook.com\/fablab.labom\/\" \/>\n<meta property=\"article:published_time\" content=\"2019-08-11T17:09:36+00:00\" \/>\n<meta property=\"og:image\" content=\"https:\/\/fablab-montagny-pres-louhans.fr\/wp-content\/uploads\/2019\/08\/20190809_183926-1024x611.jpg\" \/>\n<meta name=\"author\" content=\"Roger Remondy\" \/>\n<meta name=\"twitter:card\" content=\"summary_large_image\" \/>\n<meta name=\"twitter:label1\" content=\"\u00c9crit par\" \/>\n\t<meta name=\"twitter:data1\" content=\"Roger Remondy\" \/>\n\t<meta name=\"twitter:label2\" content=\"Dur\u00e9e de lecture estim\u00e9e\" \/>\n\t<meta name=\"twitter:data2\" content=\"1 minute\" \/>\n<script type=\"application\/ld+json\" class=\"yoast-schema-graph\">{\"@context\":\"https:\\\/\\\/schema.org\",\"@graph\":[{\"@type\":\"Article\",\"@id\":\"https:\\\/\\\/fablab-montagny-pres-louhans.fr\\\/index.php\\\/2019\\\/08\\\/11\\\/pot-de-depart-yannis\\\/#article\",\"isPartOf\":{\"@id\":\"https:\\\/\\\/fablab-montagny-pres-louhans.fr\\\/index.php\\\/2019\\\/08\\\/11\\\/pot-de-depart-yannis\\\/\"},\"author\":{\"name\":\"Roger Remondy\",\"@id\":\"https:\\\/\\\/fablab-montagny-pres-louhans.fr\\\/#\\\/schema\\\/person\\\/b4b47741bdde563325530989455fe7de\"},\"headline\":\"Pot de d\u00e9part YANNIS\",\"datePublished\":\"2019-08-11T17:09:36+00:00\",\"mainEntityOfPage\":{\"@id\":\"https:\\\/\\\/fablab-montagny-pres-louhans.fr\\\/index.php\\\/2019\\\/08\\\/11\\\/pot-de-depart-yannis\\\/\"},\"wordCount\":239,\"publisher\":{\"@id\":\"https:\\\/\\\/fablab-montagny-pres-louhans.fr\\\/#organization\"},\"image\":{\"@id\":\"https:\\\/\\\/fablab-montagny-pres-louhans.fr\\\/index.php\\\/2019\\\/08\\\/11\\\/pot-de-depart-yannis\\\/#primaryimage\"},\"thumbnailUrl\":\"https:\\\/\\\/fablab-montagny-pres-louhans.fr\\\/wp-content\\\/uploads\\\/2019\\\/08\\\/20190809_183926-1024x611.jpg\",\"articleSection\":[\"News\"],\"inLanguage\":\"fr-FR\"},{\"@type\":\"WebPage\",\"@id\":\"https:\\\/\\\/fablab-montagny-pres-louhans.fr\\\/index.php\\\/2019\\\/08\\\/11\\\/pot-de-depart-yannis\\\/\",\"url\":\"https:\\\/\\\/fablab-montagny-pres-louhans.fr\\\/index.php\\\/2019\\\/08\\\/11\\\/pot-de-depart-yannis\\\/\",\"name\":\"Pot de d\u00e9part YANNIS - Le FabLab\",\"isPartOf\":{\"@id\":\"https:\\\/\\\/fablab-montagny-pres-louhans.fr\\\/#website\"},\"primaryImageOfPage\":{\"@id\":\"https:\\\/\\\/fablab-montagny-pres-louhans.fr\\\/index.php\\\/2019\\\/08\\\/11\\\/pot-de-depart-yannis\\\/#primaryimage\"},\"image\":{\"@id\":\"https:\\\/\\\/fablab-montagny-pres-louhans.fr\\\/index.php\\\/2019\\\/08\\\/11\\\/pot-de-depart-yannis\\\/#primaryimage\"},\"thumbnailUrl\":\"https:\\\/\\\/fablab-montagny-pres-louhans.fr\\\/wp-content\\\/uploads\\\/2019\\\/08\\\/20190809_183926-1024x611.jpg\",\"datePublished\":\"2019-08-11T17:09:36+00:00\",\"breadcrumb\":{\"@id\":\"https:\\\/\\\/fablab-montagny-pres-louhans.fr\\\/index.php\\\/2019\\\/08\\\/11\\\/pot-de-depart-yannis\\\/#breadcrumb\"},\"inLanguage\":\"fr-FR\",\"potentialAction\":[{\"@type\":\"ReadAction\",\"target\":[\"https:\\\/\\\/fablab-montagny-pres-louhans.fr\\\/index.php\\\/2019\\\/08\\\/11\\\/pot-de-depart-yannis\\\/\"]}]},{\"@type\":\"ImageObject\",\"inLanguage\":\"fr-FR\",\"@id\":\"https:\\\/\\\/fablab-montagny-pres-louhans.fr\\\/index.php\\\/2019\\\/08\\\/11\\\/pot-de-depart-yannis\\\/#primaryimage\",\"url\":\"https:\\\/\\\/fablab-montagny-pres-louhans.fr\\\/wp-content\\\/uploads\\\/2019\\\/08\\\/20190809_183926.jpg\",\"contentUrl\":\"https:\\\/\\\/fablab-montagny-pres-louhans.fr\\\/wp-content\\\/uploads\\\/2019\\\/08\\\/20190809_183926.jpg\",\"width\":4063,\"height\":2424},{\"@type\":\"BreadcrumbList\",\"@id\":\"https:\\\/\\\/fablab-montagny-pres-louhans.fr\\\/index.php\\\/2019\\\/08\\\/11\\\/pot-de-depart-yannis\\\/#breadcrumb\",\"itemListElement\":[{\"@type\":\"ListItem\",\"position\":1,\"name\":\"Accueil\",\"item\":\"https:\\\/\\\/fablab-montagny-pres-louhans.fr\\\/\"},{\"@type\":\"ListItem\",\"position\":2,\"name\":\"Pot de d\u00e9part YANNIS\"}]},{\"@type\":\"WebSite\",\"@id\":\"https:\\\/\\\/fablab-montagny-pres-louhans.fr\\\/#website\",\"url\":\"https:\\\/\\\/fablab-montagny-pres-louhans.fr\\\/\",\"name\":\"Le FabLab\",\"description\":\"Le premier de Bresse\",\"publisher\":{\"@id\":\"https:\\\/\\\/fablab-montagny-pres-louhans.fr\\\/#organization\"},\"potentialAction\":[{\"@type\":\"SearchAction\",\"target\":{\"@type\":\"EntryPoint\",\"urlTemplate\":\"https:\\\/\\\/fablab-montagny-pres-louhans.fr\\\/?s={search_term_string}\"},\"query-input\":{\"@type\":\"PropertyValueSpecification\",\"valueRequired\":true,\"valueName\":\"search_term_string\"}}],\"inLanguage\":\"fr-FR\"},{\"@type\":\"Organization\",\"@id\":\"https:\\\/\\\/fablab-montagny-pres-louhans.fr\\\/#organization\",\"name\":\"Le FabLab\",\"url\":\"https:\\\/\\\/fablab-montagny-pres-louhans.fr\\\/\",\"logo\":{\"@type\":\"ImageObject\",\"inLanguage\":\"fr-FR\",\"@id\":\"https:\\\/\\\/fablab-montagny-pres-louhans.fr\\\/#\\\/schema\\\/logo\\\/image\\\/\",\"url\":\"https:\\\/\\\/fablab-montagny-pres-louhans.fr\\\/wp-content\\\/uploads\\\/2023\\\/02\\\/FABALB-logo.png\",\"contentUrl\":\"https:\\\/\\\/fablab-montagny-pres-louhans.fr\\\/wp-content\\\/uploads\\\/2023\\\/02\\\/FABALB-logo.png\",\"width\":250,\"height\":260,\"caption\":\"Le FabLab\"},\"image\":{\"@id\":\"https:\\\/\\\/fablab-montagny-pres-louhans.fr\\\/#\\\/schema\\\/logo\\\/image\\\/\"},\"sameAs\":[\"https:\\\/\\\/www.facebook.com\\\/fablab.labom\\\/\"]},{\"@type\":\"Person\",\"@id\":\"https:\\\/\\\/fablab-montagny-pres-louhans.fr\\\/#\\\/schema\\\/person\\\/b4b47741bdde563325530989455fe7de\",\"name\":\"Roger Remondy\",\"image\":{\"@type\":\"ImageObject\",\"inLanguage\":\"fr-FR\",\"@id\":\"https:\\\/\\\/fablab-montagny-pres-louhans.fr\\\/wp-content\\\/litespeed\\\/avatar\\\/0636c9b2c03e4d83e562c27b768bd1cb.jpg?ver=1777239698\",\"url\":\"https:\\\/\\\/fablab-montagny-pres-louhans.fr\\\/wp-content\\\/litespeed\\\/avatar\\\/0636c9b2c03e4d83e562c27b768bd1cb.jpg?ver=1777239698\",\"contentUrl\":\"https:\\\/\\\/fablab-montagny-pres-louhans.fr\\\/wp-content\\\/litespeed\\\/avatar\\\/0636c9b2c03e4d83e562c27b768bd1cb.jpg?ver=1777239698\",\"caption\":\"Roger Remondy\"},\"url\":\"https:\\\/\\\/fablab-montagny-pres-louhans.fr\\\/index.php\\\/author\\\/roger\\\/\"}]}<\/script>\n<!-- \/ Yoast SEO plugin. -->","yoast_head_json":{"title":"Pot de d\u00e9part YANNIS - Le FabLab","robots":{"index":"noindex","follow":"follow","max-snippet":"max-snippet:-1","max-image-preview":"max-image-preview:large","max-video-preview":"max-video-preview:-1"},"og_locale":"fr_FR","og_type":"article","og_title":"Pot de d\u00e9part YANNIS - Le FabLab","og_description":"Nous \u00e9tions plus de 30 vendredi 9 ao\u00fbt pour marquer la fin de la Mission Service Civique de Yannis. Cette petite f\u00eate \u00e9tait pr\u00e9texte pour passer un bon \u00ab\u00a0moment en famille\u00a0\u00bb, mais c&rsquo;\u00e9tait surtout l&rsquo;occasion de remercier Yannis pour son aide et sa disponibilit\u00e9 durant ces 6 mois pass\u00e9s avec nous. Les invit\u00e9s et le [&hellip;]","og_url":"https:\/\/fablab-montagny-pres-louhans.fr\/index.php\/2019\/08\/11\/pot-de-depart-yannis\/","og_site_name":"Le FabLab","article_publisher":"https:\/\/www.facebook.com\/fablab.labom\/","article_published_time":"2019-08-11T17:09:36+00:00","og_image":[{"url":"https:\/\/fablab-montagny-pres-louhans.fr\/wp-content\/uploads\/2019\/08\/20190809_183926-1024x611.jpg","type":"","width":"","height":""}],"author":"Roger Remondy","twitter_card":"summary_large_image","twitter_misc":{"\u00c9crit par":"Roger Remondy","Dur\u00e9e de lecture estim\u00e9e":"1 minute"},"schema":{"@context":"https:\/\/schema.org","@graph":[{"@type":"Article","@id":"https:\/\/fablab-montagny-pres-louhans.fr\/index.php\/2019\/08\/11\/pot-de-depart-yannis\/#article","isPartOf":{"@id":"https:\/\/fablab-montagny-pres-louhans.fr\/index.php\/2019\/08\/11\/pot-de-depart-yannis\/"},"author":{"name":"Roger Remondy","@id":"https:\/\/fablab-montagny-pres-louhans.fr\/#\/schema\/person\/b4b47741bdde563325530989455fe7de"},"headline":"Pot de d\u00e9part YANNIS","datePublished":"2019-08-11T17:09:36+00:00","mainEntityOfPage":{"@id":"https:\/\/fablab-montagny-pres-louhans.fr\/index.php\/2019\/08\/11\/pot-de-depart-yannis\/"},"wordCount":239,"publisher":{"@id":"https:\/\/fablab-montagny-pres-louhans.fr\/#organization"},"image":{"@id":"https:\/\/fablab-montagny-pres-louhans.fr\/index.php\/2019\/08\/11\/pot-de-depart-yannis\/#primaryimage"},"thumbnailUrl":"https:\/\/fablab-montagny-pres-louhans.fr\/wp-content\/uploads\/2019\/08\/20190809_183926-1024x611.jpg","articleSection":["News"],"inLanguage":"fr-FR"},{"@type":"WebPage","@id":"https:\/\/fablab-montagny-pres-louhans.fr\/index.php\/2019\/08\/11\/pot-de-depart-yannis\/","url":"https:\/\/fablab-montagny-pres-louhans.fr\/index.php\/2019\/08\/11\/pot-de-depart-yannis\/","name":"Pot de d\u00e9part YANNIS - Le FabLab","isPartOf":{"@id":"https:\/\/fablab-montagny-pres-louhans.fr\/#website"},"primaryImageOfPage":{"@id":"https:\/\/fablab-montagny-pres-louhans.fr\/index.php\/2019\/08\/11\/pot-de-depart-yannis\/#primaryimage"},"image":{"@id":"https:\/\/fablab-montagny-pres-louhans.fr\/index.php\/2019\/08\/11\/pot-de-depart-yannis\/#primaryimage"},"thumbnailUrl":"https:\/\/fablab-montagny-pres-louhans.fr\/wp-content\/uploads\/2019\/08\/20190809_183926-1024x611.jpg","datePublished":"2019-08-11T17:09:36+00:00","breadcrumb":{"@id":"https:\/\/fablab-montagny-pres-louhans.fr\/index.php\/2019\/08\/11\/pot-de-depart-yannis\/#breadcrumb"},"inLanguage":"fr-FR","potentialAction":[{"@type":"ReadAction","target":["https:\/\/fablab-montagny-pres-louhans.fr\/index.php\/2019\/08\/11\/pot-de-depart-yannis\/"]}]},{"@type":"ImageObject","inLanguage":"fr-FR","@id":"https:\/\/fablab-montagny-pres-louhans.fr\/index.php\/2019\/08\/11\/pot-de-depart-yannis\/#primaryimage","url":"https:\/\/fablab-montagny-pres-louhans.fr\/wp-content\/uploads\/2019\/08\/20190809_183926.jpg","contentUrl":"https:\/\/fablab-montagny-pres-louhans.fr\/wp-content\/uploads\/2019\/08\/20190809_183926.jpg","width":4063,"height":2424},{"@type":"BreadcrumbList","@id":"https:\/\/fablab-montagny-pres-louhans.fr\/index.php\/2019\/08\/11\/pot-de-depart-yannis\/#breadcrumb","itemListElement":[{"@type":"ListItem","position":1,"name":"Accueil","item":"https:\/\/fablab-montagny-pres-louhans.fr\/"},{"@type":"ListItem","position":2,"name":"Pot de d\u00e9part YANNIS"}]},{"@type":"WebSite","@id":"https:\/\/fablab-montagny-pres-louhans.fr\/#website","url":"https:\/\/fablab-montagny-pres-louhans.fr\/","name":"Le FabLab","description":"Le premier de Bresse","publisher":{"@id":"https:\/\/fablab-montagny-pres-louhans.fr\/#organization"},"potentialAction":[{"@type":"SearchAction","target":{"@type":"EntryPoint","urlTemplate":"https:\/\/fablab-montagny-pres-louhans.fr\/?s={search_term_string}"},"query-input":{"@type":"PropertyValueSpecification","valueRequired":true,"valueName":"search_term_string"}}],"inLanguage":"fr-FR"},{"@type":"Organization","@id":"https:\/\/fablab-montagny-pres-louhans.fr\/#organization","name":"Le FabLab","url":"https:\/\/fablab-montagny-pres-louhans.fr\/","logo":{"@type":"ImageObject","inLanguage":"fr-FR","@id":"https:\/\/fablab-montagny-pres-louhans.fr\/#\/schema\/logo\/image\/","url":"https:\/\/fablab-montagny-pres-louhans.fr\/wp-content\/uploads\/2023\/02\/FABALB-logo.png","contentUrl":"https:\/\/fablab-montagny-pres-louhans.fr\/wp-content\/uploads\/2023\/02\/FABALB-logo.png","width":250,"height":260,"caption":"Le FabLab"},"image":{"@id":"https:\/\/fablab-montagny-pres-louhans.fr\/#\/schema\/logo\/image\/"},"sameAs":["https:\/\/www.facebook.com\/fablab.labom\/"]},{"@type":"Person","@id":"https:\/\/fablab-montagny-pres-louhans.fr\/#\/schema\/person\/b4b47741bdde563325530989455fe7de","name":"Roger Remondy","image":{"@type":"ImageObject","inLanguage":"fr-FR","@id":"https:\/\/fablab-montagny-pres-louhans.fr\/wp-content\/litespeed\/avatar\/0636c9b2c03e4d83e562c27b768bd1cb.jpg?ver=1777239698","url":"https:\/\/fablab-montagny-pres-louhans.fr\/wp-content\/litespeed\/avatar\/0636c9b2c03e4d83e562c27b768bd1cb.jpg?ver=1777239698","contentUrl":"https:\/\/fablab-montagny-pres-louhans.fr\/wp-content\/litespeed\/avatar\/0636c9b2c03e4d83e562c27b768bd1cb.jpg?ver=1777239698","caption":"Roger Remondy"},"url":"https:\/\/fablab-montagny-pres-louhans.fr\/index.php\/author\/roger\/"}]}},"_links":{"self":[{"href":"https:\/\/fablab-montagny-pres-louhans.fr\/index.php\/wp-json\/wp\/v2\/posts\/2674","targetHints":{"allow":["GET"]}}],"collection":[{"href":"https:\/\/fablab-montagny-pres-louhans.fr\/index.php\/wp-json\/wp\/v2\/posts"}],"about":[{"href":"https:\/\/fablab-montagny-pres-louhans.fr\/index.php\/wp-json\/wp\/v2\/types\/post"}],"author":[{"embeddable":true,"href":"https:\/\/fablab-montagny-pres-louhans.fr\/index.php\/wp-json\/wp\/v2\/users\/29"}],"replies":[{"embeddable":true,"href":"https:\/\/fablab-montagny-pres-louhans.fr\/index.php\/wp-json\/wp\/v2\/comments?post=2674"}],"version-history":[{"count":5,"href":"https:\/\/fablab-montagny-pres-louhans.fr\/index.php\/wp-json\/wp\/v2\/posts\/2674\/revisions"}],"predecessor-version":[{"id":2679,"href":"https:\/\/fablab-montagny-pres-louhans.fr\/index.php\/wp-json\/wp\/v2\/posts\/2674\/revisions\/2679"}],"wp:attachment":[{"href":"https:\/\/fablab-montagny-pres-louhans.fr\/index.php\/wp-json\/wp\/v2\/media?parent=2674"}],"wp:term":[{"taxonomy":"category","embeddable":true,"href":"https:\/\/fablab-montagny-pres-louhans.fr\/index.php\/wp-json\/wp\/v2\/categories?post=2674"},{"taxonomy":"post_tag","embeddable":true,"href":"https:\/\/fablab-montagny-pres-louhans.fr\/index.php\/wp-json\/wp\/v2\/tags?post=2674"}],"curies":[{"name":"wp","href":"https:\/\/api.w.org\/{rel}","templated":true}]}}