{"id":249359,"date":"2025-03-17T15:09:33","date_gmt":"2025-03-17T14:09:33","guid":{"rendered":"https:\/\/fablab-montagny-pres-louhans.fr\/?p=249359"},"modified":"2025-03-18T07:46:48","modified_gmt":"2025-03-18T06:46:48","slug":"inoui-un-tgv-se-coupe-en-deux-le-fablab-le-repare-pas-de-retard-de-prevu-2","status":"publish","type":"post","link":"https:\/\/fablab-montagny-pres-louhans.fr\/index.php\/2025\/03\/17\/inoui-un-tgv-se-coupe-en-deux-le-fablab-le-repare-pas-de-retard-de-prevu-2\/","title":{"rendered":"Inoui ! Un TGV se coupe en deux. Le fablab le r\u00e9pare. Pas de retard de pr\u00e9vu."},"content":{"rendered":"<p>Un appel urgent de la SNCF. Un TGV inou\u00ef s&rsquo;est bris\u00e9 en deux&#8230;Le fablab intervient.<\/p>\n<p>Non, plus s\u00e9rieusement, le SOS d&rsquo;un petit bonhomme qui a cass\u00e9 son jouet. Alain et son grand coeur se sont port\u00e9s \u00e0 son secours.<br \/>\nLe patient est pris en charge pour un diagnostic. L&rsquo;attelage a \u00e9t\u00e9 cass\u00e9. La motrice ne peut plus remorquer les voitures de la rame.<\/p>\n<p>Alain se pr\u00e9cipite sur fusion360 et mod\u00e9lise une pi\u00e8ce de remplacement.<\/p>\n<p><img loading=\"lazy\" decoding=\"async\" class=\"alignnone wp-image-249345 size-medium\" src=\"https:\/\/fablab-montagny-pres-louhans.fr\/wp-content\/uploads\/2025\/03\/PHOTO-2025-03-17-11-15-28-4-900x1200.jpg\" alt=\"\" width=\"900\" height=\"1200\" \/><\/p>\n<p>Le fichier STL est export\u00e9 et transmis \u00e0 Louis pour une impression rapide. La pi\u00e8ce de remplacement est rapidement mise en place.<\/p>\n<p><img loading=\"lazy\" decoding=\"async\" class=\"alignnone wp-image-249343 size-full\" src=\"https:\/\/fablab-montagny-pres-louhans.fr\/wp-content\/uploads\/2025\/03\/PHOTO-2025-03-17-11-15-28-2-e1742207697941.jpg\" alt=\"\" width=\"600\" height=\"800\" srcset=\"https:\/\/fablab-montagny-pres-louhans.fr\/wp-content\/uploads\/2025\/03\/PHOTO-2025-03-17-11-15-28-2-e1742207697941-600x551.jpg 600w, https:\/\/fablab-montagny-pres-louhans.fr\/wp-content\/uploads\/2025\/03\/PHOTO-2025-03-17-11-15-28-2-e1742207697941-480x270.jpg 480w\" sizes=\"(min-width: 0px) and (max-width: 480px) 480px, (min-width: 481px) and (max-width: 600px) 600px, 100vw\" \/><\/p>\n<p>La rame est assembl\u00e9e.<\/p>\n<p><img loading=\"lazy\" decoding=\"async\" class=\"alignnone wp-image-249344 size-full\" src=\"https:\/\/fablab-montagny-pres-louhans.fr\/wp-content\/uploads\/2025\/03\/PHOTO-2025-03-17-11-15-28-3-e1742207784532.jpg\" alt=\"\" width=\"600\" height=\"800\" \/><\/p>\n<p>Il ne manque plus que les rails.<\/p>\n<p><img loading=\"lazy\" decoding=\"async\" class=\"alignnone wp-image-249346\" src=\"https:\/\/fablab-montagny-pres-louhans.fr\/wp-content\/uploads\/2025\/03\/PHOTO-2025-03-17-11-15-28-e1742207436943-1200x306.jpg\" alt=\"\" width=\"800\" height=\"204\" \/><\/p>\n<p>Le TGV est de nouveau op\u00e9rationnel. Pas de retard \u00e0 pr\u00e9voir.<\/p>\n","protected":false},"excerpt":{"rendered":"<p>Un appel urgent de la SNCF. Un TGV inou\u00ef s&rsquo;est bris\u00e9 en deux&#8230;Le fablab intervient.<\/p>\n","protected":false},"author":31,"featured_media":249346,"comment_status":"closed","ping_status":"open","sticky":false,"template":"","format":"standard","meta":{"_et_pb_use_builder":"","_et_pb_old_content":"","_et_gb_content_width":"","rop_custom_images_group":[],"rop_custom_messages_group":[],"rop_publish_now":"initial","rop_publish_now_accounts":{"facebook_1992431424458146_173380702515979":""},"rop_publish_now_history":[],"rop_publish_now_status":"pending","footnotes":""},"categories":[7,2],"tags":[],"class_list":["post-249359","post","type-post","status-publish","format-standard","has-post-thumbnail","hentry","category-impression-3d","category-news"],"yoast_head":"<!-- This site is optimized with the Yoast SEO plugin v27.3 - https:\/\/yoast.com\/product\/yoast-seo-wordpress\/ -->\n<title>Inoui ! Un TGV se coupe en deux. Le fablab le r\u00e9pare. Pas de retard de pr\u00e9vu. - Le FabLab<\/title>\n<meta name=\"robots\" content=\"noindex, follow, max-snippet:-1, max-image-preview:large, max-video-preview:-1\" \/>\n<meta property=\"og:locale\" content=\"fr_FR\" \/>\n<meta property=\"og:type\" content=\"article\" \/>\n<meta property=\"og:title\" content=\"Inoui ! Un TGV se coupe en deux. Le fablab le r\u00e9pare. Pas de retard de pr\u00e9vu. - Le FabLab\" \/>\n<meta property=\"og:description\" content=\"Un appel urgent de la SNCF. Un TGV inou\u00ef s&#039;est bris\u00e9 en deux...Le fablab intervient.\" \/>\n<meta property=\"og:url\" content=\"https:\/\/fablab-montagny-pres-louhans.fr\/index.php\/2025\/03\/17\/inoui-un-tgv-se-coupe-en-deux-le-fablab-le-repare-pas-de-retard-de-prevu-2\/\" \/>\n<meta property=\"og:site_name\" content=\"Le FabLab\" \/>\n<meta property=\"article:publisher\" content=\"https:\/\/www.facebook.com\/fablab.labom\/\" \/>\n<meta property=\"article:published_time\" content=\"2025-03-17T14:09:33+00:00\" \/>\n<meta property=\"article:modified_time\" content=\"2025-03-18T06:46:48+00:00\" \/>\n<meta property=\"og:image\" content=\"https:\/\/fablab-montagny-pres-louhans.fr\/wp-content\/uploads\/2025\/03\/PHOTO-2025-03-17-11-15-28-e1742207436943.jpg\" \/>\n\t<meta property=\"og:image:width\" content=\"1600\" \/>\n\t<meta property=\"og:image:height\" content=\"408\" \/>\n\t<meta property=\"og:image:type\" content=\"image\/jpeg\" \/>\n<meta name=\"author\" content=\"Xavier Vincent\" \/>\n<meta name=\"twitter:card\" content=\"summary_large_image\" \/>\n<meta name=\"twitter:label1\" content=\"\u00c9crit par\" \/>\n\t<meta name=\"twitter:data1\" content=\"Xavier Vincent\" \/>\n\t<meta name=\"twitter:label2\" content=\"Dur\u00e9e de lecture estim\u00e9e\" \/>\n\t<meta name=\"twitter:data2\" content=\"1 minute\" \/>\n<script type=\"application\/ld+json\" class=\"yoast-schema-graph\">{\"@context\":\"https:\\\/\\\/schema.org\",\"@graph\":[{\"@type\":\"Article\",\"@id\":\"https:\\\/\\\/fablab-montagny-pres-louhans.fr\\\/index.php\\\/2025\\\/03\\\/17\\\/inoui-un-tgv-se-coupe-en-deux-le-fablab-le-repare-pas-de-retard-de-prevu-2\\\/#article\",\"isPartOf\":{\"@id\":\"https:\\\/\\\/fablab-montagny-pres-louhans.fr\\\/index.php\\\/2025\\\/03\\\/17\\\/inoui-un-tgv-se-coupe-en-deux-le-fablab-le-repare-pas-de-retard-de-prevu-2\\\/\"},\"author\":{\"name\":\"Xavier Vincent\",\"@id\":\"https:\\\/\\\/fablab-montagny-pres-louhans.fr\\\/#\\\/schema\\\/person\\\/59c98416fe3a0c002433d49a5b0f12ce\"},\"headline\":\"Inoui ! Un TGV se coupe en deux. Le fablab le r\u00e9pare. Pas de retard de pr\u00e9vu.\",\"datePublished\":\"2025-03-17T14:09:33+00:00\",\"dateModified\":\"2025-03-18T06:46:48+00:00\",\"mainEntityOfPage\":{\"@id\":\"https:\\\/\\\/fablab-montagny-pres-louhans.fr\\\/index.php\\\/2025\\\/03\\\/17\\\/inoui-un-tgv-se-coupe-en-deux-le-fablab-le-repare-pas-de-retard-de-prevu-2\\\/\"},\"wordCount\":143,\"publisher\":{\"@id\":\"https:\\\/\\\/fablab-montagny-pres-louhans.fr\\\/#organization\"},\"image\":{\"@id\":\"https:\\\/\\\/fablab-montagny-pres-louhans.fr\\\/index.php\\\/2025\\\/03\\\/17\\\/inoui-un-tgv-se-coupe-en-deux-le-fablab-le-repare-pas-de-retard-de-prevu-2\\\/#primaryimage\"},\"thumbnailUrl\":\"https:\\\/\\\/fablab-montagny-pres-louhans.fr\\\/wp-content\\\/uploads\\\/2025\\\/03\\\/PHOTO-2025-03-17-11-15-28-e1742207436943.jpg\",\"articleSection\":[\"Impression 3D\",\"News\"],\"inLanguage\":\"fr-FR\"},{\"@type\":\"WebPage\",\"@id\":\"https:\\\/\\\/fablab-montagny-pres-louhans.fr\\\/index.php\\\/2025\\\/03\\\/17\\\/inoui-un-tgv-se-coupe-en-deux-le-fablab-le-repare-pas-de-retard-de-prevu-2\\\/\",\"url\":\"https:\\\/\\\/fablab-montagny-pres-louhans.fr\\\/index.php\\\/2025\\\/03\\\/17\\\/inoui-un-tgv-se-coupe-en-deux-le-fablab-le-repare-pas-de-retard-de-prevu-2\\\/\",\"name\":\"Inoui ! Un TGV se coupe en deux. Le fablab le r\u00e9pare. Pas de retard de pr\u00e9vu. - Le FabLab\",\"isPartOf\":{\"@id\":\"https:\\\/\\\/fablab-montagny-pres-louhans.fr\\\/#website\"},\"primaryImageOfPage\":{\"@id\":\"https:\\\/\\\/fablab-montagny-pres-louhans.fr\\\/index.php\\\/2025\\\/03\\\/17\\\/inoui-un-tgv-se-coupe-en-deux-le-fablab-le-repare-pas-de-retard-de-prevu-2\\\/#primaryimage\"},\"image\":{\"@id\":\"https:\\\/\\\/fablab-montagny-pres-louhans.fr\\\/index.php\\\/2025\\\/03\\\/17\\\/inoui-un-tgv-se-coupe-en-deux-le-fablab-le-repare-pas-de-retard-de-prevu-2\\\/#primaryimage\"},\"thumbnailUrl\":\"https:\\\/\\\/fablab-montagny-pres-louhans.fr\\\/wp-content\\\/uploads\\\/2025\\\/03\\\/PHOTO-2025-03-17-11-15-28-e1742207436943.jpg\",\"datePublished\":\"2025-03-17T14:09:33+00:00\",\"dateModified\":\"2025-03-18T06:46:48+00:00\",\"breadcrumb\":{\"@id\":\"https:\\\/\\\/fablab-montagny-pres-louhans.fr\\\/index.php\\\/2025\\\/03\\\/17\\\/inoui-un-tgv-se-coupe-en-deux-le-fablab-le-repare-pas-de-retard-de-prevu-2\\\/#breadcrumb\"},\"inLanguage\":\"fr-FR\",\"potentialAction\":[{\"@type\":\"ReadAction\",\"target\":[\"https:\\\/\\\/fablab-montagny-pres-louhans.fr\\\/index.php\\\/2025\\\/03\\\/17\\\/inoui-un-tgv-se-coupe-en-deux-le-fablab-le-repare-pas-de-retard-de-prevu-2\\\/\"]}]},{\"@type\":\"ImageObject\",\"inLanguage\":\"fr-FR\",\"@id\":\"https:\\\/\\\/fablab-montagny-pres-louhans.fr\\\/index.php\\\/2025\\\/03\\\/17\\\/inoui-un-tgv-se-coupe-en-deux-le-fablab-le-repare-pas-de-retard-de-prevu-2\\\/#primaryimage\",\"url\":\"https:\\\/\\\/fablab-montagny-pres-louhans.fr\\\/wp-content\\\/uploads\\\/2025\\\/03\\\/PHOTO-2025-03-17-11-15-28-e1742207436943.jpg\",\"contentUrl\":\"https:\\\/\\\/fablab-montagny-pres-louhans.fr\\\/wp-content\\\/uploads\\\/2025\\\/03\\\/PHOTO-2025-03-17-11-15-28-e1742207436943.jpg\",\"width\":1600,\"height\":408},{\"@type\":\"BreadcrumbList\",\"@id\":\"https:\\\/\\\/fablab-montagny-pres-louhans.fr\\\/index.php\\\/2025\\\/03\\\/17\\\/inoui-un-tgv-se-coupe-en-deux-le-fablab-le-repare-pas-de-retard-de-prevu-2\\\/#breadcrumb\",\"itemListElement\":[{\"@type\":\"ListItem\",\"position\":1,\"name\":\"Accueil\",\"item\":\"https:\\\/\\\/fablab-montagny-pres-louhans.fr\\\/\"},{\"@type\":\"ListItem\",\"position\":2,\"name\":\"Inoui ! Un TGV se coupe en deux. Le fablab le r\u00e9pare. Pas de retard de pr\u00e9vu.\"}]},{\"@type\":\"WebSite\",\"@id\":\"https:\\\/\\\/fablab-montagny-pres-louhans.fr\\\/#website\",\"url\":\"https:\\\/\\\/fablab-montagny-pres-louhans.fr\\\/\",\"name\":\"Le FabLab\",\"description\":\"Le premier de Bresse\",\"publisher\":{\"@id\":\"https:\\\/\\\/fablab-montagny-pres-louhans.fr\\\/#organization\"},\"potentialAction\":[{\"@type\":\"SearchAction\",\"target\":{\"@type\":\"EntryPoint\",\"urlTemplate\":\"https:\\\/\\\/fablab-montagny-pres-louhans.fr\\\/?s={search_term_string}\"},\"query-input\":{\"@type\":\"PropertyValueSpecification\",\"valueRequired\":true,\"valueName\":\"search_term_string\"}}],\"inLanguage\":\"fr-FR\"},{\"@type\":\"Organization\",\"@id\":\"https:\\\/\\\/fablab-montagny-pres-louhans.fr\\\/#organization\",\"name\":\"Le FabLab\",\"url\":\"https:\\\/\\\/fablab-montagny-pres-louhans.fr\\\/\",\"logo\":{\"@type\":\"ImageObject\",\"inLanguage\":\"fr-FR\",\"@id\":\"https:\\\/\\\/fablab-montagny-pres-louhans.fr\\\/#\\\/schema\\\/logo\\\/image\\\/\",\"url\":\"https:\\\/\\\/fablab-montagny-pres-louhans.fr\\\/wp-content\\\/uploads\\\/2023\\\/02\\\/FABALB-logo.png\",\"contentUrl\":\"https:\\\/\\\/fablab-montagny-pres-louhans.fr\\\/wp-content\\\/uploads\\\/2023\\\/02\\\/FABALB-logo.png\",\"width\":250,\"height\":260,\"caption\":\"Le FabLab\"},\"image\":{\"@id\":\"https:\\\/\\\/fablab-montagny-pres-louhans.fr\\\/#\\\/schema\\\/logo\\\/image\\\/\"},\"sameAs\":[\"https:\\\/\\\/www.facebook.com\\\/fablab.labom\\\/\"]},{\"@type\":\"Person\",\"@id\":\"https:\\\/\\\/fablab-montagny-pres-louhans.fr\\\/#\\\/schema\\\/person\\\/59c98416fe3a0c002433d49a5b0f12ce\",\"name\":\"Xavier Vincent\",\"image\":{\"@type\":\"ImageObject\",\"inLanguage\":\"fr-FR\",\"@id\":\"https:\\\/\\\/fablab-montagny-pres-louhans.fr\\\/wp-content\\\/litespeed\\\/avatar\\\/bae4764d44065ff492363743a1d834cd.jpg?ver=1777239699\",\"url\":\"https:\\\/\\\/fablab-montagny-pres-louhans.fr\\\/wp-content\\\/litespeed\\\/avatar\\\/bae4764d44065ff492363743a1d834cd.jpg?ver=1777239699\",\"contentUrl\":\"https:\\\/\\\/fablab-montagny-pres-louhans.fr\\\/wp-content\\\/litespeed\\\/avatar\\\/bae4764d44065ff492363743a1d834cd.jpg?ver=1777239699\",\"caption\":\"Xavier Vincent\"},\"url\":\"https:\\\/\\\/fablab-montagny-pres-louhans.fr\\\/index.php\\\/author\\\/xavier\\\/\"}]}<\/script>\n<!-- \/ Yoast SEO plugin. -->","yoast_head_json":{"title":"Inoui ! Un TGV se coupe en deux. Le fablab le r\u00e9pare. Pas de retard de pr\u00e9vu. - Le FabLab","robots":{"index":"noindex","follow":"follow","max-snippet":"max-snippet:-1","max-image-preview":"max-image-preview:large","max-video-preview":"max-video-preview:-1"},"og_locale":"fr_FR","og_type":"article","og_title":"Inoui ! Un TGV se coupe en deux. Le fablab le r\u00e9pare. Pas de retard de pr\u00e9vu. - Le FabLab","og_description":"Un appel urgent de la SNCF. Un TGV inou\u00ef s'est bris\u00e9 en deux...Le fablab intervient.","og_url":"https:\/\/fablab-montagny-pres-louhans.fr\/index.php\/2025\/03\/17\/inoui-un-tgv-se-coupe-en-deux-le-fablab-le-repare-pas-de-retard-de-prevu-2\/","og_site_name":"Le FabLab","article_publisher":"https:\/\/www.facebook.com\/fablab.labom\/","article_published_time":"2025-03-17T14:09:33+00:00","article_modified_time":"2025-03-18T06:46:48+00:00","og_image":[{"width":1600,"height":408,"url":"https:\/\/fablab-montagny-pres-louhans.fr\/wp-content\/uploads\/2025\/03\/PHOTO-2025-03-17-11-15-28-e1742207436943.jpg","type":"image\/jpeg"}],"author":"Xavier Vincent","twitter_card":"summary_large_image","twitter_misc":{"\u00c9crit par":"Xavier Vincent","Dur\u00e9e de lecture estim\u00e9e":"1 minute"},"schema":{"@context":"https:\/\/schema.org","@graph":[{"@type":"Article","@id":"https:\/\/fablab-montagny-pres-louhans.fr\/index.php\/2025\/03\/17\/inoui-un-tgv-se-coupe-en-deux-le-fablab-le-repare-pas-de-retard-de-prevu-2\/#article","isPartOf":{"@id":"https:\/\/fablab-montagny-pres-louhans.fr\/index.php\/2025\/03\/17\/inoui-un-tgv-se-coupe-en-deux-le-fablab-le-repare-pas-de-retard-de-prevu-2\/"},"author":{"name":"Xavier Vincent","@id":"https:\/\/fablab-montagny-pres-louhans.fr\/#\/schema\/person\/59c98416fe3a0c002433d49a5b0f12ce"},"headline":"Inoui ! Un TGV se coupe en deux. Le fablab le r\u00e9pare. Pas de retard de pr\u00e9vu.","datePublished":"2025-03-17T14:09:33+00:00","dateModified":"2025-03-18T06:46:48+00:00","mainEntityOfPage":{"@id":"https:\/\/fablab-montagny-pres-louhans.fr\/index.php\/2025\/03\/17\/inoui-un-tgv-se-coupe-en-deux-le-fablab-le-repare-pas-de-retard-de-prevu-2\/"},"wordCount":143,"publisher":{"@id":"https:\/\/fablab-montagny-pres-louhans.fr\/#organization"},"image":{"@id":"https:\/\/fablab-montagny-pres-louhans.fr\/index.php\/2025\/03\/17\/inoui-un-tgv-se-coupe-en-deux-le-fablab-le-repare-pas-de-retard-de-prevu-2\/#primaryimage"},"thumbnailUrl":"https:\/\/fablab-montagny-pres-louhans.fr\/wp-content\/uploads\/2025\/03\/PHOTO-2025-03-17-11-15-28-e1742207436943.jpg","articleSection":["Impression 3D","News"],"inLanguage":"fr-FR"},{"@type":"WebPage","@id":"https:\/\/fablab-montagny-pres-louhans.fr\/index.php\/2025\/03\/17\/inoui-un-tgv-se-coupe-en-deux-le-fablab-le-repare-pas-de-retard-de-prevu-2\/","url":"https:\/\/fablab-montagny-pres-louhans.fr\/index.php\/2025\/03\/17\/inoui-un-tgv-se-coupe-en-deux-le-fablab-le-repare-pas-de-retard-de-prevu-2\/","name":"Inoui ! Un TGV se coupe en deux. Le fablab le r\u00e9pare. Pas de retard de pr\u00e9vu. - Le FabLab","isPartOf":{"@id":"https:\/\/fablab-montagny-pres-louhans.fr\/#website"},"primaryImageOfPage":{"@id":"https:\/\/fablab-montagny-pres-louhans.fr\/index.php\/2025\/03\/17\/inoui-un-tgv-se-coupe-en-deux-le-fablab-le-repare-pas-de-retard-de-prevu-2\/#primaryimage"},"image":{"@id":"https:\/\/fablab-montagny-pres-louhans.fr\/index.php\/2025\/03\/17\/inoui-un-tgv-se-coupe-en-deux-le-fablab-le-repare-pas-de-retard-de-prevu-2\/#primaryimage"},"thumbnailUrl":"https:\/\/fablab-montagny-pres-louhans.fr\/wp-content\/uploads\/2025\/03\/PHOTO-2025-03-17-11-15-28-e1742207436943.jpg","datePublished":"2025-03-17T14:09:33+00:00","dateModified":"2025-03-18T06:46:48+00:00","breadcrumb":{"@id":"https:\/\/fablab-montagny-pres-louhans.fr\/index.php\/2025\/03\/17\/inoui-un-tgv-se-coupe-en-deux-le-fablab-le-repare-pas-de-retard-de-prevu-2\/#breadcrumb"},"inLanguage":"fr-FR","potentialAction":[{"@type":"ReadAction","target":["https:\/\/fablab-montagny-pres-louhans.fr\/index.php\/2025\/03\/17\/inoui-un-tgv-se-coupe-en-deux-le-fablab-le-repare-pas-de-retard-de-prevu-2\/"]}]},{"@type":"ImageObject","inLanguage":"fr-FR","@id":"https:\/\/fablab-montagny-pres-louhans.fr\/index.php\/2025\/03\/17\/inoui-un-tgv-se-coupe-en-deux-le-fablab-le-repare-pas-de-retard-de-prevu-2\/#primaryimage","url":"https:\/\/fablab-montagny-pres-louhans.fr\/wp-content\/uploads\/2025\/03\/PHOTO-2025-03-17-11-15-28-e1742207436943.jpg","contentUrl":"https:\/\/fablab-montagny-pres-louhans.fr\/wp-content\/uploads\/2025\/03\/PHOTO-2025-03-17-11-15-28-e1742207436943.jpg","width":1600,"height":408},{"@type":"BreadcrumbList","@id":"https:\/\/fablab-montagny-pres-louhans.fr\/index.php\/2025\/03\/17\/inoui-un-tgv-se-coupe-en-deux-le-fablab-le-repare-pas-de-retard-de-prevu-2\/#breadcrumb","itemListElement":[{"@type":"ListItem","position":1,"name":"Accueil","item":"https:\/\/fablab-montagny-pres-louhans.fr\/"},{"@type":"ListItem","position":2,"name":"Inoui ! Un TGV se coupe en deux. Le fablab le r\u00e9pare. Pas de retard de pr\u00e9vu."}]},{"@type":"WebSite","@id":"https:\/\/fablab-montagny-pres-louhans.fr\/#website","url":"https:\/\/fablab-montagny-pres-louhans.fr\/","name":"Le FabLab","description":"Le premier de Bresse","publisher":{"@id":"https:\/\/fablab-montagny-pres-louhans.fr\/#organization"},"potentialAction":[{"@type":"SearchAction","target":{"@type":"EntryPoint","urlTemplate":"https:\/\/fablab-montagny-pres-louhans.fr\/?s={search_term_string}"},"query-input":{"@type":"PropertyValueSpecification","valueRequired":true,"valueName":"search_term_string"}}],"inLanguage":"fr-FR"},{"@type":"Organization","@id":"https:\/\/fablab-montagny-pres-louhans.fr\/#organization","name":"Le FabLab","url":"https:\/\/fablab-montagny-pres-louhans.fr\/","logo":{"@type":"ImageObject","inLanguage":"fr-FR","@id":"https:\/\/fablab-montagny-pres-louhans.fr\/#\/schema\/logo\/image\/","url":"https:\/\/fablab-montagny-pres-louhans.fr\/wp-content\/uploads\/2023\/02\/FABALB-logo.png","contentUrl":"https:\/\/fablab-montagny-pres-louhans.fr\/wp-content\/uploads\/2023\/02\/FABALB-logo.png","width":250,"height":260,"caption":"Le FabLab"},"image":{"@id":"https:\/\/fablab-montagny-pres-louhans.fr\/#\/schema\/logo\/image\/"},"sameAs":["https:\/\/www.facebook.com\/fablab.labom\/"]},{"@type":"Person","@id":"https:\/\/fablab-montagny-pres-louhans.fr\/#\/schema\/person\/59c98416fe3a0c002433d49a5b0f12ce","name":"Xavier Vincent","image":{"@type":"ImageObject","inLanguage":"fr-FR","@id":"https:\/\/fablab-montagny-pres-louhans.fr\/wp-content\/litespeed\/avatar\/bae4764d44065ff492363743a1d834cd.jpg?ver=1777239699","url":"https:\/\/fablab-montagny-pres-louhans.fr\/wp-content\/litespeed\/avatar\/bae4764d44065ff492363743a1d834cd.jpg?ver=1777239699","contentUrl":"https:\/\/fablab-montagny-pres-louhans.fr\/wp-content\/litespeed\/avatar\/bae4764d44065ff492363743a1d834cd.jpg?ver=1777239699","caption":"Xavier Vincent"},"url":"https:\/\/fablab-montagny-pres-louhans.fr\/index.php\/author\/xavier\/"}]}},"_links":{"self":[{"href":"https:\/\/fablab-montagny-pres-louhans.fr\/index.php\/wp-json\/wp\/v2\/posts\/249359","targetHints":{"allow":["GET"]}}],"collection":[{"href":"https:\/\/fablab-montagny-pres-louhans.fr\/index.php\/wp-json\/wp\/v2\/posts"}],"about":[{"href":"https:\/\/fablab-montagny-pres-louhans.fr\/index.php\/wp-json\/wp\/v2\/types\/post"}],"author":[{"embeddable":true,"href":"https:\/\/fablab-montagny-pres-louhans.fr\/index.php\/wp-json\/wp\/v2\/users\/31"}],"replies":[{"embeddable":true,"href":"https:\/\/fablab-montagny-pres-louhans.fr\/index.php\/wp-json\/wp\/v2\/comments?post=249359"}],"version-history":[{"count":2,"href":"https:\/\/fablab-montagny-pres-louhans.fr\/index.php\/wp-json\/wp\/v2\/posts\/249359\/revisions"}],"predecessor-version":[{"id":249361,"href":"https:\/\/fablab-montagny-pres-louhans.fr\/index.php\/wp-json\/wp\/v2\/posts\/249359\/revisions\/249361"}],"wp:featuredmedia":[{"embeddable":true,"href":"https:\/\/fablab-montagny-pres-louhans.fr\/index.php\/wp-json\/wp\/v2\/media\/249346"}],"wp:attachment":[{"href":"https:\/\/fablab-montagny-pres-louhans.fr\/index.php\/wp-json\/wp\/v2\/media?parent=249359"}],"wp:term":[{"taxonomy":"category","embeddable":true,"href":"https:\/\/fablab-montagny-pres-louhans.fr\/index.php\/wp-json\/wp\/v2\/categories?post=249359"},{"taxonomy":"post_tag","embeddable":true,"href":"https:\/\/fablab-montagny-pres-louhans.fr\/index.php\/wp-json\/wp\/v2\/tags?post=249359"}],"curies":[{"name":"wp","href":"https:\/\/api.w.org\/{rel}","templated":true}]}}