{"id":249220,"date":"2025-01-12T17:43:54","date_gmt":"2025-01-12T16:43:54","guid":{"rendered":"https:\/\/fablab-montagny-pres-louhans.fr\/?p=249220"},"modified":"2025-01-12T17:43:54","modified_gmt":"2025-01-12T16:43:54","slug":"reglage-rapide-du-laser-co2","status":"publish","type":"post","link":"https:\/\/fablab-montagny-pres-louhans.fr\/index.php\/2025\/01\/12\/reglage-rapide-du-laser-co2\/","title":{"rendered":"r\u00e9glage rapide du laser CO2"},"content":{"rendered":"<p>Bonjour \u00e0 tous<\/p>\n<p>Ce samedi en fin de journ\u00e9e, r\u00e9ception et essai du laser de r\u00e9glage des miroirs.<\/p>\n<p><img loading=\"lazy\" decoding=\"async\" class=\"wp-image-249224 alignnone\" src=\"https:\/\/fablab-montagny-pres-louhans.fr\/wp-content\/uploads\/2025\/01\/IMG_2203-1440x1920.jpg\" alt=\"\" width=\"400\" height=\"533\" srcset=\"https:\/\/fablab-montagny-pres-louhans.fr\/wp-content\/uploads\/2025\/01\/IMG_2203-1440x1920.jpg 1440w, https:\/\/fablab-montagny-pres-louhans.fr\/wp-content\/uploads\/2025\/01\/IMG_2203-900x1200.jpg 900w, https:\/\/fablab-montagny-pres-louhans.fr\/wp-content\/uploads\/2025\/01\/IMG_2203-768x1024.jpg 768w, https:\/\/fablab-montagny-pres-louhans.fr\/wp-content\/uploads\/2025\/01\/IMG_2203-1152x1536.jpg 1152w, https:\/\/fablab-montagny-pres-louhans.fr\/wp-content\/uploads\/2025\/01\/IMG_2203-1536x2048.jpg 1536w, https:\/\/fablab-montagny-pres-louhans.fr\/wp-content\/uploads\/2025\/01\/IMG_2203-1080x1440.jpg 1080w, https:\/\/fablab-montagny-pres-louhans.fr\/wp-content\/uploads\/2025\/01\/IMG_2203-1280x1707.jpg 1280w, https:\/\/fablab-montagny-pres-louhans.fr\/wp-content\/uploads\/2025\/01\/IMG_2203-980x1307.jpg 980w, https:\/\/fablab-montagny-pres-louhans.fr\/wp-content\/uploads\/2025\/01\/IMG_2203-480x640.jpg 480w, https:\/\/fablab-montagny-pres-louhans.fr\/wp-content\/uploads\/2025\/01\/IMG_2203-scaled.jpg 1920w\" sizes=\"(max-width: 400px) 100vw, 400px\" \/><\/p>\n<p>Le principe : Inverser le sens du laser pour faciliter les r\u00e9glages.<\/p>\n<p>En 5 minutes c&rsquo;est r\u00e9gl\u00e9&#8230; \ud83d\ude42<\/p>\n<p>Bien sur c&rsquo;est un r\u00e9glage tr\u00e8s approximatif en 5 minutes, mais le r\u00e9sultat est l\u00e0. J&rsquo;y retournerai la semaine prochaine.<\/p>\n<p><img loading=\"lazy\" decoding=\"async\" class=\"alignnone wp-image-249222 size-large\" src=\"https:\/\/fablab-montagny-pres-louhans.fr\/wp-content\/uploads\/2025\/01\/IMG_2201-1440x1920.jpg\" alt=\"\" width=\"1080\" height=\"1440\" \/><\/p>\n","protected":false},"excerpt":{"rendered":"<p>Bonjour \u00e0 tous Ce samedi en fin de journ\u00e9e, r\u00e9ception et essai du laser de r\u00e9glage des miroirs. Le principe : Inverser le sens du laser pour faciliter les r\u00e9glages. En 5 minutes c&rsquo;est r\u00e9gl\u00e9&#8230; \ud83d\ude42 Bien sur c&rsquo;est un r\u00e9glage tr\u00e8s approximatif en 5 minutes, mais le r\u00e9sultat est l\u00e0. J&rsquo;y retournerai la semaine [&hellip;]<\/p>\n","protected":false},"author":31,"featured_media":249224,"comment_status":"closed","ping_status":"open","sticky":false,"template":"","format":"standard","meta":{"_et_pb_use_builder":"","_et_pb_old_content":"","_et_gb_content_width":"","rop_custom_images_group":[],"rop_custom_messages_group":[],"rop_publish_now":"initial","rop_publish_now_accounts":{"facebook_1992431424458146_173380702515979":""},"rop_publish_now_history":[],"rop_publish_now_status":"pending","footnotes":""},"categories":[39,2],"tags":[],"class_list":["post-249220","post","type-post","status-publish","format-standard","has-post-thumbnail","hentry","category-laser","category-news"],"yoast_head":"<!-- This site is optimized with the Yoast SEO plugin v27.3 - https:\/\/yoast.com\/product\/yoast-seo-wordpress\/ -->\n<title>r\u00e9glage rapide du laser CO2 - Le FabLab<\/title>\n<meta name=\"robots\" content=\"noindex, follow, max-snippet:-1, max-image-preview:large, max-video-preview:-1\" \/>\n<meta property=\"og:locale\" content=\"fr_FR\" \/>\n<meta property=\"og:type\" content=\"article\" \/>\n<meta property=\"og:title\" content=\"r\u00e9glage rapide du laser CO2 - Le FabLab\" \/>\n<meta property=\"og:description\" content=\"Bonjour \u00e0 tous Ce samedi en fin de journ\u00e9e, r\u00e9ception et essai du laser de r\u00e9glage des miroirs. Le principe : Inverser le sens du laser pour faciliter les r\u00e9glages. En 5 minutes c&rsquo;est r\u00e9gl\u00e9&#8230; \ud83d\ude42 Bien sur c&rsquo;est un r\u00e9glage tr\u00e8s approximatif en 5 minutes, mais le r\u00e9sultat est l\u00e0. J&rsquo;y retournerai la semaine [&hellip;]\" \/>\n<meta property=\"og:url\" content=\"https:\/\/fablab-montagny-pres-louhans.fr\/index.php\/2025\/01\/12\/reglage-rapide-du-laser-co2\/\" \/>\n<meta property=\"og:site_name\" content=\"Le FabLab\" \/>\n<meta property=\"article:publisher\" content=\"https:\/\/www.facebook.com\/fablab.labom\/\" \/>\n<meta property=\"article:published_time\" content=\"2025-01-12T16:43:54+00:00\" \/>\n<meta name=\"author\" content=\"Xavier Vincent\" \/>\n<meta name=\"twitter:card\" content=\"summary_large_image\" \/>\n<meta name=\"twitter:label1\" content=\"\u00c9crit par\" \/>\n\t<meta name=\"twitter:data1\" content=\"Xavier Vincent\" \/>\n<script type=\"application\/ld+json\" class=\"yoast-schema-graph\">{\"@context\":\"https:\\\/\\\/schema.org\",\"@graph\":[{\"@type\":\"Article\",\"@id\":\"https:\\\/\\\/fablab-montagny-pres-louhans.fr\\\/index.php\\\/2025\\\/01\\\/12\\\/reglage-rapide-du-laser-co2\\\/#article\",\"isPartOf\":{\"@id\":\"https:\\\/\\\/fablab-montagny-pres-louhans.fr\\\/index.php\\\/2025\\\/01\\\/12\\\/reglage-rapide-du-laser-co2\\\/\"},\"author\":{\"name\":\"Xavier Vincent\",\"@id\":\"https:\\\/\\\/fablab-montagny-pres-louhans.fr\\\/#\\\/schema\\\/person\\\/59c98416fe3a0c002433d49a5b0f12ce\"},\"headline\":\"r\u00e9glage rapide du laser CO2\",\"datePublished\":\"2025-01-12T16:43:54+00:00\",\"mainEntityOfPage\":{\"@id\":\"https:\\\/\\\/fablab-montagny-pres-louhans.fr\\\/index.php\\\/2025\\\/01\\\/12\\\/reglage-rapide-du-laser-co2\\\/\"},\"wordCount\":66,\"publisher\":{\"@id\":\"https:\\\/\\\/fablab-montagny-pres-louhans.fr\\\/#organization\"},\"image\":{\"@id\":\"https:\\\/\\\/fablab-montagny-pres-louhans.fr\\\/index.php\\\/2025\\\/01\\\/12\\\/reglage-rapide-du-laser-co2\\\/#primaryimage\"},\"thumbnailUrl\":\"https:\\\/\\\/fablab-montagny-pres-louhans.fr\\\/wp-content\\\/uploads\\\/2025\\\/01\\\/IMG_2203-scaled.jpg\",\"articleSection\":[\"Laser\",\"News\"],\"inLanguage\":\"fr-FR\"},{\"@type\":\"WebPage\",\"@id\":\"https:\\\/\\\/fablab-montagny-pres-louhans.fr\\\/index.php\\\/2025\\\/01\\\/12\\\/reglage-rapide-du-laser-co2\\\/\",\"url\":\"https:\\\/\\\/fablab-montagny-pres-louhans.fr\\\/index.php\\\/2025\\\/01\\\/12\\\/reglage-rapide-du-laser-co2\\\/\",\"name\":\"r\u00e9glage rapide du laser CO2 - Le FabLab\",\"isPartOf\":{\"@id\":\"https:\\\/\\\/fablab-montagny-pres-louhans.fr\\\/#website\"},\"primaryImageOfPage\":{\"@id\":\"https:\\\/\\\/fablab-montagny-pres-louhans.fr\\\/index.php\\\/2025\\\/01\\\/12\\\/reglage-rapide-du-laser-co2\\\/#primaryimage\"},\"image\":{\"@id\":\"https:\\\/\\\/fablab-montagny-pres-louhans.fr\\\/index.php\\\/2025\\\/01\\\/12\\\/reglage-rapide-du-laser-co2\\\/#primaryimage\"},\"thumbnailUrl\":\"https:\\\/\\\/fablab-montagny-pres-louhans.fr\\\/wp-content\\\/uploads\\\/2025\\\/01\\\/IMG_2203-scaled.jpg\",\"datePublished\":\"2025-01-12T16:43:54+00:00\",\"breadcrumb\":{\"@id\":\"https:\\\/\\\/fablab-montagny-pres-louhans.fr\\\/index.php\\\/2025\\\/01\\\/12\\\/reglage-rapide-du-laser-co2\\\/#breadcrumb\"},\"inLanguage\":\"fr-FR\",\"potentialAction\":[{\"@type\":\"ReadAction\",\"target\":[\"https:\\\/\\\/fablab-montagny-pres-louhans.fr\\\/index.php\\\/2025\\\/01\\\/12\\\/reglage-rapide-du-laser-co2\\\/\"]}]},{\"@type\":\"ImageObject\",\"inLanguage\":\"fr-FR\",\"@id\":\"https:\\\/\\\/fablab-montagny-pres-louhans.fr\\\/index.php\\\/2025\\\/01\\\/12\\\/reglage-rapide-du-laser-co2\\\/#primaryimage\",\"url\":\"https:\\\/\\\/fablab-montagny-pres-louhans.fr\\\/wp-content\\\/uploads\\\/2025\\\/01\\\/IMG_2203-scaled.jpg\",\"contentUrl\":\"https:\\\/\\\/fablab-montagny-pres-louhans.fr\\\/wp-content\\\/uploads\\\/2025\\\/01\\\/IMG_2203-scaled.jpg\",\"width\":1920,\"height\":2560},{\"@type\":\"BreadcrumbList\",\"@id\":\"https:\\\/\\\/fablab-montagny-pres-louhans.fr\\\/index.php\\\/2025\\\/01\\\/12\\\/reglage-rapide-du-laser-co2\\\/#breadcrumb\",\"itemListElement\":[{\"@type\":\"ListItem\",\"position\":1,\"name\":\"Accueil\",\"item\":\"https:\\\/\\\/fablab-montagny-pres-louhans.fr\\\/\"},{\"@type\":\"ListItem\",\"position\":2,\"name\":\"r\u00e9glage rapide du laser CO2\"}]},{\"@type\":\"WebSite\",\"@id\":\"https:\\\/\\\/fablab-montagny-pres-louhans.fr\\\/#website\",\"url\":\"https:\\\/\\\/fablab-montagny-pres-louhans.fr\\\/\",\"name\":\"Le FabLab\",\"description\":\"Le premier de Bresse\",\"publisher\":{\"@id\":\"https:\\\/\\\/fablab-montagny-pres-louhans.fr\\\/#organization\"},\"potentialAction\":[{\"@type\":\"SearchAction\",\"target\":{\"@type\":\"EntryPoint\",\"urlTemplate\":\"https:\\\/\\\/fablab-montagny-pres-louhans.fr\\\/?s={search_term_string}\"},\"query-input\":{\"@type\":\"PropertyValueSpecification\",\"valueRequired\":true,\"valueName\":\"search_term_string\"}}],\"inLanguage\":\"fr-FR\"},{\"@type\":\"Organization\",\"@id\":\"https:\\\/\\\/fablab-montagny-pres-louhans.fr\\\/#organization\",\"name\":\"Le FabLab\",\"url\":\"https:\\\/\\\/fablab-montagny-pres-louhans.fr\\\/\",\"logo\":{\"@type\":\"ImageObject\",\"inLanguage\":\"fr-FR\",\"@id\":\"https:\\\/\\\/fablab-montagny-pres-louhans.fr\\\/#\\\/schema\\\/logo\\\/image\\\/\",\"url\":\"https:\\\/\\\/fablab-montagny-pres-louhans.fr\\\/wp-content\\\/uploads\\\/2023\\\/02\\\/FABALB-logo.png\",\"contentUrl\":\"https:\\\/\\\/fablab-montagny-pres-louhans.fr\\\/wp-content\\\/uploads\\\/2023\\\/02\\\/FABALB-logo.png\",\"width\":250,\"height\":260,\"caption\":\"Le FabLab\"},\"image\":{\"@id\":\"https:\\\/\\\/fablab-montagny-pres-louhans.fr\\\/#\\\/schema\\\/logo\\\/image\\\/\"},\"sameAs\":[\"https:\\\/\\\/www.facebook.com\\\/fablab.labom\\\/\"]},{\"@type\":\"Person\",\"@id\":\"https:\\\/\\\/fablab-montagny-pres-louhans.fr\\\/#\\\/schema\\\/person\\\/59c98416fe3a0c002433d49a5b0f12ce\",\"name\":\"Xavier Vincent\",\"image\":{\"@type\":\"ImageObject\",\"inLanguage\":\"fr-FR\",\"@id\":\"https:\\\/\\\/fablab-montagny-pres-louhans.fr\\\/wp-content\\\/litespeed\\\/avatar\\\/bae4764d44065ff492363743a1d834cd.jpg?ver=1777239699\",\"url\":\"https:\\\/\\\/fablab-montagny-pres-louhans.fr\\\/wp-content\\\/litespeed\\\/avatar\\\/bae4764d44065ff492363743a1d834cd.jpg?ver=1777239699\",\"contentUrl\":\"https:\\\/\\\/fablab-montagny-pres-louhans.fr\\\/wp-content\\\/litespeed\\\/avatar\\\/bae4764d44065ff492363743a1d834cd.jpg?ver=1777239699\",\"caption\":\"Xavier Vincent\"},\"url\":\"https:\\\/\\\/fablab-montagny-pres-louhans.fr\\\/index.php\\\/author\\\/xavier\\\/\"}]}<\/script>\n<!-- \/ Yoast SEO plugin. -->","yoast_head_json":{"title":"r\u00e9glage rapide du laser CO2 - Le FabLab","robots":{"index":"noindex","follow":"follow","max-snippet":"max-snippet:-1","max-image-preview":"max-image-preview:large","max-video-preview":"max-video-preview:-1"},"og_locale":"fr_FR","og_type":"article","og_title":"r\u00e9glage rapide du laser CO2 - Le FabLab","og_description":"Bonjour \u00e0 tous Ce samedi en fin de journ\u00e9e, r\u00e9ception et essai du laser de r\u00e9glage des miroirs. Le principe : Inverser le sens du laser pour faciliter les r\u00e9glages. En 5 minutes c&rsquo;est r\u00e9gl\u00e9&#8230; \ud83d\ude42 Bien sur c&rsquo;est un r\u00e9glage tr\u00e8s approximatif en 5 minutes, mais le r\u00e9sultat est l\u00e0. J&rsquo;y retournerai la semaine [&hellip;]","og_url":"https:\/\/fablab-montagny-pres-louhans.fr\/index.php\/2025\/01\/12\/reglage-rapide-du-laser-co2\/","og_site_name":"Le FabLab","article_publisher":"https:\/\/www.facebook.com\/fablab.labom\/","article_published_time":"2025-01-12T16:43:54+00:00","author":"Xavier Vincent","twitter_card":"summary_large_image","twitter_misc":{"\u00c9crit par":"Xavier Vincent"},"schema":{"@context":"https:\/\/schema.org","@graph":[{"@type":"Article","@id":"https:\/\/fablab-montagny-pres-louhans.fr\/index.php\/2025\/01\/12\/reglage-rapide-du-laser-co2\/#article","isPartOf":{"@id":"https:\/\/fablab-montagny-pres-louhans.fr\/index.php\/2025\/01\/12\/reglage-rapide-du-laser-co2\/"},"author":{"name":"Xavier Vincent","@id":"https:\/\/fablab-montagny-pres-louhans.fr\/#\/schema\/person\/59c98416fe3a0c002433d49a5b0f12ce"},"headline":"r\u00e9glage rapide du laser CO2","datePublished":"2025-01-12T16:43:54+00:00","mainEntityOfPage":{"@id":"https:\/\/fablab-montagny-pres-louhans.fr\/index.php\/2025\/01\/12\/reglage-rapide-du-laser-co2\/"},"wordCount":66,"publisher":{"@id":"https:\/\/fablab-montagny-pres-louhans.fr\/#organization"},"image":{"@id":"https:\/\/fablab-montagny-pres-louhans.fr\/index.php\/2025\/01\/12\/reglage-rapide-du-laser-co2\/#primaryimage"},"thumbnailUrl":"https:\/\/fablab-montagny-pres-louhans.fr\/wp-content\/uploads\/2025\/01\/IMG_2203-scaled.jpg","articleSection":["Laser","News"],"inLanguage":"fr-FR"},{"@type":"WebPage","@id":"https:\/\/fablab-montagny-pres-louhans.fr\/index.php\/2025\/01\/12\/reglage-rapide-du-laser-co2\/","url":"https:\/\/fablab-montagny-pres-louhans.fr\/index.php\/2025\/01\/12\/reglage-rapide-du-laser-co2\/","name":"r\u00e9glage rapide du laser CO2 - Le FabLab","isPartOf":{"@id":"https:\/\/fablab-montagny-pres-louhans.fr\/#website"},"primaryImageOfPage":{"@id":"https:\/\/fablab-montagny-pres-louhans.fr\/index.php\/2025\/01\/12\/reglage-rapide-du-laser-co2\/#primaryimage"},"image":{"@id":"https:\/\/fablab-montagny-pres-louhans.fr\/index.php\/2025\/01\/12\/reglage-rapide-du-laser-co2\/#primaryimage"},"thumbnailUrl":"https:\/\/fablab-montagny-pres-louhans.fr\/wp-content\/uploads\/2025\/01\/IMG_2203-scaled.jpg","datePublished":"2025-01-12T16:43:54+00:00","breadcrumb":{"@id":"https:\/\/fablab-montagny-pres-louhans.fr\/index.php\/2025\/01\/12\/reglage-rapide-du-laser-co2\/#breadcrumb"},"inLanguage":"fr-FR","potentialAction":[{"@type":"ReadAction","target":["https:\/\/fablab-montagny-pres-louhans.fr\/index.php\/2025\/01\/12\/reglage-rapide-du-laser-co2\/"]}]},{"@type":"ImageObject","inLanguage":"fr-FR","@id":"https:\/\/fablab-montagny-pres-louhans.fr\/index.php\/2025\/01\/12\/reglage-rapide-du-laser-co2\/#primaryimage","url":"https:\/\/fablab-montagny-pres-louhans.fr\/wp-content\/uploads\/2025\/01\/IMG_2203-scaled.jpg","contentUrl":"https:\/\/fablab-montagny-pres-louhans.fr\/wp-content\/uploads\/2025\/01\/IMG_2203-scaled.jpg","width":1920,"height":2560},{"@type":"BreadcrumbList","@id":"https:\/\/fablab-montagny-pres-louhans.fr\/index.php\/2025\/01\/12\/reglage-rapide-du-laser-co2\/#breadcrumb","itemListElement":[{"@type":"ListItem","position":1,"name":"Accueil","item":"https:\/\/fablab-montagny-pres-louhans.fr\/"},{"@type":"ListItem","position":2,"name":"r\u00e9glage rapide du laser CO2"}]},{"@type":"WebSite","@id":"https:\/\/fablab-montagny-pres-louhans.fr\/#website","url":"https:\/\/fablab-montagny-pres-louhans.fr\/","name":"Le FabLab","description":"Le premier de Bresse","publisher":{"@id":"https:\/\/fablab-montagny-pres-louhans.fr\/#organization"},"potentialAction":[{"@type":"SearchAction","target":{"@type":"EntryPoint","urlTemplate":"https:\/\/fablab-montagny-pres-louhans.fr\/?s={search_term_string}"},"query-input":{"@type":"PropertyValueSpecification","valueRequired":true,"valueName":"search_term_string"}}],"inLanguage":"fr-FR"},{"@type":"Organization","@id":"https:\/\/fablab-montagny-pres-louhans.fr\/#organization","name":"Le FabLab","url":"https:\/\/fablab-montagny-pres-louhans.fr\/","logo":{"@type":"ImageObject","inLanguage":"fr-FR","@id":"https:\/\/fablab-montagny-pres-louhans.fr\/#\/schema\/logo\/image\/","url":"https:\/\/fablab-montagny-pres-louhans.fr\/wp-content\/uploads\/2023\/02\/FABALB-logo.png","contentUrl":"https:\/\/fablab-montagny-pres-louhans.fr\/wp-content\/uploads\/2023\/02\/FABALB-logo.png","width":250,"height":260,"caption":"Le FabLab"},"image":{"@id":"https:\/\/fablab-montagny-pres-louhans.fr\/#\/schema\/logo\/image\/"},"sameAs":["https:\/\/www.facebook.com\/fablab.labom\/"]},{"@type":"Person","@id":"https:\/\/fablab-montagny-pres-louhans.fr\/#\/schema\/person\/59c98416fe3a0c002433d49a5b0f12ce","name":"Xavier Vincent","image":{"@type":"ImageObject","inLanguage":"fr-FR","@id":"https:\/\/fablab-montagny-pres-louhans.fr\/wp-content\/litespeed\/avatar\/bae4764d44065ff492363743a1d834cd.jpg?ver=1777239699","url":"https:\/\/fablab-montagny-pres-louhans.fr\/wp-content\/litespeed\/avatar\/bae4764d44065ff492363743a1d834cd.jpg?ver=1777239699","contentUrl":"https:\/\/fablab-montagny-pres-louhans.fr\/wp-content\/litespeed\/avatar\/bae4764d44065ff492363743a1d834cd.jpg?ver=1777239699","caption":"Xavier Vincent"},"url":"https:\/\/fablab-montagny-pres-louhans.fr\/index.php\/author\/xavier\/"}]}},"_links":{"self":[{"href":"https:\/\/fablab-montagny-pres-louhans.fr\/index.php\/wp-json\/wp\/v2\/posts\/249220","targetHints":{"allow":["GET"]}}],"collection":[{"href":"https:\/\/fablab-montagny-pres-louhans.fr\/index.php\/wp-json\/wp\/v2\/posts"}],"about":[{"href":"https:\/\/fablab-montagny-pres-louhans.fr\/index.php\/wp-json\/wp\/v2\/types\/post"}],"author":[{"embeddable":true,"href":"https:\/\/fablab-montagny-pres-louhans.fr\/index.php\/wp-json\/wp\/v2\/users\/31"}],"replies":[{"embeddable":true,"href":"https:\/\/fablab-montagny-pres-louhans.fr\/index.php\/wp-json\/wp\/v2\/comments?post=249220"}],"version-history":[{"count":2,"href":"https:\/\/fablab-montagny-pres-louhans.fr\/index.php\/wp-json\/wp\/v2\/posts\/249220\/revisions"}],"predecessor-version":[{"id":249226,"href":"https:\/\/fablab-montagny-pres-louhans.fr\/index.php\/wp-json\/wp\/v2\/posts\/249220\/revisions\/249226"}],"wp:featuredmedia":[{"embeddable":true,"href":"https:\/\/fablab-montagny-pres-louhans.fr\/index.php\/wp-json\/wp\/v2\/media\/249224"}],"wp:attachment":[{"href":"https:\/\/fablab-montagny-pres-louhans.fr\/index.php\/wp-json\/wp\/v2\/media?parent=249220"}],"wp:term":[{"taxonomy":"category","embeddable":true,"href":"https:\/\/fablab-montagny-pres-louhans.fr\/index.php\/wp-json\/wp\/v2\/categories?post=249220"},{"taxonomy":"post_tag","embeddable":true,"href":"https:\/\/fablab-montagny-pres-louhans.fr\/index.php\/wp-json\/wp\/v2\/tags?post=249220"}],"curies":[{"name":"wp","href":"https:\/\/api.w.org\/{rel}","templated":true}]}}