{"id":249196,"date":"2024-08-16T00:28:34","date_gmt":"2024-08-15T22:28:34","guid":{"rendered":"https:\/\/fablab-montagny-pres-louhans.fr\/?p=249196"},"modified":"2024-08-16T00:30:57","modified_gmt":"2024-08-15T22:30:57","slug":"combat-des-impressions-3d","status":"publish","type":"post","link":"https:\/\/fablab-montagny-pres-louhans.fr\/index.php\/2024\/08\/16\/combat-des-impressions-3d\/","title":{"rendered":"COMBAT DES IMPRESSIONS 3D"},"content":{"rendered":"<p>\ud83c\udfc6 COMBAT DES IMPRESSIONS 3D \ud83c\udfc6<\/p>\n<p>PRUSA I3 \ud83c\udd9a CREALITY K1C<\/p>\n<p>Date : Samedi, 17 ao\u00fbt 2024<br \/>\nHeure : 15h00<br \/>\nLieu : Fablab LaboM &#8211; 1400 route de louhans &#8211; 71500 Montagny pr\u00e8s Louhans &#8211; Salle des Technologies Futuristes<\/p>\n<p>Venez assister \u00e0 l&rsquo;affrontement \u00e9pique entre deux g\u00e9antes de l&rsquo;impression 3D :<br \/>\n\ud83c\udf1f PRUSA I3 le tenant du titre, plus connu sous le nom de \u00ab\u00a0Le Colosse de Prague\u00a0\u00bb : La puissance, la pr\u00e9cision et la fiabilit\u00e9.<br \/>\n\ud83c\udf1f CREALITY K1C le challenger, plus connu sous le nom de \u00ab\u00a0Le ninja de Shenzhen\u00a0\u00bb : La rapidit\u00e9, l&rsquo;innovation et le rapport qualit\u00e9-prix.<\/p>\n<p>PROGRAMME DES \u00c9V\u00c9NEMENTS :<\/p>\n<p>15h00 : Ouverture des portes<br \/>\n15h15 : Pr\u00e9sentation des comp\u00e9titeurs<br \/>\n15h30 : D\u00e9monstration d&rsquo;impression en direct &#8211; Duel de rapidit\u00e9 entre les imprimantes<br \/>\n16h00 : Comparaison des qualit\u00e9s d&rsquo;impression.<br \/>\n16h15 : Remise des prix et cl\u00f4ture<\/p>\n<p>&nbsp;<\/p>\n<p>Entr\u00e9e libre !<br \/>\nVenez en famille et entre amis pour encourager votre imprimante pr\u00e9f\u00e9r\u00e9e !<\/p>\n","protected":false},"excerpt":{"rendered":"<p>\ud83c\udfc6 COMBAT DES IMPRESSIONS 3D \ud83c\udfc6 PRUSA I3 \ud83c\udd9a CREALITY K1C Date : Samedi, 17 ao\u00fbt 2024 Heure : 15h00 Lieu : Fablab LaboM &#8211; 1400 route de louhans &#8211; 71500 Montagny pr\u00e8s Louhans &#8211; Salle des Technologies Futuristes Venez assister \u00e0 l&rsquo;affrontement \u00e9pique entre deux g\u00e9antes de l&rsquo;impression 3D : \ud83c\udf1f PRUSA I3 le [&hellip;]<\/p>\n","protected":false},"author":31,"featured_media":0,"comment_status":"closed","ping_status":"open","sticky":false,"template":"","format":"standard","meta":{"_et_pb_use_builder":"","_et_pb_old_content":"","_et_gb_content_width":"","rop_custom_images_group":[],"rop_custom_messages_group":[],"rop_publish_now":"initial","rop_publish_now_accounts":{"facebook_1992431424458146_173380702515979":""},"rop_publish_now_history":[],"rop_publish_now_status":"pending","footnotes":""},"categories":[7,2],"tags":[],"class_list":["post-249196","post","type-post","status-publish","format-standard","hentry","category-impression-3d","category-news"],"yoast_head":"<!-- This site is optimized with the Yoast SEO plugin v27.3 - https:\/\/yoast.com\/product\/yoast-seo-wordpress\/ -->\n<title>COMBAT DES IMPRESSIONS 3D - Le FabLab<\/title>\n<meta name=\"robots\" content=\"noindex, follow, max-snippet:-1, max-image-preview:large, max-video-preview:-1\" \/>\n<meta property=\"og:locale\" content=\"fr_FR\" \/>\n<meta property=\"og:type\" content=\"article\" \/>\n<meta property=\"og:title\" content=\"COMBAT DES IMPRESSIONS 3D - Le FabLab\" \/>\n<meta property=\"og:description\" content=\"\ud83c\udfc6 COMBAT DES IMPRESSIONS 3D \ud83c\udfc6 PRUSA I3 \ud83c\udd9a CREALITY K1C Date : Samedi, 17 ao\u00fbt 2024 Heure : 15h00 Lieu : Fablab LaboM &#8211; 1400 route de louhans &#8211; 71500 Montagny pr\u00e8s Louhans &#8211; Salle des Technologies Futuristes Venez assister \u00e0 l&rsquo;affrontement \u00e9pique entre deux g\u00e9antes de l&rsquo;impression 3D : \ud83c\udf1f PRUSA I3 le [&hellip;]\" \/>\n<meta property=\"og:url\" content=\"https:\/\/fablab-montagny-pres-louhans.fr\/index.php\/2024\/08\/16\/combat-des-impressions-3d\/\" \/>\n<meta property=\"og:site_name\" content=\"Le FabLab\" \/>\n<meta property=\"article:publisher\" content=\"https:\/\/www.facebook.com\/fablab.labom\/\" \/>\n<meta property=\"article:published_time\" content=\"2024-08-15T22:28:34+00:00\" \/>\n<meta property=\"article:modified_time\" content=\"2024-08-15T22:30:57+00:00\" \/>\n<meta name=\"author\" content=\"Xavier Vincent\" \/>\n<meta name=\"twitter:card\" content=\"summary_large_image\" \/>\n<meta name=\"twitter:label1\" content=\"\u00c9crit par\" \/>\n\t<meta name=\"twitter:data1\" content=\"Xavier Vincent\" \/>\n\t<meta name=\"twitter:label2\" content=\"Dur\u00e9e de lecture estim\u00e9e\" \/>\n\t<meta name=\"twitter:data2\" content=\"1 minute\" \/>\n<script type=\"application\/ld+json\" class=\"yoast-schema-graph\">{\"@context\":\"https:\\\/\\\/schema.org\",\"@graph\":[{\"@type\":\"Article\",\"@id\":\"https:\\\/\\\/fablab-montagny-pres-louhans.fr\\\/index.php\\\/2024\\\/08\\\/16\\\/combat-des-impressions-3d\\\/#article\",\"isPartOf\":{\"@id\":\"https:\\\/\\\/fablab-montagny-pres-louhans.fr\\\/index.php\\\/2024\\\/08\\\/16\\\/combat-des-impressions-3d\\\/\"},\"author\":{\"name\":\"Xavier Vincent\",\"@id\":\"https:\\\/\\\/fablab-montagny-pres-louhans.fr\\\/#\\\/schema\\\/person\\\/59c98416fe3a0c002433d49a5b0f12ce\"},\"headline\":\"COMBAT DES IMPRESSIONS 3D\",\"datePublished\":\"2024-08-15T22:28:34+00:00\",\"dateModified\":\"2024-08-15T22:30:57+00:00\",\"mainEntityOfPage\":{\"@id\":\"https:\\\/\\\/fablab-montagny-pres-louhans.fr\\\/index.php\\\/2024\\\/08\\\/16\\\/combat-des-impressions-3d\\\/\"},\"wordCount\":152,\"publisher\":{\"@id\":\"https:\\\/\\\/fablab-montagny-pres-louhans.fr\\\/#organization\"},\"articleSection\":[\"Impression 3D\",\"News\"],\"inLanguage\":\"fr-FR\"},{\"@type\":\"WebPage\",\"@id\":\"https:\\\/\\\/fablab-montagny-pres-louhans.fr\\\/index.php\\\/2024\\\/08\\\/16\\\/combat-des-impressions-3d\\\/\",\"url\":\"https:\\\/\\\/fablab-montagny-pres-louhans.fr\\\/index.php\\\/2024\\\/08\\\/16\\\/combat-des-impressions-3d\\\/\",\"name\":\"COMBAT DES IMPRESSIONS 3D - Le FabLab\",\"isPartOf\":{\"@id\":\"https:\\\/\\\/fablab-montagny-pres-louhans.fr\\\/#website\"},\"datePublished\":\"2024-08-15T22:28:34+00:00\",\"dateModified\":\"2024-08-15T22:30:57+00:00\",\"breadcrumb\":{\"@id\":\"https:\\\/\\\/fablab-montagny-pres-louhans.fr\\\/index.php\\\/2024\\\/08\\\/16\\\/combat-des-impressions-3d\\\/#breadcrumb\"},\"inLanguage\":\"fr-FR\",\"potentialAction\":[{\"@type\":\"ReadAction\",\"target\":[\"https:\\\/\\\/fablab-montagny-pres-louhans.fr\\\/index.php\\\/2024\\\/08\\\/16\\\/combat-des-impressions-3d\\\/\"]}]},{\"@type\":\"BreadcrumbList\",\"@id\":\"https:\\\/\\\/fablab-montagny-pres-louhans.fr\\\/index.php\\\/2024\\\/08\\\/16\\\/combat-des-impressions-3d\\\/#breadcrumb\",\"itemListElement\":[{\"@type\":\"ListItem\",\"position\":1,\"name\":\"Accueil\",\"item\":\"https:\\\/\\\/fablab-montagny-pres-louhans.fr\\\/\"},{\"@type\":\"ListItem\",\"position\":2,\"name\":\"COMBAT DES IMPRESSIONS 3D\"}]},{\"@type\":\"WebSite\",\"@id\":\"https:\\\/\\\/fablab-montagny-pres-louhans.fr\\\/#website\",\"url\":\"https:\\\/\\\/fablab-montagny-pres-louhans.fr\\\/\",\"name\":\"Le FabLab\",\"description\":\"Le premier de Bresse\",\"publisher\":{\"@id\":\"https:\\\/\\\/fablab-montagny-pres-louhans.fr\\\/#organization\"},\"potentialAction\":[{\"@type\":\"SearchAction\",\"target\":{\"@type\":\"EntryPoint\",\"urlTemplate\":\"https:\\\/\\\/fablab-montagny-pres-louhans.fr\\\/?s={search_term_string}\"},\"query-input\":{\"@type\":\"PropertyValueSpecification\",\"valueRequired\":true,\"valueName\":\"search_term_string\"}}],\"inLanguage\":\"fr-FR\"},{\"@type\":\"Organization\",\"@id\":\"https:\\\/\\\/fablab-montagny-pres-louhans.fr\\\/#organization\",\"name\":\"Le FabLab\",\"url\":\"https:\\\/\\\/fablab-montagny-pres-louhans.fr\\\/\",\"logo\":{\"@type\":\"ImageObject\",\"inLanguage\":\"fr-FR\",\"@id\":\"https:\\\/\\\/fablab-montagny-pres-louhans.fr\\\/#\\\/schema\\\/logo\\\/image\\\/\",\"url\":\"https:\\\/\\\/fablab-montagny-pres-louhans.fr\\\/wp-content\\\/uploads\\\/2023\\\/02\\\/FABALB-logo.png\",\"contentUrl\":\"https:\\\/\\\/fablab-montagny-pres-louhans.fr\\\/wp-content\\\/uploads\\\/2023\\\/02\\\/FABALB-logo.png\",\"width\":250,\"height\":260,\"caption\":\"Le FabLab\"},\"image\":{\"@id\":\"https:\\\/\\\/fablab-montagny-pres-louhans.fr\\\/#\\\/schema\\\/logo\\\/image\\\/\"},\"sameAs\":[\"https:\\\/\\\/www.facebook.com\\\/fablab.labom\\\/\"]},{\"@type\":\"Person\",\"@id\":\"https:\\\/\\\/fablab-montagny-pres-louhans.fr\\\/#\\\/schema\\\/person\\\/59c98416fe3a0c002433d49a5b0f12ce\",\"name\":\"Xavier Vincent\",\"image\":{\"@type\":\"ImageObject\",\"inLanguage\":\"fr-FR\",\"@id\":\"https:\\\/\\\/fablab-montagny-pres-louhans.fr\\\/wp-content\\\/litespeed\\\/avatar\\\/bae4764d44065ff492363743a1d834cd.jpg?ver=1777239699\",\"url\":\"https:\\\/\\\/fablab-montagny-pres-louhans.fr\\\/wp-content\\\/litespeed\\\/avatar\\\/bae4764d44065ff492363743a1d834cd.jpg?ver=1777239699\",\"contentUrl\":\"https:\\\/\\\/fablab-montagny-pres-louhans.fr\\\/wp-content\\\/litespeed\\\/avatar\\\/bae4764d44065ff492363743a1d834cd.jpg?ver=1777239699\",\"caption\":\"Xavier Vincent\"},\"url\":\"https:\\\/\\\/fablab-montagny-pres-louhans.fr\\\/index.php\\\/author\\\/xavier\\\/\"}]}<\/script>\n<!-- \/ Yoast SEO plugin. -->","yoast_head_json":{"title":"COMBAT DES IMPRESSIONS 3D - Le FabLab","robots":{"index":"noindex","follow":"follow","max-snippet":"max-snippet:-1","max-image-preview":"max-image-preview:large","max-video-preview":"max-video-preview:-1"},"og_locale":"fr_FR","og_type":"article","og_title":"COMBAT DES IMPRESSIONS 3D - Le FabLab","og_description":"\ud83c\udfc6 COMBAT DES IMPRESSIONS 3D \ud83c\udfc6 PRUSA I3 \ud83c\udd9a CREALITY K1C Date : Samedi, 17 ao\u00fbt 2024 Heure : 15h00 Lieu : Fablab LaboM &#8211; 1400 route de louhans &#8211; 71500 Montagny pr\u00e8s Louhans &#8211; Salle des Technologies Futuristes Venez assister \u00e0 l&rsquo;affrontement \u00e9pique entre deux g\u00e9antes de l&rsquo;impression 3D : \ud83c\udf1f PRUSA I3 le [&hellip;]","og_url":"https:\/\/fablab-montagny-pres-louhans.fr\/index.php\/2024\/08\/16\/combat-des-impressions-3d\/","og_site_name":"Le FabLab","article_publisher":"https:\/\/www.facebook.com\/fablab.labom\/","article_published_time":"2024-08-15T22:28:34+00:00","article_modified_time":"2024-08-15T22:30:57+00:00","author":"Xavier Vincent","twitter_card":"summary_large_image","twitter_misc":{"\u00c9crit par":"Xavier Vincent","Dur\u00e9e de lecture estim\u00e9e":"1 minute"},"schema":{"@context":"https:\/\/schema.org","@graph":[{"@type":"Article","@id":"https:\/\/fablab-montagny-pres-louhans.fr\/index.php\/2024\/08\/16\/combat-des-impressions-3d\/#article","isPartOf":{"@id":"https:\/\/fablab-montagny-pres-louhans.fr\/index.php\/2024\/08\/16\/combat-des-impressions-3d\/"},"author":{"name":"Xavier Vincent","@id":"https:\/\/fablab-montagny-pres-louhans.fr\/#\/schema\/person\/59c98416fe3a0c002433d49a5b0f12ce"},"headline":"COMBAT DES IMPRESSIONS 3D","datePublished":"2024-08-15T22:28:34+00:00","dateModified":"2024-08-15T22:30:57+00:00","mainEntityOfPage":{"@id":"https:\/\/fablab-montagny-pres-louhans.fr\/index.php\/2024\/08\/16\/combat-des-impressions-3d\/"},"wordCount":152,"publisher":{"@id":"https:\/\/fablab-montagny-pres-louhans.fr\/#organization"},"articleSection":["Impression 3D","News"],"inLanguage":"fr-FR"},{"@type":"WebPage","@id":"https:\/\/fablab-montagny-pres-louhans.fr\/index.php\/2024\/08\/16\/combat-des-impressions-3d\/","url":"https:\/\/fablab-montagny-pres-louhans.fr\/index.php\/2024\/08\/16\/combat-des-impressions-3d\/","name":"COMBAT DES IMPRESSIONS 3D - Le FabLab","isPartOf":{"@id":"https:\/\/fablab-montagny-pres-louhans.fr\/#website"},"datePublished":"2024-08-15T22:28:34+00:00","dateModified":"2024-08-15T22:30:57+00:00","breadcrumb":{"@id":"https:\/\/fablab-montagny-pres-louhans.fr\/index.php\/2024\/08\/16\/combat-des-impressions-3d\/#breadcrumb"},"inLanguage":"fr-FR","potentialAction":[{"@type":"ReadAction","target":["https:\/\/fablab-montagny-pres-louhans.fr\/index.php\/2024\/08\/16\/combat-des-impressions-3d\/"]}]},{"@type":"BreadcrumbList","@id":"https:\/\/fablab-montagny-pres-louhans.fr\/index.php\/2024\/08\/16\/combat-des-impressions-3d\/#breadcrumb","itemListElement":[{"@type":"ListItem","position":1,"name":"Accueil","item":"https:\/\/fablab-montagny-pres-louhans.fr\/"},{"@type":"ListItem","position":2,"name":"COMBAT DES IMPRESSIONS 3D"}]},{"@type":"WebSite","@id":"https:\/\/fablab-montagny-pres-louhans.fr\/#website","url":"https:\/\/fablab-montagny-pres-louhans.fr\/","name":"Le FabLab","description":"Le premier de Bresse","publisher":{"@id":"https:\/\/fablab-montagny-pres-louhans.fr\/#organization"},"potentialAction":[{"@type":"SearchAction","target":{"@type":"EntryPoint","urlTemplate":"https:\/\/fablab-montagny-pres-louhans.fr\/?s={search_term_string}"},"query-input":{"@type":"PropertyValueSpecification","valueRequired":true,"valueName":"search_term_string"}}],"inLanguage":"fr-FR"},{"@type":"Organization","@id":"https:\/\/fablab-montagny-pres-louhans.fr\/#organization","name":"Le FabLab","url":"https:\/\/fablab-montagny-pres-louhans.fr\/","logo":{"@type":"ImageObject","inLanguage":"fr-FR","@id":"https:\/\/fablab-montagny-pres-louhans.fr\/#\/schema\/logo\/image\/","url":"https:\/\/fablab-montagny-pres-louhans.fr\/wp-content\/uploads\/2023\/02\/FABALB-logo.png","contentUrl":"https:\/\/fablab-montagny-pres-louhans.fr\/wp-content\/uploads\/2023\/02\/FABALB-logo.png","width":250,"height":260,"caption":"Le FabLab"},"image":{"@id":"https:\/\/fablab-montagny-pres-louhans.fr\/#\/schema\/logo\/image\/"},"sameAs":["https:\/\/www.facebook.com\/fablab.labom\/"]},{"@type":"Person","@id":"https:\/\/fablab-montagny-pres-louhans.fr\/#\/schema\/person\/59c98416fe3a0c002433d49a5b0f12ce","name":"Xavier Vincent","image":{"@type":"ImageObject","inLanguage":"fr-FR","@id":"https:\/\/fablab-montagny-pres-louhans.fr\/wp-content\/litespeed\/avatar\/bae4764d44065ff492363743a1d834cd.jpg?ver=1777239699","url":"https:\/\/fablab-montagny-pres-louhans.fr\/wp-content\/litespeed\/avatar\/bae4764d44065ff492363743a1d834cd.jpg?ver=1777239699","contentUrl":"https:\/\/fablab-montagny-pres-louhans.fr\/wp-content\/litespeed\/avatar\/bae4764d44065ff492363743a1d834cd.jpg?ver=1777239699","caption":"Xavier Vincent"},"url":"https:\/\/fablab-montagny-pres-louhans.fr\/index.php\/author\/xavier\/"}]}},"_links":{"self":[{"href":"https:\/\/fablab-montagny-pres-louhans.fr\/index.php\/wp-json\/wp\/v2\/posts\/249196","targetHints":{"allow":["GET"]}}],"collection":[{"href":"https:\/\/fablab-montagny-pres-louhans.fr\/index.php\/wp-json\/wp\/v2\/posts"}],"about":[{"href":"https:\/\/fablab-montagny-pres-louhans.fr\/index.php\/wp-json\/wp\/v2\/types\/post"}],"author":[{"embeddable":true,"href":"https:\/\/fablab-montagny-pres-louhans.fr\/index.php\/wp-json\/wp\/v2\/users\/31"}],"replies":[{"embeddable":true,"href":"https:\/\/fablab-montagny-pres-louhans.fr\/index.php\/wp-json\/wp\/v2\/comments?post=249196"}],"version-history":[{"count":2,"href":"https:\/\/fablab-montagny-pres-louhans.fr\/index.php\/wp-json\/wp\/v2\/posts\/249196\/revisions"}],"predecessor-version":[{"id":249198,"href":"https:\/\/fablab-montagny-pres-louhans.fr\/index.php\/wp-json\/wp\/v2\/posts\/249196\/revisions\/249198"}],"wp:attachment":[{"href":"https:\/\/fablab-montagny-pres-louhans.fr\/index.php\/wp-json\/wp\/v2\/media?parent=249196"}],"wp:term":[{"taxonomy":"category","embeddable":true,"href":"https:\/\/fablab-montagny-pres-louhans.fr\/index.php\/wp-json\/wp\/v2\/categories?post=249196"},{"taxonomy":"post_tag","embeddable":true,"href":"https:\/\/fablab-montagny-pres-louhans.fr\/index.php\/wp-json\/wp\/v2\/tags?post=249196"}],"curies":[{"name":"wp","href":"https:\/\/api.w.org\/{rel}","templated":true}]}}