{"id":248864,"date":"2024-02-02T22:49:50","date_gmt":"2024-02-02T21:49:50","guid":{"rendered":"https:\/\/fablab-montagny-pres-louhans.fr\/?p=248864"},"modified":"2024-05-19T08:58:16","modified_gmt":"2024-05-19T06:58:16","slug":"visite-du-fablab-par-monsieur-le-sous-prefet-de-louhans","status":"publish","type":"post","link":"https:\/\/fablab-montagny-pres-louhans.fr\/index.php\/2024\/02\/02\/visite-du-fablab-par-monsieur-le-sous-prefet-de-louhans\/","title":{"rendered":"Visite du fablab par monsieur le sous-pr\u00e9fet de Louhans"},"content":{"rendered":"<p>Mercredi 31 janvier, \u00e0 l&rsquo;occasion de la visite des b\u00e2timents communaux de Montagny-pr\u00e8s-Louhans, le sous pr\u00e9fet nous a fait l&rsquo;honneur de visiter le fablab.<br \/>\nIl a pu y d\u00e9couvrir ce qui fait l&rsquo;ADN de ce lieu de partage et de convivialit\u00e9.<\/p>\n<p>Merci \u00e0 monsieur le sous pr\u00e9fet de l&rsquo;int\u00e9r\u00eat port\u00e9 \u00e0 nos r\u00e9alisations.<br \/>\nMerci aux adh\u00e9rents qui se sont rendus disponibles \u00e0 cette occasion.<\/p>\n<div id=\"attachment_248865\" style=\"width: 515px\" class=\"wp-caption alignnone\"><img loading=\"lazy\" decoding=\"async\" aria-describedby=\"caption-attachment-248865\" class=\"wp-image-248865 size-full\" src=\"https:\/\/fablab-montagny-pres-louhans.fr\/wp-content\/uploads\/2024\/02\/Independant-02-02-2024.png\" alt=\"\" width=\"505\" height=\"772\" srcset=\"https:\/\/fablab-montagny-pres-louhans.fr\/wp-content\/uploads\/2024\/02\/Independant-02-02-2024.png 505w, https:\/\/fablab-montagny-pres-louhans.fr\/wp-content\/uploads\/2024\/02\/Independant-02-02-2024-480x734.png 480w\" sizes=\"(min-width: 0px) and (max-width: 480px) 480px, (min-width: 481px) 505px, 100vw\" \/><p id=\"caption-attachment-248865\" class=\"wp-caption-text\">Le fablab dans l&rsquo;ind\u00e9pendant du jura du 2\/2\/2024.<\/p><\/div>\n<p><a href=\"https:\/\/fablab-montagny-pres-louhans.fr\/wp-content\/uploads\/2024\/02\/BRW002258713D9D_006084.pdf\">pdf page<\/a><\/p>\n","protected":false},"excerpt":{"rendered":"<p>Mercredi 31 janvier, \u00e0 l&rsquo;occasion de la visite des b\u00e2timents communaux de Montagny-pr\u00e8s-Louhans, le sous pr\u00e9fet nous a fait l&rsquo;honneur de visiter le fablab. Il a pu y d\u00e9couvrir ce qui fait l&rsquo;ADN de ce lieu de partage et de convivialit\u00e9. Merci \u00e0 monsieur le sous pr\u00e9fet de l&rsquo;int\u00e9r\u00eat port\u00e9 \u00e0 nos r\u00e9alisations. Merci aux [&hellip;]<\/p>\n","protected":false},"author":38,"featured_media":248865,"comment_status":"closed","ping_status":"open","sticky":false,"template":"","format":"standard","meta":{"_et_pb_use_builder":"","_et_pb_old_content":"","_et_gb_content_width":"","rop_custom_images_group":[],"rop_custom_messages_group":[],"rop_publish_now":"initial","rop_publish_now_accounts":{"facebook_1992431424458146_173380702515979":""},"rop_publish_now_history":[],"rop_publish_now_status":"pending","footnotes":""},"categories":[2],"tags":[],"class_list":["post-248864","post","type-post","status-publish","format-standard","has-post-thumbnail","hentry","category-news"],"yoast_head":"<!-- This site is optimized with the Yoast SEO plugin v27.3 - https:\/\/yoast.com\/product\/yoast-seo-wordpress\/ -->\n<title>Visite du fablab par monsieur le sous-pr\u00e9fet de Louhans - Le FabLab<\/title>\n<meta name=\"robots\" content=\"noindex, follow, max-snippet:-1, max-image-preview:large, max-video-preview:-1\" \/>\n<meta property=\"og:locale\" content=\"fr_FR\" \/>\n<meta property=\"og:type\" content=\"article\" \/>\n<meta property=\"og:title\" content=\"Visite du fablab par monsieur le sous-pr\u00e9fet de Louhans - Le FabLab\" \/>\n<meta property=\"og:description\" content=\"Mercredi 31 janvier, \u00e0 l&rsquo;occasion de la visite des b\u00e2timents communaux de Montagny-pr\u00e8s-Louhans, le sous pr\u00e9fet nous a fait l&rsquo;honneur de visiter le fablab. Il a pu y d\u00e9couvrir ce qui fait l&rsquo;ADN de ce lieu de partage et de convivialit\u00e9. Merci \u00e0 monsieur le sous pr\u00e9fet de l&rsquo;int\u00e9r\u00eat port\u00e9 \u00e0 nos r\u00e9alisations. Merci aux [&hellip;]\" \/>\n<meta property=\"og:url\" content=\"https:\/\/fablab-montagny-pres-louhans.fr\/index.php\/2024\/02\/02\/visite-du-fablab-par-monsieur-le-sous-prefet-de-louhans\/\" \/>\n<meta property=\"og:site_name\" content=\"Le FabLab\" \/>\n<meta property=\"article:publisher\" content=\"https:\/\/www.facebook.com\/fablab.labom\/\" \/>\n<meta property=\"article:published_time\" content=\"2024-02-02T21:49:50+00:00\" \/>\n<meta property=\"article:modified_time\" content=\"2024-05-19T06:58:16+00:00\" \/>\n<meta property=\"og:image\" content=\"https:\/\/fablab-montagny-pres-louhans.fr\/wp-content\/uploads\/2024\/02\/Independant-02-02-2024.png\" \/>\n\t<meta property=\"og:image:width\" content=\"505\" \/>\n\t<meta property=\"og:image:height\" content=\"772\" \/>\n\t<meta property=\"og:image:type\" content=\"image\/png\" \/>\n<meta name=\"author\" content=\"editeur fablab\" \/>\n<meta name=\"twitter:card\" content=\"summary_large_image\" \/>\n<meta name=\"twitter:label1\" content=\"\u00c9crit par\" \/>\n\t<meta name=\"twitter:data1\" content=\"editeur fablab\" \/>\n<script type=\"application\/ld+json\" class=\"yoast-schema-graph\">{\"@context\":\"https:\\\/\\\/schema.org\",\"@graph\":[{\"@type\":\"Article\",\"@id\":\"https:\\\/\\\/fablab-montagny-pres-louhans.fr\\\/index.php\\\/2024\\\/02\\\/02\\\/visite-du-fablab-par-monsieur-le-sous-prefet-de-louhans\\\/#article\",\"isPartOf\":{\"@id\":\"https:\\\/\\\/fablab-montagny-pres-louhans.fr\\\/index.php\\\/2024\\\/02\\\/02\\\/visite-du-fablab-par-monsieur-le-sous-prefet-de-louhans\\\/\"},\"author\":{\"name\":\"editeur fablab\",\"@id\":\"https:\\\/\\\/fablab-montagny-pres-louhans.fr\\\/#\\\/schema\\\/person\\\/aa028c72465a2c5be85db1f735111054\"},\"headline\":\"Visite du fablab par monsieur le sous-pr\u00e9fet de Louhans\",\"datePublished\":\"2024-02-02T21:49:50+00:00\",\"dateModified\":\"2024-05-19T06:58:16+00:00\",\"mainEntityOfPage\":{\"@id\":\"https:\\\/\\\/fablab-montagny-pres-louhans.fr\\\/index.php\\\/2024\\\/02\\\/02\\\/visite-du-fablab-par-monsieur-le-sous-prefet-de-louhans\\\/\"},\"wordCount\":95,\"publisher\":{\"@id\":\"https:\\\/\\\/fablab-montagny-pres-louhans.fr\\\/#organization\"},\"image\":{\"@id\":\"https:\\\/\\\/fablab-montagny-pres-louhans.fr\\\/index.php\\\/2024\\\/02\\\/02\\\/visite-du-fablab-par-monsieur-le-sous-prefet-de-louhans\\\/#primaryimage\"},\"thumbnailUrl\":\"https:\\\/\\\/fablab-montagny-pres-louhans.fr\\\/wp-content\\\/uploads\\\/2024\\\/02\\\/Independant-02-02-2024.png\",\"articleSection\":[\"News\"],\"inLanguage\":\"fr-FR\"},{\"@type\":\"WebPage\",\"@id\":\"https:\\\/\\\/fablab-montagny-pres-louhans.fr\\\/index.php\\\/2024\\\/02\\\/02\\\/visite-du-fablab-par-monsieur-le-sous-prefet-de-louhans\\\/\",\"url\":\"https:\\\/\\\/fablab-montagny-pres-louhans.fr\\\/index.php\\\/2024\\\/02\\\/02\\\/visite-du-fablab-par-monsieur-le-sous-prefet-de-louhans\\\/\",\"name\":\"Visite du fablab par monsieur le sous-pr\u00e9fet de Louhans - Le FabLab\",\"isPartOf\":{\"@id\":\"https:\\\/\\\/fablab-montagny-pres-louhans.fr\\\/#website\"},\"primaryImageOfPage\":{\"@id\":\"https:\\\/\\\/fablab-montagny-pres-louhans.fr\\\/index.php\\\/2024\\\/02\\\/02\\\/visite-du-fablab-par-monsieur-le-sous-prefet-de-louhans\\\/#primaryimage\"},\"image\":{\"@id\":\"https:\\\/\\\/fablab-montagny-pres-louhans.fr\\\/index.php\\\/2024\\\/02\\\/02\\\/visite-du-fablab-par-monsieur-le-sous-prefet-de-louhans\\\/#primaryimage\"},\"thumbnailUrl\":\"https:\\\/\\\/fablab-montagny-pres-louhans.fr\\\/wp-content\\\/uploads\\\/2024\\\/02\\\/Independant-02-02-2024.png\",\"datePublished\":\"2024-02-02T21:49:50+00:00\",\"dateModified\":\"2024-05-19T06:58:16+00:00\",\"breadcrumb\":{\"@id\":\"https:\\\/\\\/fablab-montagny-pres-louhans.fr\\\/index.php\\\/2024\\\/02\\\/02\\\/visite-du-fablab-par-monsieur-le-sous-prefet-de-louhans\\\/#breadcrumb\"},\"inLanguage\":\"fr-FR\",\"potentialAction\":[{\"@type\":\"ReadAction\",\"target\":[\"https:\\\/\\\/fablab-montagny-pres-louhans.fr\\\/index.php\\\/2024\\\/02\\\/02\\\/visite-du-fablab-par-monsieur-le-sous-prefet-de-louhans\\\/\"]}]},{\"@type\":\"ImageObject\",\"inLanguage\":\"fr-FR\",\"@id\":\"https:\\\/\\\/fablab-montagny-pres-louhans.fr\\\/index.php\\\/2024\\\/02\\\/02\\\/visite-du-fablab-par-monsieur-le-sous-prefet-de-louhans\\\/#primaryimage\",\"url\":\"https:\\\/\\\/fablab-montagny-pres-louhans.fr\\\/wp-content\\\/uploads\\\/2024\\\/02\\\/Independant-02-02-2024.png\",\"contentUrl\":\"https:\\\/\\\/fablab-montagny-pres-louhans.fr\\\/wp-content\\\/uploads\\\/2024\\\/02\\\/Independant-02-02-2024.png\",\"width\":505,\"height\":772},{\"@type\":\"BreadcrumbList\",\"@id\":\"https:\\\/\\\/fablab-montagny-pres-louhans.fr\\\/index.php\\\/2024\\\/02\\\/02\\\/visite-du-fablab-par-monsieur-le-sous-prefet-de-louhans\\\/#breadcrumb\",\"itemListElement\":[{\"@type\":\"ListItem\",\"position\":1,\"name\":\"Accueil\",\"item\":\"https:\\\/\\\/fablab-montagny-pres-louhans.fr\\\/\"},{\"@type\":\"ListItem\",\"position\":2,\"name\":\"Visite du fablab par monsieur le sous-pr\u00e9fet de Louhans\"}]},{\"@type\":\"WebSite\",\"@id\":\"https:\\\/\\\/fablab-montagny-pres-louhans.fr\\\/#website\",\"url\":\"https:\\\/\\\/fablab-montagny-pres-louhans.fr\\\/\",\"name\":\"Le FabLab\",\"description\":\"Le premier de Bresse\",\"publisher\":{\"@id\":\"https:\\\/\\\/fablab-montagny-pres-louhans.fr\\\/#organization\"},\"potentialAction\":[{\"@type\":\"SearchAction\",\"target\":{\"@type\":\"EntryPoint\",\"urlTemplate\":\"https:\\\/\\\/fablab-montagny-pres-louhans.fr\\\/?s={search_term_string}\"},\"query-input\":{\"@type\":\"PropertyValueSpecification\",\"valueRequired\":true,\"valueName\":\"search_term_string\"}}],\"inLanguage\":\"fr-FR\"},{\"@type\":\"Organization\",\"@id\":\"https:\\\/\\\/fablab-montagny-pres-louhans.fr\\\/#organization\",\"name\":\"Le FabLab\",\"url\":\"https:\\\/\\\/fablab-montagny-pres-louhans.fr\\\/\",\"logo\":{\"@type\":\"ImageObject\",\"inLanguage\":\"fr-FR\",\"@id\":\"https:\\\/\\\/fablab-montagny-pres-louhans.fr\\\/#\\\/schema\\\/logo\\\/image\\\/\",\"url\":\"https:\\\/\\\/fablab-montagny-pres-louhans.fr\\\/wp-content\\\/uploads\\\/2023\\\/02\\\/FABALB-logo.png\",\"contentUrl\":\"https:\\\/\\\/fablab-montagny-pres-louhans.fr\\\/wp-content\\\/uploads\\\/2023\\\/02\\\/FABALB-logo.png\",\"width\":250,\"height\":260,\"caption\":\"Le FabLab\"},\"image\":{\"@id\":\"https:\\\/\\\/fablab-montagny-pres-louhans.fr\\\/#\\\/schema\\\/logo\\\/image\\\/\"},\"sameAs\":[\"https:\\\/\\\/www.facebook.com\\\/fablab.labom\\\/\"]},{\"@type\":\"Person\",\"@id\":\"https:\\\/\\\/fablab-montagny-pres-louhans.fr\\\/#\\\/schema\\\/person\\\/aa028c72465a2c5be85db1f735111054\",\"name\":\"editeur fablab\",\"image\":{\"@type\":\"ImageObject\",\"inLanguage\":\"fr-FR\",\"@id\":\"https:\\\/\\\/fablab-montagny-pres-louhans.fr\\\/wp-content\\\/litespeed\\\/avatar\\\/976fb2638e6591ce0b2bd0ddc8c05db1.jpg?ver=1777317235\",\"url\":\"https:\\\/\\\/fablab-montagny-pres-louhans.fr\\\/wp-content\\\/litespeed\\\/avatar\\\/976fb2638e6591ce0b2bd0ddc8c05db1.jpg?ver=1777317235\",\"contentUrl\":\"https:\\\/\\\/fablab-montagny-pres-louhans.fr\\\/wp-content\\\/litespeed\\\/avatar\\\/976fb2638e6591ce0b2bd0ddc8c05db1.jpg?ver=1777317235\",\"caption\":\"editeur fablab\"},\"sameAs\":[\"https:\\\/\\\/fablab-montagny-pres-louhans.fr\"],\"url\":\"https:\\\/\\\/fablab-montagny-pres-louhans.fr\\\/index.php\\\/author\\\/editeur-fablab\\\/\"}]}<\/script>\n<!-- \/ Yoast SEO plugin. -->","yoast_head_json":{"title":"Visite du fablab par monsieur le sous-pr\u00e9fet de Louhans - Le FabLab","robots":{"index":"noindex","follow":"follow","max-snippet":"max-snippet:-1","max-image-preview":"max-image-preview:large","max-video-preview":"max-video-preview:-1"},"og_locale":"fr_FR","og_type":"article","og_title":"Visite du fablab par monsieur le sous-pr\u00e9fet de Louhans - Le FabLab","og_description":"Mercredi 31 janvier, \u00e0 l&rsquo;occasion de la visite des b\u00e2timents communaux de Montagny-pr\u00e8s-Louhans, le sous pr\u00e9fet nous a fait l&rsquo;honneur de visiter le fablab. Il a pu y d\u00e9couvrir ce qui fait l&rsquo;ADN de ce lieu de partage et de convivialit\u00e9. Merci \u00e0 monsieur le sous pr\u00e9fet de l&rsquo;int\u00e9r\u00eat port\u00e9 \u00e0 nos r\u00e9alisations. Merci aux [&hellip;]","og_url":"https:\/\/fablab-montagny-pres-louhans.fr\/index.php\/2024\/02\/02\/visite-du-fablab-par-monsieur-le-sous-prefet-de-louhans\/","og_site_name":"Le FabLab","article_publisher":"https:\/\/www.facebook.com\/fablab.labom\/","article_published_time":"2024-02-02T21:49:50+00:00","article_modified_time":"2024-05-19T06:58:16+00:00","og_image":[{"width":505,"height":772,"url":"https:\/\/fablab-montagny-pres-louhans.fr\/wp-content\/uploads\/2024\/02\/Independant-02-02-2024.png","type":"image\/png"}],"author":"editeur fablab","twitter_card":"summary_large_image","twitter_misc":{"\u00c9crit par":"editeur fablab"},"schema":{"@context":"https:\/\/schema.org","@graph":[{"@type":"Article","@id":"https:\/\/fablab-montagny-pres-louhans.fr\/index.php\/2024\/02\/02\/visite-du-fablab-par-monsieur-le-sous-prefet-de-louhans\/#article","isPartOf":{"@id":"https:\/\/fablab-montagny-pres-louhans.fr\/index.php\/2024\/02\/02\/visite-du-fablab-par-monsieur-le-sous-prefet-de-louhans\/"},"author":{"name":"editeur fablab","@id":"https:\/\/fablab-montagny-pres-louhans.fr\/#\/schema\/person\/aa028c72465a2c5be85db1f735111054"},"headline":"Visite du fablab par monsieur le sous-pr\u00e9fet de Louhans","datePublished":"2024-02-02T21:49:50+00:00","dateModified":"2024-05-19T06:58:16+00:00","mainEntityOfPage":{"@id":"https:\/\/fablab-montagny-pres-louhans.fr\/index.php\/2024\/02\/02\/visite-du-fablab-par-monsieur-le-sous-prefet-de-louhans\/"},"wordCount":95,"publisher":{"@id":"https:\/\/fablab-montagny-pres-louhans.fr\/#organization"},"image":{"@id":"https:\/\/fablab-montagny-pres-louhans.fr\/index.php\/2024\/02\/02\/visite-du-fablab-par-monsieur-le-sous-prefet-de-louhans\/#primaryimage"},"thumbnailUrl":"https:\/\/fablab-montagny-pres-louhans.fr\/wp-content\/uploads\/2024\/02\/Independant-02-02-2024.png","articleSection":["News"],"inLanguage":"fr-FR"},{"@type":"WebPage","@id":"https:\/\/fablab-montagny-pres-louhans.fr\/index.php\/2024\/02\/02\/visite-du-fablab-par-monsieur-le-sous-prefet-de-louhans\/","url":"https:\/\/fablab-montagny-pres-louhans.fr\/index.php\/2024\/02\/02\/visite-du-fablab-par-monsieur-le-sous-prefet-de-louhans\/","name":"Visite du fablab par monsieur le sous-pr\u00e9fet de Louhans - Le FabLab","isPartOf":{"@id":"https:\/\/fablab-montagny-pres-louhans.fr\/#website"},"primaryImageOfPage":{"@id":"https:\/\/fablab-montagny-pres-louhans.fr\/index.php\/2024\/02\/02\/visite-du-fablab-par-monsieur-le-sous-prefet-de-louhans\/#primaryimage"},"image":{"@id":"https:\/\/fablab-montagny-pres-louhans.fr\/index.php\/2024\/02\/02\/visite-du-fablab-par-monsieur-le-sous-prefet-de-louhans\/#primaryimage"},"thumbnailUrl":"https:\/\/fablab-montagny-pres-louhans.fr\/wp-content\/uploads\/2024\/02\/Independant-02-02-2024.png","datePublished":"2024-02-02T21:49:50+00:00","dateModified":"2024-05-19T06:58:16+00:00","breadcrumb":{"@id":"https:\/\/fablab-montagny-pres-louhans.fr\/index.php\/2024\/02\/02\/visite-du-fablab-par-monsieur-le-sous-prefet-de-louhans\/#breadcrumb"},"inLanguage":"fr-FR","potentialAction":[{"@type":"ReadAction","target":["https:\/\/fablab-montagny-pres-louhans.fr\/index.php\/2024\/02\/02\/visite-du-fablab-par-monsieur-le-sous-prefet-de-louhans\/"]}]},{"@type":"ImageObject","inLanguage":"fr-FR","@id":"https:\/\/fablab-montagny-pres-louhans.fr\/index.php\/2024\/02\/02\/visite-du-fablab-par-monsieur-le-sous-prefet-de-louhans\/#primaryimage","url":"https:\/\/fablab-montagny-pres-louhans.fr\/wp-content\/uploads\/2024\/02\/Independant-02-02-2024.png","contentUrl":"https:\/\/fablab-montagny-pres-louhans.fr\/wp-content\/uploads\/2024\/02\/Independant-02-02-2024.png","width":505,"height":772},{"@type":"BreadcrumbList","@id":"https:\/\/fablab-montagny-pres-louhans.fr\/index.php\/2024\/02\/02\/visite-du-fablab-par-monsieur-le-sous-prefet-de-louhans\/#breadcrumb","itemListElement":[{"@type":"ListItem","position":1,"name":"Accueil","item":"https:\/\/fablab-montagny-pres-louhans.fr\/"},{"@type":"ListItem","position":2,"name":"Visite du fablab par monsieur le sous-pr\u00e9fet de Louhans"}]},{"@type":"WebSite","@id":"https:\/\/fablab-montagny-pres-louhans.fr\/#website","url":"https:\/\/fablab-montagny-pres-louhans.fr\/","name":"Le FabLab","description":"Le premier de Bresse","publisher":{"@id":"https:\/\/fablab-montagny-pres-louhans.fr\/#organization"},"potentialAction":[{"@type":"SearchAction","target":{"@type":"EntryPoint","urlTemplate":"https:\/\/fablab-montagny-pres-louhans.fr\/?s={search_term_string}"},"query-input":{"@type":"PropertyValueSpecification","valueRequired":true,"valueName":"search_term_string"}}],"inLanguage":"fr-FR"},{"@type":"Organization","@id":"https:\/\/fablab-montagny-pres-louhans.fr\/#organization","name":"Le FabLab","url":"https:\/\/fablab-montagny-pres-louhans.fr\/","logo":{"@type":"ImageObject","inLanguage":"fr-FR","@id":"https:\/\/fablab-montagny-pres-louhans.fr\/#\/schema\/logo\/image\/","url":"https:\/\/fablab-montagny-pres-louhans.fr\/wp-content\/uploads\/2023\/02\/FABALB-logo.png","contentUrl":"https:\/\/fablab-montagny-pres-louhans.fr\/wp-content\/uploads\/2023\/02\/FABALB-logo.png","width":250,"height":260,"caption":"Le FabLab"},"image":{"@id":"https:\/\/fablab-montagny-pres-louhans.fr\/#\/schema\/logo\/image\/"},"sameAs":["https:\/\/www.facebook.com\/fablab.labom\/"]},{"@type":"Person","@id":"https:\/\/fablab-montagny-pres-louhans.fr\/#\/schema\/person\/aa028c72465a2c5be85db1f735111054","name":"editeur fablab","image":{"@type":"ImageObject","inLanguage":"fr-FR","@id":"https:\/\/fablab-montagny-pres-louhans.fr\/wp-content\/litespeed\/avatar\/976fb2638e6591ce0b2bd0ddc8c05db1.jpg?ver=1777317235","url":"https:\/\/fablab-montagny-pres-louhans.fr\/wp-content\/litespeed\/avatar\/976fb2638e6591ce0b2bd0ddc8c05db1.jpg?ver=1777317235","contentUrl":"https:\/\/fablab-montagny-pres-louhans.fr\/wp-content\/litespeed\/avatar\/976fb2638e6591ce0b2bd0ddc8c05db1.jpg?ver=1777317235","caption":"editeur fablab"},"sameAs":["https:\/\/fablab-montagny-pres-louhans.fr"],"url":"https:\/\/fablab-montagny-pres-louhans.fr\/index.php\/author\/editeur-fablab\/"}]}},"_links":{"self":[{"href":"https:\/\/fablab-montagny-pres-louhans.fr\/index.php\/wp-json\/wp\/v2\/posts\/248864","targetHints":{"allow":["GET"]}}],"collection":[{"href":"https:\/\/fablab-montagny-pres-louhans.fr\/index.php\/wp-json\/wp\/v2\/posts"}],"about":[{"href":"https:\/\/fablab-montagny-pres-louhans.fr\/index.php\/wp-json\/wp\/v2\/types\/post"}],"author":[{"embeddable":true,"href":"https:\/\/fablab-montagny-pres-louhans.fr\/index.php\/wp-json\/wp\/v2\/users\/38"}],"replies":[{"embeddable":true,"href":"https:\/\/fablab-montagny-pres-louhans.fr\/index.php\/wp-json\/wp\/v2\/comments?post=248864"}],"version-history":[{"count":3,"href":"https:\/\/fablab-montagny-pres-louhans.fr\/index.php\/wp-json\/wp\/v2\/posts\/248864\/revisions"}],"predecessor-version":[{"id":248869,"href":"https:\/\/fablab-montagny-pres-louhans.fr\/index.php\/wp-json\/wp\/v2\/posts\/248864\/revisions\/248869"}],"wp:featuredmedia":[{"embeddable":true,"href":"https:\/\/fablab-montagny-pres-louhans.fr\/index.php\/wp-json\/wp\/v2\/media\/248865"}],"wp:attachment":[{"href":"https:\/\/fablab-montagny-pres-louhans.fr\/index.php\/wp-json\/wp\/v2\/media?parent=248864"}],"wp:term":[{"taxonomy":"category","embeddable":true,"href":"https:\/\/fablab-montagny-pres-louhans.fr\/index.php\/wp-json\/wp\/v2\/categories?post=248864"},{"taxonomy":"post_tag","embeddable":true,"href":"https:\/\/fablab-montagny-pres-louhans.fr\/index.php\/wp-json\/wp\/v2\/tags?post=248864"}],"curies":[{"name":"wp","href":"https:\/\/api.w.org\/{rel}","templated":true}]}}