{"id":248713,"date":"2023-11-02T13:48:10","date_gmt":"2023-11-02T12:48:10","guid":{"rendered":"https:\/\/fablab-montagny-pres-louhans.fr\/?p=248713"},"modified":"2023-11-11T17:59:24","modified_gmt":"2023-11-11T16:59:24","slug":"reparation-denceintes-haut-parleur","status":"publish","type":"post","link":"https:\/\/fablab-montagny-pres-louhans.fr\/index.php\/2023\/11\/02\/reparation-denceintes-haut-parleur\/","title":{"rendered":"r\u00e9paration d&rsquo;enceintes (Haut parleur)"},"content":{"rendered":"[et_pb_section fb_built=\u00a0\u00bb1&Prime; _builder_version=\u00a0\u00bb4.16&Prime; global_colors_info=\u00a0\u00bb{}\u00a0\u00bb][et_pb_row _builder_version=\u00a0\u00bb4.16&Prime; background_size=\u00a0\u00bbinitial\u00a0\u00bb background_position=\u00a0\u00bbtop_left\u00a0\u00bb background_repeat=\u00a0\u00bbrepeat\u00a0\u00bb global_colors_info=\u00a0\u00bb{}\u00a0\u00bb][et_pb_column type=\u00a0\u00bb4_4&Prime; _builder_version=\u00a0\u00bb4.16&Prime; custom_padding=\u00a0\u00bb|||\u00a0\u00bb global_colors_info=\u00a0\u00bb{}\u00a0\u00bb custom_padding__hover=\u00a0\u00bb|||\u00a0\u00bb][et_pb_text _builder_version=\u00a0\u00bb4.16&Prime; background_size=\u00a0\u00bbinitial\u00a0\u00bb background_position=\u00a0\u00bbtop_left\u00a0\u00bb background_repeat=\u00a0\u00bbrepeat\u00a0\u00bb global_colors_info=\u00a0\u00bb{}\u00a0\u00bb]\r\n<p>La semaine derni\u00e8re une paire de HP a \u00e9t\u00e9 r\u00e9par\u00e9e.<\/p>\r\n\r\n\r\n\r\n<figure class=\"wp-block-image size-large\"><img loading=\"lazy\" decoding=\"async\" width=\"768\" height=\"1024\" class=\"wp-image-248707\" src=\"https:\/\/fablab-montagny-pres-louhans.fr\/wp-content\/uploads\/2023\/11\/img_8489-1-768x1024.jpg\" \/>\r\n<figcaption class=\"wp-element-caption\">HP avec suspension d\u00e9t\u00e9rior\u00e9e<\/figcaption>\r\n<\/figure>\r\n\r\n\r\n\r\n<p>La suspension, c\u2019est \u00e0 dire la membrane entourant le c\u00f4ne du haut parleur, constitu\u00e9e de mousse FOAM a \u00e9t\u00e9 rong\u00e9e par l\u2019\u00e2ge.<\/p>\r\n\r\n\r\n\r\n<p>Le HP fonctionne mais produit un son disgracieux sur les basses. Un genre de tremblement et il heurte les parois du HP.<\/p>\r\n\r\n\r\n\r\n<p>Il suffirait de remplacer cette suspension.<\/p>\r\n\r\n\r\n\r\n<p>Des kits existent \u00e0 des prix tr\u00e8s abordables, il suffit de prendre les mesures en 4 points sp\u00e9cifiques. Les lits sont compos\u00e9s d\u2019une paire de suspensions \u00e0 laquelle il faut ajouter une colle sp\u00e9ciale.<\/p>\r\n\r\n\r\n\r\n<p>Il faudra aussi nettoyer minutieusement les restes de l\u2019ancienne suspension. C\u2019est l\u2019\u00e9tape la plus longue. Grattage + alcool.<\/p>\r\n\r\n\r\n\r\n<figure class=\"wp-block-image size-large\"><img loading=\"lazy\" decoding=\"async\" width=\"768\" height=\"1024\" class=\"wp-image-248703\" src=\"https:\/\/fablab-montagny-pres-louhans.fr\/wp-content\/uploads\/2023\/11\/img_8466-1-768x1024.jpg\" \/>\r\n<figcaption class=\"wp-element-caption\">En cours de nettoyage<\/figcaption>\r\n<\/figure>\r\n\r\n\r\n\r\n<p>Vient ensuite le collage sur le c\u00f4ne en centrant bien l\u2019ensemble.<\/p>\r\n\r\n\r\n\r\n<figure class=\"wp-block-image size-large\"><img loading=\"lazy\" decoding=\"async\" width=\"768\" height=\"1024\" class=\"wp-image-248704\" src=\"https:\/\/fablab-montagny-pres-louhans.fr\/wp-content\/uploads\/2023\/11\/img_8491-1-768x1024.jpg\" \/>\r\n<figcaption class=\"wp-element-caption\">Collage sur le c\u00f4ne<\/figcaption>\r\n<\/figure>\r\n\r\n\r\n\r\n<p>Puis le collage sur le cadre.<\/p>\r\n\r\n\r\n\r\n<figure class=\"wp-block-image size-large\"><img loading=\"lazy\" decoding=\"async\" width=\"768\" height=\"1024\" class=\"wp-image-248705\" src=\"https:\/\/fablab-montagny-pres-louhans.fr\/wp-content\/uploads\/2023\/11\/img_8492-1-768x1024.jpg\" \/>\r\n<figcaption class=\"wp-element-caption\">Collage et maintient sur le cadre<\/figcaption>\r\n<\/figure>\r\n\r\n\r\n\r\n<p>Environ 1h d\u2019attente.<\/p>\r\n\r\n\r\n\r\n<figure class=\"wp-block-image size-large\"><img loading=\"lazy\" decoding=\"async\" width=\"768\" height=\"1024\" class=\"wp-image-248706\" src=\"https:\/\/fablab-montagny-pres-louhans.fr\/wp-content\/uploads\/2023\/11\/img_8494-1-768x1024.jpg\" \/>\r\n<figcaption class=\"wp-element-caption\">Fin de l\u2019intervention<\/figcaption>\r\n<\/figure>\r\n\r\n\r\n\r\n<p>Il n\u2019y a plus qu\u2019\u00e0 revisser le HP.<\/p>\r\n\r\n\r\n\r\n<p>Pour une quinzaine d\u2019euros les enceintes sont r\u00e9par\u00e9es.<\/p>\r\n\r\n\r\n\r\n<p>Lets rock now\u2026<\/p>\r\n\r[\/et_pb_text][\/et_pb_column][\/et_pb_row][\/et_pb_section]","protected":false},"excerpt":{"rendered":"<p>La semaine derni\u00e8re une paire de HP a \u00e9t\u00e9 r\u00e9par\u00e9e. HP avec suspension d\u00e9t\u00e9rior\u00e9e La suspension, c\u2019est \u00e0 dire la membrane entourant le c\u00f4ne du haut parleur, constitu\u00e9e de mousse FOAM a \u00e9t\u00e9 rong\u00e9e par l\u2019\u00e2ge. Le HP fonctionne mais produit un son disgracieux sur les basses. Un genre de tremblement et il heurte les [&hellip;]<\/p>\n","protected":false},"author":31,"featured_media":248707,"comment_status":"closed","ping_status":"open","sticky":false,"template":"","format":"standard","meta":{"_et_pb_use_builder":"on","_et_pb_old_content":"<!-- wp:paragraph -->\r\n<p>La semaine derni\u00e8re une paire de HP a \u00e9t\u00e9 r\u00e9par\u00e9e.<\/p>\r\n<!-- \/wp:paragraph --><!-- wp:image {\"id\":248707,\"sizeSlug\":\"large\"} -->\r\n<figure class=\"wp-block-image size-large\"><img class=\"wp-image-248707\" src=\"https:\/\/fablab-montagny-pres-louhans.fr\/wp-content\/uploads\/2023\/11\/img_8489-1-768x1024.jpg\" \/>\r\n<figcaption class=\"wp-element-caption\">HP avec suspension d\u00e9t\u00e9rior\u00e9e<\/figcaption>\r\n<\/figure>\r\n<!-- \/wp:image --><!-- wp:paragraph -->\r\n<p>La suspension, c\u2019est \u00e0 dire la membrane entourant le c\u00f4ne du haut parleur, constitu\u00e9e de mousse FOAM a \u00e9t\u00e9 rong\u00e9e par l\u2019\u00e2ge.<\/p>\r\n<!-- \/wp:paragraph --><!-- wp:paragraph -->\r\n<p>Le HP fonctionne mais produit un son disgracieux sur les basses. Un genre de tremblement et il heurte les parois du HP.<\/p>\r\n<!-- \/wp:paragraph --><!-- wp:paragraph -->\r\n<p>Il suffirait de remplacer cette suspension.<\/p>\r\n<!-- \/wp:paragraph --><!-- wp:paragraph -->\r\n<p>Des kits existent \u00e0 des prix tr\u00e8s abordables, il suffit de prendre les mesures en 4 points sp\u00e9cifiques. Les lits sont compos\u00e9s d\u2019une paire de suspensions \u00e0 laquelle il faut ajouter une colle sp\u00e9ciale.<\/p>\r\n<!-- \/wp:paragraph --><!-- wp:paragraph -->\r\n<p>Il faudra aussi nettoyer minutieusement les restes de l\u2019ancienne suspension. C\u2019est l\u2019\u00e9tape la plus longue. Grattage + alcool.<\/p>\r\n<!-- \/wp:paragraph --><!-- wp:image {\"id\":248703,\"sizeSlug\":\"large\"} -->\r\n<figure class=\"wp-block-image size-large\"><img class=\"wp-image-248703\" src=\"https:\/\/fablab-montagny-pres-louhans.fr\/wp-content\/uploads\/2023\/11\/img_8466-1-768x1024.jpg\" \/>\r\n<figcaption class=\"wp-element-caption\">En cours de nettoyage<\/figcaption>\r\n<\/figure>\r\n<!-- \/wp:image --><!-- wp:paragraph -->\r\n<p>Vient ensuite le collage sur le c\u00f4ne en centrant bien l\u2019ensemble.<\/p>\r\n<!-- \/wp:paragraph --><!-- wp:image {\"id\":248704,\"sizeSlug\":\"large\"} -->\r\n<figure class=\"wp-block-image size-large\"><img class=\"wp-image-248704\" src=\"https:\/\/fablab-montagny-pres-louhans.fr\/wp-content\/uploads\/2023\/11\/img_8491-1-768x1024.jpg\" \/>\r\n<figcaption class=\"wp-element-caption\">Collage sur le c\u00f4ne<\/figcaption>\r\n<\/figure>\r\n<!-- \/wp:image --><!-- wp:paragraph -->\r\n<p>Puis le collage sur le cadre.<\/p>\r\n<!-- \/wp:paragraph --><!-- wp:image {\"id\":248705,\"sizeSlug\":\"large\"} -->\r\n<figure class=\"wp-block-image size-large\"><img class=\"wp-image-248705\" src=\"https:\/\/fablab-montagny-pres-louhans.fr\/wp-content\/uploads\/2023\/11\/img_8492-1-768x1024.jpg\" \/>\r\n<figcaption class=\"wp-element-caption\">Collage et maintient sur le cadre<\/figcaption>\r\n<\/figure>\r\n<!-- \/wp:image --><!-- wp:paragraph -->\r\n<p>Environ 1h d\u2019attente.<\/p>\r\n<!-- \/wp:paragraph --><!-- wp:image {\"id\":248706,\"sizeSlug\":\"large\"} -->\r\n<figure class=\"wp-block-image size-large\"><img class=\"wp-image-248706\" src=\"https:\/\/fablab-montagny-pres-louhans.fr\/wp-content\/uploads\/2023\/11\/img_8494-1-768x1024.jpg\" \/>\r\n<figcaption class=\"wp-element-caption\">Fin de l\u2019intervention<\/figcaption>\r\n<\/figure>\r\n<!-- \/wp:image --><!-- wp:paragraph -->\r\n<p>Il n\u2019y a plus qu\u2019\u00e0 revisser le HP.<\/p>\r\n<!-- \/wp:paragraph --><!-- wp:paragraph -->\r\n<p>Pour une quinzaine d\u2019euros les enceintes sont r\u00e9par\u00e9es.<\/p>\r\n<!-- \/wp:paragraph --><!-- wp:paragraph -->\r\n<p>Lets rock now\u2026<\/p>\r\n<!-- \/wp:paragraph -->","_et_gb_content_width":"","rop_custom_images_group":[],"rop_custom_messages_group":[],"rop_publish_now":"initial","rop_publish_now_accounts":{"facebook_1992431424458146_173380702515979":""},"rop_publish_now_history":[],"rop_publish_now_status":"pending","footnotes":""},"categories":[4,2],"tags":[],"class_list":["post-248713","post","type-post","status-publish","format-standard","has-post-thumbnail","hentry","category-electronique","category-news"],"yoast_head":"<!-- This site is optimized with the Yoast SEO plugin v27.3 - https:\/\/yoast.com\/product\/yoast-seo-wordpress\/ -->\n<title>r\u00e9paration d&#039;enceintes (Haut parleur) - Le FabLab<\/title>\n<meta name=\"robots\" content=\"noindex, follow, max-snippet:-1, max-image-preview:large, max-video-preview:-1\" \/>\n<meta property=\"og:locale\" content=\"fr_FR\" \/>\n<meta property=\"og:type\" content=\"article\" \/>\n<meta property=\"og:title\" content=\"r\u00e9paration d&#039;enceintes (Haut parleur) - Le FabLab\" \/>\n<meta property=\"og:description\" content=\"La semaine derni\u00e8re une paire de HP a \u00e9t\u00e9 r\u00e9par\u00e9e. HP avec suspension d\u00e9t\u00e9rior\u00e9e La suspension, c\u2019est \u00e0 dire la membrane entourant le c\u00f4ne du haut parleur, constitu\u00e9e de mousse FOAM a \u00e9t\u00e9 rong\u00e9e par l\u2019\u00e2ge. Le HP fonctionne mais produit un son disgracieux sur les basses. Un genre de tremblement et il heurte les [&hellip;]\" \/>\n<meta property=\"og:url\" content=\"https:\/\/fablab-montagny-pres-louhans.fr\/index.php\/2023\/11\/02\/reparation-denceintes-haut-parleur\/\" \/>\n<meta property=\"og:site_name\" content=\"Le FabLab\" \/>\n<meta property=\"article:publisher\" content=\"https:\/\/www.facebook.com\/fablab.labom\/\" \/>\n<meta property=\"article:published_time\" content=\"2023-11-02T12:48:10+00:00\" \/>\n<meta property=\"article:modified_time\" content=\"2023-11-11T16:59:24+00:00\" \/>\n<meta property=\"og:image\" content=\"https:\/\/fablab-montagny-pres-louhans.fr\/wp-content\/uploads\/2023\/11\/img_8489-1-scaled.jpg\" \/>\n\t<meta property=\"og:image:width\" content=\"1920\" \/>\n\t<meta property=\"og:image:height\" content=\"2560\" \/>\n\t<meta property=\"og:image:type\" content=\"image\/jpeg\" \/>\n<meta name=\"author\" content=\"Xavier Vincent\" \/>\n<meta name=\"twitter:card\" content=\"summary_large_image\" \/>\n<meta name=\"twitter:label1\" content=\"\u00c9crit par\" \/>\n\t<meta name=\"twitter:data1\" content=\"Xavier Vincent\" \/>\n\t<meta name=\"twitter:label2\" content=\"Dur\u00e9e de lecture estim\u00e9e\" \/>\n\t<meta name=\"twitter:data2\" content=\"1 minute\" \/>\n<script type=\"application\/ld+json\" class=\"yoast-schema-graph\">{\"@context\":\"https:\\\/\\\/schema.org\",\"@graph\":[{\"@type\":\"Article\",\"@id\":\"https:\\\/\\\/fablab-montagny-pres-louhans.fr\\\/index.php\\\/2023\\\/11\\\/02\\\/reparation-denceintes-haut-parleur\\\/#article\",\"isPartOf\":{\"@id\":\"https:\\\/\\\/fablab-montagny-pres-louhans.fr\\\/index.php\\\/2023\\\/11\\\/02\\\/reparation-denceintes-haut-parleur\\\/\"},\"author\":{\"name\":\"Xavier Vincent\",\"@id\":\"https:\\\/\\\/fablab-montagny-pres-louhans.fr\\\/#\\\/schema\\\/person\\\/59c98416fe3a0c002433d49a5b0f12ce\"},\"headline\":\"r\u00e9paration d&rsquo;enceintes (Haut parleur)\",\"datePublished\":\"2023-11-02T12:48:10+00:00\",\"dateModified\":\"2023-11-11T16:59:24+00:00\",\"mainEntityOfPage\":{\"@id\":\"https:\\\/\\\/fablab-montagny-pres-louhans.fr\\\/index.php\\\/2023\\\/11\\\/02\\\/reparation-denceintes-haut-parleur\\\/\"},\"wordCount\":272,\"publisher\":{\"@id\":\"https:\\\/\\\/fablab-montagny-pres-louhans.fr\\\/#organization\"},\"image\":{\"@id\":\"https:\\\/\\\/fablab-montagny-pres-louhans.fr\\\/index.php\\\/2023\\\/11\\\/02\\\/reparation-denceintes-haut-parleur\\\/#primaryimage\"},\"thumbnailUrl\":\"https:\\\/\\\/fablab-montagny-pres-louhans.fr\\\/wp-content\\\/uploads\\\/2023\\\/11\\\/img_8489-1-scaled.jpg\",\"articleSection\":[\"Electronique\",\"News\"],\"inLanguage\":\"fr-FR\"},{\"@type\":\"WebPage\",\"@id\":\"https:\\\/\\\/fablab-montagny-pres-louhans.fr\\\/index.php\\\/2023\\\/11\\\/02\\\/reparation-denceintes-haut-parleur\\\/\",\"url\":\"https:\\\/\\\/fablab-montagny-pres-louhans.fr\\\/index.php\\\/2023\\\/11\\\/02\\\/reparation-denceintes-haut-parleur\\\/\",\"name\":\"r\u00e9paration d'enceintes (Haut parleur) - Le FabLab\",\"isPartOf\":{\"@id\":\"https:\\\/\\\/fablab-montagny-pres-louhans.fr\\\/#website\"},\"primaryImageOfPage\":{\"@id\":\"https:\\\/\\\/fablab-montagny-pres-louhans.fr\\\/index.php\\\/2023\\\/11\\\/02\\\/reparation-denceintes-haut-parleur\\\/#primaryimage\"},\"image\":{\"@id\":\"https:\\\/\\\/fablab-montagny-pres-louhans.fr\\\/index.php\\\/2023\\\/11\\\/02\\\/reparation-denceintes-haut-parleur\\\/#primaryimage\"},\"thumbnailUrl\":\"https:\\\/\\\/fablab-montagny-pres-louhans.fr\\\/wp-content\\\/uploads\\\/2023\\\/11\\\/img_8489-1-scaled.jpg\",\"datePublished\":\"2023-11-02T12:48:10+00:00\",\"dateModified\":\"2023-11-11T16:59:24+00:00\",\"breadcrumb\":{\"@id\":\"https:\\\/\\\/fablab-montagny-pres-louhans.fr\\\/index.php\\\/2023\\\/11\\\/02\\\/reparation-denceintes-haut-parleur\\\/#breadcrumb\"},\"inLanguage\":\"fr-FR\",\"potentialAction\":[{\"@type\":\"ReadAction\",\"target\":[\"https:\\\/\\\/fablab-montagny-pres-louhans.fr\\\/index.php\\\/2023\\\/11\\\/02\\\/reparation-denceintes-haut-parleur\\\/\"]}]},{\"@type\":\"ImageObject\",\"inLanguage\":\"fr-FR\",\"@id\":\"https:\\\/\\\/fablab-montagny-pres-louhans.fr\\\/index.php\\\/2023\\\/11\\\/02\\\/reparation-denceintes-haut-parleur\\\/#primaryimage\",\"url\":\"https:\\\/\\\/fablab-montagny-pres-louhans.fr\\\/wp-content\\\/uploads\\\/2023\\\/11\\\/img_8489-1-scaled.jpg\",\"contentUrl\":\"https:\\\/\\\/fablab-montagny-pres-louhans.fr\\\/wp-content\\\/uploads\\\/2023\\\/11\\\/img_8489-1-scaled.jpg\",\"width\":1920,\"height\":2560},{\"@type\":\"BreadcrumbList\",\"@id\":\"https:\\\/\\\/fablab-montagny-pres-louhans.fr\\\/index.php\\\/2023\\\/11\\\/02\\\/reparation-denceintes-haut-parleur\\\/#breadcrumb\",\"itemListElement\":[{\"@type\":\"ListItem\",\"position\":1,\"name\":\"Accueil\",\"item\":\"https:\\\/\\\/fablab-montagny-pres-louhans.fr\\\/\"},{\"@type\":\"ListItem\",\"position\":2,\"name\":\"r\u00e9paration d&rsquo;enceintes (Haut parleur)\"}]},{\"@type\":\"WebSite\",\"@id\":\"https:\\\/\\\/fablab-montagny-pres-louhans.fr\\\/#website\",\"url\":\"https:\\\/\\\/fablab-montagny-pres-louhans.fr\\\/\",\"name\":\"Le FabLab\",\"description\":\"Le premier de Bresse\",\"publisher\":{\"@id\":\"https:\\\/\\\/fablab-montagny-pres-louhans.fr\\\/#organization\"},\"potentialAction\":[{\"@type\":\"SearchAction\",\"target\":{\"@type\":\"EntryPoint\",\"urlTemplate\":\"https:\\\/\\\/fablab-montagny-pres-louhans.fr\\\/?s={search_term_string}\"},\"query-input\":{\"@type\":\"PropertyValueSpecification\",\"valueRequired\":true,\"valueName\":\"search_term_string\"}}],\"inLanguage\":\"fr-FR\"},{\"@type\":\"Organization\",\"@id\":\"https:\\\/\\\/fablab-montagny-pres-louhans.fr\\\/#organization\",\"name\":\"Le FabLab\",\"url\":\"https:\\\/\\\/fablab-montagny-pres-louhans.fr\\\/\",\"logo\":{\"@type\":\"ImageObject\",\"inLanguage\":\"fr-FR\",\"@id\":\"https:\\\/\\\/fablab-montagny-pres-louhans.fr\\\/#\\\/schema\\\/logo\\\/image\\\/\",\"url\":\"https:\\\/\\\/fablab-montagny-pres-louhans.fr\\\/wp-content\\\/uploads\\\/2023\\\/02\\\/FABALB-logo.png\",\"contentUrl\":\"https:\\\/\\\/fablab-montagny-pres-louhans.fr\\\/wp-content\\\/uploads\\\/2023\\\/02\\\/FABALB-logo.png\",\"width\":250,\"height\":260,\"caption\":\"Le FabLab\"},\"image\":{\"@id\":\"https:\\\/\\\/fablab-montagny-pres-louhans.fr\\\/#\\\/schema\\\/logo\\\/image\\\/\"},\"sameAs\":[\"https:\\\/\\\/www.facebook.com\\\/fablab.labom\\\/\"]},{\"@type\":\"Person\",\"@id\":\"https:\\\/\\\/fablab-montagny-pres-louhans.fr\\\/#\\\/schema\\\/person\\\/59c98416fe3a0c002433d49a5b0f12ce\",\"name\":\"Xavier Vincent\",\"image\":{\"@type\":\"ImageObject\",\"inLanguage\":\"fr-FR\",\"@id\":\"https:\\\/\\\/fablab-montagny-pres-louhans.fr\\\/wp-content\\\/litespeed\\\/avatar\\\/bae4764d44065ff492363743a1d834cd.jpg?ver=1777239699\",\"url\":\"https:\\\/\\\/fablab-montagny-pres-louhans.fr\\\/wp-content\\\/litespeed\\\/avatar\\\/bae4764d44065ff492363743a1d834cd.jpg?ver=1777239699\",\"contentUrl\":\"https:\\\/\\\/fablab-montagny-pres-louhans.fr\\\/wp-content\\\/litespeed\\\/avatar\\\/bae4764d44065ff492363743a1d834cd.jpg?ver=1777239699\",\"caption\":\"Xavier Vincent\"},\"url\":\"https:\\\/\\\/fablab-montagny-pres-louhans.fr\\\/index.php\\\/author\\\/xavier\\\/\"}]}<\/script>\n<!-- \/ Yoast SEO plugin. -->","yoast_head_json":{"title":"r\u00e9paration d'enceintes (Haut parleur) - Le FabLab","robots":{"index":"noindex","follow":"follow","max-snippet":"max-snippet:-1","max-image-preview":"max-image-preview:large","max-video-preview":"max-video-preview:-1"},"og_locale":"fr_FR","og_type":"article","og_title":"r\u00e9paration d'enceintes (Haut parleur) - Le FabLab","og_description":"La semaine derni\u00e8re une paire de HP a \u00e9t\u00e9 r\u00e9par\u00e9e. HP avec suspension d\u00e9t\u00e9rior\u00e9e La suspension, c\u2019est \u00e0 dire la membrane entourant le c\u00f4ne du haut parleur, constitu\u00e9e de mousse FOAM a \u00e9t\u00e9 rong\u00e9e par l\u2019\u00e2ge. Le HP fonctionne mais produit un son disgracieux sur les basses. Un genre de tremblement et il heurte les [&hellip;]","og_url":"https:\/\/fablab-montagny-pres-louhans.fr\/index.php\/2023\/11\/02\/reparation-denceintes-haut-parleur\/","og_site_name":"Le FabLab","article_publisher":"https:\/\/www.facebook.com\/fablab.labom\/","article_published_time":"2023-11-02T12:48:10+00:00","article_modified_time":"2023-11-11T16:59:24+00:00","og_image":[{"width":1920,"height":2560,"url":"https:\/\/fablab-montagny-pres-louhans.fr\/wp-content\/uploads\/2023\/11\/img_8489-1-scaled.jpg","type":"image\/jpeg"}],"author":"Xavier Vincent","twitter_card":"summary_large_image","twitter_misc":{"\u00c9crit par":"Xavier Vincent","Dur\u00e9e de lecture estim\u00e9e":"1 minute"},"schema":{"@context":"https:\/\/schema.org","@graph":[{"@type":"Article","@id":"https:\/\/fablab-montagny-pres-louhans.fr\/index.php\/2023\/11\/02\/reparation-denceintes-haut-parleur\/#article","isPartOf":{"@id":"https:\/\/fablab-montagny-pres-louhans.fr\/index.php\/2023\/11\/02\/reparation-denceintes-haut-parleur\/"},"author":{"name":"Xavier Vincent","@id":"https:\/\/fablab-montagny-pres-louhans.fr\/#\/schema\/person\/59c98416fe3a0c002433d49a5b0f12ce"},"headline":"r\u00e9paration d&rsquo;enceintes (Haut parleur)","datePublished":"2023-11-02T12:48:10+00:00","dateModified":"2023-11-11T16:59:24+00:00","mainEntityOfPage":{"@id":"https:\/\/fablab-montagny-pres-louhans.fr\/index.php\/2023\/11\/02\/reparation-denceintes-haut-parleur\/"},"wordCount":272,"publisher":{"@id":"https:\/\/fablab-montagny-pres-louhans.fr\/#organization"},"image":{"@id":"https:\/\/fablab-montagny-pres-louhans.fr\/index.php\/2023\/11\/02\/reparation-denceintes-haut-parleur\/#primaryimage"},"thumbnailUrl":"https:\/\/fablab-montagny-pres-louhans.fr\/wp-content\/uploads\/2023\/11\/img_8489-1-scaled.jpg","articleSection":["Electronique","News"],"inLanguage":"fr-FR"},{"@type":"WebPage","@id":"https:\/\/fablab-montagny-pres-louhans.fr\/index.php\/2023\/11\/02\/reparation-denceintes-haut-parleur\/","url":"https:\/\/fablab-montagny-pres-louhans.fr\/index.php\/2023\/11\/02\/reparation-denceintes-haut-parleur\/","name":"r\u00e9paration d'enceintes (Haut parleur) - Le FabLab","isPartOf":{"@id":"https:\/\/fablab-montagny-pres-louhans.fr\/#website"},"primaryImageOfPage":{"@id":"https:\/\/fablab-montagny-pres-louhans.fr\/index.php\/2023\/11\/02\/reparation-denceintes-haut-parleur\/#primaryimage"},"image":{"@id":"https:\/\/fablab-montagny-pres-louhans.fr\/index.php\/2023\/11\/02\/reparation-denceintes-haut-parleur\/#primaryimage"},"thumbnailUrl":"https:\/\/fablab-montagny-pres-louhans.fr\/wp-content\/uploads\/2023\/11\/img_8489-1-scaled.jpg","datePublished":"2023-11-02T12:48:10+00:00","dateModified":"2023-11-11T16:59:24+00:00","breadcrumb":{"@id":"https:\/\/fablab-montagny-pres-louhans.fr\/index.php\/2023\/11\/02\/reparation-denceintes-haut-parleur\/#breadcrumb"},"inLanguage":"fr-FR","potentialAction":[{"@type":"ReadAction","target":["https:\/\/fablab-montagny-pres-louhans.fr\/index.php\/2023\/11\/02\/reparation-denceintes-haut-parleur\/"]}]},{"@type":"ImageObject","inLanguage":"fr-FR","@id":"https:\/\/fablab-montagny-pres-louhans.fr\/index.php\/2023\/11\/02\/reparation-denceintes-haut-parleur\/#primaryimage","url":"https:\/\/fablab-montagny-pres-louhans.fr\/wp-content\/uploads\/2023\/11\/img_8489-1-scaled.jpg","contentUrl":"https:\/\/fablab-montagny-pres-louhans.fr\/wp-content\/uploads\/2023\/11\/img_8489-1-scaled.jpg","width":1920,"height":2560},{"@type":"BreadcrumbList","@id":"https:\/\/fablab-montagny-pres-louhans.fr\/index.php\/2023\/11\/02\/reparation-denceintes-haut-parleur\/#breadcrumb","itemListElement":[{"@type":"ListItem","position":1,"name":"Accueil","item":"https:\/\/fablab-montagny-pres-louhans.fr\/"},{"@type":"ListItem","position":2,"name":"r\u00e9paration d&rsquo;enceintes (Haut parleur)"}]},{"@type":"WebSite","@id":"https:\/\/fablab-montagny-pres-louhans.fr\/#website","url":"https:\/\/fablab-montagny-pres-louhans.fr\/","name":"Le FabLab","description":"Le premier de Bresse","publisher":{"@id":"https:\/\/fablab-montagny-pres-louhans.fr\/#organization"},"potentialAction":[{"@type":"SearchAction","target":{"@type":"EntryPoint","urlTemplate":"https:\/\/fablab-montagny-pres-louhans.fr\/?s={search_term_string}"},"query-input":{"@type":"PropertyValueSpecification","valueRequired":true,"valueName":"search_term_string"}}],"inLanguage":"fr-FR"},{"@type":"Organization","@id":"https:\/\/fablab-montagny-pres-louhans.fr\/#organization","name":"Le FabLab","url":"https:\/\/fablab-montagny-pres-louhans.fr\/","logo":{"@type":"ImageObject","inLanguage":"fr-FR","@id":"https:\/\/fablab-montagny-pres-louhans.fr\/#\/schema\/logo\/image\/","url":"https:\/\/fablab-montagny-pres-louhans.fr\/wp-content\/uploads\/2023\/02\/FABALB-logo.png","contentUrl":"https:\/\/fablab-montagny-pres-louhans.fr\/wp-content\/uploads\/2023\/02\/FABALB-logo.png","width":250,"height":260,"caption":"Le FabLab"},"image":{"@id":"https:\/\/fablab-montagny-pres-louhans.fr\/#\/schema\/logo\/image\/"},"sameAs":["https:\/\/www.facebook.com\/fablab.labom\/"]},{"@type":"Person","@id":"https:\/\/fablab-montagny-pres-louhans.fr\/#\/schema\/person\/59c98416fe3a0c002433d49a5b0f12ce","name":"Xavier Vincent","image":{"@type":"ImageObject","inLanguage":"fr-FR","@id":"https:\/\/fablab-montagny-pres-louhans.fr\/wp-content\/litespeed\/avatar\/bae4764d44065ff492363743a1d834cd.jpg?ver=1777239699","url":"https:\/\/fablab-montagny-pres-louhans.fr\/wp-content\/litespeed\/avatar\/bae4764d44065ff492363743a1d834cd.jpg?ver=1777239699","contentUrl":"https:\/\/fablab-montagny-pres-louhans.fr\/wp-content\/litespeed\/avatar\/bae4764d44065ff492363743a1d834cd.jpg?ver=1777239699","caption":"Xavier Vincent"},"url":"https:\/\/fablab-montagny-pres-louhans.fr\/index.php\/author\/xavier\/"}]}},"_links":{"self":[{"href":"https:\/\/fablab-montagny-pres-louhans.fr\/index.php\/wp-json\/wp\/v2\/posts\/248713","targetHints":{"allow":["GET"]}}],"collection":[{"href":"https:\/\/fablab-montagny-pres-louhans.fr\/index.php\/wp-json\/wp\/v2\/posts"}],"about":[{"href":"https:\/\/fablab-montagny-pres-louhans.fr\/index.php\/wp-json\/wp\/v2\/types\/post"}],"author":[{"embeddable":true,"href":"https:\/\/fablab-montagny-pres-louhans.fr\/index.php\/wp-json\/wp\/v2\/users\/31"}],"replies":[{"embeddable":true,"href":"https:\/\/fablab-montagny-pres-louhans.fr\/index.php\/wp-json\/wp\/v2\/comments?post=248713"}],"version-history":[{"count":3,"href":"https:\/\/fablab-montagny-pres-louhans.fr\/index.php\/wp-json\/wp\/v2\/posts\/248713\/revisions"}],"predecessor-version":[{"id":248717,"href":"https:\/\/fablab-montagny-pres-louhans.fr\/index.php\/wp-json\/wp\/v2\/posts\/248713\/revisions\/248717"}],"wp:featuredmedia":[{"embeddable":true,"href":"https:\/\/fablab-montagny-pres-louhans.fr\/index.php\/wp-json\/wp\/v2\/media\/248707"}],"wp:attachment":[{"href":"https:\/\/fablab-montagny-pres-louhans.fr\/index.php\/wp-json\/wp\/v2\/media?parent=248713"}],"wp:term":[{"taxonomy":"category","embeddable":true,"href":"https:\/\/fablab-montagny-pres-louhans.fr\/index.php\/wp-json\/wp\/v2\/categories?post=248713"},{"taxonomy":"post_tag","embeddable":true,"href":"https:\/\/fablab-montagny-pres-louhans.fr\/index.php\/wp-json\/wp\/v2\/tags?post=248713"}],"curies":[{"name":"wp","href":"https:\/\/api.w.org\/{rel}","templated":true}]}}