{"id":248683,"date":"2023-10-21T18:53:25","date_gmt":"2023-10-21T16:53:25","guid":{"rendered":"https:\/\/fablab-montagny-pres-louhans.fr\/?p=248683"},"modified":"2023-10-21T18:53:25","modified_gmt":"2023-10-21T16:53:25","slug":"camera-thermique","status":"publish","type":"post","link":"https:\/\/fablab-montagny-pres-louhans.fr\/index.php\/2023\/10\/21\/camera-thermique\/","title":{"rendered":"Cam\u00e9ra thermique"},"content":{"rendered":"<h1>Votre Fablab se dote d&rsquo;une cam\u00e9ra thermique.<\/h1>\n<p><strong>\u00ab\u00a0C&rsquo;est quoi ce truc ?\u00a0\u00bb<\/strong><\/p>\n<p><em>C&rsquo;est une cam\u00e9ra avec deux objectifs : <\/em><br \/>\n<em>&#8211; l&rsquo;un traditionnel prend une photo presque classique\u00a0 (les ar\u00eates des objets sont mises en avant.<\/em><br \/>\n<em>&#8211; l&rsquo;autre, thermique, associe une couleur \u00e0 la temp\u00e9rature.<\/em><\/p>\n<p><strong>\u00ab\u00a0Ok, c&rsquo;est joli comme gadget, mais a quoi \u00e7a peut servir ?\u00a0\u00bb<\/strong><\/p>\n<p><em>Ce n&rsquo;est pas un gadget, la cam\u00e9ra peut \u00eatre utilis\u00e9e pour diff\u00e9rentes missions :<\/em><br \/>\n<em>&#8211; Rep\u00e9rer une anomalie thermique sur un appareil : Mon appareil semble chaud. Quelle est sa temp\u00e9rature ? Est elle normale ?<\/em><br \/>\n<em>&#8211; Rep\u00e9rer un composant d\u00e9fectueux qui s&rsquo;\u00e9chauffe.<\/em><br \/>\n<em>&#8211; Rechercher une fuite d&rsquo;eau.<\/em><br \/>\n<em>&#8211; Rechercher les fuites thermiques d&rsquo;un b\u00e2timent.<\/em><\/p>\n<p><em>Nous vous proposerons prochainement une sortie d\u00e9couverte thermique de quelques b\u00e2timents. L&rsquo;id\u00e9e \u00e9tant de localiser les points faibles du b\u00e2timent afin d&rsquo;engager une r\u00e9flexion sur les priorit\u00e9s d&rsquo;isolation. Nous commencerons par les b\u00e2timents communaux proches du Fablab, mais nous pourrons ensuite envisager de travailler sur un m\u00eame secteur avec l&rsquo;accord des propri\u00e9taires respectifs.<\/em><\/p>\n<p>Si vous avez des besoins li\u00e9s au thermique (identification de canalisations, v\u00e9rification de radiateurs maison ou voiture, recherche de fuites) vous pouvez aussi nous contacter pour en \u00e9tudier la faisabilit\u00e9.<\/p>\n<p>La cam\u00e9ra :<\/p>\n<h2>FLIR ONE EDGE<\/h2>\n<p><img loading=\"lazy\" decoding=\"async\" class=\"alignnone size-medium wp-image-248686\" src=\"https:\/\/fablab-montagny-pres-louhans.fr\/wp-content\/uploads\/2023\/10\/Capture-decran-2023-10-19-a-11.52.09-300x285.png\" alt=\"\" width=\"300\" height=\"285\" \/><\/p>\n<p>Cette cam\u00e9ra sans fil, communique en wifi avec un smartphone ou une tablette sur laquelle est install\u00e9e l&rsquo;application FLIR. Elle peut se fixer sur la tablette ou \u00eatre manipul\u00e9e individuellement.<br \/>\nAvantage de la chose, beaucoup de smartphones IOS ou android sont compatibles.<\/p>\n<p>exemples :<\/p>\n<p><img loading=\"lazy\" decoding=\"async\" class=\"alignnone size-medium wp-image-248688\" src=\"https:\/\/fablab-montagny-pres-louhans.fr\/wp-content\/uploads\/2023\/10\/20231018T212435-225x300.jpg\" alt=\"Diffuseur de parfums \u00e9lectrique sur prise murale en action\" width=\"225\" height=\"300\" \/><br \/>\n<strong>Diffuseur de parfum<\/strong> sur prise \u00e9lectrique en infra rouge. \u00c7a chauffe bien plus que je ne l&rsquo;imaginais 99\u00b0C pour le point le plus chaud. \u00c9vitons donc de le recouvrir par un rideau ou autres mat\u00e9riaux inflammables.<\/p>\n<p>&nbsp;<\/p>\n<p><img loading=\"lazy\" decoding=\"async\" class=\"alignnone size-medium wp-image-248691\" src=\"https:\/\/fablab-montagny-pres-louhans.fr\/wp-content\/uploads\/2023\/10\/20231018T212037-2-225x300.png\" alt=\"\" width=\"225\" height=\"300\" srcset=\"https:\/\/fablab-montagny-pres-louhans.fr\/wp-content\/uploads\/2023\/10\/20231018T212037-2-225x300.png 225w, https:\/\/fablab-montagny-pres-louhans.fr\/wp-content\/uploads\/2023\/10\/20231018T212037-2.png 480w\" sizes=\"(max-width: 225px) 100vw, 225px\" \/><br \/>\n<strong>Fen\u00eatre<\/strong> avec isolation partielle. Le double vitrage (Sp1) affiche une temp\u00e9rature de 22,7\u00b0C.<br \/>\nLe mur isol\u00e9 (Sp3) affiche une temp\u00e9rature de 23.2\u00b0C. Le mur ext\u00e9rieur (Sp2) affiche une temp\u00e9rature de 21.3\u00b0C.<br \/>\nNous. ne sommes pas encore en plein hiver, mais on entrevoit d\u00e9j\u00e0 l&rsquo;utilit\u00e9 des isolants.<br \/>\nLes valeurs serons plus prononc\u00e9es quand les temp\u00e9ratures seront plus extr\u00eames.<\/p>\n<p><img loading=\"lazy\" decoding=\"async\" class=\"alignnone size-medium wp-image-248693\" src=\"https:\/\/fablab-montagny-pres-louhans.fr\/wp-content\/uploads\/2023\/10\/20231018T212709-2-225x300.png\" alt=\"\" width=\"225\" height=\"300\" srcset=\"https:\/\/fablab-montagny-pres-louhans.fr\/wp-content\/uploads\/2023\/10\/20231018T212709-2-225x300.png 225w, https:\/\/fablab-montagny-pres-louhans.fr\/wp-content\/uploads\/2023\/10\/20231018T212709-2.png 480w\" sizes=\"(max-width: 225px) 100vw, 225px\" \/><br \/>\n<strong>r\u00e9frig\u00e9rateur\/cong\u00e9lateur am\u00e9ricain.<\/strong><br \/>\nEffectivement il chauffe&#8230; En bas nous avons l&rsquo;\u00e9vacuation de la chaleur pour le refroidissement du compresseur.<br \/>\nPlus curieux, cette bande verticale qui correspond au chauffage du joint de porte pour \u00e9viter qu&rsquo;il ne colle. Le distributeur de gla\u00e7ons est lui aussi chauff\u00e9, je le d\u00e9couvre sans l&rsquo;expliquer.<\/p>\n","protected":false},"excerpt":{"rendered":"<p>Votre Fablab se dote d&rsquo;une cam\u00e9ra thermique. \u00ab\u00a0C&rsquo;est quoi ce truc ?\u00a0\u00bb C&rsquo;est une cam\u00e9ra avec deux objectifs : &#8211; l&rsquo;un traditionnel prend une photo presque classique\u00a0 (les ar\u00eates des objets sont mises en avant. &#8211; l&rsquo;autre, thermique, associe une couleur \u00e0 la temp\u00e9rature. \u00ab\u00a0Ok, c&rsquo;est joli comme gadget, mais a quoi \u00e7a peut servir [&hellip;]<\/p>\n","protected":false},"author":37,"featured_media":0,"comment_status":"closed","ping_status":"open","sticky":false,"template":"","format":"standard","meta":{"_et_pb_use_builder":"off","_et_pb_old_content":"","_et_gb_content_width":"","rop_custom_images_group":[],"rop_custom_messages_group":[],"rop_publish_now":"initial","rop_publish_now_accounts":{"facebook_1992431424458146_173380702515979":""},"rop_publish_now_history":[],"rop_publish_now_status":"pending","footnotes":""},"categories":[2],"tags":[],"class_list":["post-248683","post","type-post","status-publish","format-standard","hentry","category-news"],"yoast_head":"<!-- This site is optimized with the Yoast SEO plugin v27.3 - https:\/\/yoast.com\/product\/yoast-seo-wordpress\/ -->\n<title>Cam\u00e9ra thermique - Le FabLab<\/title>\n<meta name=\"robots\" content=\"noindex, follow, max-snippet:-1, max-image-preview:large, max-video-preview:-1\" \/>\n<meta property=\"og:locale\" content=\"fr_FR\" \/>\n<meta property=\"og:type\" content=\"article\" \/>\n<meta property=\"og:title\" content=\"Cam\u00e9ra thermique - Le FabLab\" \/>\n<meta property=\"og:description\" content=\"Votre Fablab se dote d&rsquo;une cam\u00e9ra thermique. \u00ab\u00a0C&rsquo;est quoi ce truc ?\u00a0\u00bb C&rsquo;est une cam\u00e9ra avec deux objectifs : &#8211; l&rsquo;un traditionnel prend une photo presque classique\u00a0 (les ar\u00eates des objets sont mises en avant. &#8211; l&rsquo;autre, thermique, associe une couleur \u00e0 la temp\u00e9rature. \u00ab\u00a0Ok, c&rsquo;est joli comme gadget, mais a quoi \u00e7a peut servir [&hellip;]\" \/>\n<meta property=\"og:url\" content=\"https:\/\/fablab-montagny-pres-louhans.fr\/index.php\/2023\/10\/21\/camera-thermique\/\" \/>\n<meta property=\"og:site_name\" content=\"Le FabLab\" \/>\n<meta property=\"article:publisher\" content=\"https:\/\/www.facebook.com\/fablab.labom\/\" \/>\n<meta property=\"article:published_time\" content=\"2023-10-21T16:53:25+00:00\" \/>\n<meta property=\"og:image\" content=\"https:\/\/fablab-montagny-pres-louhans.fr\/wp-content\/uploads\/2023\/10\/Capture-decran-2023-10-19-a-11.52.09-300x285.png\" \/>\n<meta name=\"author\" content=\"technicien Fablab\" \/>\n<meta name=\"twitter:card\" content=\"summary_large_image\" \/>\n<meta name=\"twitter:label1\" content=\"\u00c9crit par\" \/>\n\t<meta name=\"twitter:data1\" content=\"technicien Fablab\" \/>\n\t<meta name=\"twitter:label2\" content=\"Dur\u00e9e de lecture estim\u00e9e\" \/>\n\t<meta name=\"twitter:data2\" content=\"2 minutes\" \/>\n<script type=\"application\/ld+json\" class=\"yoast-schema-graph\">{\"@context\":\"https:\\\/\\\/schema.org\",\"@graph\":[{\"@type\":\"Article\",\"@id\":\"https:\\\/\\\/fablab-montagny-pres-louhans.fr\\\/index.php\\\/2023\\\/10\\\/21\\\/camera-thermique\\\/#article\",\"isPartOf\":{\"@id\":\"https:\\\/\\\/fablab-montagny-pres-louhans.fr\\\/index.php\\\/2023\\\/10\\\/21\\\/camera-thermique\\\/\"},\"author\":{\"name\":\"technicien Fablab\",\"@id\":\"https:\\\/\\\/fablab-montagny-pres-louhans.fr\\\/#\\\/schema\\\/person\\\/75d602cc34dea1dfc39a3f844153ea8e\"},\"headline\":\"Cam\u00e9ra thermique\",\"datePublished\":\"2023-10-21T16:53:25+00:00\",\"mainEntityOfPage\":{\"@id\":\"https:\\\/\\\/fablab-montagny-pres-louhans.fr\\\/index.php\\\/2023\\\/10\\\/21\\\/camera-thermique\\\/\"},\"wordCount\":426,\"publisher\":{\"@id\":\"https:\\\/\\\/fablab-montagny-pres-louhans.fr\\\/#organization\"},\"image\":{\"@id\":\"https:\\\/\\\/fablab-montagny-pres-louhans.fr\\\/index.php\\\/2023\\\/10\\\/21\\\/camera-thermique\\\/#primaryimage\"},\"thumbnailUrl\":\"https:\\\/\\\/fablab-montagny-pres-louhans.fr\\\/wp-content\\\/uploads\\\/2023\\\/10\\\/Capture-decran-2023-10-19-a-11.52.09-300x285.png\",\"articleSection\":[\"News\"],\"inLanguage\":\"fr-FR\"},{\"@type\":\"WebPage\",\"@id\":\"https:\\\/\\\/fablab-montagny-pres-louhans.fr\\\/index.php\\\/2023\\\/10\\\/21\\\/camera-thermique\\\/\",\"url\":\"https:\\\/\\\/fablab-montagny-pres-louhans.fr\\\/index.php\\\/2023\\\/10\\\/21\\\/camera-thermique\\\/\",\"name\":\"Cam\u00e9ra thermique - Le FabLab\",\"isPartOf\":{\"@id\":\"https:\\\/\\\/fablab-montagny-pres-louhans.fr\\\/#website\"},\"primaryImageOfPage\":{\"@id\":\"https:\\\/\\\/fablab-montagny-pres-louhans.fr\\\/index.php\\\/2023\\\/10\\\/21\\\/camera-thermique\\\/#primaryimage\"},\"image\":{\"@id\":\"https:\\\/\\\/fablab-montagny-pres-louhans.fr\\\/index.php\\\/2023\\\/10\\\/21\\\/camera-thermique\\\/#primaryimage\"},\"thumbnailUrl\":\"https:\\\/\\\/fablab-montagny-pres-louhans.fr\\\/wp-content\\\/uploads\\\/2023\\\/10\\\/Capture-decran-2023-10-19-a-11.52.09-300x285.png\",\"datePublished\":\"2023-10-21T16:53:25+00:00\",\"breadcrumb\":{\"@id\":\"https:\\\/\\\/fablab-montagny-pres-louhans.fr\\\/index.php\\\/2023\\\/10\\\/21\\\/camera-thermique\\\/#breadcrumb\"},\"inLanguage\":\"fr-FR\",\"potentialAction\":[{\"@type\":\"ReadAction\",\"target\":[\"https:\\\/\\\/fablab-montagny-pres-louhans.fr\\\/index.php\\\/2023\\\/10\\\/21\\\/camera-thermique\\\/\"]}]},{\"@type\":\"ImageObject\",\"inLanguage\":\"fr-FR\",\"@id\":\"https:\\\/\\\/fablab-montagny-pres-louhans.fr\\\/index.php\\\/2023\\\/10\\\/21\\\/camera-thermique\\\/#primaryimage\",\"url\":\"https:\\\/\\\/fablab-montagny-pres-louhans.fr\\\/wp-content\\\/uploads\\\/2023\\\/10\\\/Capture-decran-2023-10-19-a-11.52.09.png\",\"contentUrl\":\"https:\\\/\\\/fablab-montagny-pres-louhans.fr\\\/wp-content\\\/uploads\\\/2023\\\/10\\\/Capture-decran-2023-10-19-a-11.52.09.png\",\"width\":1000,\"height\":950},{\"@type\":\"BreadcrumbList\",\"@id\":\"https:\\\/\\\/fablab-montagny-pres-louhans.fr\\\/index.php\\\/2023\\\/10\\\/21\\\/camera-thermique\\\/#breadcrumb\",\"itemListElement\":[{\"@type\":\"ListItem\",\"position\":1,\"name\":\"Accueil\",\"item\":\"https:\\\/\\\/fablab-montagny-pres-louhans.fr\\\/\"},{\"@type\":\"ListItem\",\"position\":2,\"name\":\"Cam\u00e9ra thermique\"}]},{\"@type\":\"WebSite\",\"@id\":\"https:\\\/\\\/fablab-montagny-pres-louhans.fr\\\/#website\",\"url\":\"https:\\\/\\\/fablab-montagny-pres-louhans.fr\\\/\",\"name\":\"Le FabLab\",\"description\":\"Le premier de Bresse\",\"publisher\":{\"@id\":\"https:\\\/\\\/fablab-montagny-pres-louhans.fr\\\/#organization\"},\"potentialAction\":[{\"@type\":\"SearchAction\",\"target\":{\"@type\":\"EntryPoint\",\"urlTemplate\":\"https:\\\/\\\/fablab-montagny-pres-louhans.fr\\\/?s={search_term_string}\"},\"query-input\":{\"@type\":\"PropertyValueSpecification\",\"valueRequired\":true,\"valueName\":\"search_term_string\"}}],\"inLanguage\":\"fr-FR\"},{\"@type\":\"Organization\",\"@id\":\"https:\\\/\\\/fablab-montagny-pres-louhans.fr\\\/#organization\",\"name\":\"Le FabLab\",\"url\":\"https:\\\/\\\/fablab-montagny-pres-louhans.fr\\\/\",\"logo\":{\"@type\":\"ImageObject\",\"inLanguage\":\"fr-FR\",\"@id\":\"https:\\\/\\\/fablab-montagny-pres-louhans.fr\\\/#\\\/schema\\\/logo\\\/image\\\/\",\"url\":\"https:\\\/\\\/fablab-montagny-pres-louhans.fr\\\/wp-content\\\/uploads\\\/2023\\\/02\\\/FABALB-logo.png\",\"contentUrl\":\"https:\\\/\\\/fablab-montagny-pres-louhans.fr\\\/wp-content\\\/uploads\\\/2023\\\/02\\\/FABALB-logo.png\",\"width\":250,\"height\":260,\"caption\":\"Le FabLab\"},\"image\":{\"@id\":\"https:\\\/\\\/fablab-montagny-pres-louhans.fr\\\/#\\\/schema\\\/logo\\\/image\\\/\"},\"sameAs\":[\"https:\\\/\\\/www.facebook.com\\\/fablab.labom\\\/\"]},{\"@type\":\"Person\",\"@id\":\"https:\\\/\\\/fablab-montagny-pres-louhans.fr\\\/#\\\/schema\\\/person\\\/75d602cc34dea1dfc39a3f844153ea8e\",\"name\":\"technicien Fablab\",\"image\":{\"@type\":\"ImageObject\",\"inLanguage\":\"fr-FR\",\"@id\":\"https:\\\/\\\/fablab-montagny-pres-louhans.fr\\\/wp-content\\\/litespeed\\\/avatar\\\/6aff79533332f48c86c9145d826a3180.jpg?ver=1777287564\",\"url\":\"https:\\\/\\\/fablab-montagny-pres-louhans.fr\\\/wp-content\\\/litespeed\\\/avatar\\\/6aff79533332f48c86c9145d826a3180.jpg?ver=1777287564\",\"contentUrl\":\"https:\\\/\\\/fablab-montagny-pres-louhans.fr\\\/wp-content\\\/litespeed\\\/avatar\\\/6aff79533332f48c86c9145d826a3180.jpg?ver=1777287564\",\"caption\":\"technicien Fablab\"},\"url\":\"https:\\\/\\\/fablab-montagny-pres-louhans.fr\\\/index.php\\\/author\\\/tecnicien\\\/\"}]}<\/script>\n<!-- \/ Yoast SEO plugin. -->","yoast_head_json":{"title":"Cam\u00e9ra thermique - Le FabLab","robots":{"index":"noindex","follow":"follow","max-snippet":"max-snippet:-1","max-image-preview":"max-image-preview:large","max-video-preview":"max-video-preview:-1"},"og_locale":"fr_FR","og_type":"article","og_title":"Cam\u00e9ra thermique - Le FabLab","og_description":"Votre Fablab se dote d&rsquo;une cam\u00e9ra thermique. \u00ab\u00a0C&rsquo;est quoi ce truc ?\u00a0\u00bb C&rsquo;est une cam\u00e9ra avec deux objectifs : &#8211; l&rsquo;un traditionnel prend une photo presque classique\u00a0 (les ar\u00eates des objets sont mises en avant. &#8211; l&rsquo;autre, thermique, associe une couleur \u00e0 la temp\u00e9rature. \u00ab\u00a0Ok, c&rsquo;est joli comme gadget, mais a quoi \u00e7a peut servir [&hellip;]","og_url":"https:\/\/fablab-montagny-pres-louhans.fr\/index.php\/2023\/10\/21\/camera-thermique\/","og_site_name":"Le FabLab","article_publisher":"https:\/\/www.facebook.com\/fablab.labom\/","article_published_time":"2023-10-21T16:53:25+00:00","og_image":[{"url":"https:\/\/fablab-montagny-pres-louhans.fr\/wp-content\/uploads\/2023\/10\/Capture-decran-2023-10-19-a-11.52.09-300x285.png","type":"","width":"","height":""}],"author":"technicien Fablab","twitter_card":"summary_large_image","twitter_misc":{"\u00c9crit par":"technicien Fablab","Dur\u00e9e de lecture estim\u00e9e":"2 minutes"},"schema":{"@context":"https:\/\/schema.org","@graph":[{"@type":"Article","@id":"https:\/\/fablab-montagny-pres-louhans.fr\/index.php\/2023\/10\/21\/camera-thermique\/#article","isPartOf":{"@id":"https:\/\/fablab-montagny-pres-louhans.fr\/index.php\/2023\/10\/21\/camera-thermique\/"},"author":{"name":"technicien Fablab","@id":"https:\/\/fablab-montagny-pres-louhans.fr\/#\/schema\/person\/75d602cc34dea1dfc39a3f844153ea8e"},"headline":"Cam\u00e9ra thermique","datePublished":"2023-10-21T16:53:25+00:00","mainEntityOfPage":{"@id":"https:\/\/fablab-montagny-pres-louhans.fr\/index.php\/2023\/10\/21\/camera-thermique\/"},"wordCount":426,"publisher":{"@id":"https:\/\/fablab-montagny-pres-louhans.fr\/#organization"},"image":{"@id":"https:\/\/fablab-montagny-pres-louhans.fr\/index.php\/2023\/10\/21\/camera-thermique\/#primaryimage"},"thumbnailUrl":"https:\/\/fablab-montagny-pres-louhans.fr\/wp-content\/uploads\/2023\/10\/Capture-decran-2023-10-19-a-11.52.09-300x285.png","articleSection":["News"],"inLanguage":"fr-FR"},{"@type":"WebPage","@id":"https:\/\/fablab-montagny-pres-louhans.fr\/index.php\/2023\/10\/21\/camera-thermique\/","url":"https:\/\/fablab-montagny-pres-louhans.fr\/index.php\/2023\/10\/21\/camera-thermique\/","name":"Cam\u00e9ra thermique - Le FabLab","isPartOf":{"@id":"https:\/\/fablab-montagny-pres-louhans.fr\/#website"},"primaryImageOfPage":{"@id":"https:\/\/fablab-montagny-pres-louhans.fr\/index.php\/2023\/10\/21\/camera-thermique\/#primaryimage"},"image":{"@id":"https:\/\/fablab-montagny-pres-louhans.fr\/index.php\/2023\/10\/21\/camera-thermique\/#primaryimage"},"thumbnailUrl":"https:\/\/fablab-montagny-pres-louhans.fr\/wp-content\/uploads\/2023\/10\/Capture-decran-2023-10-19-a-11.52.09-300x285.png","datePublished":"2023-10-21T16:53:25+00:00","breadcrumb":{"@id":"https:\/\/fablab-montagny-pres-louhans.fr\/index.php\/2023\/10\/21\/camera-thermique\/#breadcrumb"},"inLanguage":"fr-FR","potentialAction":[{"@type":"ReadAction","target":["https:\/\/fablab-montagny-pres-louhans.fr\/index.php\/2023\/10\/21\/camera-thermique\/"]}]},{"@type":"ImageObject","inLanguage":"fr-FR","@id":"https:\/\/fablab-montagny-pres-louhans.fr\/index.php\/2023\/10\/21\/camera-thermique\/#primaryimage","url":"https:\/\/fablab-montagny-pres-louhans.fr\/wp-content\/uploads\/2023\/10\/Capture-decran-2023-10-19-a-11.52.09.png","contentUrl":"https:\/\/fablab-montagny-pres-louhans.fr\/wp-content\/uploads\/2023\/10\/Capture-decran-2023-10-19-a-11.52.09.png","width":1000,"height":950},{"@type":"BreadcrumbList","@id":"https:\/\/fablab-montagny-pres-louhans.fr\/index.php\/2023\/10\/21\/camera-thermique\/#breadcrumb","itemListElement":[{"@type":"ListItem","position":1,"name":"Accueil","item":"https:\/\/fablab-montagny-pres-louhans.fr\/"},{"@type":"ListItem","position":2,"name":"Cam\u00e9ra thermique"}]},{"@type":"WebSite","@id":"https:\/\/fablab-montagny-pres-louhans.fr\/#website","url":"https:\/\/fablab-montagny-pres-louhans.fr\/","name":"Le FabLab","description":"Le premier de Bresse","publisher":{"@id":"https:\/\/fablab-montagny-pres-louhans.fr\/#organization"},"potentialAction":[{"@type":"SearchAction","target":{"@type":"EntryPoint","urlTemplate":"https:\/\/fablab-montagny-pres-louhans.fr\/?s={search_term_string}"},"query-input":{"@type":"PropertyValueSpecification","valueRequired":true,"valueName":"search_term_string"}}],"inLanguage":"fr-FR"},{"@type":"Organization","@id":"https:\/\/fablab-montagny-pres-louhans.fr\/#organization","name":"Le FabLab","url":"https:\/\/fablab-montagny-pres-louhans.fr\/","logo":{"@type":"ImageObject","inLanguage":"fr-FR","@id":"https:\/\/fablab-montagny-pres-louhans.fr\/#\/schema\/logo\/image\/","url":"https:\/\/fablab-montagny-pres-louhans.fr\/wp-content\/uploads\/2023\/02\/FABALB-logo.png","contentUrl":"https:\/\/fablab-montagny-pres-louhans.fr\/wp-content\/uploads\/2023\/02\/FABALB-logo.png","width":250,"height":260,"caption":"Le FabLab"},"image":{"@id":"https:\/\/fablab-montagny-pres-louhans.fr\/#\/schema\/logo\/image\/"},"sameAs":["https:\/\/www.facebook.com\/fablab.labom\/"]},{"@type":"Person","@id":"https:\/\/fablab-montagny-pres-louhans.fr\/#\/schema\/person\/75d602cc34dea1dfc39a3f844153ea8e","name":"technicien Fablab","image":{"@type":"ImageObject","inLanguage":"fr-FR","@id":"https:\/\/fablab-montagny-pres-louhans.fr\/wp-content\/litespeed\/avatar\/6aff79533332f48c86c9145d826a3180.jpg?ver=1777287564","url":"https:\/\/fablab-montagny-pres-louhans.fr\/wp-content\/litespeed\/avatar\/6aff79533332f48c86c9145d826a3180.jpg?ver=1777287564","contentUrl":"https:\/\/fablab-montagny-pres-louhans.fr\/wp-content\/litespeed\/avatar\/6aff79533332f48c86c9145d826a3180.jpg?ver=1777287564","caption":"technicien Fablab"},"url":"https:\/\/fablab-montagny-pres-louhans.fr\/index.php\/author\/tecnicien\/"}]}},"_links":{"self":[{"href":"https:\/\/fablab-montagny-pres-louhans.fr\/index.php\/wp-json\/wp\/v2\/posts\/248683","targetHints":{"allow":["GET"]}}],"collection":[{"href":"https:\/\/fablab-montagny-pres-louhans.fr\/index.php\/wp-json\/wp\/v2\/posts"}],"about":[{"href":"https:\/\/fablab-montagny-pres-louhans.fr\/index.php\/wp-json\/wp\/v2\/types\/post"}],"author":[{"embeddable":true,"href":"https:\/\/fablab-montagny-pres-louhans.fr\/index.php\/wp-json\/wp\/v2\/users\/37"}],"replies":[{"embeddable":true,"href":"https:\/\/fablab-montagny-pres-louhans.fr\/index.php\/wp-json\/wp\/v2\/comments?post=248683"}],"version-history":[{"count":4,"href":"https:\/\/fablab-montagny-pres-louhans.fr\/index.php\/wp-json\/wp\/v2\/posts\/248683\/revisions"}],"predecessor-version":[{"id":248696,"href":"https:\/\/fablab-montagny-pres-louhans.fr\/index.php\/wp-json\/wp\/v2\/posts\/248683\/revisions\/248696"}],"wp:attachment":[{"href":"https:\/\/fablab-montagny-pres-louhans.fr\/index.php\/wp-json\/wp\/v2\/media?parent=248683"}],"wp:term":[{"taxonomy":"category","embeddable":true,"href":"https:\/\/fablab-montagny-pres-louhans.fr\/index.php\/wp-json\/wp\/v2\/categories?post=248683"},{"taxonomy":"post_tag","embeddable":true,"href":"https:\/\/fablab-montagny-pres-louhans.fr\/index.php\/wp-json\/wp\/v2\/tags?post=248683"}],"curies":[{"name":"wp","href":"https:\/\/api.w.org\/{rel}","templated":true}]}}