{"id":2382,"date":"2019-06-26T21:43:29","date_gmt":"2019-06-26T19:43:29","guid":{"rendered":"https:\/\/fablab-montagny-pres-louhans.fr\/?p=2382"},"modified":"2020-09-27T13:47:21","modified_gmt":"2020-09-27T11:47:21","slug":"faire-danser-les-licornes-etape-4","status":"publish","type":"post","link":"https:\/\/fablab-montagny-pres-louhans.fr\/index.php\/2019\/06\/26\/faire-danser-les-licornes-etape-4\/","title":{"rendered":"Faire danser les licornes : \u00c9tape 4"},"content":{"rendered":"\n<h2 class=\"wp-block-heading\">Construis ton arc-en-ciel<\/h2>\n\n\n\n<p><strong>Dans cette \u00e9tape, tu vas assembler toutes les couleurs de l&rsquo; arc-en-ciel.<\/strong><\/p>\n\n\n\n<ul class=\"wp-block-list\"><li>Recherche toutes les DEL que tu vas utiliser et assure-toi de disposer du nombre correct de fils de liaison et de r\u00e9sistances (une par DEL).<\/li><li>R\u00e9organise le circuit afin de faire de la place pour les autres couleurs de ton arc-en-ciel.<\/li><\/ul>\n\n\n\n<figure class=\"wp-block-image\"><img loading=\"lazy\" decoding=\"async\" width=\"600\" height=\"707\" src=\"https:\/\/fablab-montagny-pres-louhans.fr\/wp-content\/uploads\/2019\/06\/oneled.png\" alt=\"\" class=\"wp-image-2384\" srcset=\"https:\/\/fablab-montagny-pres-louhans.fr\/wp-content\/uploads\/2019\/06\/oneled.png 600w, https:\/\/fablab-montagny-pres-louhans.fr\/wp-content\/uploads\/2019\/06\/oneled-255x300.png 255w\" sizes=\"(max-width: 600px) 100vw, 600px\" \/><\/figure>\n\n\n\n<h3 class=\"wp-block-heading\">La mise \u00e0 la terre de l&rsquo;arc-en-ciel<\/h3>\n\n\n\n<p>Pour que ton arc-en-ciel brille de mille feux et ne soit pas recouvert par trop de fils de liaison, toutes les LED doivent partager une broche  <strong>Terre (GND).<\/strong> Pour cela, tu peux r\u00e9arranger un peu tes composants sur la platine d&rsquo;exp\u00e9rimentation.<\/p>\n\n\n\n<p><strong>L&rsquo;int\u00e9rieur de la platine ressemble \u00e0 ceci :<\/strong><\/p>\n\n\n\n<figure class=\"wp-block-image\"><img loading=\"lazy\" decoding=\"async\" width=\"618\" height=\"439\" src=\"https:\/\/fablab-montagny-pres-louhans.fr\/wp-content\/uploads\/2019\/06\/breadboardxsection.png\" alt=\"\" class=\"wp-image-2387\" srcset=\"https:\/\/fablab-montagny-pres-louhans.fr\/wp-content\/uploads\/2019\/06\/breadboardxsection.png 618w, https:\/\/fablab-montagny-pres-louhans.fr\/wp-content\/uploads\/2019\/06\/breadboardxsection-300x213.png 300w\" sizes=\"(max-width: 618px) 100vw, 618px\" \/><figcaption>Les colonnes (bars) sont en bleu et les lignes (rails) en rouge<\/figcaption><\/figure>\n\n\n\n<ul class=\"wp-block-list\"><li>Pour comprendre mieux le <a rel=\"noreferrer noopener\" aria-label=\"fonctionnement et l'utilisation de la plaque d'exp\u00e9rimentation, clique ici (ouverture dans un nouvel onglet)\" href=\"https:\/\/fablab-montagny-pres-louhans.fr\/wp-content\/uploads\/2019\/07\/utiliser-breadbord.pdf\" target=\"_blank\">fonctionnement et l&rsquo;utilisation de la plaque d&rsquo;exp\u00e9rimentation, clique ici<\/a>.<\/li><\/ul>\n\n\n\n<p>Pour relier l\u2019arc-en-ciel entier avec un fil de liaison \u00e0 la terre :<\/p>\n\n\n\n<ul class=\"wp-block-list\"><li>Connecte le fil de liaison attach\u00e9 \u00e0  <strong>GND<\/strong>  \u00e0 la ligne bleue de la platine (elle est rep\u00e9r\u00e9e par un -)<\/li><li>Assure-toi que chaque r\u00e9sistance sont connect\u00e9e d&rsquo;un cot\u00e9 sur ce m\u00eame rail, et de l&rsquo;autre c\u00f4t\u00e9 \u00e0 la m\u00eame <strong>colonne<\/strong> que la LED qu&rsquo;elle prot\u00e8ge :<\/li><\/ul>\n\n\n\n<div class=\"wp-block-image\"><figure class=\"aligncenter\"><img loading=\"lazy\" decoding=\"async\" width=\"600\" height=\"707\" src=\"https:\/\/fablab-montagny-pres-louhans.fr\/wp-content\/uploads\/2019\/06\/twoleds-1.png\" alt=\"\" class=\"wp-image-2385\" srcset=\"https:\/\/fablab-montagny-pres-louhans.fr\/wp-content\/uploads\/2019\/06\/twoleds-1.png 600w, https:\/\/fablab-montagny-pres-louhans.fr\/wp-content\/uploads\/2019\/06\/twoleds-1-255x300.png 255w\" sizes=\"(max-width: 600px) 100vw, 600px\" \/><\/figure><\/div>\n\n\n\n<h3 class=\"wp-block-heading\">Compl\u00e8te l&rsquo;arc-en-ciel<\/h3>\n\n\n\n<ul class=\"wp-block-list\"><li>Ajoute le reste de tes voyants, fils de liaison et r\u00e9sistances \u00e0 la platine d&rsquo;exp\u00e9rimentation dans l&rsquo;ordre de couleurs de ton choix.<\/li><li>Assure-toi de laisser de la place pour un bouton \u00e0 la fin.<\/li><\/ul>\n\n\n\n<p><em><strong>Astuce : <\/strong>il peut \u00eatre judicieux d\u2019adapter la couleur des c\u00e2bles de connexion \u00e0 celle de tes voyants.<\/em><\/p>\n\n\n\n<p>Ton arc-en-ciel devrait ressembler \u00e0 celui-ci:<\/p>\n\n\n\n<figure class=\"wp-block-image\"><img loading=\"lazy\" decoding=\"async\" width=\"600\" height=\"707\" src=\"https:\/\/fablab-montagny-pres-louhans.fr\/wp-content\/uploads\/2019\/06\/rainbowleds.png\" alt=\"\" class=\"wp-image-2386\" srcset=\"https:\/\/fablab-montagny-pres-louhans.fr\/wp-content\/uploads\/2019\/06\/rainbowleds.png 600w, https:\/\/fablab-montagny-pres-louhans.fr\/wp-content\/uploads\/2019\/06\/rainbowleds-255x300.png 255w\" sizes=\"(max-width: 600px) 100vw, 600px\" \/><\/figure>\n\n\n\n<hr class=\"wp-block-separator\" \/>\n\n\n\n<p style=\"text-align:right\"><strong><a href=\"https:\/\/fablab-montagny-pres-louhans.fr\/index.php\/2019\/07\/21\/faire-danser-les-licornes-etape-5\/\">Passer \u00e0 l&rsquo;\u00e9tape 5 : Illumine ton arc-en-ciel<\/a><\/strong><\/p>\n\n\n\n<p><a href=\"https:\/\/fablab-montagny-pres-louhans.fr\/index.php\/2019\/07\/07\/faire-danser-les-licornes-etape-3-2\/\">Revenir \u00e0 l&rsquo;\u00e9tape 3<\/a><\/p>\n","protected":false},"excerpt":{"rendered":"<p>Construis ton arc-en-ciel Dans cette \u00e9tape, tu vas assembler toutes les couleurs de l&rsquo; arc-en-ciel. Recherche toutes les DEL que tu vas utiliser et assure-toi de disposer du nombre correct de fils de liaison et de r\u00e9sistances (une par DEL). R\u00e9organise le circuit afin de faire de la place pour les autres couleurs de ton [&hellip;]<\/p>\n","protected":false},"author":29,"featured_media":0,"comment_status":"closed","ping_status":"open","sticky":false,"template":"","format":"standard","meta":{"_et_pb_use_builder":"","_et_pb_old_content":"","_et_gb_content_width":"","rop_custom_images_group":[],"rop_custom_messages_group":[],"rop_publish_now":"initial","rop_publish_now_accounts":{"facebook_1992431424458146_173380702515979":""},"rop_publish_now_history":[],"rop_publish_now_status":"pending","footnotes":""},"categories":[4],"tags":[],"class_list":["post-2382","post","type-post","status-publish","format-standard","hentry","category-electronique"],"yoast_head":"<!-- This site is optimized with the Yoast SEO plugin v27.3 - https:\/\/yoast.com\/product\/yoast-seo-wordpress\/ -->\n<title>Faire danser les licornes : \u00c9tape 4 - Le FabLab<\/title>\n<meta name=\"robots\" content=\"noindex, follow, max-snippet:-1, max-image-preview:large, max-video-preview:-1\" \/>\n<meta property=\"og:locale\" content=\"fr_FR\" \/>\n<meta property=\"og:type\" content=\"article\" \/>\n<meta property=\"og:title\" content=\"Faire danser les licornes : \u00c9tape 4 - Le FabLab\" \/>\n<meta property=\"og:description\" content=\"Construis ton arc-en-ciel Dans cette \u00e9tape, tu vas assembler toutes les couleurs de l&rsquo; arc-en-ciel. Recherche toutes les DEL que tu vas utiliser et assure-toi de disposer du nombre correct de fils de liaison et de r\u00e9sistances (une par DEL). R\u00e9organise le circuit afin de faire de la place pour les autres couleurs de ton [&hellip;]\" \/>\n<meta property=\"og:url\" content=\"https:\/\/fablab-montagny-pres-louhans.fr\/index.php\/2019\/06\/26\/faire-danser-les-licornes-etape-4\/\" \/>\n<meta property=\"og:site_name\" content=\"Le FabLab\" \/>\n<meta property=\"article:publisher\" content=\"https:\/\/www.facebook.com\/fablab.labom\/\" \/>\n<meta property=\"article:published_time\" content=\"2019-06-26T19:43:29+00:00\" \/>\n<meta property=\"article:modified_time\" content=\"2020-09-27T11:47:21+00:00\" \/>\n<meta property=\"og:image\" content=\"https:\/\/fablab-montagny-pres-louhans.fr\/wp-content\/uploads\/2019\/06\/oneled.png\" \/>\n<meta name=\"author\" content=\"Roger Remondy\" \/>\n<meta name=\"twitter:card\" content=\"summary_large_image\" \/>\n<meta name=\"twitter:label1\" content=\"\u00c9crit par\" \/>\n\t<meta name=\"twitter:data1\" content=\"Roger Remondy\" \/>\n\t<meta name=\"twitter:label2\" content=\"Dur\u00e9e de lecture estim\u00e9e\" \/>\n\t<meta name=\"twitter:data2\" content=\"1 minute\" \/>\n<script type=\"application\/ld+json\" class=\"yoast-schema-graph\">{\"@context\":\"https:\\\/\\\/schema.org\",\"@graph\":[{\"@type\":\"Article\",\"@id\":\"https:\\\/\\\/fablab-montagny-pres-louhans.fr\\\/index.php\\\/2019\\\/06\\\/26\\\/faire-danser-les-licornes-etape-4\\\/#article\",\"isPartOf\":{\"@id\":\"https:\\\/\\\/fablab-montagny-pres-louhans.fr\\\/index.php\\\/2019\\\/06\\\/26\\\/faire-danser-les-licornes-etape-4\\\/\"},\"author\":{\"name\":\"Roger Remondy\",\"@id\":\"https:\\\/\\\/fablab-montagny-pres-louhans.fr\\\/#\\\/schema\\\/person\\\/b4b47741bdde563325530989455fe7de\"},\"headline\":\"Faire danser les licornes : \u00c9tape 4\",\"datePublished\":\"2019-06-26T19:43:29+00:00\",\"dateModified\":\"2020-09-27T11:47:21+00:00\",\"mainEntityOfPage\":{\"@id\":\"https:\\\/\\\/fablab-montagny-pres-louhans.fr\\\/index.php\\\/2019\\\/06\\\/26\\\/faire-danser-les-licornes-etape-4\\\/\"},\"wordCount\":277,\"publisher\":{\"@id\":\"https:\\\/\\\/fablab-montagny-pres-louhans.fr\\\/#organization\"},\"image\":{\"@id\":\"https:\\\/\\\/fablab-montagny-pres-louhans.fr\\\/index.php\\\/2019\\\/06\\\/26\\\/faire-danser-les-licornes-etape-4\\\/#primaryimage\"},\"thumbnailUrl\":\"https:\\\/\\\/fablab-montagny-pres-louhans.fr\\\/wp-content\\\/uploads\\\/2019\\\/06\\\/oneled.png\",\"articleSection\":[\"Electronique\"],\"inLanguage\":\"fr-FR\"},{\"@type\":\"WebPage\",\"@id\":\"https:\\\/\\\/fablab-montagny-pres-louhans.fr\\\/index.php\\\/2019\\\/06\\\/26\\\/faire-danser-les-licornes-etape-4\\\/\",\"url\":\"https:\\\/\\\/fablab-montagny-pres-louhans.fr\\\/index.php\\\/2019\\\/06\\\/26\\\/faire-danser-les-licornes-etape-4\\\/\",\"name\":\"Faire danser les licornes : \u00c9tape 4 - Le FabLab\",\"isPartOf\":{\"@id\":\"https:\\\/\\\/fablab-montagny-pres-louhans.fr\\\/#website\"},\"primaryImageOfPage\":{\"@id\":\"https:\\\/\\\/fablab-montagny-pres-louhans.fr\\\/index.php\\\/2019\\\/06\\\/26\\\/faire-danser-les-licornes-etape-4\\\/#primaryimage\"},\"image\":{\"@id\":\"https:\\\/\\\/fablab-montagny-pres-louhans.fr\\\/index.php\\\/2019\\\/06\\\/26\\\/faire-danser-les-licornes-etape-4\\\/#primaryimage\"},\"thumbnailUrl\":\"https:\\\/\\\/fablab-montagny-pres-louhans.fr\\\/wp-content\\\/uploads\\\/2019\\\/06\\\/oneled.png\",\"datePublished\":\"2019-06-26T19:43:29+00:00\",\"dateModified\":\"2020-09-27T11:47:21+00:00\",\"breadcrumb\":{\"@id\":\"https:\\\/\\\/fablab-montagny-pres-louhans.fr\\\/index.php\\\/2019\\\/06\\\/26\\\/faire-danser-les-licornes-etape-4\\\/#breadcrumb\"},\"inLanguage\":\"fr-FR\",\"potentialAction\":[{\"@type\":\"ReadAction\",\"target\":[\"https:\\\/\\\/fablab-montagny-pres-louhans.fr\\\/index.php\\\/2019\\\/06\\\/26\\\/faire-danser-les-licornes-etape-4\\\/\"]}]},{\"@type\":\"ImageObject\",\"inLanguage\":\"fr-FR\",\"@id\":\"https:\\\/\\\/fablab-montagny-pres-louhans.fr\\\/index.php\\\/2019\\\/06\\\/26\\\/faire-danser-les-licornes-etape-4\\\/#primaryimage\",\"url\":\"https:\\\/\\\/fablab-montagny-pres-louhans.fr\\\/wp-content\\\/uploads\\\/2019\\\/06\\\/oneled.png\",\"contentUrl\":\"https:\\\/\\\/fablab-montagny-pres-louhans.fr\\\/wp-content\\\/uploads\\\/2019\\\/06\\\/oneled.png\",\"width\":600,\"height\":707},{\"@type\":\"BreadcrumbList\",\"@id\":\"https:\\\/\\\/fablab-montagny-pres-louhans.fr\\\/index.php\\\/2019\\\/06\\\/26\\\/faire-danser-les-licornes-etape-4\\\/#breadcrumb\",\"itemListElement\":[{\"@type\":\"ListItem\",\"position\":1,\"name\":\"Accueil\",\"item\":\"https:\\\/\\\/fablab-montagny-pres-louhans.fr\\\/\"},{\"@type\":\"ListItem\",\"position\":2,\"name\":\"Faire danser les licornes : \u00c9tape 4\"}]},{\"@type\":\"WebSite\",\"@id\":\"https:\\\/\\\/fablab-montagny-pres-louhans.fr\\\/#website\",\"url\":\"https:\\\/\\\/fablab-montagny-pres-louhans.fr\\\/\",\"name\":\"Le FabLab\",\"description\":\"Le premier de Bresse\",\"publisher\":{\"@id\":\"https:\\\/\\\/fablab-montagny-pres-louhans.fr\\\/#organization\"},\"potentialAction\":[{\"@type\":\"SearchAction\",\"target\":{\"@type\":\"EntryPoint\",\"urlTemplate\":\"https:\\\/\\\/fablab-montagny-pres-louhans.fr\\\/?s={search_term_string}\"},\"query-input\":{\"@type\":\"PropertyValueSpecification\",\"valueRequired\":true,\"valueName\":\"search_term_string\"}}],\"inLanguage\":\"fr-FR\"},{\"@type\":\"Organization\",\"@id\":\"https:\\\/\\\/fablab-montagny-pres-louhans.fr\\\/#organization\",\"name\":\"Le FabLab\",\"url\":\"https:\\\/\\\/fablab-montagny-pres-louhans.fr\\\/\",\"logo\":{\"@type\":\"ImageObject\",\"inLanguage\":\"fr-FR\",\"@id\":\"https:\\\/\\\/fablab-montagny-pres-louhans.fr\\\/#\\\/schema\\\/logo\\\/image\\\/\",\"url\":\"https:\\\/\\\/fablab-montagny-pres-louhans.fr\\\/wp-content\\\/uploads\\\/2023\\\/02\\\/FABALB-logo.png\",\"contentUrl\":\"https:\\\/\\\/fablab-montagny-pres-louhans.fr\\\/wp-content\\\/uploads\\\/2023\\\/02\\\/FABALB-logo.png\",\"width\":250,\"height\":260,\"caption\":\"Le FabLab\"},\"image\":{\"@id\":\"https:\\\/\\\/fablab-montagny-pres-louhans.fr\\\/#\\\/schema\\\/logo\\\/image\\\/\"},\"sameAs\":[\"https:\\\/\\\/www.facebook.com\\\/fablab.labom\\\/\"]},{\"@type\":\"Person\",\"@id\":\"https:\\\/\\\/fablab-montagny-pres-louhans.fr\\\/#\\\/schema\\\/person\\\/b4b47741bdde563325530989455fe7de\",\"name\":\"Roger Remondy\",\"image\":{\"@type\":\"ImageObject\",\"inLanguage\":\"fr-FR\",\"@id\":\"https:\\\/\\\/fablab-montagny-pres-louhans.fr\\\/wp-content\\\/litespeed\\\/avatar\\\/0636c9b2c03e4d83e562c27b768bd1cb.jpg?ver=1777239698\",\"url\":\"https:\\\/\\\/fablab-montagny-pres-louhans.fr\\\/wp-content\\\/litespeed\\\/avatar\\\/0636c9b2c03e4d83e562c27b768bd1cb.jpg?ver=1777239698\",\"contentUrl\":\"https:\\\/\\\/fablab-montagny-pres-louhans.fr\\\/wp-content\\\/litespeed\\\/avatar\\\/0636c9b2c03e4d83e562c27b768bd1cb.jpg?ver=1777239698\",\"caption\":\"Roger Remondy\"},\"url\":\"https:\\\/\\\/fablab-montagny-pres-louhans.fr\\\/index.php\\\/author\\\/roger\\\/\"}]}<\/script>\n<!-- \/ Yoast SEO plugin. -->","yoast_head_json":{"title":"Faire danser les licornes : \u00c9tape 4 - Le FabLab","robots":{"index":"noindex","follow":"follow","max-snippet":"max-snippet:-1","max-image-preview":"max-image-preview:large","max-video-preview":"max-video-preview:-1"},"og_locale":"fr_FR","og_type":"article","og_title":"Faire danser les licornes : \u00c9tape 4 - Le FabLab","og_description":"Construis ton arc-en-ciel Dans cette \u00e9tape, tu vas assembler toutes les couleurs de l&rsquo; arc-en-ciel. Recherche toutes les DEL que tu vas utiliser et assure-toi de disposer du nombre correct de fils de liaison et de r\u00e9sistances (une par DEL). R\u00e9organise le circuit afin de faire de la place pour les autres couleurs de ton [&hellip;]","og_url":"https:\/\/fablab-montagny-pres-louhans.fr\/index.php\/2019\/06\/26\/faire-danser-les-licornes-etape-4\/","og_site_name":"Le FabLab","article_publisher":"https:\/\/www.facebook.com\/fablab.labom\/","article_published_time":"2019-06-26T19:43:29+00:00","article_modified_time":"2020-09-27T11:47:21+00:00","og_image":[{"url":"https:\/\/fablab-montagny-pres-louhans.fr\/wp-content\/uploads\/2019\/06\/oneled.png","type":"","width":"","height":""}],"author":"Roger Remondy","twitter_card":"summary_large_image","twitter_misc":{"\u00c9crit par":"Roger Remondy","Dur\u00e9e de lecture estim\u00e9e":"1 minute"},"schema":{"@context":"https:\/\/schema.org","@graph":[{"@type":"Article","@id":"https:\/\/fablab-montagny-pres-louhans.fr\/index.php\/2019\/06\/26\/faire-danser-les-licornes-etape-4\/#article","isPartOf":{"@id":"https:\/\/fablab-montagny-pres-louhans.fr\/index.php\/2019\/06\/26\/faire-danser-les-licornes-etape-4\/"},"author":{"name":"Roger Remondy","@id":"https:\/\/fablab-montagny-pres-louhans.fr\/#\/schema\/person\/b4b47741bdde563325530989455fe7de"},"headline":"Faire danser les licornes : \u00c9tape 4","datePublished":"2019-06-26T19:43:29+00:00","dateModified":"2020-09-27T11:47:21+00:00","mainEntityOfPage":{"@id":"https:\/\/fablab-montagny-pres-louhans.fr\/index.php\/2019\/06\/26\/faire-danser-les-licornes-etape-4\/"},"wordCount":277,"publisher":{"@id":"https:\/\/fablab-montagny-pres-louhans.fr\/#organization"},"image":{"@id":"https:\/\/fablab-montagny-pres-louhans.fr\/index.php\/2019\/06\/26\/faire-danser-les-licornes-etape-4\/#primaryimage"},"thumbnailUrl":"https:\/\/fablab-montagny-pres-louhans.fr\/wp-content\/uploads\/2019\/06\/oneled.png","articleSection":["Electronique"],"inLanguage":"fr-FR"},{"@type":"WebPage","@id":"https:\/\/fablab-montagny-pres-louhans.fr\/index.php\/2019\/06\/26\/faire-danser-les-licornes-etape-4\/","url":"https:\/\/fablab-montagny-pres-louhans.fr\/index.php\/2019\/06\/26\/faire-danser-les-licornes-etape-4\/","name":"Faire danser les licornes : \u00c9tape 4 - Le FabLab","isPartOf":{"@id":"https:\/\/fablab-montagny-pres-louhans.fr\/#website"},"primaryImageOfPage":{"@id":"https:\/\/fablab-montagny-pres-louhans.fr\/index.php\/2019\/06\/26\/faire-danser-les-licornes-etape-4\/#primaryimage"},"image":{"@id":"https:\/\/fablab-montagny-pres-louhans.fr\/index.php\/2019\/06\/26\/faire-danser-les-licornes-etape-4\/#primaryimage"},"thumbnailUrl":"https:\/\/fablab-montagny-pres-louhans.fr\/wp-content\/uploads\/2019\/06\/oneled.png","datePublished":"2019-06-26T19:43:29+00:00","dateModified":"2020-09-27T11:47:21+00:00","breadcrumb":{"@id":"https:\/\/fablab-montagny-pres-louhans.fr\/index.php\/2019\/06\/26\/faire-danser-les-licornes-etape-4\/#breadcrumb"},"inLanguage":"fr-FR","potentialAction":[{"@type":"ReadAction","target":["https:\/\/fablab-montagny-pres-louhans.fr\/index.php\/2019\/06\/26\/faire-danser-les-licornes-etape-4\/"]}]},{"@type":"ImageObject","inLanguage":"fr-FR","@id":"https:\/\/fablab-montagny-pres-louhans.fr\/index.php\/2019\/06\/26\/faire-danser-les-licornes-etape-4\/#primaryimage","url":"https:\/\/fablab-montagny-pres-louhans.fr\/wp-content\/uploads\/2019\/06\/oneled.png","contentUrl":"https:\/\/fablab-montagny-pres-louhans.fr\/wp-content\/uploads\/2019\/06\/oneled.png","width":600,"height":707},{"@type":"BreadcrumbList","@id":"https:\/\/fablab-montagny-pres-louhans.fr\/index.php\/2019\/06\/26\/faire-danser-les-licornes-etape-4\/#breadcrumb","itemListElement":[{"@type":"ListItem","position":1,"name":"Accueil","item":"https:\/\/fablab-montagny-pres-louhans.fr\/"},{"@type":"ListItem","position":2,"name":"Faire danser les licornes : \u00c9tape 4"}]},{"@type":"WebSite","@id":"https:\/\/fablab-montagny-pres-louhans.fr\/#website","url":"https:\/\/fablab-montagny-pres-louhans.fr\/","name":"Le FabLab","description":"Le premier de Bresse","publisher":{"@id":"https:\/\/fablab-montagny-pres-louhans.fr\/#organization"},"potentialAction":[{"@type":"SearchAction","target":{"@type":"EntryPoint","urlTemplate":"https:\/\/fablab-montagny-pres-louhans.fr\/?s={search_term_string}"},"query-input":{"@type":"PropertyValueSpecification","valueRequired":true,"valueName":"search_term_string"}}],"inLanguage":"fr-FR"},{"@type":"Organization","@id":"https:\/\/fablab-montagny-pres-louhans.fr\/#organization","name":"Le FabLab","url":"https:\/\/fablab-montagny-pres-louhans.fr\/","logo":{"@type":"ImageObject","inLanguage":"fr-FR","@id":"https:\/\/fablab-montagny-pres-louhans.fr\/#\/schema\/logo\/image\/","url":"https:\/\/fablab-montagny-pres-louhans.fr\/wp-content\/uploads\/2023\/02\/FABALB-logo.png","contentUrl":"https:\/\/fablab-montagny-pres-louhans.fr\/wp-content\/uploads\/2023\/02\/FABALB-logo.png","width":250,"height":260,"caption":"Le FabLab"},"image":{"@id":"https:\/\/fablab-montagny-pres-louhans.fr\/#\/schema\/logo\/image\/"},"sameAs":["https:\/\/www.facebook.com\/fablab.labom\/"]},{"@type":"Person","@id":"https:\/\/fablab-montagny-pres-louhans.fr\/#\/schema\/person\/b4b47741bdde563325530989455fe7de","name":"Roger Remondy","image":{"@type":"ImageObject","inLanguage":"fr-FR","@id":"https:\/\/fablab-montagny-pres-louhans.fr\/wp-content\/litespeed\/avatar\/0636c9b2c03e4d83e562c27b768bd1cb.jpg?ver=1777239698","url":"https:\/\/fablab-montagny-pres-louhans.fr\/wp-content\/litespeed\/avatar\/0636c9b2c03e4d83e562c27b768bd1cb.jpg?ver=1777239698","contentUrl":"https:\/\/fablab-montagny-pres-louhans.fr\/wp-content\/litespeed\/avatar\/0636c9b2c03e4d83e562c27b768bd1cb.jpg?ver=1777239698","caption":"Roger Remondy"},"url":"https:\/\/fablab-montagny-pres-louhans.fr\/index.php\/author\/roger\/"}]}},"_links":{"self":[{"href":"https:\/\/fablab-montagny-pres-louhans.fr\/index.php\/wp-json\/wp\/v2\/posts\/2382","targetHints":{"allow":["GET"]}}],"collection":[{"href":"https:\/\/fablab-montagny-pres-louhans.fr\/index.php\/wp-json\/wp\/v2\/posts"}],"about":[{"href":"https:\/\/fablab-montagny-pres-louhans.fr\/index.php\/wp-json\/wp\/v2\/types\/post"}],"author":[{"embeddable":true,"href":"https:\/\/fablab-montagny-pres-louhans.fr\/index.php\/wp-json\/wp\/v2\/users\/29"}],"replies":[{"embeddable":true,"href":"https:\/\/fablab-montagny-pres-louhans.fr\/index.php\/wp-json\/wp\/v2\/comments?post=2382"}],"version-history":[{"count":12,"href":"https:\/\/fablab-montagny-pres-louhans.fr\/index.php\/wp-json\/wp\/v2\/posts\/2382\/revisions"}],"predecessor-version":[{"id":2614,"href":"https:\/\/fablab-montagny-pres-louhans.fr\/index.php\/wp-json\/wp\/v2\/posts\/2382\/revisions\/2614"}],"wp:attachment":[{"href":"https:\/\/fablab-montagny-pres-louhans.fr\/index.php\/wp-json\/wp\/v2\/media?parent=2382"}],"wp:term":[{"taxonomy":"category","embeddable":true,"href":"https:\/\/fablab-montagny-pres-louhans.fr\/index.php\/wp-json\/wp\/v2\/categories?post=2382"},{"taxonomy":"post_tag","embeddable":true,"href":"https:\/\/fablab-montagny-pres-louhans.fr\/index.php\/wp-json\/wp\/v2\/tags?post=2382"}],"curies":[{"name":"wp","href":"https:\/\/api.w.org\/{rel}","templated":true}]}}