{"id":2381,"date":"2019-06-26T21:29:57","date_gmt":"2019-06-26T19:29:57","guid":{"rendered":"https:\/\/fablab-montagny-pres-louhans.fr\/?p=2381"},"modified":"2020-09-27T13:50:06","modified_gmt":"2020-09-27T11:50:06","slug":"faire-danser-les-licornes-etape-2","status":"publish","type":"post","link":"https:\/\/fablab-montagny-pres-louhans.fr\/index.php\/2019\/06\/26\/faire-danser-les-licornes-etape-2\/","title":{"rendered":"Faire danser les licornes : \u00c9tape 2"},"content":{"rendered":"\n<h2 class=\"wp-block-heading\">La premi\u00e8re couleur de l&rsquo;arc-en-ciel<\/h2>\n\n\n\n<p><strong>Tu vas maintenant \u00e9clairer la premi\u00e8re couleur de l&rsquo;arc-en-ciel avec une LED. <\/strong><\/p>\n\n\n\n<p>Tu peux choisir ta couleur, mais ici nous avons opt\u00e9 pour le rouge, premi\u00e8re couleur du spectre de l\u2019arc-en-ciel (rouge, orange, jaune, vert, bleu, indigo, violet).<\/p>\n\n\n\n<ul class=\"wp-block-list\"><li><a href=\"https:\/\/fablab-montagny-pres-louhans.fr\/index.php\/2019\/06\/25\/scratch-connecter-une-del-sur-le-raspberry-pi\/\">Cr\u00e9\u00e9 un circuit pour connecter ta LED au Raspberry Pi.<\/a> Ton circuit \u00e9clairera la premi\u00e8re couleur de l&rsquo;arc-en-ciel<\/li><\/ul>\n\n\n\n<p class=\"has-very-light-gray-background-color has-background\"><a href=\"https:\/\/fablab-montagny-pres-louhans.fr\/index.php\/2019\/06\/25\/scratch-quelques-notions-delectricite\/\">Clique ici pour comprendre le principe des circuits \u00e9lectriques simples et le fonctionnement de la DEL.<\/a><\/p>\n\n\n\n<h2 class=\"wp-block-heading\">Teste ton circuit dans Scratch<\/h2>\n\n\n\n<p>Tu vas maintenant connecter ton circuit et ta premi\u00e8re couleur arc-en-ciel \u00e0 Scratch pour pouvoir coder un programme Scratch afin de contr\u00f4ler le voyant.<\/p>\n\n\n\n<ul class=\"wp-block-list\"><li><a href=\"https:\/\/fablab-montagny-pres-louhans.fr\/index.php\/2019\/06\/21\/scratch-2-ouvrir-scratch\/\">Ouvre Scratch 2<\/a> sur ton Raspberry Pi. <\/li><li>Dans l&rsquo;\u00e9tape pr\u00e9c\u00e9dente, tu as connect\u00e9 ton voyant \u00e0 la broche  <strong>3V3.<\/strong> C&rsquo;est la broche \u00e0 laquelle tu dois te connecter si tu veux  tester ton voyant. Tu dois maintenant connecter ta LED \u00e0 une broche que tu pourras contr\u00f4ler avec Scratch. <\/li><li>D\u00e9place le fil de la broche  <strong>3V3<\/strong>  vers une nouvelle broche, par exemple <strong>GPIO 17<\/strong> <\/li><\/ul>\n\n\n\n<div class=\"wp-block-image\"><figure class=\"aligncenter\"><img loading=\"lazy\" decoding=\"async\" width=\"136\" height=\"431\" src=\"https:\/\/fablab-montagny-pres-louhans.fr\/wp-content\/uploads\/2019\/06\/movepin.png\" alt=\"\" class=\"wp-image-2390\" srcset=\"https:\/\/fablab-montagny-pres-louhans.fr\/wp-content\/uploads\/2019\/06\/movepin.png 136w, https:\/\/fablab-montagny-pres-louhans.fr\/wp-content\/uploads\/2019\/06\/movepin-95x300.png 95w\" sizes=\"(max-width: 136px) 100vw, 136px\" \/><\/figure><\/div>\n\n\n\n<ul class=\"wp-block-list\"><li><a href=\"https:\/\/fablab-montagny-pres-louhans.fr\/index.php\/2019\/06\/21\/scratch-2-ajouter-lextension-gpio\/\">Active l&rsquo;extension PI GPIO <\/a>de ton Raspberry Pi<\/li><li><a href=\"https:\/\/fablab-montagny-pres-louhans.fr\/index.php\/2019\/06\/26\/scratch-2-controler-une-del\/\" target=\"_blank\" rel=\"noreferrer noopener\" aria-label=\"Suit ces instructions pour contr\u00f4ler ta LED avec Scratch : (ouverture dans un nouvel onglet)\">Suit ces instructions pour contr\u00f4ler ta LED avec Scratch :<\/a><\/li><\/ul>\n\n\n\n<hr class=\"wp-block-separator\"\/>\n\n\n\n<p class=\"has-text-align-right\"><strong><a href=\"https:\/\/fablab-montagny-pres-louhans.fr\/index.php\/2019\/07\/07\/faire-danser-les-licornes-etape-3\/\">Passer \u00e0 l&rsquo;\u00e9tape 3 : Compl\u00e8te l&rsquo;arc en ciel<\/a><\/strong><\/p>\n\n\n\n<p><a href=\"https:\/\/fablab-montagny-pres-louhans.fr\/index.php\/2019\/06\/22\/faire-danser-les-licornes-etape-1\/\">Revenir \u00e0 l&rsquo;\u00e9tape 1<\/a><\/p>\n","protected":false},"excerpt":{"rendered":"<p>La premi\u00e8re couleur de l&rsquo;arc-en-ciel Tu vas maintenant \u00e9clairer la premi\u00e8re couleur de l&rsquo;arc-en-ciel avec une LED. Tu peux choisir ta couleur, mais ici nous avons opt\u00e9 pour le rouge, premi\u00e8re couleur du spectre de l\u2019arc-en-ciel (rouge, orange, jaune, vert, bleu, indigo, violet). Cr\u00e9\u00e9 un circuit pour connecter ta LED au Raspberry Pi. Ton circuit [&hellip;]<\/p>\n","protected":false},"author":29,"featured_media":0,"comment_status":"closed","ping_status":"open","sticky":false,"template":"","format":"standard","meta":{"_et_pb_use_builder":"","_et_pb_old_content":"","_et_gb_content_width":"","rop_custom_images_group":[],"rop_custom_messages_group":[],"rop_publish_now":"initial","rop_publish_now_accounts":{"facebook_1992431424458146_173380702515979":""},"rop_publish_now_history":[],"rop_publish_now_status":"pending","footnotes":""},"categories":[4],"tags":[],"class_list":["post-2381","post","type-post","status-publish","format-standard","hentry","category-electronique"],"yoast_head":"<!-- This site is optimized with the Yoast SEO plugin v27.3 - https:\/\/yoast.com\/product\/yoast-seo-wordpress\/ -->\n<title>Faire danser les licornes : \u00c9tape 2 - Le FabLab<\/title>\n<meta name=\"robots\" content=\"noindex, follow, max-snippet:-1, max-image-preview:large, max-video-preview:-1\" \/>\n<meta property=\"og:locale\" content=\"fr_FR\" \/>\n<meta property=\"og:type\" content=\"article\" \/>\n<meta property=\"og:title\" content=\"Faire danser les licornes : \u00c9tape 2 - Le FabLab\" \/>\n<meta property=\"og:description\" content=\"La premi\u00e8re couleur de l&rsquo;arc-en-ciel Tu vas maintenant \u00e9clairer la premi\u00e8re couleur de l&rsquo;arc-en-ciel avec une LED. Tu peux choisir ta couleur, mais ici nous avons opt\u00e9 pour le rouge, premi\u00e8re couleur du spectre de l\u2019arc-en-ciel (rouge, orange, jaune, vert, bleu, indigo, violet). Cr\u00e9\u00e9 un circuit pour connecter ta LED au Raspberry Pi. Ton circuit [&hellip;]\" \/>\n<meta property=\"og:url\" content=\"https:\/\/fablab-montagny-pres-louhans.fr\/index.php\/2019\/06\/26\/faire-danser-les-licornes-etape-2\/\" \/>\n<meta property=\"og:site_name\" content=\"Le FabLab\" \/>\n<meta property=\"article:publisher\" content=\"https:\/\/www.facebook.com\/fablab.labom\/\" \/>\n<meta property=\"article:published_time\" content=\"2019-06-26T19:29:57+00:00\" \/>\n<meta property=\"article:modified_time\" content=\"2020-09-27T11:50:06+00:00\" \/>\n<meta property=\"og:image\" content=\"https:\/\/fablab-montagny-pres-louhans.fr\/wp-content\/uploads\/2019\/06\/movepin.png\" \/>\n<meta name=\"author\" content=\"Roger Remondy\" \/>\n<meta name=\"twitter:card\" content=\"summary_large_image\" \/>\n<meta name=\"twitter:label1\" content=\"\u00c9crit par\" \/>\n\t<meta name=\"twitter:data1\" content=\"Roger Remondy\" \/>\n\t<meta name=\"twitter:label2\" content=\"Dur\u00e9e de lecture estim\u00e9e\" \/>\n\t<meta name=\"twitter:data2\" content=\"1 minute\" \/>\n<script type=\"application\/ld+json\" class=\"yoast-schema-graph\">{\"@context\":\"https:\\\/\\\/schema.org\",\"@graph\":[{\"@type\":\"Article\",\"@id\":\"https:\\\/\\\/fablab-montagny-pres-louhans.fr\\\/index.php\\\/2019\\\/06\\\/26\\\/faire-danser-les-licornes-etape-2\\\/#article\",\"isPartOf\":{\"@id\":\"https:\\\/\\\/fablab-montagny-pres-louhans.fr\\\/index.php\\\/2019\\\/06\\\/26\\\/faire-danser-les-licornes-etape-2\\\/\"},\"author\":{\"name\":\"Roger Remondy\",\"@id\":\"https:\\\/\\\/fablab-montagny-pres-louhans.fr\\\/#\\\/schema\\\/person\\\/b4b47741bdde563325530989455fe7de\"},\"headline\":\"Faire danser les licornes : \u00c9tape 2\",\"datePublished\":\"2019-06-26T19:29:57+00:00\",\"dateModified\":\"2020-09-27T11:50:06+00:00\",\"mainEntityOfPage\":{\"@id\":\"https:\\\/\\\/fablab-montagny-pres-louhans.fr\\\/index.php\\\/2019\\\/06\\\/26\\\/faire-danser-les-licornes-etape-2\\\/\"},\"wordCount\":210,\"publisher\":{\"@id\":\"https:\\\/\\\/fablab-montagny-pres-louhans.fr\\\/#organization\"},\"image\":{\"@id\":\"https:\\\/\\\/fablab-montagny-pres-louhans.fr\\\/index.php\\\/2019\\\/06\\\/26\\\/faire-danser-les-licornes-etape-2\\\/#primaryimage\"},\"thumbnailUrl\":\"https:\\\/\\\/fablab-montagny-pres-louhans.fr\\\/wp-content\\\/uploads\\\/2019\\\/06\\\/movepin.png\",\"articleSection\":[\"Electronique\"],\"inLanguage\":\"fr-FR\"},{\"@type\":\"WebPage\",\"@id\":\"https:\\\/\\\/fablab-montagny-pres-louhans.fr\\\/index.php\\\/2019\\\/06\\\/26\\\/faire-danser-les-licornes-etape-2\\\/\",\"url\":\"https:\\\/\\\/fablab-montagny-pres-louhans.fr\\\/index.php\\\/2019\\\/06\\\/26\\\/faire-danser-les-licornes-etape-2\\\/\",\"name\":\"Faire danser les licornes : \u00c9tape 2 - Le FabLab\",\"isPartOf\":{\"@id\":\"https:\\\/\\\/fablab-montagny-pres-louhans.fr\\\/#website\"},\"primaryImageOfPage\":{\"@id\":\"https:\\\/\\\/fablab-montagny-pres-louhans.fr\\\/index.php\\\/2019\\\/06\\\/26\\\/faire-danser-les-licornes-etape-2\\\/#primaryimage\"},\"image\":{\"@id\":\"https:\\\/\\\/fablab-montagny-pres-louhans.fr\\\/index.php\\\/2019\\\/06\\\/26\\\/faire-danser-les-licornes-etape-2\\\/#primaryimage\"},\"thumbnailUrl\":\"https:\\\/\\\/fablab-montagny-pres-louhans.fr\\\/wp-content\\\/uploads\\\/2019\\\/06\\\/movepin.png\",\"datePublished\":\"2019-06-26T19:29:57+00:00\",\"dateModified\":\"2020-09-27T11:50:06+00:00\",\"breadcrumb\":{\"@id\":\"https:\\\/\\\/fablab-montagny-pres-louhans.fr\\\/index.php\\\/2019\\\/06\\\/26\\\/faire-danser-les-licornes-etape-2\\\/#breadcrumb\"},\"inLanguage\":\"fr-FR\",\"potentialAction\":[{\"@type\":\"ReadAction\",\"target\":[\"https:\\\/\\\/fablab-montagny-pres-louhans.fr\\\/index.php\\\/2019\\\/06\\\/26\\\/faire-danser-les-licornes-etape-2\\\/\"]}]},{\"@type\":\"ImageObject\",\"inLanguage\":\"fr-FR\",\"@id\":\"https:\\\/\\\/fablab-montagny-pres-louhans.fr\\\/index.php\\\/2019\\\/06\\\/26\\\/faire-danser-les-licornes-etape-2\\\/#primaryimage\",\"url\":\"https:\\\/\\\/fablab-montagny-pres-louhans.fr\\\/wp-content\\\/uploads\\\/2019\\\/06\\\/movepin.png\",\"contentUrl\":\"https:\\\/\\\/fablab-montagny-pres-louhans.fr\\\/wp-content\\\/uploads\\\/2019\\\/06\\\/movepin.png\",\"width\":136,\"height\":431},{\"@type\":\"BreadcrumbList\",\"@id\":\"https:\\\/\\\/fablab-montagny-pres-louhans.fr\\\/index.php\\\/2019\\\/06\\\/26\\\/faire-danser-les-licornes-etape-2\\\/#breadcrumb\",\"itemListElement\":[{\"@type\":\"ListItem\",\"position\":1,\"name\":\"Accueil\",\"item\":\"https:\\\/\\\/fablab-montagny-pres-louhans.fr\\\/\"},{\"@type\":\"ListItem\",\"position\":2,\"name\":\"Faire danser les licornes : \u00c9tape 2\"}]},{\"@type\":\"WebSite\",\"@id\":\"https:\\\/\\\/fablab-montagny-pres-louhans.fr\\\/#website\",\"url\":\"https:\\\/\\\/fablab-montagny-pres-louhans.fr\\\/\",\"name\":\"Le FabLab\",\"description\":\"Le premier de Bresse\",\"publisher\":{\"@id\":\"https:\\\/\\\/fablab-montagny-pres-louhans.fr\\\/#organization\"},\"potentialAction\":[{\"@type\":\"SearchAction\",\"target\":{\"@type\":\"EntryPoint\",\"urlTemplate\":\"https:\\\/\\\/fablab-montagny-pres-louhans.fr\\\/?s={search_term_string}\"},\"query-input\":{\"@type\":\"PropertyValueSpecification\",\"valueRequired\":true,\"valueName\":\"search_term_string\"}}],\"inLanguage\":\"fr-FR\"},{\"@type\":\"Organization\",\"@id\":\"https:\\\/\\\/fablab-montagny-pres-louhans.fr\\\/#organization\",\"name\":\"Le FabLab\",\"url\":\"https:\\\/\\\/fablab-montagny-pres-louhans.fr\\\/\",\"logo\":{\"@type\":\"ImageObject\",\"inLanguage\":\"fr-FR\",\"@id\":\"https:\\\/\\\/fablab-montagny-pres-louhans.fr\\\/#\\\/schema\\\/logo\\\/image\\\/\",\"url\":\"https:\\\/\\\/fablab-montagny-pres-louhans.fr\\\/wp-content\\\/uploads\\\/2023\\\/02\\\/FABALB-logo.png\",\"contentUrl\":\"https:\\\/\\\/fablab-montagny-pres-louhans.fr\\\/wp-content\\\/uploads\\\/2023\\\/02\\\/FABALB-logo.png\",\"width\":250,\"height\":260,\"caption\":\"Le FabLab\"},\"image\":{\"@id\":\"https:\\\/\\\/fablab-montagny-pres-louhans.fr\\\/#\\\/schema\\\/logo\\\/image\\\/\"},\"sameAs\":[\"https:\\\/\\\/www.facebook.com\\\/fablab.labom\\\/\"]},{\"@type\":\"Person\",\"@id\":\"https:\\\/\\\/fablab-montagny-pres-louhans.fr\\\/#\\\/schema\\\/person\\\/b4b47741bdde563325530989455fe7de\",\"name\":\"Roger Remondy\",\"image\":{\"@type\":\"ImageObject\",\"inLanguage\":\"fr-FR\",\"@id\":\"https:\\\/\\\/fablab-montagny-pres-louhans.fr\\\/wp-content\\\/litespeed\\\/avatar\\\/0636c9b2c03e4d83e562c27b768bd1cb.jpg?ver=1777239698\",\"url\":\"https:\\\/\\\/fablab-montagny-pres-louhans.fr\\\/wp-content\\\/litespeed\\\/avatar\\\/0636c9b2c03e4d83e562c27b768bd1cb.jpg?ver=1777239698\",\"contentUrl\":\"https:\\\/\\\/fablab-montagny-pres-louhans.fr\\\/wp-content\\\/litespeed\\\/avatar\\\/0636c9b2c03e4d83e562c27b768bd1cb.jpg?ver=1777239698\",\"caption\":\"Roger Remondy\"},\"url\":\"https:\\\/\\\/fablab-montagny-pres-louhans.fr\\\/index.php\\\/author\\\/roger\\\/\"}]}<\/script>\n<!-- \/ Yoast SEO plugin. -->","yoast_head_json":{"title":"Faire danser les licornes : \u00c9tape 2 - Le FabLab","robots":{"index":"noindex","follow":"follow","max-snippet":"max-snippet:-1","max-image-preview":"max-image-preview:large","max-video-preview":"max-video-preview:-1"},"og_locale":"fr_FR","og_type":"article","og_title":"Faire danser les licornes : \u00c9tape 2 - Le FabLab","og_description":"La premi\u00e8re couleur de l&rsquo;arc-en-ciel Tu vas maintenant \u00e9clairer la premi\u00e8re couleur de l&rsquo;arc-en-ciel avec une LED. Tu peux choisir ta couleur, mais ici nous avons opt\u00e9 pour le rouge, premi\u00e8re couleur du spectre de l\u2019arc-en-ciel (rouge, orange, jaune, vert, bleu, indigo, violet). Cr\u00e9\u00e9 un circuit pour connecter ta LED au Raspberry Pi. Ton circuit [&hellip;]","og_url":"https:\/\/fablab-montagny-pres-louhans.fr\/index.php\/2019\/06\/26\/faire-danser-les-licornes-etape-2\/","og_site_name":"Le FabLab","article_publisher":"https:\/\/www.facebook.com\/fablab.labom\/","article_published_time":"2019-06-26T19:29:57+00:00","article_modified_time":"2020-09-27T11:50:06+00:00","og_image":[{"url":"https:\/\/fablab-montagny-pres-louhans.fr\/wp-content\/uploads\/2019\/06\/movepin.png","type":"","width":"","height":""}],"author":"Roger Remondy","twitter_card":"summary_large_image","twitter_misc":{"\u00c9crit par":"Roger Remondy","Dur\u00e9e de lecture estim\u00e9e":"1 minute"},"schema":{"@context":"https:\/\/schema.org","@graph":[{"@type":"Article","@id":"https:\/\/fablab-montagny-pres-louhans.fr\/index.php\/2019\/06\/26\/faire-danser-les-licornes-etape-2\/#article","isPartOf":{"@id":"https:\/\/fablab-montagny-pres-louhans.fr\/index.php\/2019\/06\/26\/faire-danser-les-licornes-etape-2\/"},"author":{"name":"Roger Remondy","@id":"https:\/\/fablab-montagny-pres-louhans.fr\/#\/schema\/person\/b4b47741bdde563325530989455fe7de"},"headline":"Faire danser les licornes : \u00c9tape 2","datePublished":"2019-06-26T19:29:57+00:00","dateModified":"2020-09-27T11:50:06+00:00","mainEntityOfPage":{"@id":"https:\/\/fablab-montagny-pres-louhans.fr\/index.php\/2019\/06\/26\/faire-danser-les-licornes-etape-2\/"},"wordCount":210,"publisher":{"@id":"https:\/\/fablab-montagny-pres-louhans.fr\/#organization"},"image":{"@id":"https:\/\/fablab-montagny-pres-louhans.fr\/index.php\/2019\/06\/26\/faire-danser-les-licornes-etape-2\/#primaryimage"},"thumbnailUrl":"https:\/\/fablab-montagny-pres-louhans.fr\/wp-content\/uploads\/2019\/06\/movepin.png","articleSection":["Electronique"],"inLanguage":"fr-FR"},{"@type":"WebPage","@id":"https:\/\/fablab-montagny-pres-louhans.fr\/index.php\/2019\/06\/26\/faire-danser-les-licornes-etape-2\/","url":"https:\/\/fablab-montagny-pres-louhans.fr\/index.php\/2019\/06\/26\/faire-danser-les-licornes-etape-2\/","name":"Faire danser les licornes : \u00c9tape 2 - Le FabLab","isPartOf":{"@id":"https:\/\/fablab-montagny-pres-louhans.fr\/#website"},"primaryImageOfPage":{"@id":"https:\/\/fablab-montagny-pres-louhans.fr\/index.php\/2019\/06\/26\/faire-danser-les-licornes-etape-2\/#primaryimage"},"image":{"@id":"https:\/\/fablab-montagny-pres-louhans.fr\/index.php\/2019\/06\/26\/faire-danser-les-licornes-etape-2\/#primaryimage"},"thumbnailUrl":"https:\/\/fablab-montagny-pres-louhans.fr\/wp-content\/uploads\/2019\/06\/movepin.png","datePublished":"2019-06-26T19:29:57+00:00","dateModified":"2020-09-27T11:50:06+00:00","breadcrumb":{"@id":"https:\/\/fablab-montagny-pres-louhans.fr\/index.php\/2019\/06\/26\/faire-danser-les-licornes-etape-2\/#breadcrumb"},"inLanguage":"fr-FR","potentialAction":[{"@type":"ReadAction","target":["https:\/\/fablab-montagny-pres-louhans.fr\/index.php\/2019\/06\/26\/faire-danser-les-licornes-etape-2\/"]}]},{"@type":"ImageObject","inLanguage":"fr-FR","@id":"https:\/\/fablab-montagny-pres-louhans.fr\/index.php\/2019\/06\/26\/faire-danser-les-licornes-etape-2\/#primaryimage","url":"https:\/\/fablab-montagny-pres-louhans.fr\/wp-content\/uploads\/2019\/06\/movepin.png","contentUrl":"https:\/\/fablab-montagny-pres-louhans.fr\/wp-content\/uploads\/2019\/06\/movepin.png","width":136,"height":431},{"@type":"BreadcrumbList","@id":"https:\/\/fablab-montagny-pres-louhans.fr\/index.php\/2019\/06\/26\/faire-danser-les-licornes-etape-2\/#breadcrumb","itemListElement":[{"@type":"ListItem","position":1,"name":"Accueil","item":"https:\/\/fablab-montagny-pres-louhans.fr\/"},{"@type":"ListItem","position":2,"name":"Faire danser les licornes : \u00c9tape 2"}]},{"@type":"WebSite","@id":"https:\/\/fablab-montagny-pres-louhans.fr\/#website","url":"https:\/\/fablab-montagny-pres-louhans.fr\/","name":"Le FabLab","description":"Le premier de Bresse","publisher":{"@id":"https:\/\/fablab-montagny-pres-louhans.fr\/#organization"},"potentialAction":[{"@type":"SearchAction","target":{"@type":"EntryPoint","urlTemplate":"https:\/\/fablab-montagny-pres-louhans.fr\/?s={search_term_string}"},"query-input":{"@type":"PropertyValueSpecification","valueRequired":true,"valueName":"search_term_string"}}],"inLanguage":"fr-FR"},{"@type":"Organization","@id":"https:\/\/fablab-montagny-pres-louhans.fr\/#organization","name":"Le FabLab","url":"https:\/\/fablab-montagny-pres-louhans.fr\/","logo":{"@type":"ImageObject","inLanguage":"fr-FR","@id":"https:\/\/fablab-montagny-pres-louhans.fr\/#\/schema\/logo\/image\/","url":"https:\/\/fablab-montagny-pres-louhans.fr\/wp-content\/uploads\/2023\/02\/FABALB-logo.png","contentUrl":"https:\/\/fablab-montagny-pres-louhans.fr\/wp-content\/uploads\/2023\/02\/FABALB-logo.png","width":250,"height":260,"caption":"Le FabLab"},"image":{"@id":"https:\/\/fablab-montagny-pres-louhans.fr\/#\/schema\/logo\/image\/"},"sameAs":["https:\/\/www.facebook.com\/fablab.labom\/"]},{"@type":"Person","@id":"https:\/\/fablab-montagny-pres-louhans.fr\/#\/schema\/person\/b4b47741bdde563325530989455fe7de","name":"Roger Remondy","image":{"@type":"ImageObject","inLanguage":"fr-FR","@id":"https:\/\/fablab-montagny-pres-louhans.fr\/wp-content\/litespeed\/avatar\/0636c9b2c03e4d83e562c27b768bd1cb.jpg?ver=1777239698","url":"https:\/\/fablab-montagny-pres-louhans.fr\/wp-content\/litespeed\/avatar\/0636c9b2c03e4d83e562c27b768bd1cb.jpg?ver=1777239698","contentUrl":"https:\/\/fablab-montagny-pres-louhans.fr\/wp-content\/litespeed\/avatar\/0636c9b2c03e4d83e562c27b768bd1cb.jpg?ver=1777239698","caption":"Roger Remondy"},"url":"https:\/\/fablab-montagny-pres-louhans.fr\/index.php\/author\/roger\/"}]}},"_links":{"self":[{"href":"https:\/\/fablab-montagny-pres-louhans.fr\/index.php\/wp-json\/wp\/v2\/posts\/2381","targetHints":{"allow":["GET"]}}],"collection":[{"href":"https:\/\/fablab-montagny-pres-louhans.fr\/index.php\/wp-json\/wp\/v2\/posts"}],"about":[{"href":"https:\/\/fablab-montagny-pres-louhans.fr\/index.php\/wp-json\/wp\/v2\/types\/post"}],"author":[{"embeddable":true,"href":"https:\/\/fablab-montagny-pres-louhans.fr\/index.php\/wp-json\/wp\/v2\/users\/29"}],"replies":[{"embeddable":true,"href":"https:\/\/fablab-montagny-pres-louhans.fr\/index.php\/wp-json\/wp\/v2\/comments?post=2381"}],"version-history":[{"count":7,"href":"https:\/\/fablab-montagny-pres-louhans.fr\/index.php\/wp-json\/wp\/v2\/posts\/2381\/revisions"}],"predecessor-version":[{"id":3468,"href":"https:\/\/fablab-montagny-pres-louhans.fr\/index.php\/wp-json\/wp\/v2\/posts\/2381\/revisions\/3468"}],"wp:attachment":[{"href":"https:\/\/fablab-montagny-pres-louhans.fr\/index.php\/wp-json\/wp\/v2\/media?parent=2381"}],"wp:term":[{"taxonomy":"category","embeddable":true,"href":"https:\/\/fablab-montagny-pres-louhans.fr\/index.php\/wp-json\/wp\/v2\/categories?post=2381"},{"taxonomy":"post_tag","embeddable":true,"href":"https:\/\/fablab-montagny-pres-louhans.fr\/index.php\/wp-json\/wp\/v2\/tags?post=2381"}],"curies":[{"name":"wp","href":"https:\/\/api.w.org\/{rel}","templated":true}]}}