{"id":2200,"date":"2019-06-04T11:47:17","date_gmt":"2019-06-04T09:47:17","guid":{"rendered":"https:\/\/fablab-montagny-pres-louhans.fr\/?p=2200"},"modified":"2019-06-04T18:36:55","modified_gmt":"2019-06-04T16:36:55","slug":"festilab-2019","status":"publish","type":"post","link":"https:\/\/fablab-montagny-pres-louhans.fr\/index.php\/2019\/06\/04\/festilab-2019\/","title":{"rendered":"Festilab 2019"},"content":{"rendered":"\n<p class=\"has-medium-font-size\">Cette ann\u00e9e \u00e9tait la cinqui\u00e8me \u00e9dition de notre Festilab. Si nous avons eu \u00e0 d\u00e9plorer l&rsquo;absence de Morgan retenu par des obligations, tous les adh\u00e9rents habituellement pr\u00e9sents au Labo ou lors des manifestations \u00e9taient l\u00e0. Cette ann\u00e9e encore nous avions le plaisir d&rsquo;accueillir Fran\u00e7ois Mocq et son \u00e9pouse :https:\/\/www.framboise314.fr\/ qui ont r\u00e9pondus favorablement \u00e0 notre invitation. Les conf\u00e9rences et les livres de Fran\u00e7ois Mocq sur le Raspberry Pi \u00e0 la fran\u00e7aise sont des r\u00e9f\u00e9rences pour qui s&rsquo;int\u00e9resse ou veut d\u00e9couvrir les multiples utilisations de ce petit ordinateur indispensable \u00e0 l&rsquo;amateur de nouvelles technologies.<\/p>\n\n\n\n<div class=\"wp-block-jetpack-tiled-gallery aligncenter is-style-rectangular\"><div class=\"tiled-gallery__gallery\"><div class=\"tiled-gallery__row\"><div class=\"tiled-gallery__col\"><figure class=\"tiled-gallery__item\"><img decoding=\"async\" alt=\"\" aria-label=\"image 1 of 2 in gallery\" data-height=\"3078\" data-id=\"2217\" data-link=\"https:\/\/fablab-montagny-pres-louhans.fr\/dav-37\/\" data-url=\"https:\/\/fablab-montagny-pres-louhans.fr\/wp-content\/uploads\/2019\/06\/IMG_20190601_180141.jpg-1-861x1024.jpg\" data-width=\"2589\" src=\"https:\/\/i0.wp.com\/www.labo-m.club\/wp-content\/uploads\/2019\/06\/IMG_20190601_180141.jpg-1-861x1024.jpg\"\/><\/figure><\/div><div class=\"tiled-gallery__col\"><figure class=\"tiled-gallery__item\"><img decoding=\"async\" alt=\"\" aria-label=\"image 2 of 2 in gallery\" data-height=\"1930\" data-id=\"2224\" data-link=\"https:\/\/fablab-montagny-pres-louhans.fr\/?attachment_id=2224\" data-url=\"https:\/\/fablab-montagny-pres-louhans.fr\/wp-content\/uploads\/2019\/06\/IMG_20190601_174428-2.jpg-1-2-1024x693.jpg\" data-width=\"2853\" src=\"https:\/\/i2.wp.com\/www.labo-m.club\/wp-content\/uploads\/2019\/06\/IMG_20190601_174428-2.jpg-1-2-1024x693.jpg\"\/><\/figure><\/div><\/div><\/div><\/div>\n\n\n\n<p class=\"has-medium-font-size\">Pour nous accompagner sur cette manifestation nous avions \u00e9galement r\u00e9serv\u00e9 une petite place aux fablab du Chalonnais et \u00e0 Made in iki de Commenailles. Ces deux fablab ainsi que ceux de Champagnole, M\u00e2con et Labo&rsquo;M mettent sur pied des tournois de Mini sumos. C&rsquo;est donc cinq fablab qui prochainement pourront faire des tournois amicaux sous forme de rencontres r\u00e9gionales.<\/p>\n\n\n\n<div class=\"wp-block-jetpack-tiled-gallery aligncenter is-style-square\"><div class=\"tiled-gallery__gallery\"><div class=\"tiled-gallery__row columns-2\"><div class=\"tiled-gallery__col\"><figure class=\"tiled-gallery__item\"><img decoding=\"async\" alt=\"\" aria-label=\"image 1 of 5 in gallery\" data-height=\"2068\" data-id=\"2202\" data-link=\"https:\/\/fablab-montagny-pres-louhans.fr\/dav-26\/\" data-url=\"https:\/\/fablab-montagny-pres-louhans.fr\/wp-content\/uploads\/2019\/06\/IMG_20190601_113404.jpg-1-1024x671.jpg\" data-width=\"3158\" src=\"https:\/\/i2.wp.com\/www.labo-m.club\/wp-content\/uploads\/2019\/06\/IMG_20190601_113404.jpg-1-1024x671.jpg?resize=2000%2C2000\"\/><\/figure><\/div><div class=\"tiled-gallery__col\"><figure class=\"tiled-gallery__item\"><img decoding=\"async\" alt=\"\" aria-label=\"image 2 of 5 in gallery\" data-height=\"2233\" data-id=\"2216\" data-link=\"https:\/\/fablab-montagny-pres-louhans.fr\/dav-36\/\" data-url=\"https:\/\/fablab-montagny-pres-louhans.fr\/wp-content\/uploads\/2019\/06\/IMG_20190601_175058.jpg-1-1024x797.jpg\" data-width=\"2868\" src=\"https:\/\/i1.wp.com\/www.labo-m.club\/wp-content\/uploads\/2019\/06\/IMG_20190601_175058.jpg-1-1024x797.jpg?resize=2000%2C2000\"\/><\/figure><\/div><\/div><div class=\"tiled-gallery__row columns-3\"><div class=\"tiled-gallery__col\"><figure class=\"tiled-gallery__item\"><img decoding=\"async\" alt=\"\" aria-label=\"image 3 of 5 in gallery\" data-height=\"2267\" data-id=\"2205\" data-link=\"https:\/\/fablab-montagny-pres-louhans.fr\/dav-29\/\" data-url=\"https:\/\/fablab-montagny-pres-louhans.fr\/wp-content\/uploads\/2019\/06\/IMG_20190601_174155.jpg-1-1024x928.jpg\" data-width=\"2501\" src=\"https:\/\/i1.wp.com\/www.labo-m.club\/wp-content\/uploads\/2019\/06\/IMG_20190601_174155.jpg-1-1024x928.jpg?resize=2000%2C2000\"\/><\/figure><\/div><div class=\"tiled-gallery__col\"><figure class=\"tiled-gallery__item\"><img decoding=\"async\" alt=\"\" aria-label=\"image 4 of 5 in gallery\" data-height=\"2365\" data-id=\"2206\" data-link=\"https:\/\/fablab-montagny-pres-louhans.fr\/dav-30\/\" data-url=\"https:\/\/fablab-montagny-pres-louhans.fr\/wp-content\/uploads\/2019\/06\/IMG_20190601_174208.jpg-1-1024x887.jpg\" data-width=\"2730\" src=\"https:\/\/i0.wp.com\/www.labo-m.club\/wp-content\/uploads\/2019\/06\/IMG_20190601_174208.jpg-1-1024x887.jpg?resize=2000%2C2000\"\/><\/figure><\/div><div class=\"tiled-gallery__col\"><figure class=\"tiled-gallery__item\"><img decoding=\"async\" alt=\"\" aria-label=\"image 5 of 5 in gallery\" data-height=\"3582\" data-id=\"2207\" data-link=\"https:\/\/fablab-montagny-pres-louhans.fr\/dav-31\/\" data-url=\"https:\/\/fablab-montagny-pres-louhans.fr\/wp-content\/uploads\/2019\/06\/IMG_20190601_174341.jpg-1-745x1024.jpg\" data-width=\"2606\" src=\"https:\/\/i2.wp.com\/www.labo-m.club\/wp-content\/uploads\/2019\/06\/IMG_20190601_174341.jpg-1-745x1024.jpg?resize=2000%2C2000\"\/><\/figure><\/div><\/div><\/div><\/div>\n\n\n\n<p class=\"has-medium-font-size\">En plus des stands habituellement pr\u00e9sent\u00e9s, comme La CAO avec notre \u00e9quipe de \u00ab\u00a0jeunes\u00a0\u00bb Tym\u00e9o, Clara, Louis et Calvin, on pouvait voir aussi des nouveaut\u00e9s avec la fraiseuse CNC et le graveur laser, une prouesse technique de Xavier qui pr\u00e9sentait une imprimante 3D surdimensionn\u00e9e et enti\u00e8rement faite \u00ab\u00a0maison\u00a0\u00bb; ainsi que des stands insolites comme les dessins de Fix sur tablette projet\u00e9s sur grand \u00e9cran, le mod\u00e8le r\u00e9duit de \u00ab\u00a0l&rsquo;Amilcar\u00a0\u00bb  et la machine \u00e0 vapeur de Daniel, la fabrication de flambeaux d\u00e9cor\u00e9s \u00e0 la cire de notre amie Yvonne. Amicalement notre mod\u00e8le Antin\u00e9a nous a rendu visite, elle est dans l&rsquo;attente de la finition de notre robe du futur.<\/p>\n\n\n\n<div class=\"wp-block-jetpack-tiled-gallery aligncenter is-style-rectangular\"><div class=\"tiled-gallery__gallery\"><div class=\"tiled-gallery__row\"><div class=\"tiled-gallery__col\"><figure class=\"tiled-gallery__item\"><img decoding=\"async\" alt=\"\" aria-label=\"image 1 of 10 in gallery\" data-height=\"2426\" data-id=\"2219\" data-link=\"https:\/\/fablab-montagny-pres-louhans.fr\/sdr-10\/\" data-url=\"https:\/\/fablab-montagny-pres-louhans.fr\/wp-content\/uploads\/2019\/06\/IMG_20190601_174802.jpg-1-1024x892.jpg\" data-width=\"2786\" src=\"https:\/\/i1.wp.com\/www.labo-m.club\/wp-content\/uploads\/2019\/06\/IMG_20190601_174802.jpg-1-1024x892.jpg\"\/><\/figure><figure class=\"tiled-gallery__item\"><img decoding=\"async\" alt=\"\" aria-label=\"image 2 of 10 in gallery\" data-height=\"1986\" data-id=\"2215\" data-link=\"https:\/\/fablab-montagny-pres-louhans.fr\/dav-35\/\" data-url=\"https:\/\/fablab-montagny-pres-louhans.fr\/wp-content\/uploads\/2019\/06\/IMG_20190601_175042.jpg-1-1024x690.jpg\" data-width=\"2947\" src=\"https:\/\/i0.wp.com\/www.labo-m.club\/wp-content\/uploads\/2019\/06\/IMG_20190601_175042.jpg-1-1024x690.jpg\"\/><\/figure><figure class=\"tiled-gallery__item\"><img decoding=\"async\" alt=\"\" aria-label=\"image 3 of 10 in gallery\" data-height=\"2484\" data-id=\"2214\" data-link=\"https:\/\/fablab-montagny-pres-louhans.fr\/sdr-9\/\" data-url=\"https:\/\/fablab-montagny-pres-louhans.fr\/wp-content\/uploads\/2019\/06\/IMG_20190601_174824.jpg-1-1024x1015.jpg\" data-width=\"2506\" src=\"https:\/\/i2.wp.com\/www.labo-m.club\/wp-content\/uploads\/2019\/06\/IMG_20190601_174824.jpg-1-1024x1015.jpg\"\/><\/figure><\/div><div class=\"tiled-gallery__col\"><figure class=\"tiled-gallery__item\"><img decoding=\"async\" alt=\"\" aria-label=\"image 4 of 10 in gallery\" data-height=\"2845\" data-id=\"2213\" data-link=\"https:\/\/fablab-montagny-pres-louhans.fr\/sdr-8\/\" data-url=\"https:\/\/fablab-montagny-pres-louhans.fr\/wp-content\/uploads\/2019\/06\/IMG_20190601_174748.jpg-1-942x1024.jpg\" data-width=\"2616\" src=\"https:\/\/i1.wp.com\/www.labo-m.club\/wp-content\/uploads\/2019\/06\/IMG_20190601_174748.jpg-1-942x1024.jpg\"\/><\/figure><\/div><\/div><div class=\"tiled-gallery__row\"><div class=\"tiled-gallery__col\"><figure class=\"tiled-gallery__item\"><img decoding=\"async\" alt=\"\" aria-label=\"image 5 of 10 in gallery\" data-height=\"3434\" data-id=\"2204\" data-link=\"https:\/\/fablab-montagny-pres-louhans.fr\/dav-28\/\" data-url=\"https:\/\/fablab-montagny-pres-louhans.fr\/wp-content\/uploads\/2019\/06\/IMG_20190601_172809.jpg-1-538x1024.jpg\" data-width=\"1803\" src=\"https:\/\/i1.wp.com\/www.labo-m.club\/wp-content\/uploads\/2019\/06\/IMG_20190601_172809.jpg-1-538x1024.jpg\"\/><\/figure><\/div><div class=\"tiled-gallery__col\"><figure class=\"tiled-gallery__item\"><img decoding=\"async\" alt=\"\" aria-label=\"image 6 of 10 in gallery\" data-height=\"1641\" data-id=\"2203\" data-link=\"https:\/\/fablab-montagny-pres-louhans.fr\/dav-27\/\" data-url=\"https:\/\/fablab-montagny-pres-louhans.fr\/wp-content\/uploads\/2019\/06\/IMG_20190601_121041.jpg-1-1024x557.jpg\" data-width=\"3018\" src=\"https:\/\/i0.wp.com\/www.labo-m.club\/wp-content\/uploads\/2019\/06\/IMG_20190601_121041.jpg-1-1024x557.jpg\"\/><\/figure><figure class=\"tiled-gallery__item\"><img decoding=\"async\" alt=\"\" aria-label=\"image 7 of 10 in gallery\" data-height=\"2252\" data-id=\"2210\" data-link=\"https:\/\/fablab-montagny-pres-louhans.fr\/dav-34\/\" data-url=\"https:\/\/fablab-montagny-pres-louhans.fr\/wp-content\/uploads\/2019\/06\/IMG_20190601_174530.jpg-1-1024x798.jpg\" data-width=\"2891\" src=\"https:\/\/i2.wp.com\/www.labo-m.club\/wp-content\/uploads\/2019\/06\/IMG_20190601_174530.jpg-1-1024x798.jpg\"\/><\/figure><figure class=\"tiled-gallery__item\"><img decoding=\"async\" alt=\"\" aria-label=\"image 8 of 10 in gallery\" data-height=\"2459\" data-id=\"2211\" data-link=\"https:\/\/fablab-montagny-pres-louhans.fr\/sdr-6\/\" data-url=\"https:\/\/fablab-montagny-pres-louhans.fr\/wp-content\/uploads\/2019\/06\/IMG_20190601_174617.jpg-1-1024x868.jpg\" data-width=\"2901\" src=\"https:\/\/i1.wp.com\/www.labo-m.club\/wp-content\/uploads\/2019\/06\/IMG_20190601_174617.jpg-1-1024x868.jpg\"\/><\/figure><\/div><\/div><div class=\"tiled-gallery__row\"><div class=\"tiled-gallery__col\"><figure class=\"tiled-gallery__item\"><img decoding=\"async\" alt=\"\" aria-label=\"image 9 of 10 in gallery\" data-height=\"2105\" data-id=\"2209\" data-link=\"https:\/\/fablab-montagny-pres-louhans.fr\/dav-33\/\" data-url=\"https:\/\/fablab-montagny-pres-louhans.fr\/wp-content\/uploads\/2019\/06\/IMG_20190601_174451.jpg-1-1024x624.jpg\" data-width=\"3452\" src=\"https:\/\/i2.wp.com\/www.labo-m.club\/wp-content\/uploads\/2019\/06\/IMG_20190601_174451.jpg-1-1024x624.jpg\"\/><\/figure><\/div><div class=\"tiled-gallery__col\"><figure class=\"tiled-gallery__item\"><img decoding=\"async\" alt=\"\" aria-label=\"image 10 of 10 in gallery\" data-height=\"1200\" data-id=\"2141\" data-link=\"https:\/\/fablab-montagny-pres-louhans.fr\/index.php\/2019\/05\/25\/le-fablab-sexporte\/img_1619\/\" data-url=\"https:\/\/fablab-montagny-pres-louhans.fr\/wp-content\/uploads\/2019\/05\/IMG_1619-1024x768.jpg\" data-width=\"1601\" src=\"https:\/\/i2.wp.com\/www.labo-m.club\/wp-content\/uploads\/2019\/05\/IMG_1619-1024x768.jpg\"\/><\/figure><\/div><\/div><\/div><\/div>\n\n\n\n<p class=\"has-medium-font-size\">Cette journ\u00e9e s&rsquo;est termin\u00e9e par un \u00ab\u00a0brunch\u00a0\u00bb pr\u00e9par\u00e9 par Elise, les pr\u00e9parations sal\u00e9es et sucr\u00e9es ap\u00e9ro et desserts cuisin\u00e9s par toutes les filles du Labo. Merci \u00e0 elles.<\/p>\n\n\n\n<p class=\"has-medium-font-size\">A l&rsquo;ann\u00e9e prochaine. <\/p>\n","protected":false},"excerpt":{"rendered":"<p>Cette ann\u00e9e \u00e9tait la cinqui\u00e8me \u00e9dition de notre Festilab. Si nous avons eu \u00e0 d\u00e9plorer l&rsquo;absence de Morgan retenu par des obligations, tous les adh\u00e9rents habituellement pr\u00e9sents au Labo ou lors des manifestations \u00e9taient l\u00e0. Cette ann\u00e9e encore nous avions le plaisir d&rsquo;accueillir Fran\u00e7ois Mocq et son \u00e9pouse :https:\/\/www.framboise314.fr\/ qui ont r\u00e9pondus favorablement \u00e0 notre [&hellip;]<\/p>\n","protected":false},"author":29,"featured_media":0,"comment_status":"closed","ping_status":"open","sticky":false,"template":"","format":"standard","meta":{"_et_pb_use_builder":"","_et_pb_old_content":"","_et_gb_content_width":"","rop_custom_images_group":[],"rop_custom_messages_group":[],"rop_publish_now":"initial","rop_publish_now_accounts":{"facebook_1992431424458146_173380702515979":""},"rop_publish_now_history":[],"rop_publish_now_status":"pending","footnotes":""},"categories":[2],"tags":[],"class_list":["post-2200","post","type-post","status-publish","format-standard","hentry","category-news"],"yoast_head":"<!-- This site is optimized with the Yoast SEO plugin v27.3 - https:\/\/yoast.com\/product\/yoast-seo-wordpress\/ -->\n<title>Festilab 2019 - Le FabLab<\/title>\n<meta name=\"robots\" content=\"noindex, follow, max-snippet:-1, max-image-preview:large, max-video-preview:-1\" \/>\n<meta property=\"og:locale\" content=\"fr_FR\" \/>\n<meta property=\"og:type\" content=\"article\" \/>\n<meta property=\"og:title\" content=\"Festilab 2019 - Le FabLab\" \/>\n<meta property=\"og:description\" content=\"Cette ann\u00e9e \u00e9tait la cinqui\u00e8me \u00e9dition de notre Festilab. Si nous avons eu \u00e0 d\u00e9plorer l&rsquo;absence de Morgan retenu par des obligations, tous les adh\u00e9rents habituellement pr\u00e9sents au Labo ou lors des manifestations \u00e9taient l\u00e0. Cette ann\u00e9e encore nous avions le plaisir d&rsquo;accueillir Fran\u00e7ois Mocq et son \u00e9pouse :https:\/\/www.framboise314.fr\/ qui ont r\u00e9pondus favorablement \u00e0 notre [&hellip;]\" \/>\n<meta property=\"og:url\" content=\"https:\/\/fablab-montagny-pres-louhans.fr\/index.php\/2019\/06\/04\/festilab-2019\/\" \/>\n<meta property=\"og:site_name\" content=\"Le FabLab\" \/>\n<meta property=\"article:publisher\" content=\"https:\/\/www.facebook.com\/fablab.labom\/\" \/>\n<meta property=\"article:published_time\" content=\"2019-06-04T09:47:17+00:00\" \/>\n<meta property=\"article:modified_time\" content=\"2019-06-04T16:36:55+00:00\" \/>\n<meta property=\"og:image\" content=\"https:\/\/i0.wp.com\/www.labo-m.club\/wp-content\/uploads\/2019\/06\/IMG_20190601_180141.jpg-1-861x1024.jpg\" \/>\n<meta name=\"author\" content=\"Roger Remondy\" \/>\n<meta name=\"twitter:card\" content=\"summary_large_image\" \/>\n<meta name=\"twitter:label1\" content=\"\u00c9crit par\" \/>\n\t<meta name=\"twitter:data1\" content=\"Roger Remondy\" \/>\n\t<meta name=\"twitter:label2\" content=\"Dur\u00e9e de lecture estim\u00e9e\" \/>\n\t<meta name=\"twitter:data2\" content=\"2 minutes\" \/>\n<script type=\"application\/ld+json\" class=\"yoast-schema-graph\">{\"@context\":\"https:\\\/\\\/schema.org\",\"@graph\":[{\"@type\":\"Article\",\"@id\":\"https:\\\/\\\/fablab-montagny-pres-louhans.fr\\\/index.php\\\/2019\\\/06\\\/04\\\/festilab-2019\\\/#article\",\"isPartOf\":{\"@id\":\"https:\\\/\\\/fablab-montagny-pres-louhans.fr\\\/index.php\\\/2019\\\/06\\\/04\\\/festilab-2019\\\/\"},\"author\":{\"name\":\"Roger Remondy\",\"@id\":\"https:\\\/\\\/fablab-montagny-pres-louhans.fr\\\/#\\\/schema\\\/person\\\/b4b47741bdde563325530989455fe7de\"},\"headline\":\"Festilab 2019\",\"datePublished\":\"2019-06-04T09:47:17+00:00\",\"dateModified\":\"2019-06-04T16:36:55+00:00\",\"mainEntityOfPage\":{\"@id\":\"https:\\\/\\\/fablab-montagny-pres-louhans.fr\\\/index.php\\\/2019\\\/06\\\/04\\\/festilab-2019\\\/\"},\"wordCount\":328,\"publisher\":{\"@id\":\"https:\\\/\\\/fablab-montagny-pres-louhans.fr\\\/#organization\"},\"image\":{\"@id\":\"https:\\\/\\\/fablab-montagny-pres-louhans.fr\\\/index.php\\\/2019\\\/06\\\/04\\\/festilab-2019\\\/#primaryimage\"},\"thumbnailUrl\":\"https:\\\/\\\/i0.wp.com\\\/www.labo-m.club\\\/wp-content\\\/uploads\\\/2019\\\/06\\\/IMG_20190601_180141.jpg-1-861x1024.jpg\",\"articleSection\":[\"News\"],\"inLanguage\":\"fr-FR\"},{\"@type\":\"WebPage\",\"@id\":\"https:\\\/\\\/fablab-montagny-pres-louhans.fr\\\/index.php\\\/2019\\\/06\\\/04\\\/festilab-2019\\\/\",\"url\":\"https:\\\/\\\/fablab-montagny-pres-louhans.fr\\\/index.php\\\/2019\\\/06\\\/04\\\/festilab-2019\\\/\",\"name\":\"Festilab 2019 - Le FabLab\",\"isPartOf\":{\"@id\":\"https:\\\/\\\/fablab-montagny-pres-louhans.fr\\\/#website\"},\"primaryImageOfPage\":{\"@id\":\"https:\\\/\\\/fablab-montagny-pres-louhans.fr\\\/index.php\\\/2019\\\/06\\\/04\\\/festilab-2019\\\/#primaryimage\"},\"image\":{\"@id\":\"https:\\\/\\\/fablab-montagny-pres-louhans.fr\\\/index.php\\\/2019\\\/06\\\/04\\\/festilab-2019\\\/#primaryimage\"},\"thumbnailUrl\":\"https:\\\/\\\/i0.wp.com\\\/www.labo-m.club\\\/wp-content\\\/uploads\\\/2019\\\/06\\\/IMG_20190601_180141.jpg-1-861x1024.jpg\",\"datePublished\":\"2019-06-04T09:47:17+00:00\",\"dateModified\":\"2019-06-04T16:36:55+00:00\",\"breadcrumb\":{\"@id\":\"https:\\\/\\\/fablab-montagny-pres-louhans.fr\\\/index.php\\\/2019\\\/06\\\/04\\\/festilab-2019\\\/#breadcrumb\"},\"inLanguage\":\"fr-FR\",\"potentialAction\":[{\"@type\":\"ReadAction\",\"target\":[\"https:\\\/\\\/fablab-montagny-pres-louhans.fr\\\/index.php\\\/2019\\\/06\\\/04\\\/festilab-2019\\\/\"]}]},{\"@type\":\"ImageObject\",\"inLanguage\":\"fr-FR\",\"@id\":\"https:\\\/\\\/fablab-montagny-pres-louhans.fr\\\/index.php\\\/2019\\\/06\\\/04\\\/festilab-2019\\\/#primaryimage\",\"url\":\"https:\\\/\\\/i0.wp.com\\\/www.labo-m.club\\\/wp-content\\\/uploads\\\/2019\\\/06\\\/IMG_20190601_180141.jpg-1-861x1024.jpg\",\"contentUrl\":\"https:\\\/\\\/i0.wp.com\\\/www.labo-m.club\\\/wp-content\\\/uploads\\\/2019\\\/06\\\/IMG_20190601_180141.jpg-1-861x1024.jpg\"},{\"@type\":\"BreadcrumbList\",\"@id\":\"https:\\\/\\\/fablab-montagny-pres-louhans.fr\\\/index.php\\\/2019\\\/06\\\/04\\\/festilab-2019\\\/#breadcrumb\",\"itemListElement\":[{\"@type\":\"ListItem\",\"position\":1,\"name\":\"Accueil\",\"item\":\"https:\\\/\\\/fablab-montagny-pres-louhans.fr\\\/\"},{\"@type\":\"ListItem\",\"position\":2,\"name\":\"Festilab 2019\"}]},{\"@type\":\"WebSite\",\"@id\":\"https:\\\/\\\/fablab-montagny-pres-louhans.fr\\\/#website\",\"url\":\"https:\\\/\\\/fablab-montagny-pres-louhans.fr\\\/\",\"name\":\"Le FabLab\",\"description\":\"Le premier de Bresse\",\"publisher\":{\"@id\":\"https:\\\/\\\/fablab-montagny-pres-louhans.fr\\\/#organization\"},\"potentialAction\":[{\"@type\":\"SearchAction\",\"target\":{\"@type\":\"EntryPoint\",\"urlTemplate\":\"https:\\\/\\\/fablab-montagny-pres-louhans.fr\\\/?s={search_term_string}\"},\"query-input\":{\"@type\":\"PropertyValueSpecification\",\"valueRequired\":true,\"valueName\":\"search_term_string\"}}],\"inLanguage\":\"fr-FR\"},{\"@type\":\"Organization\",\"@id\":\"https:\\\/\\\/fablab-montagny-pres-louhans.fr\\\/#organization\",\"name\":\"Le FabLab\",\"url\":\"https:\\\/\\\/fablab-montagny-pres-louhans.fr\\\/\",\"logo\":{\"@type\":\"ImageObject\",\"inLanguage\":\"fr-FR\",\"@id\":\"https:\\\/\\\/fablab-montagny-pres-louhans.fr\\\/#\\\/schema\\\/logo\\\/image\\\/\",\"url\":\"https:\\\/\\\/fablab-montagny-pres-louhans.fr\\\/wp-content\\\/uploads\\\/2023\\\/02\\\/FABALB-logo.png\",\"contentUrl\":\"https:\\\/\\\/fablab-montagny-pres-louhans.fr\\\/wp-content\\\/uploads\\\/2023\\\/02\\\/FABALB-logo.png\",\"width\":250,\"height\":260,\"caption\":\"Le FabLab\"},\"image\":{\"@id\":\"https:\\\/\\\/fablab-montagny-pres-louhans.fr\\\/#\\\/schema\\\/logo\\\/image\\\/\"},\"sameAs\":[\"https:\\\/\\\/www.facebook.com\\\/fablab.labom\\\/\"]},{\"@type\":\"Person\",\"@id\":\"https:\\\/\\\/fablab-montagny-pres-louhans.fr\\\/#\\\/schema\\\/person\\\/b4b47741bdde563325530989455fe7de\",\"name\":\"Roger Remondy\",\"image\":{\"@type\":\"ImageObject\",\"inLanguage\":\"fr-FR\",\"@id\":\"https:\\\/\\\/fablab-montagny-pres-louhans.fr\\\/wp-content\\\/litespeed\\\/avatar\\\/0636c9b2c03e4d83e562c27b768bd1cb.jpg?ver=1777239698\",\"url\":\"https:\\\/\\\/fablab-montagny-pres-louhans.fr\\\/wp-content\\\/litespeed\\\/avatar\\\/0636c9b2c03e4d83e562c27b768bd1cb.jpg?ver=1777239698\",\"contentUrl\":\"https:\\\/\\\/fablab-montagny-pres-louhans.fr\\\/wp-content\\\/litespeed\\\/avatar\\\/0636c9b2c03e4d83e562c27b768bd1cb.jpg?ver=1777239698\",\"caption\":\"Roger Remondy\"},\"url\":\"https:\\\/\\\/fablab-montagny-pres-louhans.fr\\\/index.php\\\/author\\\/roger\\\/\"}]}<\/script>\n<!-- \/ Yoast SEO plugin. -->","yoast_head_json":{"title":"Festilab 2019 - Le FabLab","robots":{"index":"noindex","follow":"follow","max-snippet":"max-snippet:-1","max-image-preview":"max-image-preview:large","max-video-preview":"max-video-preview:-1"},"og_locale":"fr_FR","og_type":"article","og_title":"Festilab 2019 - Le FabLab","og_description":"Cette ann\u00e9e \u00e9tait la cinqui\u00e8me \u00e9dition de notre Festilab. Si nous avons eu \u00e0 d\u00e9plorer l&rsquo;absence de Morgan retenu par des obligations, tous les adh\u00e9rents habituellement pr\u00e9sents au Labo ou lors des manifestations \u00e9taient l\u00e0. Cette ann\u00e9e encore nous avions le plaisir d&rsquo;accueillir Fran\u00e7ois Mocq et son \u00e9pouse :https:\/\/www.framboise314.fr\/ qui ont r\u00e9pondus favorablement \u00e0 notre [&hellip;]","og_url":"https:\/\/fablab-montagny-pres-louhans.fr\/index.php\/2019\/06\/04\/festilab-2019\/","og_site_name":"Le FabLab","article_publisher":"https:\/\/www.facebook.com\/fablab.labom\/","article_published_time":"2019-06-04T09:47:17+00:00","article_modified_time":"2019-06-04T16:36:55+00:00","og_image":[{"url":"https:\/\/i0.wp.com\/www.labo-m.club\/wp-content\/uploads\/2019\/06\/IMG_20190601_180141.jpg-1-861x1024.jpg","type":"","width":"","height":""}],"author":"Roger Remondy","twitter_card":"summary_large_image","twitter_misc":{"\u00c9crit par":"Roger Remondy","Dur\u00e9e de lecture estim\u00e9e":"2 minutes"},"schema":{"@context":"https:\/\/schema.org","@graph":[{"@type":"Article","@id":"https:\/\/fablab-montagny-pres-louhans.fr\/index.php\/2019\/06\/04\/festilab-2019\/#article","isPartOf":{"@id":"https:\/\/fablab-montagny-pres-louhans.fr\/index.php\/2019\/06\/04\/festilab-2019\/"},"author":{"name":"Roger Remondy","@id":"https:\/\/fablab-montagny-pres-louhans.fr\/#\/schema\/person\/b4b47741bdde563325530989455fe7de"},"headline":"Festilab 2019","datePublished":"2019-06-04T09:47:17+00:00","dateModified":"2019-06-04T16:36:55+00:00","mainEntityOfPage":{"@id":"https:\/\/fablab-montagny-pres-louhans.fr\/index.php\/2019\/06\/04\/festilab-2019\/"},"wordCount":328,"publisher":{"@id":"https:\/\/fablab-montagny-pres-louhans.fr\/#organization"},"image":{"@id":"https:\/\/fablab-montagny-pres-louhans.fr\/index.php\/2019\/06\/04\/festilab-2019\/#primaryimage"},"thumbnailUrl":"https:\/\/i0.wp.com\/www.labo-m.club\/wp-content\/uploads\/2019\/06\/IMG_20190601_180141.jpg-1-861x1024.jpg","articleSection":["News"],"inLanguage":"fr-FR"},{"@type":"WebPage","@id":"https:\/\/fablab-montagny-pres-louhans.fr\/index.php\/2019\/06\/04\/festilab-2019\/","url":"https:\/\/fablab-montagny-pres-louhans.fr\/index.php\/2019\/06\/04\/festilab-2019\/","name":"Festilab 2019 - Le FabLab","isPartOf":{"@id":"https:\/\/fablab-montagny-pres-louhans.fr\/#website"},"primaryImageOfPage":{"@id":"https:\/\/fablab-montagny-pres-louhans.fr\/index.php\/2019\/06\/04\/festilab-2019\/#primaryimage"},"image":{"@id":"https:\/\/fablab-montagny-pres-louhans.fr\/index.php\/2019\/06\/04\/festilab-2019\/#primaryimage"},"thumbnailUrl":"https:\/\/i0.wp.com\/www.labo-m.club\/wp-content\/uploads\/2019\/06\/IMG_20190601_180141.jpg-1-861x1024.jpg","datePublished":"2019-06-04T09:47:17+00:00","dateModified":"2019-06-04T16:36:55+00:00","breadcrumb":{"@id":"https:\/\/fablab-montagny-pres-louhans.fr\/index.php\/2019\/06\/04\/festilab-2019\/#breadcrumb"},"inLanguage":"fr-FR","potentialAction":[{"@type":"ReadAction","target":["https:\/\/fablab-montagny-pres-louhans.fr\/index.php\/2019\/06\/04\/festilab-2019\/"]}]},{"@type":"ImageObject","inLanguage":"fr-FR","@id":"https:\/\/fablab-montagny-pres-louhans.fr\/index.php\/2019\/06\/04\/festilab-2019\/#primaryimage","url":"https:\/\/i0.wp.com\/www.labo-m.club\/wp-content\/uploads\/2019\/06\/IMG_20190601_180141.jpg-1-861x1024.jpg","contentUrl":"https:\/\/i0.wp.com\/www.labo-m.club\/wp-content\/uploads\/2019\/06\/IMG_20190601_180141.jpg-1-861x1024.jpg"},{"@type":"BreadcrumbList","@id":"https:\/\/fablab-montagny-pres-louhans.fr\/index.php\/2019\/06\/04\/festilab-2019\/#breadcrumb","itemListElement":[{"@type":"ListItem","position":1,"name":"Accueil","item":"https:\/\/fablab-montagny-pres-louhans.fr\/"},{"@type":"ListItem","position":2,"name":"Festilab 2019"}]},{"@type":"WebSite","@id":"https:\/\/fablab-montagny-pres-louhans.fr\/#website","url":"https:\/\/fablab-montagny-pres-louhans.fr\/","name":"Le FabLab","description":"Le premier de Bresse","publisher":{"@id":"https:\/\/fablab-montagny-pres-louhans.fr\/#organization"},"potentialAction":[{"@type":"SearchAction","target":{"@type":"EntryPoint","urlTemplate":"https:\/\/fablab-montagny-pres-louhans.fr\/?s={search_term_string}"},"query-input":{"@type":"PropertyValueSpecification","valueRequired":true,"valueName":"search_term_string"}}],"inLanguage":"fr-FR"},{"@type":"Organization","@id":"https:\/\/fablab-montagny-pres-louhans.fr\/#organization","name":"Le FabLab","url":"https:\/\/fablab-montagny-pres-louhans.fr\/","logo":{"@type":"ImageObject","inLanguage":"fr-FR","@id":"https:\/\/fablab-montagny-pres-louhans.fr\/#\/schema\/logo\/image\/","url":"https:\/\/fablab-montagny-pres-louhans.fr\/wp-content\/uploads\/2023\/02\/FABALB-logo.png","contentUrl":"https:\/\/fablab-montagny-pres-louhans.fr\/wp-content\/uploads\/2023\/02\/FABALB-logo.png","width":250,"height":260,"caption":"Le FabLab"},"image":{"@id":"https:\/\/fablab-montagny-pres-louhans.fr\/#\/schema\/logo\/image\/"},"sameAs":["https:\/\/www.facebook.com\/fablab.labom\/"]},{"@type":"Person","@id":"https:\/\/fablab-montagny-pres-louhans.fr\/#\/schema\/person\/b4b47741bdde563325530989455fe7de","name":"Roger Remondy","image":{"@type":"ImageObject","inLanguage":"fr-FR","@id":"https:\/\/fablab-montagny-pres-louhans.fr\/wp-content\/litespeed\/avatar\/0636c9b2c03e4d83e562c27b768bd1cb.jpg?ver=1777239698","url":"https:\/\/fablab-montagny-pres-louhans.fr\/wp-content\/litespeed\/avatar\/0636c9b2c03e4d83e562c27b768bd1cb.jpg?ver=1777239698","contentUrl":"https:\/\/fablab-montagny-pres-louhans.fr\/wp-content\/litespeed\/avatar\/0636c9b2c03e4d83e562c27b768bd1cb.jpg?ver=1777239698","caption":"Roger Remondy"},"url":"https:\/\/fablab-montagny-pres-louhans.fr\/index.php\/author\/roger\/"}]}},"_links":{"self":[{"href":"https:\/\/fablab-montagny-pres-louhans.fr\/index.php\/wp-json\/wp\/v2\/posts\/2200","targetHints":{"allow":["GET"]}}],"collection":[{"href":"https:\/\/fablab-montagny-pres-louhans.fr\/index.php\/wp-json\/wp\/v2\/posts"}],"about":[{"href":"https:\/\/fablab-montagny-pres-louhans.fr\/index.php\/wp-json\/wp\/v2\/types\/post"}],"author":[{"embeddable":true,"href":"https:\/\/fablab-montagny-pres-louhans.fr\/index.php\/wp-json\/wp\/v2\/users\/29"}],"replies":[{"embeddable":true,"href":"https:\/\/fablab-montagny-pres-louhans.fr\/index.php\/wp-json\/wp\/v2\/comments?post=2200"}],"version-history":[{"count":11,"href":"https:\/\/fablab-montagny-pres-louhans.fr\/index.php\/wp-json\/wp\/v2\/posts\/2200\/revisions"}],"predecessor-version":[{"id":2243,"href":"https:\/\/fablab-montagny-pres-louhans.fr\/index.php\/wp-json\/wp\/v2\/posts\/2200\/revisions\/2243"}],"wp:attachment":[{"href":"https:\/\/fablab-montagny-pres-louhans.fr\/index.php\/wp-json\/wp\/v2\/media?parent=2200"}],"wp:term":[{"taxonomy":"category","embeddable":true,"href":"https:\/\/fablab-montagny-pres-louhans.fr\/index.php\/wp-json\/wp\/v2\/categories?post=2200"},{"taxonomy":"post_tag","embeddable":true,"href":"https:\/\/fablab-montagny-pres-louhans.fr\/index.php\/wp-json\/wp\/v2\/tags?post=2200"}],"curies":[{"name":"wp","href":"https:\/\/api.w.org\/{rel}","templated":true}]}}