{"id":1987,"date":"2019-04-06T07:20:04","date_gmt":"2019-04-06T05:20:04","guid":{"rendered":"https:\/\/fablab-montagny-pres-louhans.fr\/?p=1987"},"modified":"2019-04-06T07:35:51","modified_gmt":"2019-04-06T05:35:51","slug":"le-carnaval-des-enfants","status":"publish","type":"post","link":"https:\/\/fablab-montagny-pres-louhans.fr\/index.php\/2019\/04\/06\/le-carnaval-des-enfants\/","title":{"rendered":"Le Carnaval des enfants"},"content":{"rendered":"\n<p><\/p>\n\n\n\n<ul class=\"wp-block-gallery columns-1 is-cropped wp-block-gallery-1 is-layout-flex wp-block-gallery-is-layout-flex\"><li class=\"blocks-gallery-item\"><figure><img loading=\"lazy\" decoding=\"async\" width=\"596\" height=\"418\" src=\"https:\/\/fablab-montagny-pres-louhans.fr\/wp-content\/uploads\/2019\/04\/robot-pour-les-garcons-et-princesse-pour-les-filles-1551546166.jpg-5.jpg\" alt=\"\" data-id=\"1985\" data-link=\"https:\/\/fablab-montagny-pres-louhans.fr\/robot-pour-les-garcons-et-princesse-pour-les-filles-1551546166-jpg-5\/\" class=\"wp-image-1985\" srcset=\"https:\/\/fablab-montagny-pres-louhans.fr\/wp-content\/uploads\/2019\/04\/robot-pour-les-garcons-et-princesse-pour-les-filles-1551546166.jpg-5.jpg 596w, https:\/\/fablab-montagny-pres-louhans.fr\/wp-content\/uploads\/2019\/04\/robot-pour-les-garcons-et-princesse-pour-les-filles-1551546166.jpg-5-300x210.jpg 300w\" sizes=\"(max-width: 596px) 100vw, 596px\" \/><figcaption>La rencontre improbable d&rsquo;une petite geisha <br><br>et d&rsquo;un storm trooper<\/figcaption><\/figure><\/li><\/ul>\n\n\n\n<p>Les dames des Loisirs Cr\u00e9atifs qui ont plein d&rsquo;id\u00e9es, le c\u0153ur sur la main, et sont de supers bricoleuses avaient d\u00e9cid\u00e9 de fabriquer b\u00e9n\u00e9volement lors d&rsquo;ateliers sp\u00e9cifiques des costumes pour les enfants des \u00e9coles. Cela faisait d\u00e9j\u00e0 plusieurs semaines &#8211; d\u00e8s mi-novembre &#8211; que les parents des petits du RPI Ratte \/ Montagny avaient \u00e9t\u00e9 invit\u00e9 \u00e0 passer au fablab accompagn\u00e9s de leurs enfants pour choisir leur costume de carnaval et faire prendre leurs mensurations. Malgr\u00e9 une forte incitation \u00e0 casser les codes traditionnels des genres; devinez qui choisissaient les robes de princesses et les costumes de f\u00e9es ? Ben oui pas de surprises, et les uniformes de guerriers ? Bon, nous avions la confirmation que d\u00e9but 2019 les petites filles r\u00eavent toujours et les gar\u00e7ons aiment la bagarre. Attention : un costume de carnaval c&rsquo;est du s\u00e9rieux et une ou deux s\u00e9ances d&rsquo;essayages \u00e9taient n\u00e9cessaires afin que les princesses soient \u00e0 m\u00eame de s\u00e9duire les redoutables guerriers. Mardi gras, tombant cette ann\u00e9e un mardi; tiens ! comme c&rsquo;est bizarre ! C&rsquo;est donc naturellement le samedi 2 mars qu&rsquo;avait lieu le d\u00e9fil\u00e9 dans les rues du village sous un ciel mena\u00e7ant mais cl\u00e9ment jusqu&rsquo;au retour au fablab.  <br><\/p>\n\n\n\n<div class=\"wp-block-jetpack-tiled-gallery aligncenter is-style-rectangular\"><div class=\"tiled-gallery__gallery\"><div class=\"tiled-gallery__row\"><div class=\"tiled-gallery__col\"><figure class=\"tiled-gallery__item\"><img decoding=\"async\" alt=\"\" aria-label=\"image 1 of 4 in gallery\" data-height=\"418\" data-id=\"1986\" data-link=\"https:\/\/fablab-montagny-pres-louhans.fr\/toutes-generations-confondues-1551546166-jpg-2\/\" data-url=\"https:\/\/fablab-montagny-pres-louhans.fr\/wp-content\/uploads\/2019\/04\/toutes-generations-confondues-1551546166.jpg-2.jpg\" data-width=\"596\" src=\"https:\/\/i1.wp.com\/www.labo-m.club\/wp-content\/uploads\/2019\/04\/toutes-generations-confondues-1551546166.jpg-2.jpg\"\/><\/figure><\/div><div class=\"tiled-gallery__col\"><figure class=\"tiled-gallery__item\"><img decoding=\"async\" alt=\"\" aria-label=\"image 2 of 4 in gallery\" data-height=\"418\" data-id=\"1984\" data-link=\"https:\/\/fablab-montagny-pres-louhans.fr\/pause-musicale-avant-le-gouter-1551546166-jpg-4\/\" data-url=\"https:\/\/fablab-montagny-pres-louhans.fr\/wp-content\/uploads\/2019\/04\/pause-musicale-avant-le-gouter-1551546166.jpg-4.jpg\" data-width=\"596\" src=\"https:\/\/i2.wp.com\/www.labo-m.club\/wp-content\/uploads\/2019\/04\/pause-musicale-avant-le-gouter-1551546166.jpg-4.jpg\"\/><\/figure><figure class=\"tiled-gallery__item\"><img decoding=\"async\" alt=\"\" aria-label=\"image 3 of 4 in gallery\" data-height=\"418\" data-id=\"1983\" data-link=\"https:\/\/fablab-montagny-pres-louhans.fr\/en-tout-ils-etaient-une-cinquantaine-a-defiler-1551546166-jpg-1\/\" data-url=\"https:\/\/fablab-montagny-pres-louhans.fr\/wp-content\/uploads\/2019\/04\/en-tout-ils-etaient-une-cinquantaine-a-defiler-1551546166.jpg-1.jpg\" data-width=\"596\" src=\"https:\/\/i1.wp.com\/www.labo-m.club\/wp-content\/uploads\/2019\/04\/en-tout-ils-etaient-une-cinquantaine-a-defiler-1551546166.jpg-1.jpg\"\/><\/figure><\/div><\/div><div class=\"tiled-gallery__row\"><div class=\"tiled-gallery__col\"><figure class=\"tiled-gallery__item\"><img decoding=\"async\" alt=\"\" aria-label=\"image 4 of 4 in gallery\" data-height=\"418\" data-id=\"1982\" data-link=\"https:\/\/fablab-montagny-pres-louhans.fr\/avec-la-petite-pluie-on-sort-les-parapluies-1551546166-jpg-3\/\" data-url=\"https:\/\/fablab-montagny-pres-louhans.fr\/wp-content\/uploads\/2019\/04\/avec-la-petite-pluie-on-sort-les-parapluies-1551546166.jpg-3.jpg\" data-width=\"596\" src=\"https:\/\/i1.wp.com\/www.labo-m.club\/wp-content\/uploads\/2019\/04\/avec-la-petite-pluie-on-sort-les-parapluies-1551546166.jpg-3.jpg\"\/><\/figure><\/div><\/div><\/div><\/div>\n\n\n\n<p>Un solide go\u00fbter attendait les participants au fablab. Autour des tables \u00e9tait r\u00e9uni un joyeux m\u00e9lange de caribou, personnages d&rsquo;une autre \u00e9poque, chimiste, clown, et autres \u00e9tranget\u00e9s. Voil\u00e0 une journ\u00e9e bien sympathoche ma foi. Alors\u2026 \u00e0 l&rsquo;ann\u00e9e prochaine&#8230;peut-\u00eatre.<\/p>\n","protected":false},"excerpt":{"rendered":"<p>Les dames des Loisirs Cr\u00e9atifs qui ont plein d&rsquo;id\u00e9es, le c\u0153ur sur la main, et sont de supers bricoleuses avaient d\u00e9cid\u00e9 de fabriquer b\u00e9n\u00e9volement lors d&rsquo;ateliers sp\u00e9cifiques des costumes pour les enfants des \u00e9coles. Cela faisait d\u00e9j\u00e0 plusieurs semaines &#8211; d\u00e8s mi-novembre &#8211; que les parents des petits du RPI Ratte \/ Montagny avaient \u00e9t\u00e9 [&hellip;]<\/p>\n","protected":false},"author":29,"featured_media":0,"comment_status":"closed","ping_status":"open","sticky":false,"template":"","format":"standard","meta":{"_et_pb_use_builder":"","_et_pb_old_content":"","_et_gb_content_width":"","rop_custom_images_group":[],"rop_custom_messages_group":[],"rop_publish_now":"initial","rop_publish_now_accounts":{"facebook_1992431424458146_173380702515979":""},"rop_publish_now_history":[],"rop_publish_now_status":"pending","footnotes":""},"categories":[2],"tags":[],"class_list":["post-1987","post","type-post","status-publish","format-standard","hentry","category-news"],"yoast_head":"<!-- This site is optimized with the Yoast SEO plugin v27.3 - https:\/\/yoast.com\/product\/yoast-seo-wordpress\/ -->\n<title>Le Carnaval des enfants - Le FabLab<\/title>\n<meta name=\"robots\" content=\"noindex, follow, max-snippet:-1, max-image-preview:large, max-video-preview:-1\" \/>\n<meta property=\"og:locale\" content=\"fr_FR\" \/>\n<meta property=\"og:type\" content=\"article\" \/>\n<meta property=\"og:title\" content=\"Le Carnaval des enfants - Le FabLab\" \/>\n<meta property=\"og:description\" content=\"Les dames des Loisirs Cr\u00e9atifs qui ont plein d&rsquo;id\u00e9es, le c\u0153ur sur la main, et sont de supers bricoleuses avaient d\u00e9cid\u00e9 de fabriquer b\u00e9n\u00e9volement lors d&rsquo;ateliers sp\u00e9cifiques des costumes pour les enfants des \u00e9coles. Cela faisait d\u00e9j\u00e0 plusieurs semaines &#8211; d\u00e8s mi-novembre &#8211; que les parents des petits du RPI Ratte \/ Montagny avaient \u00e9t\u00e9 [&hellip;]\" \/>\n<meta property=\"og:url\" content=\"https:\/\/fablab-montagny-pres-louhans.fr\/index.php\/2019\/04\/06\/le-carnaval-des-enfants\/\" \/>\n<meta property=\"og:site_name\" content=\"Le FabLab\" \/>\n<meta property=\"article:publisher\" content=\"https:\/\/www.facebook.com\/fablab.labom\/\" \/>\n<meta property=\"article:published_time\" content=\"2019-04-06T05:20:04+00:00\" \/>\n<meta property=\"article:modified_time\" content=\"2019-04-06T05:35:51+00:00\" \/>\n<meta property=\"og:image\" content=\"https:\/\/fablab-montagny-pres-louhans.fr\/wp-content\/uploads\/2019\/04\/robot-pour-les-garcons-et-princesse-pour-les-filles-1551546166.jpg-5.jpg\" \/>\n<meta name=\"author\" content=\"Roger Remondy\" \/>\n<meta name=\"twitter:card\" content=\"summary_large_image\" \/>\n<meta name=\"twitter:label1\" content=\"\u00c9crit par\" \/>\n\t<meta name=\"twitter:data1\" content=\"Roger Remondy\" \/>\n\t<meta name=\"twitter:label2\" content=\"Dur\u00e9e de lecture estim\u00e9e\" \/>\n\t<meta name=\"twitter:data2\" content=\"1 minute\" \/>\n<script type=\"application\/ld+json\" class=\"yoast-schema-graph\">{\"@context\":\"https:\\\/\\\/schema.org\",\"@graph\":[{\"@type\":\"Article\",\"@id\":\"https:\\\/\\\/fablab-montagny-pres-louhans.fr\\\/index.php\\\/2019\\\/04\\\/06\\\/le-carnaval-des-enfants\\\/#article\",\"isPartOf\":{\"@id\":\"https:\\\/\\\/fablab-montagny-pres-louhans.fr\\\/index.php\\\/2019\\\/04\\\/06\\\/le-carnaval-des-enfants\\\/\"},\"author\":{\"name\":\"Roger Remondy\",\"@id\":\"https:\\\/\\\/fablab-montagny-pres-louhans.fr\\\/#\\\/schema\\\/person\\\/b4b47741bdde563325530989455fe7de\"},\"headline\":\"Le Carnaval des enfants\",\"datePublished\":\"2019-04-06T05:20:04+00:00\",\"dateModified\":\"2019-04-06T05:35:51+00:00\",\"mainEntityOfPage\":{\"@id\":\"https:\\\/\\\/fablab-montagny-pres-louhans.fr\\\/index.php\\\/2019\\\/04\\\/06\\\/le-carnaval-des-enfants\\\/\"},\"wordCount\":268,\"publisher\":{\"@id\":\"https:\\\/\\\/fablab-montagny-pres-louhans.fr\\\/#organization\"},\"image\":{\"@id\":\"https:\\\/\\\/fablab-montagny-pres-louhans.fr\\\/index.php\\\/2019\\\/04\\\/06\\\/le-carnaval-des-enfants\\\/#primaryimage\"},\"thumbnailUrl\":\"https:\\\/\\\/fablab-montagny-pres-louhans.fr\\\/wp-content\\\/uploads\\\/2019\\\/04\\\/robot-pour-les-garcons-et-princesse-pour-les-filles-1551546166.jpg-5.jpg\",\"articleSection\":[\"News\"],\"inLanguage\":\"fr-FR\"},{\"@type\":\"WebPage\",\"@id\":\"https:\\\/\\\/fablab-montagny-pres-louhans.fr\\\/index.php\\\/2019\\\/04\\\/06\\\/le-carnaval-des-enfants\\\/\",\"url\":\"https:\\\/\\\/fablab-montagny-pres-louhans.fr\\\/index.php\\\/2019\\\/04\\\/06\\\/le-carnaval-des-enfants\\\/\",\"name\":\"Le Carnaval des enfants - Le FabLab\",\"isPartOf\":{\"@id\":\"https:\\\/\\\/fablab-montagny-pres-louhans.fr\\\/#website\"},\"primaryImageOfPage\":{\"@id\":\"https:\\\/\\\/fablab-montagny-pres-louhans.fr\\\/index.php\\\/2019\\\/04\\\/06\\\/le-carnaval-des-enfants\\\/#primaryimage\"},\"image\":{\"@id\":\"https:\\\/\\\/fablab-montagny-pres-louhans.fr\\\/index.php\\\/2019\\\/04\\\/06\\\/le-carnaval-des-enfants\\\/#primaryimage\"},\"thumbnailUrl\":\"https:\\\/\\\/fablab-montagny-pres-louhans.fr\\\/wp-content\\\/uploads\\\/2019\\\/04\\\/robot-pour-les-garcons-et-princesse-pour-les-filles-1551546166.jpg-5.jpg\",\"datePublished\":\"2019-04-06T05:20:04+00:00\",\"dateModified\":\"2019-04-06T05:35:51+00:00\",\"breadcrumb\":{\"@id\":\"https:\\\/\\\/fablab-montagny-pres-louhans.fr\\\/index.php\\\/2019\\\/04\\\/06\\\/le-carnaval-des-enfants\\\/#breadcrumb\"},\"inLanguage\":\"fr-FR\",\"potentialAction\":[{\"@type\":\"ReadAction\",\"target\":[\"https:\\\/\\\/fablab-montagny-pres-louhans.fr\\\/index.php\\\/2019\\\/04\\\/06\\\/le-carnaval-des-enfants\\\/\"]}]},{\"@type\":\"ImageObject\",\"inLanguage\":\"fr-FR\",\"@id\":\"https:\\\/\\\/fablab-montagny-pres-louhans.fr\\\/index.php\\\/2019\\\/04\\\/06\\\/le-carnaval-des-enfants\\\/#primaryimage\",\"url\":\"https:\\\/\\\/fablab-montagny-pres-louhans.fr\\\/wp-content\\\/uploads\\\/2019\\\/04\\\/robot-pour-les-garcons-et-princesse-pour-les-filles-1551546166.jpg-5.jpg\",\"contentUrl\":\"https:\\\/\\\/fablab-montagny-pres-louhans.fr\\\/wp-content\\\/uploads\\\/2019\\\/04\\\/robot-pour-les-garcons-et-princesse-pour-les-filles-1551546166.jpg-5.jpg\",\"width\":596,\"height\":418},{\"@type\":\"BreadcrumbList\",\"@id\":\"https:\\\/\\\/fablab-montagny-pres-louhans.fr\\\/index.php\\\/2019\\\/04\\\/06\\\/le-carnaval-des-enfants\\\/#breadcrumb\",\"itemListElement\":[{\"@type\":\"ListItem\",\"position\":1,\"name\":\"Accueil\",\"item\":\"https:\\\/\\\/fablab-montagny-pres-louhans.fr\\\/\"},{\"@type\":\"ListItem\",\"position\":2,\"name\":\"Le Carnaval des enfants\"}]},{\"@type\":\"WebSite\",\"@id\":\"https:\\\/\\\/fablab-montagny-pres-louhans.fr\\\/#website\",\"url\":\"https:\\\/\\\/fablab-montagny-pres-louhans.fr\\\/\",\"name\":\"Le FabLab\",\"description\":\"Le premier de Bresse\",\"publisher\":{\"@id\":\"https:\\\/\\\/fablab-montagny-pres-louhans.fr\\\/#organization\"},\"potentialAction\":[{\"@type\":\"SearchAction\",\"target\":{\"@type\":\"EntryPoint\",\"urlTemplate\":\"https:\\\/\\\/fablab-montagny-pres-louhans.fr\\\/?s={search_term_string}\"},\"query-input\":{\"@type\":\"PropertyValueSpecification\",\"valueRequired\":true,\"valueName\":\"search_term_string\"}}],\"inLanguage\":\"fr-FR\"},{\"@type\":\"Organization\",\"@id\":\"https:\\\/\\\/fablab-montagny-pres-louhans.fr\\\/#organization\",\"name\":\"Le FabLab\",\"url\":\"https:\\\/\\\/fablab-montagny-pres-louhans.fr\\\/\",\"logo\":{\"@type\":\"ImageObject\",\"inLanguage\":\"fr-FR\",\"@id\":\"https:\\\/\\\/fablab-montagny-pres-louhans.fr\\\/#\\\/schema\\\/logo\\\/image\\\/\",\"url\":\"https:\\\/\\\/fablab-montagny-pres-louhans.fr\\\/wp-content\\\/uploads\\\/2023\\\/02\\\/FABALB-logo.png\",\"contentUrl\":\"https:\\\/\\\/fablab-montagny-pres-louhans.fr\\\/wp-content\\\/uploads\\\/2023\\\/02\\\/FABALB-logo.png\",\"width\":250,\"height\":260,\"caption\":\"Le FabLab\"},\"image\":{\"@id\":\"https:\\\/\\\/fablab-montagny-pres-louhans.fr\\\/#\\\/schema\\\/logo\\\/image\\\/\"},\"sameAs\":[\"https:\\\/\\\/www.facebook.com\\\/fablab.labom\\\/\"]},{\"@type\":\"Person\",\"@id\":\"https:\\\/\\\/fablab-montagny-pres-louhans.fr\\\/#\\\/schema\\\/person\\\/b4b47741bdde563325530989455fe7de\",\"name\":\"Roger Remondy\",\"image\":{\"@type\":\"ImageObject\",\"inLanguage\":\"fr-FR\",\"@id\":\"https:\\\/\\\/fablab-montagny-pres-louhans.fr\\\/wp-content\\\/litespeed\\\/avatar\\\/0636c9b2c03e4d83e562c27b768bd1cb.jpg?ver=1777239698\",\"url\":\"https:\\\/\\\/fablab-montagny-pres-louhans.fr\\\/wp-content\\\/litespeed\\\/avatar\\\/0636c9b2c03e4d83e562c27b768bd1cb.jpg?ver=1777239698\",\"contentUrl\":\"https:\\\/\\\/fablab-montagny-pres-louhans.fr\\\/wp-content\\\/litespeed\\\/avatar\\\/0636c9b2c03e4d83e562c27b768bd1cb.jpg?ver=1777239698\",\"caption\":\"Roger Remondy\"},\"url\":\"https:\\\/\\\/fablab-montagny-pres-louhans.fr\\\/index.php\\\/author\\\/roger\\\/\"}]}<\/script>\n<!-- \/ Yoast SEO plugin. -->","yoast_head_json":{"title":"Le Carnaval des enfants - Le FabLab","robots":{"index":"noindex","follow":"follow","max-snippet":"max-snippet:-1","max-image-preview":"max-image-preview:large","max-video-preview":"max-video-preview:-1"},"og_locale":"fr_FR","og_type":"article","og_title":"Le Carnaval des enfants - Le FabLab","og_description":"Les dames des Loisirs Cr\u00e9atifs qui ont plein d&rsquo;id\u00e9es, le c\u0153ur sur la main, et sont de supers bricoleuses avaient d\u00e9cid\u00e9 de fabriquer b\u00e9n\u00e9volement lors d&rsquo;ateliers sp\u00e9cifiques des costumes pour les enfants des \u00e9coles. Cela faisait d\u00e9j\u00e0 plusieurs semaines &#8211; d\u00e8s mi-novembre &#8211; que les parents des petits du RPI Ratte \/ Montagny avaient \u00e9t\u00e9 [&hellip;]","og_url":"https:\/\/fablab-montagny-pres-louhans.fr\/index.php\/2019\/04\/06\/le-carnaval-des-enfants\/","og_site_name":"Le FabLab","article_publisher":"https:\/\/www.facebook.com\/fablab.labom\/","article_published_time":"2019-04-06T05:20:04+00:00","article_modified_time":"2019-04-06T05:35:51+00:00","og_image":[{"url":"https:\/\/fablab-montagny-pres-louhans.fr\/wp-content\/uploads\/2019\/04\/robot-pour-les-garcons-et-princesse-pour-les-filles-1551546166.jpg-5.jpg","type":"","width":"","height":""}],"author":"Roger Remondy","twitter_card":"summary_large_image","twitter_misc":{"\u00c9crit par":"Roger Remondy","Dur\u00e9e de lecture estim\u00e9e":"1 minute"},"schema":{"@context":"https:\/\/schema.org","@graph":[{"@type":"Article","@id":"https:\/\/fablab-montagny-pres-louhans.fr\/index.php\/2019\/04\/06\/le-carnaval-des-enfants\/#article","isPartOf":{"@id":"https:\/\/fablab-montagny-pres-louhans.fr\/index.php\/2019\/04\/06\/le-carnaval-des-enfants\/"},"author":{"name":"Roger Remondy","@id":"https:\/\/fablab-montagny-pres-louhans.fr\/#\/schema\/person\/b4b47741bdde563325530989455fe7de"},"headline":"Le Carnaval des enfants","datePublished":"2019-04-06T05:20:04+00:00","dateModified":"2019-04-06T05:35:51+00:00","mainEntityOfPage":{"@id":"https:\/\/fablab-montagny-pres-louhans.fr\/index.php\/2019\/04\/06\/le-carnaval-des-enfants\/"},"wordCount":268,"publisher":{"@id":"https:\/\/fablab-montagny-pres-louhans.fr\/#organization"},"image":{"@id":"https:\/\/fablab-montagny-pres-louhans.fr\/index.php\/2019\/04\/06\/le-carnaval-des-enfants\/#primaryimage"},"thumbnailUrl":"https:\/\/fablab-montagny-pres-louhans.fr\/wp-content\/uploads\/2019\/04\/robot-pour-les-garcons-et-princesse-pour-les-filles-1551546166.jpg-5.jpg","articleSection":["News"],"inLanguage":"fr-FR"},{"@type":"WebPage","@id":"https:\/\/fablab-montagny-pres-louhans.fr\/index.php\/2019\/04\/06\/le-carnaval-des-enfants\/","url":"https:\/\/fablab-montagny-pres-louhans.fr\/index.php\/2019\/04\/06\/le-carnaval-des-enfants\/","name":"Le Carnaval des enfants - Le FabLab","isPartOf":{"@id":"https:\/\/fablab-montagny-pres-louhans.fr\/#website"},"primaryImageOfPage":{"@id":"https:\/\/fablab-montagny-pres-louhans.fr\/index.php\/2019\/04\/06\/le-carnaval-des-enfants\/#primaryimage"},"image":{"@id":"https:\/\/fablab-montagny-pres-louhans.fr\/index.php\/2019\/04\/06\/le-carnaval-des-enfants\/#primaryimage"},"thumbnailUrl":"https:\/\/fablab-montagny-pres-louhans.fr\/wp-content\/uploads\/2019\/04\/robot-pour-les-garcons-et-princesse-pour-les-filles-1551546166.jpg-5.jpg","datePublished":"2019-04-06T05:20:04+00:00","dateModified":"2019-04-06T05:35:51+00:00","breadcrumb":{"@id":"https:\/\/fablab-montagny-pres-louhans.fr\/index.php\/2019\/04\/06\/le-carnaval-des-enfants\/#breadcrumb"},"inLanguage":"fr-FR","potentialAction":[{"@type":"ReadAction","target":["https:\/\/fablab-montagny-pres-louhans.fr\/index.php\/2019\/04\/06\/le-carnaval-des-enfants\/"]}]},{"@type":"ImageObject","inLanguage":"fr-FR","@id":"https:\/\/fablab-montagny-pres-louhans.fr\/index.php\/2019\/04\/06\/le-carnaval-des-enfants\/#primaryimage","url":"https:\/\/fablab-montagny-pres-louhans.fr\/wp-content\/uploads\/2019\/04\/robot-pour-les-garcons-et-princesse-pour-les-filles-1551546166.jpg-5.jpg","contentUrl":"https:\/\/fablab-montagny-pres-louhans.fr\/wp-content\/uploads\/2019\/04\/robot-pour-les-garcons-et-princesse-pour-les-filles-1551546166.jpg-5.jpg","width":596,"height":418},{"@type":"BreadcrumbList","@id":"https:\/\/fablab-montagny-pres-louhans.fr\/index.php\/2019\/04\/06\/le-carnaval-des-enfants\/#breadcrumb","itemListElement":[{"@type":"ListItem","position":1,"name":"Accueil","item":"https:\/\/fablab-montagny-pres-louhans.fr\/"},{"@type":"ListItem","position":2,"name":"Le Carnaval des enfants"}]},{"@type":"WebSite","@id":"https:\/\/fablab-montagny-pres-louhans.fr\/#website","url":"https:\/\/fablab-montagny-pres-louhans.fr\/","name":"Le FabLab","description":"Le premier de Bresse","publisher":{"@id":"https:\/\/fablab-montagny-pres-louhans.fr\/#organization"},"potentialAction":[{"@type":"SearchAction","target":{"@type":"EntryPoint","urlTemplate":"https:\/\/fablab-montagny-pres-louhans.fr\/?s={search_term_string}"},"query-input":{"@type":"PropertyValueSpecification","valueRequired":true,"valueName":"search_term_string"}}],"inLanguage":"fr-FR"},{"@type":"Organization","@id":"https:\/\/fablab-montagny-pres-louhans.fr\/#organization","name":"Le FabLab","url":"https:\/\/fablab-montagny-pres-louhans.fr\/","logo":{"@type":"ImageObject","inLanguage":"fr-FR","@id":"https:\/\/fablab-montagny-pres-louhans.fr\/#\/schema\/logo\/image\/","url":"https:\/\/fablab-montagny-pres-louhans.fr\/wp-content\/uploads\/2023\/02\/FABALB-logo.png","contentUrl":"https:\/\/fablab-montagny-pres-louhans.fr\/wp-content\/uploads\/2023\/02\/FABALB-logo.png","width":250,"height":260,"caption":"Le FabLab"},"image":{"@id":"https:\/\/fablab-montagny-pres-louhans.fr\/#\/schema\/logo\/image\/"},"sameAs":["https:\/\/www.facebook.com\/fablab.labom\/"]},{"@type":"Person","@id":"https:\/\/fablab-montagny-pres-louhans.fr\/#\/schema\/person\/b4b47741bdde563325530989455fe7de","name":"Roger Remondy","image":{"@type":"ImageObject","inLanguage":"fr-FR","@id":"https:\/\/fablab-montagny-pres-louhans.fr\/wp-content\/litespeed\/avatar\/0636c9b2c03e4d83e562c27b768bd1cb.jpg?ver=1777239698","url":"https:\/\/fablab-montagny-pres-louhans.fr\/wp-content\/litespeed\/avatar\/0636c9b2c03e4d83e562c27b768bd1cb.jpg?ver=1777239698","contentUrl":"https:\/\/fablab-montagny-pres-louhans.fr\/wp-content\/litespeed\/avatar\/0636c9b2c03e4d83e562c27b768bd1cb.jpg?ver=1777239698","caption":"Roger Remondy"},"url":"https:\/\/fablab-montagny-pres-louhans.fr\/index.php\/author\/roger\/"}]}},"_links":{"self":[{"href":"https:\/\/fablab-montagny-pres-louhans.fr\/index.php\/wp-json\/wp\/v2\/posts\/1987","targetHints":{"allow":["GET"]}}],"collection":[{"href":"https:\/\/fablab-montagny-pres-louhans.fr\/index.php\/wp-json\/wp\/v2\/posts"}],"about":[{"href":"https:\/\/fablab-montagny-pres-louhans.fr\/index.php\/wp-json\/wp\/v2\/types\/post"}],"author":[{"embeddable":true,"href":"https:\/\/fablab-montagny-pres-louhans.fr\/index.php\/wp-json\/wp\/v2\/users\/29"}],"replies":[{"embeddable":true,"href":"https:\/\/fablab-montagny-pres-louhans.fr\/index.php\/wp-json\/wp\/v2\/comments?post=1987"}],"version-history":[{"count":4,"href":"https:\/\/fablab-montagny-pres-louhans.fr\/index.php\/wp-json\/wp\/v2\/posts\/1987\/revisions"}],"predecessor-version":[{"id":1994,"href":"https:\/\/fablab-montagny-pres-louhans.fr\/index.php\/wp-json\/wp\/v2\/posts\/1987\/revisions\/1994"}],"wp:attachment":[{"href":"https:\/\/fablab-montagny-pres-louhans.fr\/index.php\/wp-json\/wp\/v2\/media?parent=1987"}],"wp:term":[{"taxonomy":"category","embeddable":true,"href":"https:\/\/fablab-montagny-pres-louhans.fr\/index.php\/wp-json\/wp\/v2\/categories?post=1987"},{"taxonomy":"post_tag","embeddable":true,"href":"https:\/\/fablab-montagny-pres-louhans.fr\/index.php\/wp-json\/wp\/v2\/tags?post=1987"}],"curies":[{"name":"wp","href":"https:\/\/api.w.org\/{rel}","templated":true}]}}