{"id":1931,"date":"2019-04-21T18:37:23","date_gmt":"2019-04-21T16:37:23","guid":{"rendered":"https:\/\/fablab-montagny-pres-louhans.fr\/?p=1931"},"modified":"2019-04-21T18:37:25","modified_gmt":"2019-04-21T16:37:25","slug":"les-mots-de-passe-et-sen-souvenir","status":"publish","type":"post","link":"https:\/\/fablab-montagny-pres-louhans.fr\/index.php\/2019\/04\/21\/les-mots-de-passe-et-sen-souvenir\/","title":{"rendered":"Les mots de passe et s&rsquo;en souvenir&#8230;"},"content":{"rendered":"<p>On les utilise de plus en plus fr\u00e9quemment et comme ils doivent \u00eatre compliqu\u00e9s, c\u2019est un probl\u00e8me de les garder en m\u00e9moire.<br \/>D\u00e8s que vous voulez acc\u00e9der \u00e0 des services personnalis\u00e9s sur Internet, vous devez vous enregistrer et \u00e0 chaque nouvel acc\u00e8s fournir votre identifiant et votre mot de passe afin que les fournisseurs de service soient assur\u00e9s que c\u2019est le titulaire du compte qui va se connecter. C\u2019est important car toute tierce personne qui pourra se connecter disposera des m\u00eames possibilit\u00e9s et droits que le titulaire.<br \/>La puissance actuelle des ordinateurs et les profils personnels laiss\u00e9s sur Internet permettent aux hackers de casser les mots de passe par essais r\u00e9p\u00e9t\u00e9s (force brute) ou de les deviner (ing\u00e9nierie sociale) si les pr\u00e9cautions n\u00e9cessaires ne sont pas prises par les clients du service consid\u00e9r\u00e9. Les fournisseurs de service doivent aussi s\u2019assurer des mesures de s\u00e9curit\u00e9 n\u00e9cessaires, mais c\u2019est un autre probl\u00e8me.<br \/>En ce qui concerne les clients d\u2019un service, outre le fait que les mises \u00e0 jour du syst\u00e8me d\u2019exploitation et des programmes doivent \u00eatre effectu\u00e9es et un antivirus et un pare-feu efficaces utilis\u00e9s pour \u00e9viter les attaques par intrusions ou enregistreur de frappe (keylogger), il importe d\u2019avoir des mots de passe s\u00fbrs, c\u2019est-\u00e0-dire qui r\u00e9pondent aux r\u00e8gles suivantes :<br \/><strong>&#8211; Avoir plus de 12 caract\u00e8res,<\/strong><br \/><strong>&#8211; Comprendre au moins un caract\u00e8re de chacune des cat\u00e9gories suivantes : minuscule, majuscule, chiffre, symbole,<\/strong><br \/><strong>&#8211; Avoir un caract\u00e8re al\u00e9atoire (ne pas \u00eatre construit suivant un sch\u00e9ma particulier),<\/strong><br \/><strong>&#8211; Ne pas pouvoir \u00eatre d\u00e9duit du contexte,<\/strong><br \/><strong>&#8211; Etre propre au service consid\u00e9r\u00e9.<\/strong><br \/>La m\u00e9moire s\u2019y perd\u2026 Que faire ?<br \/>La premi\u00e8re solution est d\u2019avoir un cahier ou un r\u00e9pertoire pour noter vos mots de passe et les notes associ\u00e9es (par exemple la date de cr\u00e9ation). Malgr\u00e9 son caract\u00e8re vieillot et d\u00e9suet, ce n\u2019est pas la plus mauvaise option.<br \/>On peut utiliser des programmes qui enregistrent les mots de passe et \u00e9ventuellement les restituent automatiquement lors de la connexion \u00e0 un service. Parmi ceux qui sont s\u00e9rieux et gratuits, on peut citer Keepass disponible sur le site<strong> https:\/\/keepass.info\/<\/strong>. C\u2019est une solution facile.<br \/>Si l\u2019on veut avoir davantage de libert\u00e9s, on peut inscrire ses mots de passe dans un document qui sera stock\u00e9 sur son ordinateur, ou un moyen de stockage externe, dans un fichier dont l\u2019acc\u00e8s est prot\u00e9g\u00e9 par un mot de passe ma\u00eetre. Le processeur de texte Writer de la suite gratuite LibreOffice (<strong>https:\/\/de.libreoffice.org\/<\/strong>) convient bien.<br \/>Des exemples d\u00e9taill\u00e9s de cr\u00e9ation d\u2019un fichier de mots de passe sont donn\u00e9s dans les documents \u00ab M\u00e9moriser ses mots de passe avec Keepass \u00bb et \u00ab M\u00e9moriser ses mots de passe avec LibreOffice \u00bb. Ces documents sont disponibles sur le cloud du FabLab: <strong>vps417000.ovh.net\/owncloud<\/strong>, voir le fichier Astuces et autres.<\/p>\n<p>Jean-Michel (13.03.2019)<\/p>\n\n","protected":false},"excerpt":{"rendered":"<p>On les utilise de plus en plus fr\u00e9quemment et comme ils doivent \u00eatre compliqu\u00e9s, c\u2019est un probl\u00e8me de les garder en m\u00e9moire.D\u00e8s que vous voulez acc\u00e9der \u00e0 des services personnalis\u00e9s sur Internet, vous devez vous enregistrer et \u00e0 chaque nouvel acc\u00e8s fournir votre identifiant et votre mot de passe afin que les fournisseurs de service [&hellip;]<\/p>\n","protected":false},"author":29,"featured_media":0,"comment_status":"closed","ping_status":"open","sticky":false,"template":"","format":"standard","meta":{"_et_pb_use_builder":"","_et_pb_old_content":"","_et_gb_content_width":"","rop_custom_images_group":[],"rop_custom_messages_group":[],"rop_publish_now":"initial","rop_publish_now_accounts":{"facebook_1992431424458146_173380702515979":""},"rop_publish_now_history":[],"rop_publish_now_status":"pending","footnotes":""},"categories":[2],"tags":[],"class_list":["post-1931","post","type-post","status-publish","format-standard","hentry","category-news"],"yoast_head":"<!-- This site is optimized with the Yoast SEO plugin v27.3 - https:\/\/yoast.com\/product\/yoast-seo-wordpress\/ -->\n<title>Les mots de passe et s&#039;en souvenir... - Le FabLab<\/title>\n<meta name=\"robots\" content=\"noindex, follow, max-snippet:-1, max-image-preview:large, max-video-preview:-1\" \/>\n<meta property=\"og:locale\" content=\"fr_FR\" \/>\n<meta property=\"og:type\" content=\"article\" \/>\n<meta property=\"og:title\" content=\"Les mots de passe et s&#039;en souvenir... - Le FabLab\" \/>\n<meta property=\"og:description\" content=\"On les utilise de plus en plus fr\u00e9quemment et comme ils doivent \u00eatre compliqu\u00e9s, c\u2019est un probl\u00e8me de les garder en m\u00e9moire.D\u00e8s que vous voulez acc\u00e9der \u00e0 des services personnalis\u00e9s sur Internet, vous devez vous enregistrer et \u00e0 chaque nouvel acc\u00e8s fournir votre identifiant et votre mot de passe afin que les fournisseurs de service [&hellip;]\" \/>\n<meta property=\"og:url\" content=\"https:\/\/fablab-montagny-pres-louhans.fr\/index.php\/2019\/04\/21\/les-mots-de-passe-et-sen-souvenir\/\" \/>\n<meta property=\"og:site_name\" content=\"Le FabLab\" \/>\n<meta property=\"article:publisher\" content=\"https:\/\/www.facebook.com\/fablab.labom\/\" \/>\n<meta property=\"article:published_time\" content=\"2019-04-21T16:37:23+00:00\" \/>\n<meta property=\"article:modified_time\" content=\"2019-04-21T16:37:25+00:00\" \/>\n<meta name=\"author\" content=\"Roger Remondy\" \/>\n<meta name=\"twitter:card\" content=\"summary_large_image\" \/>\n<meta name=\"twitter:label1\" content=\"\u00c9crit par\" \/>\n\t<meta name=\"twitter:data1\" content=\"Roger Remondy\" \/>\n\t<meta name=\"twitter:label2\" content=\"Dur\u00e9e de lecture estim\u00e9e\" \/>\n\t<meta name=\"twitter:data2\" content=\"3 minutes\" \/>\n<script type=\"application\/ld+json\" class=\"yoast-schema-graph\">{\"@context\":\"https:\\\/\\\/schema.org\",\"@graph\":[{\"@type\":\"Article\",\"@id\":\"https:\\\/\\\/fablab-montagny-pres-louhans.fr\\\/index.php\\\/2019\\\/04\\\/21\\\/les-mots-de-passe-et-sen-souvenir\\\/#article\",\"isPartOf\":{\"@id\":\"https:\\\/\\\/fablab-montagny-pres-louhans.fr\\\/index.php\\\/2019\\\/04\\\/21\\\/les-mots-de-passe-et-sen-souvenir\\\/\"},\"author\":{\"name\":\"Roger Remondy\",\"@id\":\"https:\\\/\\\/fablab-montagny-pres-louhans.fr\\\/#\\\/schema\\\/person\\\/b4b47741bdde563325530989455fe7de\"},\"headline\":\"Les mots de passe et s&rsquo;en souvenir&#8230;\",\"datePublished\":\"2019-04-21T16:37:23+00:00\",\"dateModified\":\"2019-04-21T16:37:25+00:00\",\"mainEntityOfPage\":{\"@id\":\"https:\\\/\\\/fablab-montagny-pres-louhans.fr\\\/index.php\\\/2019\\\/04\\\/21\\\/les-mots-de-passe-et-sen-souvenir\\\/\"},\"wordCount\":528,\"publisher\":{\"@id\":\"https:\\\/\\\/fablab-montagny-pres-louhans.fr\\\/#organization\"},\"articleSection\":[\"News\"],\"inLanguage\":\"fr-FR\"},{\"@type\":\"WebPage\",\"@id\":\"https:\\\/\\\/fablab-montagny-pres-louhans.fr\\\/index.php\\\/2019\\\/04\\\/21\\\/les-mots-de-passe-et-sen-souvenir\\\/\",\"url\":\"https:\\\/\\\/fablab-montagny-pres-louhans.fr\\\/index.php\\\/2019\\\/04\\\/21\\\/les-mots-de-passe-et-sen-souvenir\\\/\",\"name\":\"Les mots de passe et s'en souvenir... - Le FabLab\",\"isPartOf\":{\"@id\":\"https:\\\/\\\/fablab-montagny-pres-louhans.fr\\\/#website\"},\"datePublished\":\"2019-04-21T16:37:23+00:00\",\"dateModified\":\"2019-04-21T16:37:25+00:00\",\"breadcrumb\":{\"@id\":\"https:\\\/\\\/fablab-montagny-pres-louhans.fr\\\/index.php\\\/2019\\\/04\\\/21\\\/les-mots-de-passe-et-sen-souvenir\\\/#breadcrumb\"},\"inLanguage\":\"fr-FR\",\"potentialAction\":[{\"@type\":\"ReadAction\",\"target\":[\"https:\\\/\\\/fablab-montagny-pres-louhans.fr\\\/index.php\\\/2019\\\/04\\\/21\\\/les-mots-de-passe-et-sen-souvenir\\\/\"]}]},{\"@type\":\"BreadcrumbList\",\"@id\":\"https:\\\/\\\/fablab-montagny-pres-louhans.fr\\\/index.php\\\/2019\\\/04\\\/21\\\/les-mots-de-passe-et-sen-souvenir\\\/#breadcrumb\",\"itemListElement\":[{\"@type\":\"ListItem\",\"position\":1,\"name\":\"Accueil\",\"item\":\"https:\\\/\\\/fablab-montagny-pres-louhans.fr\\\/\"},{\"@type\":\"ListItem\",\"position\":2,\"name\":\"Les mots de passe et s&rsquo;en souvenir&#8230;\"}]},{\"@type\":\"WebSite\",\"@id\":\"https:\\\/\\\/fablab-montagny-pres-louhans.fr\\\/#website\",\"url\":\"https:\\\/\\\/fablab-montagny-pres-louhans.fr\\\/\",\"name\":\"Le FabLab\",\"description\":\"Le premier de Bresse\",\"publisher\":{\"@id\":\"https:\\\/\\\/fablab-montagny-pres-louhans.fr\\\/#organization\"},\"potentialAction\":[{\"@type\":\"SearchAction\",\"target\":{\"@type\":\"EntryPoint\",\"urlTemplate\":\"https:\\\/\\\/fablab-montagny-pres-louhans.fr\\\/?s={search_term_string}\"},\"query-input\":{\"@type\":\"PropertyValueSpecification\",\"valueRequired\":true,\"valueName\":\"search_term_string\"}}],\"inLanguage\":\"fr-FR\"},{\"@type\":\"Organization\",\"@id\":\"https:\\\/\\\/fablab-montagny-pres-louhans.fr\\\/#organization\",\"name\":\"Le FabLab\",\"url\":\"https:\\\/\\\/fablab-montagny-pres-louhans.fr\\\/\",\"logo\":{\"@type\":\"ImageObject\",\"inLanguage\":\"fr-FR\",\"@id\":\"https:\\\/\\\/fablab-montagny-pres-louhans.fr\\\/#\\\/schema\\\/logo\\\/image\\\/\",\"url\":\"https:\\\/\\\/fablab-montagny-pres-louhans.fr\\\/wp-content\\\/uploads\\\/2023\\\/02\\\/FABALB-logo.png\",\"contentUrl\":\"https:\\\/\\\/fablab-montagny-pres-louhans.fr\\\/wp-content\\\/uploads\\\/2023\\\/02\\\/FABALB-logo.png\",\"width\":250,\"height\":260,\"caption\":\"Le FabLab\"},\"image\":{\"@id\":\"https:\\\/\\\/fablab-montagny-pres-louhans.fr\\\/#\\\/schema\\\/logo\\\/image\\\/\"},\"sameAs\":[\"https:\\\/\\\/www.facebook.com\\\/fablab.labom\\\/\"]},{\"@type\":\"Person\",\"@id\":\"https:\\\/\\\/fablab-montagny-pres-louhans.fr\\\/#\\\/schema\\\/person\\\/b4b47741bdde563325530989455fe7de\",\"name\":\"Roger Remondy\",\"image\":{\"@type\":\"ImageObject\",\"inLanguage\":\"fr-FR\",\"@id\":\"https:\\\/\\\/fablab-montagny-pres-louhans.fr\\\/wp-content\\\/litespeed\\\/avatar\\\/0636c9b2c03e4d83e562c27b768bd1cb.jpg?ver=1777239698\",\"url\":\"https:\\\/\\\/fablab-montagny-pres-louhans.fr\\\/wp-content\\\/litespeed\\\/avatar\\\/0636c9b2c03e4d83e562c27b768bd1cb.jpg?ver=1777239698\",\"contentUrl\":\"https:\\\/\\\/fablab-montagny-pres-louhans.fr\\\/wp-content\\\/litespeed\\\/avatar\\\/0636c9b2c03e4d83e562c27b768bd1cb.jpg?ver=1777239698\",\"caption\":\"Roger Remondy\"},\"url\":\"https:\\\/\\\/fablab-montagny-pres-louhans.fr\\\/index.php\\\/author\\\/roger\\\/\"}]}<\/script>\n<!-- \/ Yoast SEO plugin. -->","yoast_head_json":{"title":"Les mots de passe et s'en souvenir... - Le FabLab","robots":{"index":"noindex","follow":"follow","max-snippet":"max-snippet:-1","max-image-preview":"max-image-preview:large","max-video-preview":"max-video-preview:-1"},"og_locale":"fr_FR","og_type":"article","og_title":"Les mots de passe et s'en souvenir... - Le FabLab","og_description":"On les utilise de plus en plus fr\u00e9quemment et comme ils doivent \u00eatre compliqu\u00e9s, c\u2019est un probl\u00e8me de les garder en m\u00e9moire.D\u00e8s que vous voulez acc\u00e9der \u00e0 des services personnalis\u00e9s sur Internet, vous devez vous enregistrer et \u00e0 chaque nouvel acc\u00e8s fournir votre identifiant et votre mot de passe afin que les fournisseurs de service [&hellip;]","og_url":"https:\/\/fablab-montagny-pres-louhans.fr\/index.php\/2019\/04\/21\/les-mots-de-passe-et-sen-souvenir\/","og_site_name":"Le FabLab","article_publisher":"https:\/\/www.facebook.com\/fablab.labom\/","article_published_time":"2019-04-21T16:37:23+00:00","article_modified_time":"2019-04-21T16:37:25+00:00","author":"Roger Remondy","twitter_card":"summary_large_image","twitter_misc":{"\u00c9crit par":"Roger Remondy","Dur\u00e9e de lecture estim\u00e9e":"3 minutes"},"schema":{"@context":"https:\/\/schema.org","@graph":[{"@type":"Article","@id":"https:\/\/fablab-montagny-pres-louhans.fr\/index.php\/2019\/04\/21\/les-mots-de-passe-et-sen-souvenir\/#article","isPartOf":{"@id":"https:\/\/fablab-montagny-pres-louhans.fr\/index.php\/2019\/04\/21\/les-mots-de-passe-et-sen-souvenir\/"},"author":{"name":"Roger Remondy","@id":"https:\/\/fablab-montagny-pres-louhans.fr\/#\/schema\/person\/b4b47741bdde563325530989455fe7de"},"headline":"Les mots de passe et s&rsquo;en souvenir&#8230;","datePublished":"2019-04-21T16:37:23+00:00","dateModified":"2019-04-21T16:37:25+00:00","mainEntityOfPage":{"@id":"https:\/\/fablab-montagny-pres-louhans.fr\/index.php\/2019\/04\/21\/les-mots-de-passe-et-sen-souvenir\/"},"wordCount":528,"publisher":{"@id":"https:\/\/fablab-montagny-pres-louhans.fr\/#organization"},"articleSection":["News"],"inLanguage":"fr-FR"},{"@type":"WebPage","@id":"https:\/\/fablab-montagny-pres-louhans.fr\/index.php\/2019\/04\/21\/les-mots-de-passe-et-sen-souvenir\/","url":"https:\/\/fablab-montagny-pres-louhans.fr\/index.php\/2019\/04\/21\/les-mots-de-passe-et-sen-souvenir\/","name":"Les mots de passe et s'en souvenir... - Le FabLab","isPartOf":{"@id":"https:\/\/fablab-montagny-pres-louhans.fr\/#website"},"datePublished":"2019-04-21T16:37:23+00:00","dateModified":"2019-04-21T16:37:25+00:00","breadcrumb":{"@id":"https:\/\/fablab-montagny-pres-louhans.fr\/index.php\/2019\/04\/21\/les-mots-de-passe-et-sen-souvenir\/#breadcrumb"},"inLanguage":"fr-FR","potentialAction":[{"@type":"ReadAction","target":["https:\/\/fablab-montagny-pres-louhans.fr\/index.php\/2019\/04\/21\/les-mots-de-passe-et-sen-souvenir\/"]}]},{"@type":"BreadcrumbList","@id":"https:\/\/fablab-montagny-pres-louhans.fr\/index.php\/2019\/04\/21\/les-mots-de-passe-et-sen-souvenir\/#breadcrumb","itemListElement":[{"@type":"ListItem","position":1,"name":"Accueil","item":"https:\/\/fablab-montagny-pres-louhans.fr\/"},{"@type":"ListItem","position":2,"name":"Les mots de passe et s&rsquo;en souvenir&#8230;"}]},{"@type":"WebSite","@id":"https:\/\/fablab-montagny-pres-louhans.fr\/#website","url":"https:\/\/fablab-montagny-pres-louhans.fr\/","name":"Le FabLab","description":"Le premier de Bresse","publisher":{"@id":"https:\/\/fablab-montagny-pres-louhans.fr\/#organization"},"potentialAction":[{"@type":"SearchAction","target":{"@type":"EntryPoint","urlTemplate":"https:\/\/fablab-montagny-pres-louhans.fr\/?s={search_term_string}"},"query-input":{"@type":"PropertyValueSpecification","valueRequired":true,"valueName":"search_term_string"}}],"inLanguage":"fr-FR"},{"@type":"Organization","@id":"https:\/\/fablab-montagny-pres-louhans.fr\/#organization","name":"Le FabLab","url":"https:\/\/fablab-montagny-pres-louhans.fr\/","logo":{"@type":"ImageObject","inLanguage":"fr-FR","@id":"https:\/\/fablab-montagny-pres-louhans.fr\/#\/schema\/logo\/image\/","url":"https:\/\/fablab-montagny-pres-louhans.fr\/wp-content\/uploads\/2023\/02\/FABALB-logo.png","contentUrl":"https:\/\/fablab-montagny-pres-louhans.fr\/wp-content\/uploads\/2023\/02\/FABALB-logo.png","width":250,"height":260,"caption":"Le FabLab"},"image":{"@id":"https:\/\/fablab-montagny-pres-louhans.fr\/#\/schema\/logo\/image\/"},"sameAs":["https:\/\/www.facebook.com\/fablab.labom\/"]},{"@type":"Person","@id":"https:\/\/fablab-montagny-pres-louhans.fr\/#\/schema\/person\/b4b47741bdde563325530989455fe7de","name":"Roger Remondy","image":{"@type":"ImageObject","inLanguage":"fr-FR","@id":"https:\/\/fablab-montagny-pres-louhans.fr\/wp-content\/litespeed\/avatar\/0636c9b2c03e4d83e562c27b768bd1cb.jpg?ver=1777239698","url":"https:\/\/fablab-montagny-pres-louhans.fr\/wp-content\/litespeed\/avatar\/0636c9b2c03e4d83e562c27b768bd1cb.jpg?ver=1777239698","contentUrl":"https:\/\/fablab-montagny-pres-louhans.fr\/wp-content\/litespeed\/avatar\/0636c9b2c03e4d83e562c27b768bd1cb.jpg?ver=1777239698","caption":"Roger Remondy"},"url":"https:\/\/fablab-montagny-pres-louhans.fr\/index.php\/author\/roger\/"}]}},"_links":{"self":[{"href":"https:\/\/fablab-montagny-pres-louhans.fr\/index.php\/wp-json\/wp\/v2\/posts\/1931","targetHints":{"allow":["GET"]}}],"collection":[{"href":"https:\/\/fablab-montagny-pres-louhans.fr\/index.php\/wp-json\/wp\/v2\/posts"}],"about":[{"href":"https:\/\/fablab-montagny-pres-louhans.fr\/index.php\/wp-json\/wp\/v2\/types\/post"}],"author":[{"embeddable":true,"href":"https:\/\/fablab-montagny-pres-louhans.fr\/index.php\/wp-json\/wp\/v2\/users\/29"}],"replies":[{"embeddable":true,"href":"https:\/\/fablab-montagny-pres-louhans.fr\/index.php\/wp-json\/wp\/v2\/comments?post=1931"}],"version-history":[{"count":4,"href":"https:\/\/fablab-montagny-pres-louhans.fr\/index.php\/wp-json\/wp\/v2\/posts\/1931\/revisions"}],"predecessor-version":[{"id":2061,"href":"https:\/\/fablab-montagny-pres-louhans.fr\/index.php\/wp-json\/wp\/v2\/posts\/1931\/revisions\/2061"}],"wp:attachment":[{"href":"https:\/\/fablab-montagny-pres-louhans.fr\/index.php\/wp-json\/wp\/v2\/media?parent=1931"}],"wp:term":[{"taxonomy":"category","embeddable":true,"href":"https:\/\/fablab-montagny-pres-louhans.fr\/index.php\/wp-json\/wp\/v2\/categories?post=1931"},{"taxonomy":"post_tag","embeddable":true,"href":"https:\/\/fablab-montagny-pres-louhans.fr\/index.php\/wp-json\/wp\/v2\/tags?post=1931"}],"curies":[{"name":"wp","href":"https:\/\/api.w.org\/{rel}","templated":true}]}}