{"id":1924,"date":"2019-04-18T15:57:48","date_gmt":"2019-04-18T13:57:48","guid":{"rendered":"https:\/\/fablab-montagny-pres-louhans.fr\/?p=1924"},"modified":"2019-04-18T15:57:53","modified_gmt":"2019-04-18T13:57:53","slug":"amelioration-anet-a8","status":"publish","type":"post","link":"https:\/\/fablab-montagny-pres-louhans.fr\/index.php\/2019\/04\/18\/amelioration-anet-a8\/","title":{"rendered":"Am\u00e9lioration Anet A8"},"content":{"rendered":"\n<p>Comme vous avez pu le constater, l&rsquo;A8 que nous poss\u00e9dons est en double extrusion. Ce qui signifie que ce mod\u00e8le peut imprimer une seule pi\u00e8ce avec deux mat\u00e9riaux. Mais cela implique aussi deux t\u00eates malheureusement, et donc deux buses et deux extrudeurs, c-a-d 2 fois plus de poids sur la t\u00eate d&rsquo;impression, deux fois plus \u00e0 r\u00e9gler, et les quelques probl\u00e8mes inh\u00e9rents aux doubles t\u00eates. <\/p>\n\n\n\n<figure class=\"wp-block-image\"><img loading=\"lazy\" decoding=\"async\" width=\"1498\" height=\"1000\" src=\"https:\/\/i1.wp.com\/www.labo-m.club\/wp-content\/uploads\/2019\/03\/t\u00eate-a8.png?fit=843%2C563\" alt=\"\" class=\"wp-image-1925\" srcset=\"https:\/\/fablab-montagny-pres-louhans.fr\/wp-content\/uploads\/2019\/03\/t\u00eate-a8.png 1498w, https:\/\/fablab-montagny-pres-louhans.fr\/wp-content\/uploads\/2019\/03\/t\u00eate-a8-300x200.png 300w, https:\/\/fablab-montagny-pres-louhans.fr\/wp-content\/uploads\/2019\/03\/t\u00eate-a8-768x513.png 768w, https:\/\/fablab-montagny-pres-louhans.fr\/wp-content\/uploads\/2019\/03\/t\u00eate-a8-1024x684.png 1024w\" sizes=\"(max-width: 1498px) 100vw, 1498px\" \/><figcaption>La t\u00eate de l&rsquo;Anet A8 avec ses deux extrudeurs<\/figcaption><\/figure>\n\n\n\n<p>Afin de la fiabiliser au maximum ainsi que pour avoir une meilleure qualit\u00e9 d&rsquo;impression nous avons donc choisi de changer le bloc t\u00eate en repla\u00e7ant nos deux t\u00eates d&rsquo;impression par une 2 en 1. Deux fil rentrent, mais il y a une seule buse d&rsquo;impression, ce qui permet donc de ne devoir r\u00e9gler qu&rsquo;une seule buse, <\/p>\n\n\n\n<figure class=\"wp-block-image\"><img loading=\"lazy\" decoding=\"async\" width=\"1000\" height=\"1000\" src=\"https:\/\/fablab-montagny-pres-louhans.fr\/wp-content\/uploads\/2019\/03\/2-IN-1-HOT-END.jpg\" alt=\"\" class=\"wp-image-1926\" srcset=\"https:\/\/fablab-montagny-pres-louhans.fr\/wp-content\/uploads\/2019\/03\/2-IN-1-HOT-END.jpg 1000w, https:\/\/fablab-montagny-pres-louhans.fr\/wp-content\/uploads\/2019\/03\/2-IN-1-HOT-END-150x150.jpg 150w, https:\/\/fablab-montagny-pres-louhans.fr\/wp-content\/uploads\/2019\/03\/2-IN-1-HOT-END-300x300.jpg 300w, https:\/\/fablab-montagny-pres-louhans.fr\/wp-content\/uploads\/2019\/03\/2-IN-1-HOT-END-768x768.jpg 768w\" sizes=\"(max-width: 1000px) 100vw, 1000px\" \/><\/figure>\n\n\n\n<p>Pour ce faire, j&rsquo;ai donc du concevoir une pi\u00e8ce venant remplacer l&rsquo;ancien support de buse afin d&rsquo;y adapter la nouvelle (ainsi qu&rsquo;un ventilateur pour le mat\u00e9riau). Fusion 360, un peu de patience, un pied a coulisse et le tour est jou\u00e9 voici notre nouveau support de t\u00eate d&rsquo;impression fin pr\u00eat a \u00eatre imprim\u00e9 en 3D (c&rsquo;est \u00e7a l&rsquo;esprit reprap).<\/p>\n\n\n\n<figure class=\"wp-block-image\"><img loading=\"lazy\" decoding=\"async\" width=\"1707\" height=\"1485\" src=\"https:\/\/i1.wp.com\/www.labo-m.club\/wp-content\/uploads\/2019\/03\/support-t\u00eate-dimpression.png?fit=843%2C734\" alt=\"\" class=\"wp-image-1927\" srcset=\"https:\/\/fablab-montagny-pres-louhans.fr\/wp-content\/uploads\/2019\/03\/support-t\u00eate-dimpression.png 1707w, https:\/\/fablab-montagny-pres-louhans.fr\/wp-content\/uploads\/2019\/03\/support-t\u00eate-dimpression-300x261.png 300w, https:\/\/fablab-montagny-pres-louhans.fr\/wp-content\/uploads\/2019\/03\/support-t\u00eate-dimpression-768x668.png 768w, https:\/\/fablab-montagny-pres-louhans.fr\/wp-content\/uploads\/2019\/03\/support-t\u00eate-dimpression-1024x891.png 1024w\" sizes=\"(max-width: 1707px) 100vw, 1707px\" \/><\/figure>\n\n\n\n<p>Votre perspicacit\u00e9 ainsi que votre oeil de lynx vous aura tr\u00e8s certainement permis de remarquer qu&rsquo;il n&rsquo;y a pas de quoi fixer nos deux extrudeurs. C&rsquo;est tr\u00e8s juste ! Nous allons les d\u00e9placer sur la structure de l&rsquo;imprimante afin d&rsquo;enlever du poids en mouvement ce qui r\u00e9duira consid\u00e9rablement les vibration de l&rsquo;imprimante ainsi que le bruit, et augmentera significativement la qualit\u00e9 des impressions. On s&rsquo;y attaque donc, un Dremel, une m\u00e8che de 4, et c&rsquo;est fait !<\/p>\n\n\n\n<figure class=\"wp-block-image\"><img loading=\"lazy\" decoding=\"async\" width=\"1024\" height=\"721\" src=\"https:\/\/fablab-montagny-pres-louhans.fr\/wp-content\/uploads\/2019\/04\/IMG_20190401_1711067-1-1024x721.jpg\" alt=\"\" class=\"wp-image-1969\" srcset=\"https:\/\/fablab-montagny-pres-louhans.fr\/wp-content\/uploads\/2019\/04\/IMG_20190401_1711067-1-1024x721.jpg 1024w, https:\/\/fablab-montagny-pres-louhans.fr\/wp-content\/uploads\/2019\/04\/IMG_20190401_1711067-1-300x211.jpg 300w, https:\/\/fablab-montagny-pres-louhans.fr\/wp-content\/uploads\/2019\/04\/IMG_20190401_1711067-1-768x541.jpg 768w\" sizes=\"(max-width: 1024px) 100vw, 1024px\" \/><figcaption>Les extrudeurs une fois mont\u00e9 sur la structure<\/figcaption><\/figure>\n\n\n\n<p>Poursuivons avec le plateau r\u00e9glable qui est reli\u00e9 a son support par des vis et ressorts et des \u00e9crous papillons (ou a oreilles c&rsquo;est comme on veut) et \u00e7a, franchement, c&rsquo;est pas du tout pratique a r\u00e9gler, qui plus est quand le plateau est chaud. Et entre nous, c&rsquo;est pas vraiment esth\u00e9tique. Merci le g\u00e9ant chinois qui nous permet donc de trouver pour une somme modique des vis, boutons et ressort un poil plus pr\u00e9cis, pratique et pro. <\/p>\n\n\n\n<figure class=\"wp-block-image\"><img loading=\"lazy\" decoding=\"async\" width=\"1226\" height=\"863\" src=\"https:\/\/i2.wp.com\/www.labo-m.club\/wp-content\/uploads\/2019\/03\/vis-plateau.png?fit=843%2C594\" alt=\"\" class=\"wp-image-1930\" srcset=\"https:\/\/fablab-montagny-pres-louhans.fr\/wp-content\/uploads\/2019\/03\/vis-plateau.png 1226w, https:\/\/fablab-montagny-pres-louhans.fr\/wp-content\/uploads\/2019\/03\/vis-plateau-300x211.png 300w, https:\/\/fablab-montagny-pres-louhans.fr\/wp-content\/uploads\/2019\/03\/vis-plateau-768x541.png 768w, https:\/\/fablab-montagny-pres-louhans.fr\/wp-content\/uploads\/2019\/03\/vis-plateau-1024x721.png 1024w\" sizes=\"(max-width: 1226px) 100vw, 1226px\" \/><figcaption><br><\/figcaption><\/figure>\n\n\n\n<p>Leur installation a n\u00e9cessit\u00e9 toutefois un peu de travail. d\u00e9montage et rehausse du plateau (les boutons se heurtaient a la structure basse). Reper\u00e7age des trous du plateau qui \u00e9taient fait pour du M3, notre kit \u00e9tant lui en M4. remontage de l&rsquo;ensemble et calibrage sommaire ! On allume et on teste !<\/p>\n","protected":false},"excerpt":{"rendered":"<p>Comme vous avez pu le constater, l&rsquo;A8 que nous poss\u00e9dons est en double extrusion. Ce qui signifie que ce mod\u00e8le peut imprimer une seule pi\u00e8ce avec deux mat\u00e9riaux. Mais cela implique aussi deux t\u00eates malheureusement, et donc deux buses et deux extrudeurs, c-a-d 2 fois plus de poids sur la t\u00eate d&rsquo;impression, deux fois plus [&hellip;]<\/p>\n","protected":false},"author":29,"featured_media":0,"comment_status":"closed","ping_status":"open","sticky":false,"template":"","format":"standard","meta":{"_et_pb_use_builder":"","_et_pb_old_content":"","_et_gb_content_width":"","rop_custom_images_group":[],"rop_custom_messages_group":[],"rop_publish_now":"initial","rop_publish_now_accounts":{"facebook_1992431424458146_173380702515979":""},"rop_publish_now_history":[],"rop_publish_now_status":"pending","footnotes":""},"categories":[2],"tags":[],"class_list":["post-1924","post","type-post","status-publish","format-standard","hentry","category-news"],"yoast_head":"<!-- This site is optimized with the Yoast SEO plugin v27.3 - https:\/\/yoast.com\/product\/yoast-seo-wordpress\/ -->\n<title>Am\u00e9lioration Anet A8 - Le FabLab<\/title>\n<meta name=\"robots\" content=\"noindex, follow, max-snippet:-1, max-image-preview:large, max-video-preview:-1\" \/>\n<meta property=\"og:locale\" content=\"fr_FR\" \/>\n<meta property=\"og:type\" content=\"article\" \/>\n<meta property=\"og:title\" content=\"Am\u00e9lioration Anet A8 - Le FabLab\" \/>\n<meta property=\"og:description\" content=\"Comme vous avez pu le constater, l&rsquo;A8 que nous poss\u00e9dons est en double extrusion. Ce qui signifie que ce mod\u00e8le peut imprimer une seule pi\u00e8ce avec deux mat\u00e9riaux. Mais cela implique aussi deux t\u00eates malheureusement, et donc deux buses et deux extrudeurs, c-a-d 2 fois plus de poids sur la t\u00eate d&rsquo;impression, deux fois plus [&hellip;]\" \/>\n<meta property=\"og:url\" content=\"https:\/\/fablab-montagny-pres-louhans.fr\/index.php\/2019\/04\/18\/amelioration-anet-a8\/\" \/>\n<meta property=\"og:site_name\" content=\"Le FabLab\" \/>\n<meta property=\"article:publisher\" content=\"https:\/\/www.facebook.com\/fablab.labom\/\" \/>\n<meta property=\"article:published_time\" content=\"2019-04-18T13:57:48+00:00\" \/>\n<meta property=\"article:modified_time\" content=\"2019-04-18T13:57:53+00:00\" \/>\n<meta property=\"og:image\" content=\"https:\/\/fablab-montagny-pres-louhans.fr\/wp-content\/uploads\/2019\/03\/2-IN-1-HOT-END.jpg\" \/>\n<meta name=\"author\" content=\"Roger Remondy\" \/>\n<meta name=\"twitter:card\" content=\"summary_large_image\" \/>\n<meta name=\"twitter:label1\" content=\"\u00c9crit par\" \/>\n\t<meta name=\"twitter:data1\" content=\"Roger Remondy\" \/>\n\t<meta name=\"twitter:label2\" content=\"Dur\u00e9e de lecture estim\u00e9e\" \/>\n\t<meta name=\"twitter:data2\" content=\"2 minutes\" \/>\n<script type=\"application\/ld+json\" class=\"yoast-schema-graph\">{\"@context\":\"https:\\\/\\\/schema.org\",\"@graph\":[{\"@type\":\"Article\",\"@id\":\"https:\\\/\\\/fablab-montagny-pres-louhans.fr\\\/index.php\\\/2019\\\/04\\\/18\\\/amelioration-anet-a8\\\/#article\",\"isPartOf\":{\"@id\":\"https:\\\/\\\/fablab-montagny-pres-louhans.fr\\\/index.php\\\/2019\\\/04\\\/18\\\/amelioration-anet-a8\\\/\"},\"author\":{\"name\":\"Roger Remondy\",\"@id\":\"https:\\\/\\\/fablab-montagny-pres-louhans.fr\\\/#\\\/schema\\\/person\\\/b4b47741bdde563325530989455fe7de\"},\"headline\":\"Am\u00e9lioration Anet A8\",\"datePublished\":\"2019-04-18T13:57:48+00:00\",\"dateModified\":\"2019-04-18T13:57:53+00:00\",\"mainEntityOfPage\":{\"@id\":\"https:\\\/\\\/fablab-montagny-pres-louhans.fr\\\/index.php\\\/2019\\\/04\\\/18\\\/amelioration-anet-a8\\\/\"},\"wordCount\":431,\"publisher\":{\"@id\":\"https:\\\/\\\/fablab-montagny-pres-louhans.fr\\\/#organization\"},\"image\":{\"@id\":\"https:\\\/\\\/fablab-montagny-pres-louhans.fr\\\/index.php\\\/2019\\\/04\\\/18\\\/amelioration-anet-a8\\\/#primaryimage\"},\"thumbnailUrl\":\"https:\\\/\\\/fablab-montagny-pres-louhans.fr\\\/wp-content\\\/uploads\\\/2019\\\/03\\\/2-IN-1-HOT-END.jpg\",\"articleSection\":[\"News\"],\"inLanguage\":\"fr-FR\"},{\"@type\":\"WebPage\",\"@id\":\"https:\\\/\\\/fablab-montagny-pres-louhans.fr\\\/index.php\\\/2019\\\/04\\\/18\\\/amelioration-anet-a8\\\/\",\"url\":\"https:\\\/\\\/fablab-montagny-pres-louhans.fr\\\/index.php\\\/2019\\\/04\\\/18\\\/amelioration-anet-a8\\\/\",\"name\":\"Am\u00e9lioration Anet A8 - Le FabLab\",\"isPartOf\":{\"@id\":\"https:\\\/\\\/fablab-montagny-pres-louhans.fr\\\/#website\"},\"primaryImageOfPage\":{\"@id\":\"https:\\\/\\\/fablab-montagny-pres-louhans.fr\\\/index.php\\\/2019\\\/04\\\/18\\\/amelioration-anet-a8\\\/#primaryimage\"},\"image\":{\"@id\":\"https:\\\/\\\/fablab-montagny-pres-louhans.fr\\\/index.php\\\/2019\\\/04\\\/18\\\/amelioration-anet-a8\\\/#primaryimage\"},\"thumbnailUrl\":\"https:\\\/\\\/fablab-montagny-pres-louhans.fr\\\/wp-content\\\/uploads\\\/2019\\\/03\\\/2-IN-1-HOT-END.jpg\",\"datePublished\":\"2019-04-18T13:57:48+00:00\",\"dateModified\":\"2019-04-18T13:57:53+00:00\",\"breadcrumb\":{\"@id\":\"https:\\\/\\\/fablab-montagny-pres-louhans.fr\\\/index.php\\\/2019\\\/04\\\/18\\\/amelioration-anet-a8\\\/#breadcrumb\"},\"inLanguage\":\"fr-FR\",\"potentialAction\":[{\"@type\":\"ReadAction\",\"target\":[\"https:\\\/\\\/fablab-montagny-pres-louhans.fr\\\/index.php\\\/2019\\\/04\\\/18\\\/amelioration-anet-a8\\\/\"]}]},{\"@type\":\"ImageObject\",\"inLanguage\":\"fr-FR\",\"@id\":\"https:\\\/\\\/fablab-montagny-pres-louhans.fr\\\/index.php\\\/2019\\\/04\\\/18\\\/amelioration-anet-a8\\\/#primaryimage\",\"url\":\"https:\\\/\\\/fablab-montagny-pres-louhans.fr\\\/wp-content\\\/uploads\\\/2019\\\/03\\\/2-IN-1-HOT-END.jpg\",\"contentUrl\":\"https:\\\/\\\/fablab-montagny-pres-louhans.fr\\\/wp-content\\\/uploads\\\/2019\\\/03\\\/2-IN-1-HOT-END.jpg\",\"width\":1000,\"height\":1000},{\"@type\":\"BreadcrumbList\",\"@id\":\"https:\\\/\\\/fablab-montagny-pres-louhans.fr\\\/index.php\\\/2019\\\/04\\\/18\\\/amelioration-anet-a8\\\/#breadcrumb\",\"itemListElement\":[{\"@type\":\"ListItem\",\"position\":1,\"name\":\"Accueil\",\"item\":\"https:\\\/\\\/fablab-montagny-pres-louhans.fr\\\/\"},{\"@type\":\"ListItem\",\"position\":2,\"name\":\"Am\u00e9lioration Anet A8\"}]},{\"@type\":\"WebSite\",\"@id\":\"https:\\\/\\\/fablab-montagny-pres-louhans.fr\\\/#website\",\"url\":\"https:\\\/\\\/fablab-montagny-pres-louhans.fr\\\/\",\"name\":\"Le FabLab\",\"description\":\"Le premier de Bresse\",\"publisher\":{\"@id\":\"https:\\\/\\\/fablab-montagny-pres-louhans.fr\\\/#organization\"},\"potentialAction\":[{\"@type\":\"SearchAction\",\"target\":{\"@type\":\"EntryPoint\",\"urlTemplate\":\"https:\\\/\\\/fablab-montagny-pres-louhans.fr\\\/?s={search_term_string}\"},\"query-input\":{\"@type\":\"PropertyValueSpecification\",\"valueRequired\":true,\"valueName\":\"search_term_string\"}}],\"inLanguage\":\"fr-FR\"},{\"@type\":\"Organization\",\"@id\":\"https:\\\/\\\/fablab-montagny-pres-louhans.fr\\\/#organization\",\"name\":\"Le FabLab\",\"url\":\"https:\\\/\\\/fablab-montagny-pres-louhans.fr\\\/\",\"logo\":{\"@type\":\"ImageObject\",\"inLanguage\":\"fr-FR\",\"@id\":\"https:\\\/\\\/fablab-montagny-pres-louhans.fr\\\/#\\\/schema\\\/logo\\\/image\\\/\",\"url\":\"https:\\\/\\\/fablab-montagny-pres-louhans.fr\\\/wp-content\\\/uploads\\\/2023\\\/02\\\/FABALB-logo.png\",\"contentUrl\":\"https:\\\/\\\/fablab-montagny-pres-louhans.fr\\\/wp-content\\\/uploads\\\/2023\\\/02\\\/FABALB-logo.png\",\"width\":250,\"height\":260,\"caption\":\"Le FabLab\"},\"image\":{\"@id\":\"https:\\\/\\\/fablab-montagny-pres-louhans.fr\\\/#\\\/schema\\\/logo\\\/image\\\/\"},\"sameAs\":[\"https:\\\/\\\/www.facebook.com\\\/fablab.labom\\\/\"]},{\"@type\":\"Person\",\"@id\":\"https:\\\/\\\/fablab-montagny-pres-louhans.fr\\\/#\\\/schema\\\/person\\\/b4b47741bdde563325530989455fe7de\",\"name\":\"Roger Remondy\",\"image\":{\"@type\":\"ImageObject\",\"inLanguage\":\"fr-FR\",\"@id\":\"https:\\\/\\\/fablab-montagny-pres-louhans.fr\\\/wp-content\\\/litespeed\\\/avatar\\\/0636c9b2c03e4d83e562c27b768bd1cb.jpg?ver=1777239698\",\"url\":\"https:\\\/\\\/fablab-montagny-pres-louhans.fr\\\/wp-content\\\/litespeed\\\/avatar\\\/0636c9b2c03e4d83e562c27b768bd1cb.jpg?ver=1777239698\",\"contentUrl\":\"https:\\\/\\\/fablab-montagny-pres-louhans.fr\\\/wp-content\\\/litespeed\\\/avatar\\\/0636c9b2c03e4d83e562c27b768bd1cb.jpg?ver=1777239698\",\"caption\":\"Roger Remondy\"},\"url\":\"https:\\\/\\\/fablab-montagny-pres-louhans.fr\\\/index.php\\\/author\\\/roger\\\/\"}]}<\/script>\n<!-- \/ Yoast SEO plugin. -->","yoast_head_json":{"title":"Am\u00e9lioration Anet A8 - Le FabLab","robots":{"index":"noindex","follow":"follow","max-snippet":"max-snippet:-1","max-image-preview":"max-image-preview:large","max-video-preview":"max-video-preview:-1"},"og_locale":"fr_FR","og_type":"article","og_title":"Am\u00e9lioration Anet A8 - Le FabLab","og_description":"Comme vous avez pu le constater, l&rsquo;A8 que nous poss\u00e9dons est en double extrusion. Ce qui signifie que ce mod\u00e8le peut imprimer une seule pi\u00e8ce avec deux mat\u00e9riaux. Mais cela implique aussi deux t\u00eates malheureusement, et donc deux buses et deux extrudeurs, c-a-d 2 fois plus de poids sur la t\u00eate d&rsquo;impression, deux fois plus [&hellip;]","og_url":"https:\/\/fablab-montagny-pres-louhans.fr\/index.php\/2019\/04\/18\/amelioration-anet-a8\/","og_site_name":"Le FabLab","article_publisher":"https:\/\/www.facebook.com\/fablab.labom\/","article_published_time":"2019-04-18T13:57:48+00:00","article_modified_time":"2019-04-18T13:57:53+00:00","og_image":[{"url":"https:\/\/fablab-montagny-pres-louhans.fr\/wp-content\/uploads\/2019\/03\/2-IN-1-HOT-END.jpg","type":"","width":"","height":""}],"author":"Roger Remondy","twitter_card":"summary_large_image","twitter_misc":{"\u00c9crit par":"Roger Remondy","Dur\u00e9e de lecture estim\u00e9e":"2 minutes"},"schema":{"@context":"https:\/\/schema.org","@graph":[{"@type":"Article","@id":"https:\/\/fablab-montagny-pres-louhans.fr\/index.php\/2019\/04\/18\/amelioration-anet-a8\/#article","isPartOf":{"@id":"https:\/\/fablab-montagny-pres-louhans.fr\/index.php\/2019\/04\/18\/amelioration-anet-a8\/"},"author":{"name":"Roger Remondy","@id":"https:\/\/fablab-montagny-pres-louhans.fr\/#\/schema\/person\/b4b47741bdde563325530989455fe7de"},"headline":"Am\u00e9lioration Anet A8","datePublished":"2019-04-18T13:57:48+00:00","dateModified":"2019-04-18T13:57:53+00:00","mainEntityOfPage":{"@id":"https:\/\/fablab-montagny-pres-louhans.fr\/index.php\/2019\/04\/18\/amelioration-anet-a8\/"},"wordCount":431,"publisher":{"@id":"https:\/\/fablab-montagny-pres-louhans.fr\/#organization"},"image":{"@id":"https:\/\/fablab-montagny-pres-louhans.fr\/index.php\/2019\/04\/18\/amelioration-anet-a8\/#primaryimage"},"thumbnailUrl":"https:\/\/fablab-montagny-pres-louhans.fr\/wp-content\/uploads\/2019\/03\/2-IN-1-HOT-END.jpg","articleSection":["News"],"inLanguage":"fr-FR"},{"@type":"WebPage","@id":"https:\/\/fablab-montagny-pres-louhans.fr\/index.php\/2019\/04\/18\/amelioration-anet-a8\/","url":"https:\/\/fablab-montagny-pres-louhans.fr\/index.php\/2019\/04\/18\/amelioration-anet-a8\/","name":"Am\u00e9lioration Anet A8 - Le FabLab","isPartOf":{"@id":"https:\/\/fablab-montagny-pres-louhans.fr\/#website"},"primaryImageOfPage":{"@id":"https:\/\/fablab-montagny-pres-louhans.fr\/index.php\/2019\/04\/18\/amelioration-anet-a8\/#primaryimage"},"image":{"@id":"https:\/\/fablab-montagny-pres-louhans.fr\/index.php\/2019\/04\/18\/amelioration-anet-a8\/#primaryimage"},"thumbnailUrl":"https:\/\/fablab-montagny-pres-louhans.fr\/wp-content\/uploads\/2019\/03\/2-IN-1-HOT-END.jpg","datePublished":"2019-04-18T13:57:48+00:00","dateModified":"2019-04-18T13:57:53+00:00","breadcrumb":{"@id":"https:\/\/fablab-montagny-pres-louhans.fr\/index.php\/2019\/04\/18\/amelioration-anet-a8\/#breadcrumb"},"inLanguage":"fr-FR","potentialAction":[{"@type":"ReadAction","target":["https:\/\/fablab-montagny-pres-louhans.fr\/index.php\/2019\/04\/18\/amelioration-anet-a8\/"]}]},{"@type":"ImageObject","inLanguage":"fr-FR","@id":"https:\/\/fablab-montagny-pres-louhans.fr\/index.php\/2019\/04\/18\/amelioration-anet-a8\/#primaryimage","url":"https:\/\/fablab-montagny-pres-louhans.fr\/wp-content\/uploads\/2019\/03\/2-IN-1-HOT-END.jpg","contentUrl":"https:\/\/fablab-montagny-pres-louhans.fr\/wp-content\/uploads\/2019\/03\/2-IN-1-HOT-END.jpg","width":1000,"height":1000},{"@type":"BreadcrumbList","@id":"https:\/\/fablab-montagny-pres-louhans.fr\/index.php\/2019\/04\/18\/amelioration-anet-a8\/#breadcrumb","itemListElement":[{"@type":"ListItem","position":1,"name":"Accueil","item":"https:\/\/fablab-montagny-pres-louhans.fr\/"},{"@type":"ListItem","position":2,"name":"Am\u00e9lioration Anet A8"}]},{"@type":"WebSite","@id":"https:\/\/fablab-montagny-pres-louhans.fr\/#website","url":"https:\/\/fablab-montagny-pres-louhans.fr\/","name":"Le FabLab","description":"Le premier de Bresse","publisher":{"@id":"https:\/\/fablab-montagny-pres-louhans.fr\/#organization"},"potentialAction":[{"@type":"SearchAction","target":{"@type":"EntryPoint","urlTemplate":"https:\/\/fablab-montagny-pres-louhans.fr\/?s={search_term_string}"},"query-input":{"@type":"PropertyValueSpecification","valueRequired":true,"valueName":"search_term_string"}}],"inLanguage":"fr-FR"},{"@type":"Organization","@id":"https:\/\/fablab-montagny-pres-louhans.fr\/#organization","name":"Le FabLab","url":"https:\/\/fablab-montagny-pres-louhans.fr\/","logo":{"@type":"ImageObject","inLanguage":"fr-FR","@id":"https:\/\/fablab-montagny-pres-louhans.fr\/#\/schema\/logo\/image\/","url":"https:\/\/fablab-montagny-pres-louhans.fr\/wp-content\/uploads\/2023\/02\/FABALB-logo.png","contentUrl":"https:\/\/fablab-montagny-pres-louhans.fr\/wp-content\/uploads\/2023\/02\/FABALB-logo.png","width":250,"height":260,"caption":"Le FabLab"},"image":{"@id":"https:\/\/fablab-montagny-pres-louhans.fr\/#\/schema\/logo\/image\/"},"sameAs":["https:\/\/www.facebook.com\/fablab.labom\/"]},{"@type":"Person","@id":"https:\/\/fablab-montagny-pres-louhans.fr\/#\/schema\/person\/b4b47741bdde563325530989455fe7de","name":"Roger Remondy","image":{"@type":"ImageObject","inLanguage":"fr-FR","@id":"https:\/\/fablab-montagny-pres-louhans.fr\/wp-content\/litespeed\/avatar\/0636c9b2c03e4d83e562c27b768bd1cb.jpg?ver=1777239698","url":"https:\/\/fablab-montagny-pres-louhans.fr\/wp-content\/litespeed\/avatar\/0636c9b2c03e4d83e562c27b768bd1cb.jpg?ver=1777239698","contentUrl":"https:\/\/fablab-montagny-pres-louhans.fr\/wp-content\/litespeed\/avatar\/0636c9b2c03e4d83e562c27b768bd1cb.jpg?ver=1777239698","caption":"Roger Remondy"},"url":"https:\/\/fablab-montagny-pres-louhans.fr\/index.php\/author\/roger\/"}]}},"_links":{"self":[{"href":"https:\/\/fablab-montagny-pres-louhans.fr\/index.php\/wp-json\/wp\/v2\/posts\/1924","targetHints":{"allow":["GET"]}}],"collection":[{"href":"https:\/\/fablab-montagny-pres-louhans.fr\/index.php\/wp-json\/wp\/v2\/posts"}],"about":[{"href":"https:\/\/fablab-montagny-pres-louhans.fr\/index.php\/wp-json\/wp\/v2\/types\/post"}],"author":[{"embeddable":true,"href":"https:\/\/fablab-montagny-pres-louhans.fr\/index.php\/wp-json\/wp\/v2\/users\/29"}],"replies":[{"embeddable":true,"href":"https:\/\/fablab-montagny-pres-louhans.fr\/index.php\/wp-json\/wp\/v2\/comments?post=1924"}],"version-history":[{"count":4,"href":"https:\/\/fablab-montagny-pres-louhans.fr\/index.php\/wp-json\/wp\/v2\/posts\/1924\/revisions"}],"predecessor-version":[{"id":1971,"href":"https:\/\/fablab-montagny-pres-louhans.fr\/index.php\/wp-json\/wp\/v2\/posts\/1924\/revisions\/1971"}],"wp:attachment":[{"href":"https:\/\/fablab-montagny-pres-louhans.fr\/index.php\/wp-json\/wp\/v2\/media?parent=1924"}],"wp:term":[{"taxonomy":"category","embeddable":true,"href":"https:\/\/fablab-montagny-pres-louhans.fr\/index.php\/wp-json\/wp\/v2\/categories?post=1924"},{"taxonomy":"post_tag","embeddable":true,"href":"https:\/\/fablab-montagny-pres-louhans.fr\/index.php\/wp-json\/wp\/v2\/tags?post=1924"}],"curies":[{"name":"wp","href":"https:\/\/api.w.org\/{rel}","templated":true}]}}