{"id":1852,"date":"2019-03-31T19:45:24","date_gmt":"2019-03-31T17:45:24","guid":{"rendered":"https:\/\/fablab-montagny-pres-louhans.fr\/?p=1852"},"modified":"2019-03-31T19:45:30","modified_gmt":"2019-03-31T17:45:30","slug":"le-fablab-dans-son-bassin-de-vie","status":"publish","type":"post","link":"https:\/\/fablab-montagny-pres-louhans.fr\/index.php\/2019\/03\/31\/le-fablab-dans-son-bassin-de-vie\/","title":{"rendered":"Le fablab dans son bassin de vie."},"content":{"rendered":"\n<p>Au pr\u00e9alable, une rencontre avait eu lieu dans les locaux de la Mission afin d&rsquo;expliquer \u00e0 un groupe, l&rsquo;utilit\u00e9 et les services que peuvent apporter la structure d&rsquo;un fablab dans son environnement local. Apr\u00e8s la traditionnelle s\u00e9ance : explications, questions-r\u00e9ponses anim\u00e9e par une conseill\u00e8re de l&rsquo;organisme, rendez vous \u00e9tait pris avec 4 jeunes pour le jeudi matin pour la d\u00e9couverte de la gravure\/d\u00e9coupe laser et les 4 m\u00eames gar\u00e7ons plus 3 jeunes femmes pour le lendemain afin de s&rsquo;initier \u00e0 l&rsquo;impression 3D.<\/p>\n\n\n\n<p>Jeudi 21 et vendredi 22 f\u00e9vrier, \u00e0 la demande de la Mission Locale de Louhans, Labo&rsquo;M a mis en place 2 ateliers d\u00e9couvertes pour des jeunes dans le cadre du programme \u00a0\u00bb garantie jeune\u00a0\u00bb de la Mission Locale.<\/p>\n\n\n\n<p><strong>Ces 2 ateliers se faisaient donc sur la base du volontariat.  <\/strong><\/p>\n\n\n\n<p>Jeudi 21 matin :&nbsp;<\/p>\n\n\n\n<p>Accueil, d\u00e9couverte du fablab, du mat\u00e9riel et des projets en cours et comme il faut prendre des forces avant\u00a0la s\u00e9ance de travail, une solide collation \u00e9tait propos\u00e9e. <\/p>\n\n\n\n<p>Puis intervention de Xavier pour la d\u00e9couverte du graveur\/d\u00e9coupe laser pilot\u00e9 par son \u00ab\u00a0assistant\u00a0\u00bb le logiciel RDWorks. Chacun des jeunes repartait avec un objet de sa fabrication : un porte-cl\u00e9 en bois grav\u00e9 \u00e0 son nom et d\u00e9coup\u00e9 au laser.<\/p>\n\n\n\n<p>Vendredi 22 matin :<\/p>\n\n\n\n<p>Trois jeunes de plus venaient compl\u00e9ter l&rsquo;\u00e9quipe de la veille. Apr\u00e8s le traditionnel pot d&rsquo;accueil, Sylvain aid\u00e9 dans cette t\u00e2che par Yannis prenait les commandes de l&rsquo;atelier et tout le monde se mettait au travail sur le logiciel de dessin 3D (Autodesk Fusion 360) pour dessiner une pi\u00e8ce en trois parties pivotantes entre elles. Le dessin et l&rsquo;impression 3D prenant plus de temps que la gravure, des impressions avaient \u00e9t\u00e9 pr\u00e9par\u00e9es d&rsquo;avance de fa\u00e7on \u00e0 ce que chacun des jeunes puissent repartir \u00e9galement avec un objet de sa fabrication. <\/p>\n\n\n\n<figure class=\"wp-block-image\"><img loading=\"lazy\" decoding=\"async\" width=\"1024\" height=\"890\" src=\"https:\/\/fablab-montagny-pres-louhans.fr\/wp-content\/uploads\/2019\/03\/IMG_20190221_105235-1024x890.jpg\" alt=\"\" class=\"wp-image-1850\" srcset=\"https:\/\/fablab-montagny-pres-louhans.fr\/wp-content\/uploads\/2019\/03\/IMG_20190221_105235-1024x890.jpg 1024w, https:\/\/fablab-montagny-pres-louhans.fr\/wp-content\/uploads\/2019\/03\/IMG_20190221_105235-300x261.jpg 300w, https:\/\/fablab-montagny-pres-louhans.fr\/wp-content\/uploads\/2019\/03\/IMG_20190221_105235-768x667.jpg 768w\" sizes=\"(max-width: 1024px) 100vw, 1024px\" \/><figcaption><br><\/figcaption><\/figure>\n","protected":false},"excerpt":{"rendered":"<p>Au pr\u00e9alable, une rencontre avait eu lieu dans les locaux de la Mission afin d&rsquo;expliquer \u00e0 un groupe, l&rsquo;utilit\u00e9 et les services que peuvent apporter la structure d&rsquo;un fablab dans son environnement local. Apr\u00e8s la traditionnelle s\u00e9ance : explications, questions-r\u00e9ponses anim\u00e9e par une conseill\u00e8re de l&rsquo;organisme, rendez vous \u00e9tait pris avec 4 jeunes pour le [&hellip;]<\/p>\n","protected":false},"author":29,"featured_media":1851,"comment_status":"closed","ping_status":"open","sticky":false,"template":"","format":"standard","meta":{"_et_pb_use_builder":"","_et_pb_old_content":"","_et_gb_content_width":"","rop_custom_images_group":[],"rop_custom_messages_group":[],"rop_publish_now":"initial","rop_publish_now_accounts":{"facebook_1992431424458146_173380702515979":""},"rop_publish_now_history":[],"rop_publish_now_status":"pending","footnotes":""},"categories":[2],"tags":[],"class_list":["post-1852","post","type-post","status-publish","format-standard","has-post-thumbnail","hentry","category-news"],"yoast_head":"<!-- This site is optimized with the Yoast SEO plugin v27.3 - https:\/\/yoast.com\/product\/yoast-seo-wordpress\/ -->\n<title>Le fablab dans son bassin de vie. - Le FabLab<\/title>\n<meta name=\"robots\" content=\"noindex, follow, max-snippet:-1, max-image-preview:large, max-video-preview:-1\" \/>\n<meta property=\"og:locale\" content=\"fr_FR\" \/>\n<meta property=\"og:type\" content=\"article\" \/>\n<meta property=\"og:title\" content=\"Le fablab dans son bassin de vie. - Le FabLab\" \/>\n<meta property=\"og:description\" content=\"Au pr\u00e9alable, une rencontre avait eu lieu dans les locaux de la Mission afin d&rsquo;expliquer \u00e0 un groupe, l&rsquo;utilit\u00e9 et les services que peuvent apporter la structure d&rsquo;un fablab dans son environnement local. Apr\u00e8s la traditionnelle s\u00e9ance : explications, questions-r\u00e9ponses anim\u00e9e par une conseill\u00e8re de l&rsquo;organisme, rendez vous \u00e9tait pris avec 4 jeunes pour le [&hellip;]\" \/>\n<meta property=\"og:url\" content=\"https:\/\/fablab-montagny-pres-louhans.fr\/index.php\/2019\/03\/31\/le-fablab-dans-son-bassin-de-vie\/\" \/>\n<meta property=\"og:site_name\" content=\"Le FabLab\" \/>\n<meta property=\"article:publisher\" content=\"https:\/\/www.facebook.com\/fablab.labom\/\" \/>\n<meta property=\"article:published_time\" content=\"2019-03-31T17:45:24+00:00\" \/>\n<meta property=\"article:modified_time\" content=\"2019-03-31T17:45:30+00:00\" \/>\n<meta property=\"og:image\" content=\"https:\/\/fablab-montagny-pres-louhans.fr\/wp-content\/uploads\/2019\/03\/IMG_20190221_105205.jpg\" \/>\n\t<meta property=\"og:image:width\" content=\"3466\" \/>\n\t<meta property=\"og:image:height\" content=\"2265\" \/>\n\t<meta property=\"og:image:type\" content=\"image\/jpeg\" \/>\n<meta name=\"author\" content=\"Roger Remondy\" \/>\n<meta name=\"twitter:card\" content=\"summary_large_image\" \/>\n<meta name=\"twitter:label1\" content=\"\u00c9crit par\" \/>\n\t<meta name=\"twitter:data1\" content=\"Roger Remondy\" \/>\n\t<meta name=\"twitter:label2\" content=\"Dur\u00e9e de lecture estim\u00e9e\" \/>\n\t<meta name=\"twitter:data2\" content=\"2 minutes\" \/>\n<script type=\"application\/ld+json\" class=\"yoast-schema-graph\">{\"@context\":\"https:\\\/\\\/schema.org\",\"@graph\":[{\"@type\":\"Article\",\"@id\":\"https:\\\/\\\/fablab-montagny-pres-louhans.fr\\\/index.php\\\/2019\\\/03\\\/31\\\/le-fablab-dans-son-bassin-de-vie\\\/#article\",\"isPartOf\":{\"@id\":\"https:\\\/\\\/fablab-montagny-pres-louhans.fr\\\/index.php\\\/2019\\\/03\\\/31\\\/le-fablab-dans-son-bassin-de-vie\\\/\"},\"author\":{\"name\":\"Roger Remondy\",\"@id\":\"https:\\\/\\\/fablab-montagny-pres-louhans.fr\\\/#\\\/schema\\\/person\\\/b4b47741bdde563325530989455fe7de\"},\"headline\":\"Le fablab dans son bassin de vie.\",\"datePublished\":\"2019-03-31T17:45:24+00:00\",\"dateModified\":\"2019-03-31T17:45:30+00:00\",\"mainEntityOfPage\":{\"@id\":\"https:\\\/\\\/fablab-montagny-pres-louhans.fr\\\/index.php\\\/2019\\\/03\\\/31\\\/le-fablab-dans-son-bassin-de-vie\\\/\"},\"wordCount\":313,\"publisher\":{\"@id\":\"https:\\\/\\\/fablab-montagny-pres-louhans.fr\\\/#organization\"},\"image\":{\"@id\":\"https:\\\/\\\/fablab-montagny-pres-louhans.fr\\\/index.php\\\/2019\\\/03\\\/31\\\/le-fablab-dans-son-bassin-de-vie\\\/#primaryimage\"},\"thumbnailUrl\":\"https:\\\/\\\/fablab-montagny-pres-louhans.fr\\\/wp-content\\\/uploads\\\/2019\\\/03\\\/IMG_20190221_105205.jpg\",\"articleSection\":[\"News\"],\"inLanguage\":\"fr-FR\"},{\"@type\":\"WebPage\",\"@id\":\"https:\\\/\\\/fablab-montagny-pres-louhans.fr\\\/index.php\\\/2019\\\/03\\\/31\\\/le-fablab-dans-son-bassin-de-vie\\\/\",\"url\":\"https:\\\/\\\/fablab-montagny-pres-louhans.fr\\\/index.php\\\/2019\\\/03\\\/31\\\/le-fablab-dans-son-bassin-de-vie\\\/\",\"name\":\"Le fablab dans son bassin de vie. - Le FabLab\",\"isPartOf\":{\"@id\":\"https:\\\/\\\/fablab-montagny-pres-louhans.fr\\\/#website\"},\"primaryImageOfPage\":{\"@id\":\"https:\\\/\\\/fablab-montagny-pres-louhans.fr\\\/index.php\\\/2019\\\/03\\\/31\\\/le-fablab-dans-son-bassin-de-vie\\\/#primaryimage\"},\"image\":{\"@id\":\"https:\\\/\\\/fablab-montagny-pres-louhans.fr\\\/index.php\\\/2019\\\/03\\\/31\\\/le-fablab-dans-son-bassin-de-vie\\\/#primaryimage\"},\"thumbnailUrl\":\"https:\\\/\\\/fablab-montagny-pres-louhans.fr\\\/wp-content\\\/uploads\\\/2019\\\/03\\\/IMG_20190221_105205.jpg\",\"datePublished\":\"2019-03-31T17:45:24+00:00\",\"dateModified\":\"2019-03-31T17:45:30+00:00\",\"breadcrumb\":{\"@id\":\"https:\\\/\\\/fablab-montagny-pres-louhans.fr\\\/index.php\\\/2019\\\/03\\\/31\\\/le-fablab-dans-son-bassin-de-vie\\\/#breadcrumb\"},\"inLanguage\":\"fr-FR\",\"potentialAction\":[{\"@type\":\"ReadAction\",\"target\":[\"https:\\\/\\\/fablab-montagny-pres-louhans.fr\\\/index.php\\\/2019\\\/03\\\/31\\\/le-fablab-dans-son-bassin-de-vie\\\/\"]}]},{\"@type\":\"ImageObject\",\"inLanguage\":\"fr-FR\",\"@id\":\"https:\\\/\\\/fablab-montagny-pres-louhans.fr\\\/index.php\\\/2019\\\/03\\\/31\\\/le-fablab-dans-son-bassin-de-vie\\\/#primaryimage\",\"url\":\"https:\\\/\\\/fablab-montagny-pres-louhans.fr\\\/wp-content\\\/uploads\\\/2019\\\/03\\\/IMG_20190221_105205.jpg\",\"contentUrl\":\"https:\\\/\\\/fablab-montagny-pres-louhans.fr\\\/wp-content\\\/uploads\\\/2019\\\/03\\\/IMG_20190221_105205.jpg\",\"width\":3466,\"height\":2265,\"caption\":\"Travail sur RDWorks\"},{\"@type\":\"BreadcrumbList\",\"@id\":\"https:\\\/\\\/fablab-montagny-pres-louhans.fr\\\/index.php\\\/2019\\\/03\\\/31\\\/le-fablab-dans-son-bassin-de-vie\\\/#breadcrumb\",\"itemListElement\":[{\"@type\":\"ListItem\",\"position\":1,\"name\":\"Accueil\",\"item\":\"https:\\\/\\\/fablab-montagny-pres-louhans.fr\\\/\"},{\"@type\":\"ListItem\",\"position\":2,\"name\":\"Le fablab dans son bassin de vie.\"}]},{\"@type\":\"WebSite\",\"@id\":\"https:\\\/\\\/fablab-montagny-pres-louhans.fr\\\/#website\",\"url\":\"https:\\\/\\\/fablab-montagny-pres-louhans.fr\\\/\",\"name\":\"Le FabLab\",\"description\":\"Le premier de Bresse\",\"publisher\":{\"@id\":\"https:\\\/\\\/fablab-montagny-pres-louhans.fr\\\/#organization\"},\"potentialAction\":[{\"@type\":\"SearchAction\",\"target\":{\"@type\":\"EntryPoint\",\"urlTemplate\":\"https:\\\/\\\/fablab-montagny-pres-louhans.fr\\\/?s={search_term_string}\"},\"query-input\":{\"@type\":\"PropertyValueSpecification\",\"valueRequired\":true,\"valueName\":\"search_term_string\"}}],\"inLanguage\":\"fr-FR\"},{\"@type\":\"Organization\",\"@id\":\"https:\\\/\\\/fablab-montagny-pres-louhans.fr\\\/#organization\",\"name\":\"Le FabLab\",\"url\":\"https:\\\/\\\/fablab-montagny-pres-louhans.fr\\\/\",\"logo\":{\"@type\":\"ImageObject\",\"inLanguage\":\"fr-FR\",\"@id\":\"https:\\\/\\\/fablab-montagny-pres-louhans.fr\\\/#\\\/schema\\\/logo\\\/image\\\/\",\"url\":\"https:\\\/\\\/fablab-montagny-pres-louhans.fr\\\/wp-content\\\/uploads\\\/2023\\\/02\\\/FABALB-logo.png\",\"contentUrl\":\"https:\\\/\\\/fablab-montagny-pres-louhans.fr\\\/wp-content\\\/uploads\\\/2023\\\/02\\\/FABALB-logo.png\",\"width\":250,\"height\":260,\"caption\":\"Le FabLab\"},\"image\":{\"@id\":\"https:\\\/\\\/fablab-montagny-pres-louhans.fr\\\/#\\\/schema\\\/logo\\\/image\\\/\"},\"sameAs\":[\"https:\\\/\\\/www.facebook.com\\\/fablab.labom\\\/\"]},{\"@type\":\"Person\",\"@id\":\"https:\\\/\\\/fablab-montagny-pres-louhans.fr\\\/#\\\/schema\\\/person\\\/b4b47741bdde563325530989455fe7de\",\"name\":\"Roger Remondy\",\"image\":{\"@type\":\"ImageObject\",\"inLanguage\":\"fr-FR\",\"@id\":\"https:\\\/\\\/fablab-montagny-pres-louhans.fr\\\/wp-content\\\/litespeed\\\/avatar\\\/0636c9b2c03e4d83e562c27b768bd1cb.jpg?ver=1777239698\",\"url\":\"https:\\\/\\\/fablab-montagny-pres-louhans.fr\\\/wp-content\\\/litespeed\\\/avatar\\\/0636c9b2c03e4d83e562c27b768bd1cb.jpg?ver=1777239698\",\"contentUrl\":\"https:\\\/\\\/fablab-montagny-pres-louhans.fr\\\/wp-content\\\/litespeed\\\/avatar\\\/0636c9b2c03e4d83e562c27b768bd1cb.jpg?ver=1777239698\",\"caption\":\"Roger Remondy\"},\"url\":\"https:\\\/\\\/fablab-montagny-pres-louhans.fr\\\/index.php\\\/author\\\/roger\\\/\"}]}<\/script>\n<!-- \/ Yoast SEO plugin. -->","yoast_head_json":{"title":"Le fablab dans son bassin de vie. - Le FabLab","robots":{"index":"noindex","follow":"follow","max-snippet":"max-snippet:-1","max-image-preview":"max-image-preview:large","max-video-preview":"max-video-preview:-1"},"og_locale":"fr_FR","og_type":"article","og_title":"Le fablab dans son bassin de vie. - Le FabLab","og_description":"Au pr\u00e9alable, une rencontre avait eu lieu dans les locaux de la Mission afin d&rsquo;expliquer \u00e0 un groupe, l&rsquo;utilit\u00e9 et les services que peuvent apporter la structure d&rsquo;un fablab dans son environnement local. Apr\u00e8s la traditionnelle s\u00e9ance : explications, questions-r\u00e9ponses anim\u00e9e par une conseill\u00e8re de l&rsquo;organisme, rendez vous \u00e9tait pris avec 4 jeunes pour le [&hellip;]","og_url":"https:\/\/fablab-montagny-pres-louhans.fr\/index.php\/2019\/03\/31\/le-fablab-dans-son-bassin-de-vie\/","og_site_name":"Le FabLab","article_publisher":"https:\/\/www.facebook.com\/fablab.labom\/","article_published_time":"2019-03-31T17:45:24+00:00","article_modified_time":"2019-03-31T17:45:30+00:00","og_image":[{"width":3466,"height":2265,"url":"https:\/\/fablab-montagny-pres-louhans.fr\/wp-content\/uploads\/2019\/03\/IMG_20190221_105205.jpg","type":"image\/jpeg"}],"author":"Roger Remondy","twitter_card":"summary_large_image","twitter_misc":{"\u00c9crit par":"Roger Remondy","Dur\u00e9e de lecture estim\u00e9e":"2 minutes"},"schema":{"@context":"https:\/\/schema.org","@graph":[{"@type":"Article","@id":"https:\/\/fablab-montagny-pres-louhans.fr\/index.php\/2019\/03\/31\/le-fablab-dans-son-bassin-de-vie\/#article","isPartOf":{"@id":"https:\/\/fablab-montagny-pres-louhans.fr\/index.php\/2019\/03\/31\/le-fablab-dans-son-bassin-de-vie\/"},"author":{"name":"Roger Remondy","@id":"https:\/\/fablab-montagny-pres-louhans.fr\/#\/schema\/person\/b4b47741bdde563325530989455fe7de"},"headline":"Le fablab dans son bassin de vie.","datePublished":"2019-03-31T17:45:24+00:00","dateModified":"2019-03-31T17:45:30+00:00","mainEntityOfPage":{"@id":"https:\/\/fablab-montagny-pres-louhans.fr\/index.php\/2019\/03\/31\/le-fablab-dans-son-bassin-de-vie\/"},"wordCount":313,"publisher":{"@id":"https:\/\/fablab-montagny-pres-louhans.fr\/#organization"},"image":{"@id":"https:\/\/fablab-montagny-pres-louhans.fr\/index.php\/2019\/03\/31\/le-fablab-dans-son-bassin-de-vie\/#primaryimage"},"thumbnailUrl":"https:\/\/fablab-montagny-pres-louhans.fr\/wp-content\/uploads\/2019\/03\/IMG_20190221_105205.jpg","articleSection":["News"],"inLanguage":"fr-FR"},{"@type":"WebPage","@id":"https:\/\/fablab-montagny-pres-louhans.fr\/index.php\/2019\/03\/31\/le-fablab-dans-son-bassin-de-vie\/","url":"https:\/\/fablab-montagny-pres-louhans.fr\/index.php\/2019\/03\/31\/le-fablab-dans-son-bassin-de-vie\/","name":"Le fablab dans son bassin de vie. - Le FabLab","isPartOf":{"@id":"https:\/\/fablab-montagny-pres-louhans.fr\/#website"},"primaryImageOfPage":{"@id":"https:\/\/fablab-montagny-pres-louhans.fr\/index.php\/2019\/03\/31\/le-fablab-dans-son-bassin-de-vie\/#primaryimage"},"image":{"@id":"https:\/\/fablab-montagny-pres-louhans.fr\/index.php\/2019\/03\/31\/le-fablab-dans-son-bassin-de-vie\/#primaryimage"},"thumbnailUrl":"https:\/\/fablab-montagny-pres-louhans.fr\/wp-content\/uploads\/2019\/03\/IMG_20190221_105205.jpg","datePublished":"2019-03-31T17:45:24+00:00","dateModified":"2019-03-31T17:45:30+00:00","breadcrumb":{"@id":"https:\/\/fablab-montagny-pres-louhans.fr\/index.php\/2019\/03\/31\/le-fablab-dans-son-bassin-de-vie\/#breadcrumb"},"inLanguage":"fr-FR","potentialAction":[{"@type":"ReadAction","target":["https:\/\/fablab-montagny-pres-louhans.fr\/index.php\/2019\/03\/31\/le-fablab-dans-son-bassin-de-vie\/"]}]},{"@type":"ImageObject","inLanguage":"fr-FR","@id":"https:\/\/fablab-montagny-pres-louhans.fr\/index.php\/2019\/03\/31\/le-fablab-dans-son-bassin-de-vie\/#primaryimage","url":"https:\/\/fablab-montagny-pres-louhans.fr\/wp-content\/uploads\/2019\/03\/IMG_20190221_105205.jpg","contentUrl":"https:\/\/fablab-montagny-pres-louhans.fr\/wp-content\/uploads\/2019\/03\/IMG_20190221_105205.jpg","width":3466,"height":2265,"caption":"Travail sur RDWorks"},{"@type":"BreadcrumbList","@id":"https:\/\/fablab-montagny-pres-louhans.fr\/index.php\/2019\/03\/31\/le-fablab-dans-son-bassin-de-vie\/#breadcrumb","itemListElement":[{"@type":"ListItem","position":1,"name":"Accueil","item":"https:\/\/fablab-montagny-pres-louhans.fr\/"},{"@type":"ListItem","position":2,"name":"Le fablab dans son bassin de vie."}]},{"@type":"WebSite","@id":"https:\/\/fablab-montagny-pres-louhans.fr\/#website","url":"https:\/\/fablab-montagny-pres-louhans.fr\/","name":"Le FabLab","description":"Le premier de Bresse","publisher":{"@id":"https:\/\/fablab-montagny-pres-louhans.fr\/#organization"},"potentialAction":[{"@type":"SearchAction","target":{"@type":"EntryPoint","urlTemplate":"https:\/\/fablab-montagny-pres-louhans.fr\/?s={search_term_string}"},"query-input":{"@type":"PropertyValueSpecification","valueRequired":true,"valueName":"search_term_string"}}],"inLanguage":"fr-FR"},{"@type":"Organization","@id":"https:\/\/fablab-montagny-pres-louhans.fr\/#organization","name":"Le FabLab","url":"https:\/\/fablab-montagny-pres-louhans.fr\/","logo":{"@type":"ImageObject","inLanguage":"fr-FR","@id":"https:\/\/fablab-montagny-pres-louhans.fr\/#\/schema\/logo\/image\/","url":"https:\/\/fablab-montagny-pres-louhans.fr\/wp-content\/uploads\/2023\/02\/FABALB-logo.png","contentUrl":"https:\/\/fablab-montagny-pres-louhans.fr\/wp-content\/uploads\/2023\/02\/FABALB-logo.png","width":250,"height":260,"caption":"Le FabLab"},"image":{"@id":"https:\/\/fablab-montagny-pres-louhans.fr\/#\/schema\/logo\/image\/"},"sameAs":["https:\/\/www.facebook.com\/fablab.labom\/"]},{"@type":"Person","@id":"https:\/\/fablab-montagny-pres-louhans.fr\/#\/schema\/person\/b4b47741bdde563325530989455fe7de","name":"Roger Remondy","image":{"@type":"ImageObject","inLanguage":"fr-FR","@id":"https:\/\/fablab-montagny-pres-louhans.fr\/wp-content\/litespeed\/avatar\/0636c9b2c03e4d83e562c27b768bd1cb.jpg?ver=1777239698","url":"https:\/\/fablab-montagny-pres-louhans.fr\/wp-content\/litespeed\/avatar\/0636c9b2c03e4d83e562c27b768bd1cb.jpg?ver=1777239698","contentUrl":"https:\/\/fablab-montagny-pres-louhans.fr\/wp-content\/litespeed\/avatar\/0636c9b2c03e4d83e562c27b768bd1cb.jpg?ver=1777239698","caption":"Roger Remondy"},"url":"https:\/\/fablab-montagny-pres-louhans.fr\/index.php\/author\/roger\/"}]}},"_links":{"self":[{"href":"https:\/\/fablab-montagny-pres-louhans.fr\/index.php\/wp-json\/wp\/v2\/posts\/1852","targetHints":{"allow":["GET"]}}],"collection":[{"href":"https:\/\/fablab-montagny-pres-louhans.fr\/index.php\/wp-json\/wp\/v2\/posts"}],"about":[{"href":"https:\/\/fablab-montagny-pres-louhans.fr\/index.php\/wp-json\/wp\/v2\/types\/post"}],"author":[{"embeddable":true,"href":"https:\/\/fablab-montagny-pres-louhans.fr\/index.php\/wp-json\/wp\/v2\/users\/29"}],"replies":[{"embeddable":true,"href":"https:\/\/fablab-montagny-pres-louhans.fr\/index.php\/wp-json\/wp\/v2\/comments?post=1852"}],"version-history":[{"count":6,"href":"https:\/\/fablab-montagny-pres-louhans.fr\/index.php\/wp-json\/wp\/v2\/posts\/1852\/revisions"}],"predecessor-version":[{"id":1952,"href":"https:\/\/fablab-montagny-pres-louhans.fr\/index.php\/wp-json\/wp\/v2\/posts\/1852\/revisions\/1952"}],"wp:featuredmedia":[{"embeddable":true,"href":"https:\/\/fablab-montagny-pres-louhans.fr\/index.php\/wp-json\/wp\/v2\/media\/1851"}],"wp:attachment":[{"href":"https:\/\/fablab-montagny-pres-louhans.fr\/index.php\/wp-json\/wp\/v2\/media?parent=1852"}],"wp:term":[{"taxonomy":"category","embeddable":true,"href":"https:\/\/fablab-montagny-pres-louhans.fr\/index.php\/wp-json\/wp\/v2\/categories?post=1852"},{"taxonomy":"post_tag","embeddable":true,"href":"https:\/\/fablab-montagny-pres-louhans.fr\/index.php\/wp-json\/wp\/v2\/tags?post=1852"}],"curies":[{"name":"wp","href":"https:\/\/api.w.org\/{rel}","templated":true}]}}