{"id":1786,"date":"2019-02-03T11:10:27","date_gmt":"2019-02-03T10:10:27","guid":{"rendered":"https:\/\/fablab-montagny-pres-louhans.fr\/?p=1786"},"modified":"2019-02-25T00:59:35","modified_gmt":"2019-02-24T23:59:35","slug":"samedi-de-folie-semaine-de-dingue","status":"publish","type":"post","link":"https:\/\/fablab-montagny-pres-louhans.fr\/index.php\/2019\/02\/03\/samedi-de-folie-semaine-de-dingue\/","title":{"rendered":"Samedi de folie, semaine de dingue."},"content":{"rendered":"<p><strong>Samedi<\/strong> <strong>de folie commenc\u00e9 \u00e0 14h00 termin\u00e9 \u00e0 21h30<\/strong>. D&rsquo;abord la \u00ab\u00a0routine\u00a0\u00bb avec l&rsquo;atelier CAO, les robots sumo, la gravure etc&#8230; Puis le rendez vous avec Yannis et aussi de jeunes visiteurs qui veulent voir ce ph\u00e9nom\u00e8ne bressan qu&rsquo;est Labo&rsquo;M et dont on parle par del\u00e0 les fronti\u00e8res \ud83d\ude09 enfin une belle rencontre que seul un fablab peut provoquer, deux adh\u00e9rents : Daniel (nouveau venu) et Sandrine qui habitent le m\u00eame village \u00e0 800 m l&rsquo;un de l&rsquo;autre qui ne se connaissent pas mais se rencontre au Labo et se d\u00e9couvre un int\u00e9r\u00eat commun pour une activit\u00e9 qui plus est n&rsquo;est pas banale. Pour couronner le tout, la journ\u00e9e se termine avec l&rsquo;adh\u00e9sion de 2 nouveaux membres : Clara et Fr\u00e9d\u00e9ric, deux personnes fort sympathoches ma foi. Derni\u00e8re information de cette journ\u00e9e, la commande par Sylvain des PCB pour les robots sumos, robots sumos pour lesquels tous les composants seront disponibles d&rsquo;ici la fin de la semaine prochaine.<\/p>\n<p><strong>Semaine de dingue : <\/strong><\/p>\n<p>1 &#8211; <strong>On en r\u00eavait, Sandrine l&rsquo;a fait<\/strong>. Pour ceux qui ne la connaissent pas, Sandrine c&rsquo;est la surdou\u00e9e en dessin, qui fait aussi de l&rsquo;impression 3D, des choses minuscules au crochet des trucs et des machins, qui g\u00e8re sa bo\u00eete et qui prend quand m\u00eame <span style=\"display: inline !important; float: none; background-color: transparent; color: #444444; cursor: text; font-family: -apple-system,BlinkMacSystemFont,'Segoe UI',Roboto,'Helvetica Neue',Arial,sans-serif; font-size: 16px; font-style: normal; font-variant: normal; font-weight: 400; letter-spacing: normal; orphans: 2; text-align: left; text-decoration: none; text-indent: 0px; text-transform: none; -webkit-text-stroke-width: 0px; white-space: normal; word-spacing: 0px;\">le temps <\/span>de venir voir les copains. Elle est arriv\u00e9e donc mercredi soir sur son fringuant cheval blanc \u00e0 3 roues et avec sa machine \u00e0 broder num\u00e9rique, dans un premier temps pour que les dames puissent l&rsquo;essayer puis 3 minutes apr\u00e8s c&rsquo;est devenu un pr\u00eat en CDI et 3 autres minutes apr\u00e8s c&rsquo;est <strong>un don qu&rsquo;elle a fait au fablab. <\/strong>Merci Sandrine au nom de tous les adh\u00e9rents. Elle passera au fablab un mercredi\u00a0 pour expliquer le fonctionnement de la machine.<\/p>\n<p>2 &#8211; <strong>Yannis<\/strong>. Vous n&rsquo;avez pas fini de le voir Yannis, puisqu&rsquo;il va rester avec nous pendant 6 mois et tous les jours de la semaine. L&rsquo;agr\u00e9ment nous a \u00e9t\u00e9 accord\u00e9 par le d\u00e9partement et la pr\u00e9fecture pour un jeune en mission de service civique. Yannis a postul\u00e9 et nous l&rsquo;avons choisi. Sa mission consistera \u00e0 nous aider dans les t\u00e2ches du quotidien en \u00e9change de formation sur les machines qu&rsquo;il ne connait pas encore car Yannis (un ex adh\u00e9rent de la premi\u00e8re heure de Labo&rsquo;M) a d\u00e9j\u00e0 des connaissances dans de nombreux domaines. Merci de l&rsquo;accueillir avec bienveillance.<\/p>\n<p>3 &#8211; <strong>St\u00e9phane. <\/strong>Il vient d&rsquo;int\u00e9grer Labo&rsquo;M pour un stage jusqu&rsquo;en juin. Vous le verrez moins souvent que Yannis puisque St\u00e9phane pourra \u00eatre appel\u00e9 \u00e0 travailler de chez lui et pourra se d\u00e9placer pour faire les recherches qu&rsquo;il jugera utiles. J&rsquo;ai cru comprendre qu&rsquo;il pr\u00e9pare une licence responsable de projet et d\u00e9veloppement territorial. Ses comp\u00e9tences pourrons nous \u00eatre utiles pour le d\u00e9veloppement de notre structure, la communication et dans la chasse aux subventions. Bienvenue \u00e0 St\u00e9phane.<\/p>\n","protected":false},"excerpt":{"rendered":"<p>Samedi de folie commenc\u00e9 \u00e0 14h00 termin\u00e9 \u00e0 21h30. D&rsquo;abord la \u00ab\u00a0routine\u00a0\u00bb avec l&rsquo;atelier CAO, les robots sumo, la gravure etc&#8230; Puis le rendez vous avec Yannis et aussi de jeunes visiteurs qui veulent voir ce ph\u00e9nom\u00e8ne bressan qu&rsquo;est Labo&rsquo;M et dont on parle par del\u00e0 les fronti\u00e8res \ud83d\ude09 enfin une belle rencontre que seul [&hellip;]<\/p>\n","protected":false},"author":29,"featured_media":0,"comment_status":"closed","ping_status":"open","sticky":false,"template":"","format":"standard","meta":{"_et_pb_use_builder":"","_et_pb_old_content":"","_et_gb_content_width":"","rop_custom_images_group":[],"rop_custom_messages_group":[],"rop_publish_now":"initial","rop_publish_now_accounts":{"facebook_1992431424458146_173380702515979":""},"rop_publish_now_history":[],"rop_publish_now_status":"pending","footnotes":""},"categories":[2],"tags":[],"class_list":["post-1786","post","type-post","status-publish","format-standard","hentry","category-news"],"yoast_head":"<!-- This site is optimized with the Yoast SEO plugin v27.3 - https:\/\/yoast.com\/product\/yoast-seo-wordpress\/ -->\n<title>Samedi de folie, semaine de dingue. - Le FabLab<\/title>\n<meta name=\"robots\" content=\"noindex, follow, max-snippet:-1, max-image-preview:large, max-video-preview:-1\" \/>\n<meta property=\"og:locale\" content=\"fr_FR\" \/>\n<meta property=\"og:type\" content=\"article\" \/>\n<meta property=\"og:title\" content=\"Samedi de folie, semaine de dingue. - Le FabLab\" \/>\n<meta property=\"og:description\" content=\"Samedi de folie commenc\u00e9 \u00e0 14h00 termin\u00e9 \u00e0 21h30. D&rsquo;abord la \u00ab\u00a0routine\u00a0\u00bb avec l&rsquo;atelier CAO, les robots sumo, la gravure etc&#8230; Puis le rendez vous avec Yannis et aussi de jeunes visiteurs qui veulent voir ce ph\u00e9nom\u00e8ne bressan qu&rsquo;est Labo&rsquo;M et dont on parle par del\u00e0 les fronti\u00e8res \ud83d\ude09 enfin une belle rencontre que seul [&hellip;]\" \/>\n<meta property=\"og:url\" content=\"https:\/\/fablab-montagny-pres-louhans.fr\/index.php\/2019\/02\/03\/samedi-de-folie-semaine-de-dingue\/\" \/>\n<meta property=\"og:site_name\" content=\"Le FabLab\" \/>\n<meta property=\"article:publisher\" content=\"https:\/\/www.facebook.com\/fablab.labom\/\" \/>\n<meta property=\"article:published_time\" content=\"2019-02-03T10:10:27+00:00\" \/>\n<meta property=\"article:modified_time\" content=\"2019-02-24T23:59:35+00:00\" \/>\n<meta name=\"author\" content=\"Roger Remondy\" \/>\n<meta name=\"twitter:card\" content=\"summary_large_image\" \/>\n<meta name=\"twitter:label1\" content=\"\u00c9crit par\" \/>\n\t<meta name=\"twitter:data1\" content=\"Roger Remondy\" \/>\n\t<meta name=\"twitter:label2\" content=\"Dur\u00e9e de lecture estim\u00e9e\" \/>\n\t<meta name=\"twitter:data2\" content=\"2 minutes\" \/>\n<script type=\"application\/ld+json\" class=\"yoast-schema-graph\">{\"@context\":\"https:\\\/\\\/schema.org\",\"@graph\":[{\"@type\":\"Article\",\"@id\":\"https:\\\/\\\/fablab-montagny-pres-louhans.fr\\\/index.php\\\/2019\\\/02\\\/03\\\/samedi-de-folie-semaine-de-dingue\\\/#article\",\"isPartOf\":{\"@id\":\"https:\\\/\\\/fablab-montagny-pres-louhans.fr\\\/index.php\\\/2019\\\/02\\\/03\\\/samedi-de-folie-semaine-de-dingue\\\/\"},\"author\":{\"name\":\"Roger Remondy\",\"@id\":\"https:\\\/\\\/fablab-montagny-pres-louhans.fr\\\/#\\\/schema\\\/person\\\/b4b47741bdde563325530989455fe7de\"},\"headline\":\"Samedi de folie, semaine de dingue.\",\"datePublished\":\"2019-02-03T10:10:27+00:00\",\"dateModified\":\"2019-02-24T23:59:35+00:00\",\"mainEntityOfPage\":{\"@id\":\"https:\\\/\\\/fablab-montagny-pres-louhans.fr\\\/index.php\\\/2019\\\/02\\\/03\\\/samedi-de-folie-semaine-de-dingue\\\/\"},\"wordCount\":492,\"publisher\":{\"@id\":\"https:\\\/\\\/fablab-montagny-pres-louhans.fr\\\/#organization\"},\"articleSection\":[\"News\"],\"inLanguage\":\"fr-FR\"},{\"@type\":\"WebPage\",\"@id\":\"https:\\\/\\\/fablab-montagny-pres-louhans.fr\\\/index.php\\\/2019\\\/02\\\/03\\\/samedi-de-folie-semaine-de-dingue\\\/\",\"url\":\"https:\\\/\\\/fablab-montagny-pres-louhans.fr\\\/index.php\\\/2019\\\/02\\\/03\\\/samedi-de-folie-semaine-de-dingue\\\/\",\"name\":\"Samedi de folie, semaine de dingue. - Le FabLab\",\"isPartOf\":{\"@id\":\"https:\\\/\\\/fablab-montagny-pres-louhans.fr\\\/#website\"},\"datePublished\":\"2019-02-03T10:10:27+00:00\",\"dateModified\":\"2019-02-24T23:59:35+00:00\",\"breadcrumb\":{\"@id\":\"https:\\\/\\\/fablab-montagny-pres-louhans.fr\\\/index.php\\\/2019\\\/02\\\/03\\\/samedi-de-folie-semaine-de-dingue\\\/#breadcrumb\"},\"inLanguage\":\"fr-FR\",\"potentialAction\":[{\"@type\":\"ReadAction\",\"target\":[\"https:\\\/\\\/fablab-montagny-pres-louhans.fr\\\/index.php\\\/2019\\\/02\\\/03\\\/samedi-de-folie-semaine-de-dingue\\\/\"]}]},{\"@type\":\"BreadcrumbList\",\"@id\":\"https:\\\/\\\/fablab-montagny-pres-louhans.fr\\\/index.php\\\/2019\\\/02\\\/03\\\/samedi-de-folie-semaine-de-dingue\\\/#breadcrumb\",\"itemListElement\":[{\"@type\":\"ListItem\",\"position\":1,\"name\":\"Accueil\",\"item\":\"https:\\\/\\\/fablab-montagny-pres-louhans.fr\\\/\"},{\"@type\":\"ListItem\",\"position\":2,\"name\":\"Samedi de folie, semaine de dingue.\"}]},{\"@type\":\"WebSite\",\"@id\":\"https:\\\/\\\/fablab-montagny-pres-louhans.fr\\\/#website\",\"url\":\"https:\\\/\\\/fablab-montagny-pres-louhans.fr\\\/\",\"name\":\"Le FabLab\",\"description\":\"Le premier de Bresse\",\"publisher\":{\"@id\":\"https:\\\/\\\/fablab-montagny-pres-louhans.fr\\\/#organization\"},\"potentialAction\":[{\"@type\":\"SearchAction\",\"target\":{\"@type\":\"EntryPoint\",\"urlTemplate\":\"https:\\\/\\\/fablab-montagny-pres-louhans.fr\\\/?s={search_term_string}\"},\"query-input\":{\"@type\":\"PropertyValueSpecification\",\"valueRequired\":true,\"valueName\":\"search_term_string\"}}],\"inLanguage\":\"fr-FR\"},{\"@type\":\"Organization\",\"@id\":\"https:\\\/\\\/fablab-montagny-pres-louhans.fr\\\/#organization\",\"name\":\"Le FabLab\",\"url\":\"https:\\\/\\\/fablab-montagny-pres-louhans.fr\\\/\",\"logo\":{\"@type\":\"ImageObject\",\"inLanguage\":\"fr-FR\",\"@id\":\"https:\\\/\\\/fablab-montagny-pres-louhans.fr\\\/#\\\/schema\\\/logo\\\/image\\\/\",\"url\":\"https:\\\/\\\/fablab-montagny-pres-louhans.fr\\\/wp-content\\\/uploads\\\/2023\\\/02\\\/FABALB-logo.png\",\"contentUrl\":\"https:\\\/\\\/fablab-montagny-pres-louhans.fr\\\/wp-content\\\/uploads\\\/2023\\\/02\\\/FABALB-logo.png\",\"width\":250,\"height\":260,\"caption\":\"Le FabLab\"},\"image\":{\"@id\":\"https:\\\/\\\/fablab-montagny-pres-louhans.fr\\\/#\\\/schema\\\/logo\\\/image\\\/\"},\"sameAs\":[\"https:\\\/\\\/www.facebook.com\\\/fablab.labom\\\/\"]},{\"@type\":\"Person\",\"@id\":\"https:\\\/\\\/fablab-montagny-pres-louhans.fr\\\/#\\\/schema\\\/person\\\/b4b47741bdde563325530989455fe7de\",\"name\":\"Roger Remondy\",\"image\":{\"@type\":\"ImageObject\",\"inLanguage\":\"fr-FR\",\"@id\":\"https:\\\/\\\/fablab-montagny-pres-louhans.fr\\\/wp-content\\\/litespeed\\\/avatar\\\/0636c9b2c03e4d83e562c27b768bd1cb.jpg?ver=1777239698\",\"url\":\"https:\\\/\\\/fablab-montagny-pres-louhans.fr\\\/wp-content\\\/litespeed\\\/avatar\\\/0636c9b2c03e4d83e562c27b768bd1cb.jpg?ver=1777239698\",\"contentUrl\":\"https:\\\/\\\/fablab-montagny-pres-louhans.fr\\\/wp-content\\\/litespeed\\\/avatar\\\/0636c9b2c03e4d83e562c27b768bd1cb.jpg?ver=1777239698\",\"caption\":\"Roger Remondy\"},\"url\":\"https:\\\/\\\/fablab-montagny-pres-louhans.fr\\\/index.php\\\/author\\\/roger\\\/\"}]}<\/script>\n<!-- \/ Yoast SEO plugin. -->","yoast_head_json":{"title":"Samedi de folie, semaine de dingue. - Le FabLab","robots":{"index":"noindex","follow":"follow","max-snippet":"max-snippet:-1","max-image-preview":"max-image-preview:large","max-video-preview":"max-video-preview:-1"},"og_locale":"fr_FR","og_type":"article","og_title":"Samedi de folie, semaine de dingue. - Le FabLab","og_description":"Samedi de folie commenc\u00e9 \u00e0 14h00 termin\u00e9 \u00e0 21h30. D&rsquo;abord la \u00ab\u00a0routine\u00a0\u00bb avec l&rsquo;atelier CAO, les robots sumo, la gravure etc&#8230; Puis le rendez vous avec Yannis et aussi de jeunes visiteurs qui veulent voir ce ph\u00e9nom\u00e8ne bressan qu&rsquo;est Labo&rsquo;M et dont on parle par del\u00e0 les fronti\u00e8res \ud83d\ude09 enfin une belle rencontre que seul [&hellip;]","og_url":"https:\/\/fablab-montagny-pres-louhans.fr\/index.php\/2019\/02\/03\/samedi-de-folie-semaine-de-dingue\/","og_site_name":"Le FabLab","article_publisher":"https:\/\/www.facebook.com\/fablab.labom\/","article_published_time":"2019-02-03T10:10:27+00:00","article_modified_time":"2019-02-24T23:59:35+00:00","author":"Roger Remondy","twitter_card":"summary_large_image","twitter_misc":{"\u00c9crit par":"Roger Remondy","Dur\u00e9e de lecture estim\u00e9e":"2 minutes"},"schema":{"@context":"https:\/\/schema.org","@graph":[{"@type":"Article","@id":"https:\/\/fablab-montagny-pres-louhans.fr\/index.php\/2019\/02\/03\/samedi-de-folie-semaine-de-dingue\/#article","isPartOf":{"@id":"https:\/\/fablab-montagny-pres-louhans.fr\/index.php\/2019\/02\/03\/samedi-de-folie-semaine-de-dingue\/"},"author":{"name":"Roger Remondy","@id":"https:\/\/fablab-montagny-pres-louhans.fr\/#\/schema\/person\/b4b47741bdde563325530989455fe7de"},"headline":"Samedi de folie, semaine de dingue.","datePublished":"2019-02-03T10:10:27+00:00","dateModified":"2019-02-24T23:59:35+00:00","mainEntityOfPage":{"@id":"https:\/\/fablab-montagny-pres-louhans.fr\/index.php\/2019\/02\/03\/samedi-de-folie-semaine-de-dingue\/"},"wordCount":492,"publisher":{"@id":"https:\/\/fablab-montagny-pres-louhans.fr\/#organization"},"articleSection":["News"],"inLanguage":"fr-FR"},{"@type":"WebPage","@id":"https:\/\/fablab-montagny-pres-louhans.fr\/index.php\/2019\/02\/03\/samedi-de-folie-semaine-de-dingue\/","url":"https:\/\/fablab-montagny-pres-louhans.fr\/index.php\/2019\/02\/03\/samedi-de-folie-semaine-de-dingue\/","name":"Samedi de folie, semaine de dingue. - Le FabLab","isPartOf":{"@id":"https:\/\/fablab-montagny-pres-louhans.fr\/#website"},"datePublished":"2019-02-03T10:10:27+00:00","dateModified":"2019-02-24T23:59:35+00:00","breadcrumb":{"@id":"https:\/\/fablab-montagny-pres-louhans.fr\/index.php\/2019\/02\/03\/samedi-de-folie-semaine-de-dingue\/#breadcrumb"},"inLanguage":"fr-FR","potentialAction":[{"@type":"ReadAction","target":["https:\/\/fablab-montagny-pres-louhans.fr\/index.php\/2019\/02\/03\/samedi-de-folie-semaine-de-dingue\/"]}]},{"@type":"BreadcrumbList","@id":"https:\/\/fablab-montagny-pres-louhans.fr\/index.php\/2019\/02\/03\/samedi-de-folie-semaine-de-dingue\/#breadcrumb","itemListElement":[{"@type":"ListItem","position":1,"name":"Accueil","item":"https:\/\/fablab-montagny-pres-louhans.fr\/"},{"@type":"ListItem","position":2,"name":"Samedi de folie, semaine de dingue."}]},{"@type":"WebSite","@id":"https:\/\/fablab-montagny-pres-louhans.fr\/#website","url":"https:\/\/fablab-montagny-pres-louhans.fr\/","name":"Le FabLab","description":"Le premier de Bresse","publisher":{"@id":"https:\/\/fablab-montagny-pres-louhans.fr\/#organization"},"potentialAction":[{"@type":"SearchAction","target":{"@type":"EntryPoint","urlTemplate":"https:\/\/fablab-montagny-pres-louhans.fr\/?s={search_term_string}"},"query-input":{"@type":"PropertyValueSpecification","valueRequired":true,"valueName":"search_term_string"}}],"inLanguage":"fr-FR"},{"@type":"Organization","@id":"https:\/\/fablab-montagny-pres-louhans.fr\/#organization","name":"Le FabLab","url":"https:\/\/fablab-montagny-pres-louhans.fr\/","logo":{"@type":"ImageObject","inLanguage":"fr-FR","@id":"https:\/\/fablab-montagny-pres-louhans.fr\/#\/schema\/logo\/image\/","url":"https:\/\/fablab-montagny-pres-louhans.fr\/wp-content\/uploads\/2023\/02\/FABALB-logo.png","contentUrl":"https:\/\/fablab-montagny-pres-louhans.fr\/wp-content\/uploads\/2023\/02\/FABALB-logo.png","width":250,"height":260,"caption":"Le FabLab"},"image":{"@id":"https:\/\/fablab-montagny-pres-louhans.fr\/#\/schema\/logo\/image\/"},"sameAs":["https:\/\/www.facebook.com\/fablab.labom\/"]},{"@type":"Person","@id":"https:\/\/fablab-montagny-pres-louhans.fr\/#\/schema\/person\/b4b47741bdde563325530989455fe7de","name":"Roger Remondy","image":{"@type":"ImageObject","inLanguage":"fr-FR","@id":"https:\/\/fablab-montagny-pres-louhans.fr\/wp-content\/litespeed\/avatar\/0636c9b2c03e4d83e562c27b768bd1cb.jpg?ver=1777239698","url":"https:\/\/fablab-montagny-pres-louhans.fr\/wp-content\/litespeed\/avatar\/0636c9b2c03e4d83e562c27b768bd1cb.jpg?ver=1777239698","contentUrl":"https:\/\/fablab-montagny-pres-louhans.fr\/wp-content\/litespeed\/avatar\/0636c9b2c03e4d83e562c27b768bd1cb.jpg?ver=1777239698","caption":"Roger Remondy"},"url":"https:\/\/fablab-montagny-pres-louhans.fr\/index.php\/author\/roger\/"}]}},"_links":{"self":[{"href":"https:\/\/fablab-montagny-pres-louhans.fr\/index.php\/wp-json\/wp\/v2\/posts\/1786","targetHints":{"allow":["GET"]}}],"collection":[{"href":"https:\/\/fablab-montagny-pres-louhans.fr\/index.php\/wp-json\/wp\/v2\/posts"}],"about":[{"href":"https:\/\/fablab-montagny-pres-louhans.fr\/index.php\/wp-json\/wp\/v2\/types\/post"}],"author":[{"embeddable":true,"href":"https:\/\/fablab-montagny-pres-louhans.fr\/index.php\/wp-json\/wp\/v2\/users\/29"}],"replies":[{"embeddable":true,"href":"https:\/\/fablab-montagny-pres-louhans.fr\/index.php\/wp-json\/wp\/v2\/comments?post=1786"}],"version-history":[{"count":3,"href":"https:\/\/fablab-montagny-pres-louhans.fr\/index.php\/wp-json\/wp\/v2\/posts\/1786\/revisions"}],"predecessor-version":[{"id":1838,"href":"https:\/\/fablab-montagny-pres-louhans.fr\/index.php\/wp-json\/wp\/v2\/posts\/1786\/revisions\/1838"}],"wp:attachment":[{"href":"https:\/\/fablab-montagny-pres-louhans.fr\/index.php\/wp-json\/wp\/v2\/media?parent=1786"}],"wp:term":[{"taxonomy":"category","embeddable":true,"href":"https:\/\/fablab-montagny-pres-louhans.fr\/index.php\/wp-json\/wp\/v2\/categories?post=1786"},{"taxonomy":"post_tag","embeddable":true,"href":"https:\/\/fablab-montagny-pres-louhans.fr\/index.php\/wp-json\/wp\/v2\/tags?post=1786"}],"curies":[{"name":"wp","href":"https:\/\/api.w.org\/{rel}","templated":true}]}}