{"id":178,"date":"2017-01-19T16:45:28","date_gmt":"2017-01-19T15:45:28","guid":{"rendered":"https:\/\/fablab-montagny-pres-louhans.fr\/?p=178"},"modified":"2017-01-19T16:45:28","modified_gmt":"2017-01-19T15:45:28","slug":"quels-risques-de-piratage-pesent-sur-la-presidentielle-francaise-france-24","status":"publish","type":"post","link":"https:\/\/fablab-montagny-pres-louhans.fr\/index.php\/2017\/01\/19\/quels-risques-de-piratage-pesent-sur-la-presidentielle-francaise-france-24\/","title":{"rendered":"Quels risques de piratage p\u00e8sent sur la pr\u00e9sidentielle fran\u00e7aise ? &#8211; France 24"},"content":{"rendered":"<blockquote><p><a href=\"http:\/\/www.france24.com\/fr\/20170113-quels-risques-piratage-pesent-presidentielle-francaise-anssi-cyber-attaques-russie\"><img decoding=\"async\" class=\"alignnone size-full\" src=\"https:\/\/fablab-montagny-pres-louhans.fr\/wp-content\/uploads\/2017\/01\/piratage-elecs-fr.jpg\" alt=\"\" \/><\/a>L\u2019impact retentissant des cyberattaques lors de la pr\u00e9sidentielle am\u00e9ricaine ont alarm\u00e9 les autorit\u00e9s fran\u00e7aises, qui sensibilisent les partis politiques aux risques de piratage qui planent sur la campagne pour la pr\u00e9sidentielle de 2017.<\/p><\/blockquote>\n<p>Source\u00a0: <em><a href=\"http:\/\/www.france24.com\/fr\/20170113-quels-risques-piratage-pesent-presidentielle-francaise-anssi-cyber-attaques-russie\">Quels risques de piratage p\u00e8sent sur la pr\u00e9sidentielle fran\u00e7aise ? &#8211; France 24<\/a><\/em><\/p>\n","protected":false},"excerpt":{"rendered":"<p>L\u2019impact retentissant des cyberattaques lors de la pr\u00e9sidentielle am\u00e9ricaine ont alarm\u00e9 les autorit\u00e9s fran\u00e7aises, qui sensibilisent les partis politiques aux risques de piratage qui planent sur la campagne pour la pr\u00e9sidentielle de 2017. Source\u00a0: Quels risques de piratage p\u00e8sent sur la pr\u00e9sidentielle fran\u00e7aise ? &#8211; France 24<\/p>\n","protected":false},"author":1,"featured_media":0,"comment_status":"closed","ping_status":"open","sticky":false,"template":"","format":"standard","meta":{"_et_pb_use_builder":"","_et_pb_old_content":"","_et_gb_content_width":"","rop_custom_images_group":[],"rop_custom_messages_group":[],"rop_publish_now":"initial","rop_publish_now_accounts":{"facebook_1992431424458146_173380702515979":""},"rop_publish_now_history":[],"rop_publish_now_status":"pending","footnotes":""},"categories":[11],"tags":[13,12],"class_list":["post-178","post","type-post","status-publish","format-standard","hentry","category-securite","tag-informatique","tag-securite"],"yoast_head":"<!-- This site is optimized with the Yoast SEO plugin v27.3 - https:\/\/yoast.com\/product\/yoast-seo-wordpress\/ -->\n<title>Quels risques de piratage p\u00e8sent sur la pr\u00e9sidentielle fran\u00e7aise ? - France 24 - Le FabLab<\/title>\n<meta name=\"robots\" content=\"noindex, follow, max-snippet:-1, max-image-preview:large, max-video-preview:-1\" \/>\n<meta property=\"og:locale\" content=\"fr_FR\" \/>\n<meta property=\"og:type\" content=\"article\" \/>\n<meta property=\"og:title\" content=\"Quels risques de piratage p\u00e8sent sur la pr\u00e9sidentielle fran\u00e7aise ? - France 24 - Le FabLab\" \/>\n<meta property=\"og:description\" content=\"L\u2019impact retentissant des cyberattaques lors de la pr\u00e9sidentielle am\u00e9ricaine ont alarm\u00e9 les autorit\u00e9s fran\u00e7aises, qui sensibilisent les partis politiques aux risques de piratage qui planent sur la campagne pour la pr\u00e9sidentielle de 2017. Source\u00a0: Quels risques de piratage p\u00e8sent sur la pr\u00e9sidentielle fran\u00e7aise ? &#8211; France 24\" \/>\n<meta property=\"og:url\" content=\"https:\/\/fablab-montagny-pres-louhans.fr\/index.php\/2017\/01\/19\/quels-risques-de-piratage-pesent-sur-la-presidentielle-francaise-france-24\/\" \/>\n<meta property=\"og:site_name\" content=\"Le FabLab\" \/>\n<meta property=\"article:publisher\" content=\"https:\/\/www.facebook.com\/fablab.labom\/\" \/>\n<meta property=\"article:published_time\" content=\"2017-01-19T15:45:28+00:00\" \/>\n<meta property=\"og:image\" content=\"https:\/\/fablab-montagny-pres-louhans.fr\/wp-content\/uploads\/2017\/01\/piratage-elecs-fr.jpg\" \/>\n<meta name=\"author\" content=\"Mo\" \/>\n<meta name=\"twitter:card\" content=\"summary_large_image\" \/>\n<meta name=\"twitter:label1\" content=\"\u00c9crit par\" \/>\n\t<meta name=\"twitter:data1\" content=\"Mo\" \/>\n<script type=\"application\/ld+json\" class=\"yoast-schema-graph\">{\"@context\":\"https:\\\/\\\/schema.org\",\"@graph\":[{\"@type\":\"Article\",\"@id\":\"https:\\\/\\\/fablab-montagny-pres-louhans.fr\\\/index.php\\\/2017\\\/01\\\/19\\\/quels-risques-de-piratage-pesent-sur-la-presidentielle-francaise-france-24\\\/#article\",\"isPartOf\":{\"@id\":\"https:\\\/\\\/fablab-montagny-pres-louhans.fr\\\/index.php\\\/2017\\\/01\\\/19\\\/quels-risques-de-piratage-pesent-sur-la-presidentielle-francaise-france-24\\\/\"},\"author\":{\"name\":\"Mo\",\"@id\":\"https:\\\/\\\/fablab-montagny-pres-louhans.fr\\\/#\\\/schema\\\/person\\\/8456266e713876daefebd9e75b7bba60\"},\"headline\":\"Quels risques de piratage p\u00e8sent sur la pr\u00e9sidentielle fran\u00e7aise ? &#8211; France 24\",\"datePublished\":\"2017-01-19T15:45:28+00:00\",\"mainEntityOfPage\":{\"@id\":\"https:\\\/\\\/fablab-montagny-pres-louhans.fr\\\/index.php\\\/2017\\\/01\\\/19\\\/quels-risques-de-piratage-pesent-sur-la-presidentielle-francaise-france-24\\\/\"},\"wordCount\":67,\"publisher\":{\"@id\":\"https:\\\/\\\/fablab-montagny-pres-louhans.fr\\\/#organization\"},\"image\":{\"@id\":\"https:\\\/\\\/fablab-montagny-pres-louhans.fr\\\/index.php\\\/2017\\\/01\\\/19\\\/quels-risques-de-piratage-pesent-sur-la-presidentielle-francaise-france-24\\\/#primaryimage\"},\"thumbnailUrl\":\"https:\\\/\\\/fablab-montagny-pres-louhans.fr\\\/wp-content\\\/uploads\\\/2017\\\/01\\\/piratage-elecs-fr.jpg\",\"keywords\":[\"informatique\",\"s\u00e9curit\u00e9\"],\"articleSection\":[\"S\u00e9curit\u00e9\"],\"inLanguage\":\"fr-FR\"},{\"@type\":\"WebPage\",\"@id\":\"https:\\\/\\\/fablab-montagny-pres-louhans.fr\\\/index.php\\\/2017\\\/01\\\/19\\\/quels-risques-de-piratage-pesent-sur-la-presidentielle-francaise-france-24\\\/\",\"url\":\"https:\\\/\\\/fablab-montagny-pres-louhans.fr\\\/index.php\\\/2017\\\/01\\\/19\\\/quels-risques-de-piratage-pesent-sur-la-presidentielle-francaise-france-24\\\/\",\"name\":\"Quels risques de piratage p\u00e8sent sur la pr\u00e9sidentielle fran\u00e7aise ? - France 24 - Le FabLab\",\"isPartOf\":{\"@id\":\"https:\\\/\\\/fablab-montagny-pres-louhans.fr\\\/#website\"},\"primaryImageOfPage\":{\"@id\":\"https:\\\/\\\/fablab-montagny-pres-louhans.fr\\\/index.php\\\/2017\\\/01\\\/19\\\/quels-risques-de-piratage-pesent-sur-la-presidentielle-francaise-france-24\\\/#primaryimage\"},\"image\":{\"@id\":\"https:\\\/\\\/fablab-montagny-pres-louhans.fr\\\/index.php\\\/2017\\\/01\\\/19\\\/quels-risques-de-piratage-pesent-sur-la-presidentielle-francaise-france-24\\\/#primaryimage\"},\"thumbnailUrl\":\"https:\\\/\\\/fablab-montagny-pres-louhans.fr\\\/wp-content\\\/uploads\\\/2017\\\/01\\\/piratage-elecs-fr.jpg\",\"datePublished\":\"2017-01-19T15:45:28+00:00\",\"breadcrumb\":{\"@id\":\"https:\\\/\\\/fablab-montagny-pres-louhans.fr\\\/index.php\\\/2017\\\/01\\\/19\\\/quels-risques-de-piratage-pesent-sur-la-presidentielle-francaise-france-24\\\/#breadcrumb\"},\"inLanguage\":\"fr-FR\",\"potentialAction\":[{\"@type\":\"ReadAction\",\"target\":[\"https:\\\/\\\/fablab-montagny-pres-louhans.fr\\\/index.php\\\/2017\\\/01\\\/19\\\/quels-risques-de-piratage-pesent-sur-la-presidentielle-francaise-france-24\\\/\"]}]},{\"@type\":\"ImageObject\",\"inLanguage\":\"fr-FR\",\"@id\":\"https:\\\/\\\/fablab-montagny-pres-louhans.fr\\\/index.php\\\/2017\\\/01\\\/19\\\/quels-risques-de-piratage-pesent-sur-la-presidentielle-francaise-france-24\\\/#primaryimage\",\"url\":\"https:\\\/\\\/fablab-montagny-pres-louhans.fr\\\/wp-content\\\/uploads\\\/2017\\\/01\\\/piratage-elecs-fr.jpg\",\"contentUrl\":\"https:\\\/\\\/fablab-montagny-pres-louhans.fr\\\/wp-content\\\/uploads\\\/2017\\\/01\\\/piratage-elecs-fr.jpg\",\"width\":720,\"height\":405},{\"@type\":\"BreadcrumbList\",\"@id\":\"https:\\\/\\\/fablab-montagny-pres-louhans.fr\\\/index.php\\\/2017\\\/01\\\/19\\\/quels-risques-de-piratage-pesent-sur-la-presidentielle-francaise-france-24\\\/#breadcrumb\",\"itemListElement\":[{\"@type\":\"ListItem\",\"position\":1,\"name\":\"Accueil\",\"item\":\"https:\\\/\\\/fablab-montagny-pres-louhans.fr\\\/\"},{\"@type\":\"ListItem\",\"position\":2,\"name\":\"Quels risques de piratage p\u00e8sent sur la pr\u00e9sidentielle fran\u00e7aise ? &#8211; France 24\"}]},{\"@type\":\"WebSite\",\"@id\":\"https:\\\/\\\/fablab-montagny-pres-louhans.fr\\\/#website\",\"url\":\"https:\\\/\\\/fablab-montagny-pres-louhans.fr\\\/\",\"name\":\"Le FabLab\",\"description\":\"Le premier de Bresse\",\"publisher\":{\"@id\":\"https:\\\/\\\/fablab-montagny-pres-louhans.fr\\\/#organization\"},\"potentialAction\":[{\"@type\":\"SearchAction\",\"target\":{\"@type\":\"EntryPoint\",\"urlTemplate\":\"https:\\\/\\\/fablab-montagny-pres-louhans.fr\\\/?s={search_term_string}\"},\"query-input\":{\"@type\":\"PropertyValueSpecification\",\"valueRequired\":true,\"valueName\":\"search_term_string\"}}],\"inLanguage\":\"fr-FR\"},{\"@type\":\"Organization\",\"@id\":\"https:\\\/\\\/fablab-montagny-pres-louhans.fr\\\/#organization\",\"name\":\"Le FabLab\",\"url\":\"https:\\\/\\\/fablab-montagny-pres-louhans.fr\\\/\",\"logo\":{\"@type\":\"ImageObject\",\"inLanguage\":\"fr-FR\",\"@id\":\"https:\\\/\\\/fablab-montagny-pres-louhans.fr\\\/#\\\/schema\\\/logo\\\/image\\\/\",\"url\":\"https:\\\/\\\/fablab-montagny-pres-louhans.fr\\\/wp-content\\\/uploads\\\/2023\\\/02\\\/FABALB-logo.png\",\"contentUrl\":\"https:\\\/\\\/fablab-montagny-pres-louhans.fr\\\/wp-content\\\/uploads\\\/2023\\\/02\\\/FABALB-logo.png\",\"width\":250,\"height\":260,\"caption\":\"Le FabLab\"},\"image\":{\"@id\":\"https:\\\/\\\/fablab-montagny-pres-louhans.fr\\\/#\\\/schema\\\/logo\\\/image\\\/\"},\"sameAs\":[\"https:\\\/\\\/www.facebook.com\\\/fablab.labom\\\/\"]},{\"@type\":\"Person\",\"@id\":\"https:\\\/\\\/fablab-montagny-pres-louhans.fr\\\/#\\\/schema\\\/person\\\/8456266e713876daefebd9e75b7bba60\",\"name\":\"Mo\",\"image\":{\"@type\":\"ImageObject\",\"inLanguage\":\"fr-FR\",\"@id\":\"https:\\\/\\\/fablab-montagny-pres-louhans.fr\\\/wp-content\\\/litespeed\\\/avatar\\\/0cd8c0fa40492fbe802afa80739e06e7.jpg?ver=1777249441\",\"url\":\"https:\\\/\\\/fablab-montagny-pres-louhans.fr\\\/wp-content\\\/litespeed\\\/avatar\\\/0cd8c0fa40492fbe802afa80739e06e7.jpg?ver=1777249441\",\"contentUrl\":\"https:\\\/\\\/fablab-montagny-pres-louhans.fr\\\/wp-content\\\/litespeed\\\/avatar\\\/0cd8c0fa40492fbe802afa80739e06e7.jpg?ver=1777249441\",\"caption\":\"Mo\"},\"url\":\"https:\\\/\\\/fablab-montagny-pres-louhans.fr\\\/index.php\\\/author\\\/dominique\\\/\"}]}<\/script>\n<!-- \/ Yoast SEO plugin. -->","yoast_head_json":{"title":"Quels risques de piratage p\u00e8sent sur la pr\u00e9sidentielle fran\u00e7aise ? - France 24 - Le FabLab","robots":{"index":"noindex","follow":"follow","max-snippet":"max-snippet:-1","max-image-preview":"max-image-preview:large","max-video-preview":"max-video-preview:-1"},"og_locale":"fr_FR","og_type":"article","og_title":"Quels risques de piratage p\u00e8sent sur la pr\u00e9sidentielle fran\u00e7aise ? - France 24 - Le FabLab","og_description":"L\u2019impact retentissant des cyberattaques lors de la pr\u00e9sidentielle am\u00e9ricaine ont alarm\u00e9 les autorit\u00e9s fran\u00e7aises, qui sensibilisent les partis politiques aux risques de piratage qui planent sur la campagne pour la pr\u00e9sidentielle de 2017. Source\u00a0: Quels risques de piratage p\u00e8sent sur la pr\u00e9sidentielle fran\u00e7aise ? &#8211; France 24","og_url":"https:\/\/fablab-montagny-pres-louhans.fr\/index.php\/2017\/01\/19\/quels-risques-de-piratage-pesent-sur-la-presidentielle-francaise-france-24\/","og_site_name":"Le FabLab","article_publisher":"https:\/\/www.facebook.com\/fablab.labom\/","article_published_time":"2017-01-19T15:45:28+00:00","og_image":[{"url":"https:\/\/fablab-montagny-pres-louhans.fr\/wp-content\/uploads\/2017\/01\/piratage-elecs-fr.jpg","type":"","width":"","height":""}],"author":"Mo","twitter_card":"summary_large_image","twitter_misc":{"\u00c9crit par":"Mo"},"schema":{"@context":"https:\/\/schema.org","@graph":[{"@type":"Article","@id":"https:\/\/fablab-montagny-pres-louhans.fr\/index.php\/2017\/01\/19\/quels-risques-de-piratage-pesent-sur-la-presidentielle-francaise-france-24\/#article","isPartOf":{"@id":"https:\/\/fablab-montagny-pres-louhans.fr\/index.php\/2017\/01\/19\/quels-risques-de-piratage-pesent-sur-la-presidentielle-francaise-france-24\/"},"author":{"name":"Mo","@id":"https:\/\/fablab-montagny-pres-louhans.fr\/#\/schema\/person\/8456266e713876daefebd9e75b7bba60"},"headline":"Quels risques de piratage p\u00e8sent sur la pr\u00e9sidentielle fran\u00e7aise ? &#8211; France 24","datePublished":"2017-01-19T15:45:28+00:00","mainEntityOfPage":{"@id":"https:\/\/fablab-montagny-pres-louhans.fr\/index.php\/2017\/01\/19\/quels-risques-de-piratage-pesent-sur-la-presidentielle-francaise-france-24\/"},"wordCount":67,"publisher":{"@id":"https:\/\/fablab-montagny-pres-louhans.fr\/#organization"},"image":{"@id":"https:\/\/fablab-montagny-pres-louhans.fr\/index.php\/2017\/01\/19\/quels-risques-de-piratage-pesent-sur-la-presidentielle-francaise-france-24\/#primaryimage"},"thumbnailUrl":"https:\/\/fablab-montagny-pres-louhans.fr\/wp-content\/uploads\/2017\/01\/piratage-elecs-fr.jpg","keywords":["informatique","s\u00e9curit\u00e9"],"articleSection":["S\u00e9curit\u00e9"],"inLanguage":"fr-FR"},{"@type":"WebPage","@id":"https:\/\/fablab-montagny-pres-louhans.fr\/index.php\/2017\/01\/19\/quels-risques-de-piratage-pesent-sur-la-presidentielle-francaise-france-24\/","url":"https:\/\/fablab-montagny-pres-louhans.fr\/index.php\/2017\/01\/19\/quels-risques-de-piratage-pesent-sur-la-presidentielle-francaise-france-24\/","name":"Quels risques de piratage p\u00e8sent sur la pr\u00e9sidentielle fran\u00e7aise ? - France 24 - Le FabLab","isPartOf":{"@id":"https:\/\/fablab-montagny-pres-louhans.fr\/#website"},"primaryImageOfPage":{"@id":"https:\/\/fablab-montagny-pres-louhans.fr\/index.php\/2017\/01\/19\/quels-risques-de-piratage-pesent-sur-la-presidentielle-francaise-france-24\/#primaryimage"},"image":{"@id":"https:\/\/fablab-montagny-pres-louhans.fr\/index.php\/2017\/01\/19\/quels-risques-de-piratage-pesent-sur-la-presidentielle-francaise-france-24\/#primaryimage"},"thumbnailUrl":"https:\/\/fablab-montagny-pres-louhans.fr\/wp-content\/uploads\/2017\/01\/piratage-elecs-fr.jpg","datePublished":"2017-01-19T15:45:28+00:00","breadcrumb":{"@id":"https:\/\/fablab-montagny-pres-louhans.fr\/index.php\/2017\/01\/19\/quels-risques-de-piratage-pesent-sur-la-presidentielle-francaise-france-24\/#breadcrumb"},"inLanguage":"fr-FR","potentialAction":[{"@type":"ReadAction","target":["https:\/\/fablab-montagny-pres-louhans.fr\/index.php\/2017\/01\/19\/quels-risques-de-piratage-pesent-sur-la-presidentielle-francaise-france-24\/"]}]},{"@type":"ImageObject","inLanguage":"fr-FR","@id":"https:\/\/fablab-montagny-pres-louhans.fr\/index.php\/2017\/01\/19\/quels-risques-de-piratage-pesent-sur-la-presidentielle-francaise-france-24\/#primaryimage","url":"https:\/\/fablab-montagny-pres-louhans.fr\/wp-content\/uploads\/2017\/01\/piratage-elecs-fr.jpg","contentUrl":"https:\/\/fablab-montagny-pres-louhans.fr\/wp-content\/uploads\/2017\/01\/piratage-elecs-fr.jpg","width":720,"height":405},{"@type":"BreadcrumbList","@id":"https:\/\/fablab-montagny-pres-louhans.fr\/index.php\/2017\/01\/19\/quels-risques-de-piratage-pesent-sur-la-presidentielle-francaise-france-24\/#breadcrumb","itemListElement":[{"@type":"ListItem","position":1,"name":"Accueil","item":"https:\/\/fablab-montagny-pres-louhans.fr\/"},{"@type":"ListItem","position":2,"name":"Quels risques de piratage p\u00e8sent sur la pr\u00e9sidentielle fran\u00e7aise ? &#8211; France 24"}]},{"@type":"WebSite","@id":"https:\/\/fablab-montagny-pres-louhans.fr\/#website","url":"https:\/\/fablab-montagny-pres-louhans.fr\/","name":"Le FabLab","description":"Le premier de Bresse","publisher":{"@id":"https:\/\/fablab-montagny-pres-louhans.fr\/#organization"},"potentialAction":[{"@type":"SearchAction","target":{"@type":"EntryPoint","urlTemplate":"https:\/\/fablab-montagny-pres-louhans.fr\/?s={search_term_string}"},"query-input":{"@type":"PropertyValueSpecification","valueRequired":true,"valueName":"search_term_string"}}],"inLanguage":"fr-FR"},{"@type":"Organization","@id":"https:\/\/fablab-montagny-pres-louhans.fr\/#organization","name":"Le FabLab","url":"https:\/\/fablab-montagny-pres-louhans.fr\/","logo":{"@type":"ImageObject","inLanguage":"fr-FR","@id":"https:\/\/fablab-montagny-pres-louhans.fr\/#\/schema\/logo\/image\/","url":"https:\/\/fablab-montagny-pres-louhans.fr\/wp-content\/uploads\/2023\/02\/FABALB-logo.png","contentUrl":"https:\/\/fablab-montagny-pres-louhans.fr\/wp-content\/uploads\/2023\/02\/FABALB-logo.png","width":250,"height":260,"caption":"Le FabLab"},"image":{"@id":"https:\/\/fablab-montagny-pres-louhans.fr\/#\/schema\/logo\/image\/"},"sameAs":["https:\/\/www.facebook.com\/fablab.labom\/"]},{"@type":"Person","@id":"https:\/\/fablab-montagny-pres-louhans.fr\/#\/schema\/person\/8456266e713876daefebd9e75b7bba60","name":"Mo","image":{"@type":"ImageObject","inLanguage":"fr-FR","@id":"https:\/\/fablab-montagny-pres-louhans.fr\/wp-content\/litespeed\/avatar\/0cd8c0fa40492fbe802afa80739e06e7.jpg?ver=1777249441","url":"https:\/\/fablab-montagny-pres-louhans.fr\/wp-content\/litespeed\/avatar\/0cd8c0fa40492fbe802afa80739e06e7.jpg?ver=1777249441","contentUrl":"https:\/\/fablab-montagny-pres-louhans.fr\/wp-content\/litespeed\/avatar\/0cd8c0fa40492fbe802afa80739e06e7.jpg?ver=1777249441","caption":"Mo"},"url":"https:\/\/fablab-montagny-pres-louhans.fr\/index.php\/author\/dominique\/"}]}},"_links":{"self":[{"href":"https:\/\/fablab-montagny-pres-louhans.fr\/index.php\/wp-json\/wp\/v2\/posts\/178","targetHints":{"allow":["GET"]}}],"collection":[{"href":"https:\/\/fablab-montagny-pres-louhans.fr\/index.php\/wp-json\/wp\/v2\/posts"}],"about":[{"href":"https:\/\/fablab-montagny-pres-louhans.fr\/index.php\/wp-json\/wp\/v2\/types\/post"}],"author":[{"embeddable":true,"href":"https:\/\/fablab-montagny-pres-louhans.fr\/index.php\/wp-json\/wp\/v2\/users\/1"}],"replies":[{"embeddable":true,"href":"https:\/\/fablab-montagny-pres-louhans.fr\/index.php\/wp-json\/wp\/v2\/comments?post=178"}],"version-history":[{"count":1,"href":"https:\/\/fablab-montagny-pres-louhans.fr\/index.php\/wp-json\/wp\/v2\/posts\/178\/revisions"}],"predecessor-version":[{"id":180,"href":"https:\/\/fablab-montagny-pres-louhans.fr\/index.php\/wp-json\/wp\/v2\/posts\/178\/revisions\/180"}],"wp:attachment":[{"href":"https:\/\/fablab-montagny-pres-louhans.fr\/index.php\/wp-json\/wp\/v2\/media?parent=178"}],"wp:term":[{"taxonomy":"category","embeddable":true,"href":"https:\/\/fablab-montagny-pres-louhans.fr\/index.php\/wp-json\/wp\/v2\/categories?post=178"},{"taxonomy":"post_tag","embeddable":true,"href":"https:\/\/fablab-montagny-pres-louhans.fr\/index.php\/wp-json\/wp\/v2\/tags?post=178"}],"curies":[{"name":"wp","href":"https:\/\/api.w.org\/{rel}","templated":true}]}}