{"id":1728,"date":"2018-11-30T16:55:04","date_gmt":"2018-11-30T15:55:04","guid":{"rendered":"https:\/\/fablab-montagny-pres-louhans.fr\/?p=1728"},"modified":"2018-12-01T07:52:29","modified_gmt":"2018-12-01T06:52:29","slug":"incursion-dun-fablab-dirreductibles-bressans-en-pays-jurassien","status":"publish","type":"post","link":"https:\/\/fablab-montagny-pres-louhans.fr\/index.php\/2018\/11\/30\/incursion-dun-fablab-dirreductibles-bressans-en-pays-jurassien\/","title":{"rendered":"Incursion d&rsquo;un fablab d&rsquo;irreductibles bressans en pays jurassien"},"content":{"rendered":"<p style=\"text-align: left;\">Depuis quelques semaines Florian Derible animateur de La Maison de Services de Beaufort (Jura) pr\u00e9parait une rencontre entre des \u00e9lus jurassiens et des acteurs de fablab. En amont, il avait visit\u00e9 quelques fablab dont Labo&rsquo;M pour obtenir leur participation \u00e0 une r\u00e9union\/d\u00e9bat. Cette rencontre sous forme de table ronde, a eu lieu <span style=\"display: inline !important; float: none; background-color: transparent; color: #444444; cursor: text; font-family: -apple-system,BlinkMacSystemFont,'Segoe UI',Roboto,'Helvetica Neue',Arial,sans-serif; font-size: 16px; font-style: normal; font-variant: normal; font-weight: 400; letter-spacing: normal; orphans: 2; text-align: left; text-decoration: none; text-indent: 0px; text-transform: none; -webkit-text-stroke-width: 0px; white-space: normal; word-spacing: 0px;\">Samedi 24 novembre \u00e0 La Caborde d&rsquo; Orbagna.<\/span> Une journ\u00e9e d&rsquo;informations sur les fablab et leur int\u00e9r\u00eat social et \u00e9ducatif sur une r\u00e9gion administrative et g\u00e9ographique telle qu&rsquo;une communaut\u00e9 de communes.<\/p>\n<p style=\"text-align: center;\"><img loading=\"lazy\" decoding=\"async\" class=\"alignnone size-medium wp-image-1731\" src=\"https:\/\/fablab-montagny-pres-louhans.fr\/wp-content\/uploads\/2018\/11\/BDV6AfficheA3_Savoir-faire_CCPJ-212x300.jpg\" alt=\"\" width=\"212\" height=\"300\" srcset=\"https:\/\/fablab-montagny-pres-louhans.fr\/wp-content\/uploads\/2018\/11\/BDV6AfficheA3_Savoir-faire_CCPJ-212x300.jpg 212w, https:\/\/fablab-montagny-pres-louhans.fr\/wp-content\/uploads\/2018\/11\/BDV6AfficheA3_Savoir-faire_CCPJ-768x1086.jpg 768w, https:\/\/fablab-montagny-pres-louhans.fr\/wp-content\/uploads\/2018\/11\/BDV6AfficheA3_Savoir-faire_CCPJ-724x1024.jpg 724w, https:\/\/fablab-montagny-pres-louhans.fr\/wp-content\/uploads\/2018\/11\/BDV6AfficheA3_Savoir-faire_CCPJ.jpg 1240w\" sizes=\"(max-width: 212px) 100vw, 212px\" \/><\/p>\n<p><span style=\"display: inline !important; float: none; background-color: transparent; color: #444444; cursor: text; font-family: -apple-system,BlinkMacSystemFont,'Segoe UI',Roboto,'Helvetica Neue',Arial,sans-serif; font-size: 16px; font-style: normal; font-variant: normal; font-weight: 400; letter-spacing: normal; orphans: 2; text-align: left; text-decoration: none; text-indent: 0px; text-transform: none; -webkit-text-stroke-width: 0px; white-space: normal; word-spacing: 0px;\">Cyrille m&rsquo;accompagnait dans cette d\u00e9marche et en d\u00e9but d&rsquo;apr\u00e8s midi nous \u00e9tions rejoint par Calvin. \u00a0 \u00a0 \u00a0 \u00a0 \u00a0 \u00a0 \u00a0 \u00a0 \u00a0 \u00a0 \u00a0 \u00a0 Le but \u00e9tait de <\/span><em>\u00ab\u00a0vanter\u00a0\u00bb <\/em>le concept fablab aux \u00e9lus pr\u00e9sents.<\/p>\n<p><strong>Les informateurs : <\/strong>Florian Derible &#8211; fablab Net Iki (Biarne) &#8211; fablab Made in Iki (Commenailles) &#8211; fablab La Fabrik (Orgelet) &#8211; fablab L\u00e9donova (Lons) &#8211; L&rsquo;Outil en Main (assoc. Saint Amourienne qui s&rsquo;est donner pour mission de faire d\u00e9couvrir aux jeunes les m\u00e9tiers manuels comme la menuiserie, la chaudronnerie etc&#8230;) le Repair Caf\u00e9 (St Amour) &#8211; et une nouvelle association : Oh La B\u00e2che ! qui recycle les b\u00e2ches publicitaires et leurs donnent une deuxi\u00e8me vie sous forme de sacs, pochettes et autres contenants.<\/p>\n<p><strong>Les inform\u00e9s : <\/strong>Des \u00e9lus : des maires ainsi que Michel Fisher et Pierre Grosset Vices Pr\u00e9sidents du Pays L\u00e9donien, le Pr\u00e9sident de la communaut\u00e9 de communes Portes du Jura Monsieur Christian Buchot et le vice Pr\u00e9sident Monsieur Fernand Fournier<\/p>\n<p style=\"text-align: center;\"><img loading=\"lazy\" decoding=\"async\" class=\"alignnone size-medium wp-image-1732\" src=\"https:\/\/fablab-montagny-pres-louhans.fr\/wp-content\/uploads\/2018\/11\/Download_html-300x237.jpg\" alt=\"\" width=\"300\" height=\"237\" srcset=\"https:\/\/fablab-montagny-pres-louhans.fr\/wp-content\/uploads\/2018\/11\/Download_html-300x237.jpg 300w, https:\/\/fablab-montagny-pres-louhans.fr\/wp-content\/uploads\/2018\/11\/Download_html-768x606.jpg 768w, https:\/\/fablab-montagny-pres-louhans.fr\/wp-content\/uploads\/2018\/11\/Download_html.jpg 960w\" sizes=\"(max-width: 300px) 100vw, 300px\" \/><\/p>\n<p><strong>Une animatrice :\u00a0<\/strong><\/p>\n<p>A tour de r\u00f4le nous pr\u00e9sentions nos fablab ou associations. Le d\u00e9bat \u00e9tait anim\u00e9 par Myriam El Yassa du Pays L\u00e9donien.<\/p>\n<p>A la suite de ce tour de table et apr\u00e8s que les \u00e9lus se soient exprim\u00e9s \u00e0 leur tour. Il apparait et vraiment sans parti pris que le Jura a pris la pleine mesure du ph\u00e9nom\u00e8ne fablab et de son int\u00e9r\u00eat \u00e9conomique, social et \u00e9ducatif. La d\u00e9marche de la Com Com Porte du Jura n&rsquo;est pas banale puisqu&rsquo;elle est pr\u00eate \u00e0 donner un \u00ab\u00a0gros\u00a0\u00bb budget \u00e0 tout porteur de projet qui se pr\u00e9sentera. C&rsquo;est dans ces moments l\u00e0 que l&rsquo;on constate le foss\u00e9 qui peut exister entre deux d\u00e9partements proches et leurs communaut\u00e9s de communes. Il y a d\u00e9j\u00e0 5 fablab dans l&rsquo;est jurassien et ce n&rsquo;est que le d\u00e9but. Pour cette raison, nous r\u00e9clamons instamment le rattachement de Montagny Pr\u00e8s Louhans au d\u00e9partement du Jura .<img loading=\"lazy\" decoding=\"async\" class=\"alignnone size-full wp-image-1745\" src=\"https:\/\/fablab-montagny-pres-louhans.fr\/wp-content\/uploads\/2018\/12\/220px-SNice_svg-e1543647064521.png\" alt=\"\" width=\"22\" height=\"22\" \/><\/p>\n<p>&nbsp;<\/p>\n<p><img loading=\"lazy\" decoding=\"async\" class=\"size-medium wp-image-1733 alignnone\" src=\"https:\/\/fablab-montagny-pres-louhans.fr\/wp-content\/uploads\/2018\/11\/IMG_20181124_142418-300x180.jpg\" alt=\"\" width=\"300\" height=\"180\" srcset=\"https:\/\/fablab-montagny-pres-louhans.fr\/wp-content\/uploads\/2018\/11\/IMG_20181124_142418-300x180.jpg 300w, https:\/\/fablab-montagny-pres-louhans.fr\/wp-content\/uploads\/2018\/11\/IMG_20181124_142418-768x461.jpg 768w, https:\/\/fablab-montagny-pres-louhans.fr\/wp-content\/uploads\/2018\/11\/IMG_20181124_142418-1024x615.jpg 1024w\" sizes=\"(max-width: 300px) 100vw, 300px\" \/><img loading=\"lazy\" decoding=\"async\" class=\"size-medium wp-image-1734 alignright\" src=\"https:\/\/fablab-montagny-pres-louhans.fr\/wp-content\/uploads\/2018\/11\/IMG_20181124_134922-208x300.jpg\" alt=\"\" width=\"208\" height=\"300\" srcset=\"https:\/\/fablab-montagny-pres-louhans.fr\/wp-content\/uploads\/2018\/11\/IMG_20181124_134922-208x300.jpg 208w, https:\/\/fablab-montagny-pres-louhans.fr\/wp-content\/uploads\/2018\/11\/IMG_20181124_134922-768x1106.jpg 768w, https:\/\/fablab-montagny-pres-louhans.fr\/wp-content\/uploads\/2018\/11\/IMG_20181124_134922-711x1024.jpg 711w\" sizes=\"(max-width: 208px) 100vw, 208px\" \/><\/p>\n<p>L&rsquo;apr\u00e8s-midi \u00e9tait consacr\u00e9e \u00e0 la pr\u00e9sentation au public des savoirs faire et des r\u00e9alisations de chacun<\/p>\n<p><img loading=\"lazy\" decoding=\"async\" class=\"size-medium wp-image-1742\" src=\"https:\/\/fablab-montagny-pres-louhans.fr\/wp-content\/uploads\/2018\/11\/IMG_20181124_160344-300x225.jpg\" alt=\"\" width=\"300\" height=\"225\" srcset=\"https:\/\/fablab-montagny-pres-louhans.fr\/wp-content\/uploads\/2018\/11\/IMG_20181124_160344-300x225.jpg 300w, https:\/\/fablab-montagny-pres-louhans.fr\/wp-content\/uploads\/2018\/11\/IMG_20181124_160344-768x576.jpg 768w, https:\/\/fablab-montagny-pres-louhans.fr\/wp-content\/uploads\/2018\/11\/IMG_20181124_160344-1024x768.jpg 1024w\" sizes=\"(max-width: 300px) 100vw, 300px\" \/><\/p>\n<p>&nbsp;<\/p>\n<p>&nbsp;<\/p>\n","protected":false},"excerpt":{"rendered":"<p>Depuis quelques semaines Florian Derible animateur de La Maison de Services de Beaufort (Jura) pr\u00e9parait une rencontre entre des \u00e9lus jurassiens et des acteurs de fablab. En amont, il avait visit\u00e9 quelques fablab dont Labo&rsquo;M pour obtenir leur participation \u00e0 une r\u00e9union\/d\u00e9bat. Cette rencontre sous forme de table ronde, a eu lieu Samedi 24 novembre [&hellip;]<\/p>\n","protected":false},"author":29,"featured_media":0,"comment_status":"closed","ping_status":"open","sticky":false,"template":"","format":"standard","meta":{"_et_pb_use_builder":"","_et_pb_old_content":"","_et_gb_content_width":"","rop_custom_images_group":[],"rop_custom_messages_group":[],"rop_publish_now":"initial","rop_publish_now_accounts":{"facebook_1992431424458146_173380702515979":""},"rop_publish_now_history":[],"rop_publish_now_status":"pending","footnotes":""},"categories":[2],"tags":[],"class_list":["post-1728","post","type-post","status-publish","format-standard","hentry","category-news"],"yoast_head":"<!-- This site is optimized with the Yoast SEO plugin v27.3 - https:\/\/yoast.com\/product\/yoast-seo-wordpress\/ -->\n<title>Incursion d&#039;un fablab d&#039;irreductibles bressans en pays jurassien - Le FabLab<\/title>\n<meta name=\"robots\" content=\"noindex, follow, max-snippet:-1, max-image-preview:large, max-video-preview:-1\" \/>\n<meta property=\"og:locale\" content=\"fr_FR\" \/>\n<meta property=\"og:type\" content=\"article\" \/>\n<meta property=\"og:title\" content=\"Incursion d&#039;un fablab d&#039;irreductibles bressans en pays jurassien - Le FabLab\" \/>\n<meta property=\"og:description\" content=\"Depuis quelques semaines Florian Derible animateur de La Maison de Services de Beaufort (Jura) pr\u00e9parait une rencontre entre des \u00e9lus jurassiens et des acteurs de fablab. En amont, il avait visit\u00e9 quelques fablab dont Labo&rsquo;M pour obtenir leur participation \u00e0 une r\u00e9union\/d\u00e9bat. Cette rencontre sous forme de table ronde, a eu lieu Samedi 24 novembre [&hellip;]\" \/>\n<meta property=\"og:url\" content=\"https:\/\/fablab-montagny-pres-louhans.fr\/index.php\/2018\/11\/30\/incursion-dun-fablab-dirreductibles-bressans-en-pays-jurassien\/\" \/>\n<meta property=\"og:site_name\" content=\"Le FabLab\" \/>\n<meta property=\"article:publisher\" content=\"https:\/\/www.facebook.com\/fablab.labom\/\" \/>\n<meta property=\"article:published_time\" content=\"2018-11-30T15:55:04+00:00\" \/>\n<meta property=\"article:modified_time\" content=\"2018-12-01T06:52:29+00:00\" \/>\n<meta property=\"og:image\" content=\"https:\/\/fablab-montagny-pres-louhans.fr\/wp-content\/uploads\/2018\/11\/BDV6AfficheA3_Savoir-faire_CCPJ-212x300.jpg\" \/>\n<meta name=\"author\" content=\"Roger Remondy\" \/>\n<meta name=\"twitter:card\" content=\"summary_large_image\" \/>\n<meta name=\"twitter:label1\" content=\"\u00c9crit par\" \/>\n\t<meta name=\"twitter:data1\" content=\"Roger Remondy\" \/>\n\t<meta name=\"twitter:label2\" content=\"Dur\u00e9e de lecture estim\u00e9e\" \/>\n\t<meta name=\"twitter:data2\" content=\"2 minutes\" \/>\n<script type=\"application\/ld+json\" class=\"yoast-schema-graph\">{\"@context\":\"https:\\\/\\\/schema.org\",\"@graph\":[{\"@type\":\"Article\",\"@id\":\"https:\\\/\\\/fablab-montagny-pres-louhans.fr\\\/index.php\\\/2018\\\/11\\\/30\\\/incursion-dun-fablab-dirreductibles-bressans-en-pays-jurassien\\\/#article\",\"isPartOf\":{\"@id\":\"https:\\\/\\\/fablab-montagny-pres-louhans.fr\\\/index.php\\\/2018\\\/11\\\/30\\\/incursion-dun-fablab-dirreductibles-bressans-en-pays-jurassien\\\/\"},\"author\":{\"name\":\"Roger Remondy\",\"@id\":\"https:\\\/\\\/fablab-montagny-pres-louhans.fr\\\/#\\\/schema\\\/person\\\/b4b47741bdde563325530989455fe7de\"},\"headline\":\"Incursion d&rsquo;un fablab d&rsquo;irreductibles bressans en pays jurassien\",\"datePublished\":\"2018-11-30T15:55:04+00:00\",\"dateModified\":\"2018-12-01T06:52:29+00:00\",\"mainEntityOfPage\":{\"@id\":\"https:\\\/\\\/fablab-montagny-pres-louhans.fr\\\/index.php\\\/2018\\\/11\\\/30\\\/incursion-dun-fablab-dirreductibles-bressans-en-pays-jurassien\\\/\"},\"wordCount\":445,\"publisher\":{\"@id\":\"https:\\\/\\\/fablab-montagny-pres-louhans.fr\\\/#organization\"},\"image\":{\"@id\":\"https:\\\/\\\/fablab-montagny-pres-louhans.fr\\\/index.php\\\/2018\\\/11\\\/30\\\/incursion-dun-fablab-dirreductibles-bressans-en-pays-jurassien\\\/#primaryimage\"},\"thumbnailUrl\":\"https:\\\/\\\/fablab-montagny-pres-louhans.fr\\\/wp-content\\\/uploads\\\/2018\\\/11\\\/BDV6AfficheA3_Savoir-faire_CCPJ-212x300.jpg\",\"articleSection\":[\"News\"],\"inLanguage\":\"fr-FR\"},{\"@type\":\"WebPage\",\"@id\":\"https:\\\/\\\/fablab-montagny-pres-louhans.fr\\\/index.php\\\/2018\\\/11\\\/30\\\/incursion-dun-fablab-dirreductibles-bressans-en-pays-jurassien\\\/\",\"url\":\"https:\\\/\\\/fablab-montagny-pres-louhans.fr\\\/index.php\\\/2018\\\/11\\\/30\\\/incursion-dun-fablab-dirreductibles-bressans-en-pays-jurassien\\\/\",\"name\":\"Incursion d'un fablab d'irreductibles bressans en pays jurassien - Le FabLab\",\"isPartOf\":{\"@id\":\"https:\\\/\\\/fablab-montagny-pres-louhans.fr\\\/#website\"},\"primaryImageOfPage\":{\"@id\":\"https:\\\/\\\/fablab-montagny-pres-louhans.fr\\\/index.php\\\/2018\\\/11\\\/30\\\/incursion-dun-fablab-dirreductibles-bressans-en-pays-jurassien\\\/#primaryimage\"},\"image\":{\"@id\":\"https:\\\/\\\/fablab-montagny-pres-louhans.fr\\\/index.php\\\/2018\\\/11\\\/30\\\/incursion-dun-fablab-dirreductibles-bressans-en-pays-jurassien\\\/#primaryimage\"},\"thumbnailUrl\":\"https:\\\/\\\/fablab-montagny-pres-louhans.fr\\\/wp-content\\\/uploads\\\/2018\\\/11\\\/BDV6AfficheA3_Savoir-faire_CCPJ-212x300.jpg\",\"datePublished\":\"2018-11-30T15:55:04+00:00\",\"dateModified\":\"2018-12-01T06:52:29+00:00\",\"breadcrumb\":{\"@id\":\"https:\\\/\\\/fablab-montagny-pres-louhans.fr\\\/index.php\\\/2018\\\/11\\\/30\\\/incursion-dun-fablab-dirreductibles-bressans-en-pays-jurassien\\\/#breadcrumb\"},\"inLanguage\":\"fr-FR\",\"potentialAction\":[{\"@type\":\"ReadAction\",\"target\":[\"https:\\\/\\\/fablab-montagny-pres-louhans.fr\\\/index.php\\\/2018\\\/11\\\/30\\\/incursion-dun-fablab-dirreductibles-bressans-en-pays-jurassien\\\/\"]}]},{\"@type\":\"ImageObject\",\"inLanguage\":\"fr-FR\",\"@id\":\"https:\\\/\\\/fablab-montagny-pres-louhans.fr\\\/index.php\\\/2018\\\/11\\\/30\\\/incursion-dun-fablab-dirreductibles-bressans-en-pays-jurassien\\\/#primaryimage\",\"url\":\"https:\\\/\\\/fablab-montagny-pres-louhans.fr\\\/wp-content\\\/uploads\\\/2018\\\/11\\\/BDV6AfficheA3_Savoir-faire_CCPJ.jpg\",\"contentUrl\":\"https:\\\/\\\/fablab-montagny-pres-louhans.fr\\\/wp-content\\\/uploads\\\/2018\\\/11\\\/BDV6AfficheA3_Savoir-faire_CCPJ.jpg\",\"width\":1240,\"height\":1754},{\"@type\":\"BreadcrumbList\",\"@id\":\"https:\\\/\\\/fablab-montagny-pres-louhans.fr\\\/index.php\\\/2018\\\/11\\\/30\\\/incursion-dun-fablab-dirreductibles-bressans-en-pays-jurassien\\\/#breadcrumb\",\"itemListElement\":[{\"@type\":\"ListItem\",\"position\":1,\"name\":\"Accueil\",\"item\":\"https:\\\/\\\/fablab-montagny-pres-louhans.fr\\\/\"},{\"@type\":\"ListItem\",\"position\":2,\"name\":\"Incursion d&rsquo;un fablab d&rsquo;irreductibles bressans en pays jurassien\"}]},{\"@type\":\"WebSite\",\"@id\":\"https:\\\/\\\/fablab-montagny-pres-louhans.fr\\\/#website\",\"url\":\"https:\\\/\\\/fablab-montagny-pres-louhans.fr\\\/\",\"name\":\"Le FabLab\",\"description\":\"Le premier de Bresse\",\"publisher\":{\"@id\":\"https:\\\/\\\/fablab-montagny-pres-louhans.fr\\\/#organization\"},\"potentialAction\":[{\"@type\":\"SearchAction\",\"target\":{\"@type\":\"EntryPoint\",\"urlTemplate\":\"https:\\\/\\\/fablab-montagny-pres-louhans.fr\\\/?s={search_term_string}\"},\"query-input\":{\"@type\":\"PropertyValueSpecification\",\"valueRequired\":true,\"valueName\":\"search_term_string\"}}],\"inLanguage\":\"fr-FR\"},{\"@type\":\"Organization\",\"@id\":\"https:\\\/\\\/fablab-montagny-pres-louhans.fr\\\/#organization\",\"name\":\"Le FabLab\",\"url\":\"https:\\\/\\\/fablab-montagny-pres-louhans.fr\\\/\",\"logo\":{\"@type\":\"ImageObject\",\"inLanguage\":\"fr-FR\",\"@id\":\"https:\\\/\\\/fablab-montagny-pres-louhans.fr\\\/#\\\/schema\\\/logo\\\/image\\\/\",\"url\":\"https:\\\/\\\/fablab-montagny-pres-louhans.fr\\\/wp-content\\\/uploads\\\/2023\\\/02\\\/FABALB-logo.png\",\"contentUrl\":\"https:\\\/\\\/fablab-montagny-pres-louhans.fr\\\/wp-content\\\/uploads\\\/2023\\\/02\\\/FABALB-logo.png\",\"width\":250,\"height\":260,\"caption\":\"Le FabLab\"},\"image\":{\"@id\":\"https:\\\/\\\/fablab-montagny-pres-louhans.fr\\\/#\\\/schema\\\/logo\\\/image\\\/\"},\"sameAs\":[\"https:\\\/\\\/www.facebook.com\\\/fablab.labom\\\/\"]},{\"@type\":\"Person\",\"@id\":\"https:\\\/\\\/fablab-montagny-pres-louhans.fr\\\/#\\\/schema\\\/person\\\/b4b47741bdde563325530989455fe7de\",\"name\":\"Roger Remondy\",\"image\":{\"@type\":\"ImageObject\",\"inLanguage\":\"fr-FR\",\"@id\":\"https:\\\/\\\/fablab-montagny-pres-louhans.fr\\\/wp-content\\\/litespeed\\\/avatar\\\/0636c9b2c03e4d83e562c27b768bd1cb.jpg?ver=1777239698\",\"url\":\"https:\\\/\\\/fablab-montagny-pres-louhans.fr\\\/wp-content\\\/litespeed\\\/avatar\\\/0636c9b2c03e4d83e562c27b768bd1cb.jpg?ver=1777239698\",\"contentUrl\":\"https:\\\/\\\/fablab-montagny-pres-louhans.fr\\\/wp-content\\\/litespeed\\\/avatar\\\/0636c9b2c03e4d83e562c27b768bd1cb.jpg?ver=1777239698\",\"caption\":\"Roger Remondy\"},\"url\":\"https:\\\/\\\/fablab-montagny-pres-louhans.fr\\\/index.php\\\/author\\\/roger\\\/\"}]}<\/script>\n<!-- \/ Yoast SEO plugin. -->","yoast_head_json":{"title":"Incursion d'un fablab d'irreductibles bressans en pays jurassien - Le FabLab","robots":{"index":"noindex","follow":"follow","max-snippet":"max-snippet:-1","max-image-preview":"max-image-preview:large","max-video-preview":"max-video-preview:-1"},"og_locale":"fr_FR","og_type":"article","og_title":"Incursion d'un fablab d'irreductibles bressans en pays jurassien - Le FabLab","og_description":"Depuis quelques semaines Florian Derible animateur de La Maison de Services de Beaufort (Jura) pr\u00e9parait une rencontre entre des \u00e9lus jurassiens et des acteurs de fablab. En amont, il avait visit\u00e9 quelques fablab dont Labo&rsquo;M pour obtenir leur participation \u00e0 une r\u00e9union\/d\u00e9bat. Cette rencontre sous forme de table ronde, a eu lieu Samedi 24 novembre [&hellip;]","og_url":"https:\/\/fablab-montagny-pres-louhans.fr\/index.php\/2018\/11\/30\/incursion-dun-fablab-dirreductibles-bressans-en-pays-jurassien\/","og_site_name":"Le FabLab","article_publisher":"https:\/\/www.facebook.com\/fablab.labom\/","article_published_time":"2018-11-30T15:55:04+00:00","article_modified_time":"2018-12-01T06:52:29+00:00","og_image":[{"url":"https:\/\/fablab-montagny-pres-louhans.fr\/wp-content\/uploads\/2018\/11\/BDV6AfficheA3_Savoir-faire_CCPJ-212x300.jpg","type":"","width":"","height":""}],"author":"Roger Remondy","twitter_card":"summary_large_image","twitter_misc":{"\u00c9crit par":"Roger Remondy","Dur\u00e9e de lecture estim\u00e9e":"2 minutes"},"schema":{"@context":"https:\/\/schema.org","@graph":[{"@type":"Article","@id":"https:\/\/fablab-montagny-pres-louhans.fr\/index.php\/2018\/11\/30\/incursion-dun-fablab-dirreductibles-bressans-en-pays-jurassien\/#article","isPartOf":{"@id":"https:\/\/fablab-montagny-pres-louhans.fr\/index.php\/2018\/11\/30\/incursion-dun-fablab-dirreductibles-bressans-en-pays-jurassien\/"},"author":{"name":"Roger Remondy","@id":"https:\/\/fablab-montagny-pres-louhans.fr\/#\/schema\/person\/b4b47741bdde563325530989455fe7de"},"headline":"Incursion d&rsquo;un fablab d&rsquo;irreductibles bressans en pays jurassien","datePublished":"2018-11-30T15:55:04+00:00","dateModified":"2018-12-01T06:52:29+00:00","mainEntityOfPage":{"@id":"https:\/\/fablab-montagny-pres-louhans.fr\/index.php\/2018\/11\/30\/incursion-dun-fablab-dirreductibles-bressans-en-pays-jurassien\/"},"wordCount":445,"publisher":{"@id":"https:\/\/fablab-montagny-pres-louhans.fr\/#organization"},"image":{"@id":"https:\/\/fablab-montagny-pres-louhans.fr\/index.php\/2018\/11\/30\/incursion-dun-fablab-dirreductibles-bressans-en-pays-jurassien\/#primaryimage"},"thumbnailUrl":"https:\/\/fablab-montagny-pres-louhans.fr\/wp-content\/uploads\/2018\/11\/BDV6AfficheA3_Savoir-faire_CCPJ-212x300.jpg","articleSection":["News"],"inLanguage":"fr-FR"},{"@type":"WebPage","@id":"https:\/\/fablab-montagny-pres-louhans.fr\/index.php\/2018\/11\/30\/incursion-dun-fablab-dirreductibles-bressans-en-pays-jurassien\/","url":"https:\/\/fablab-montagny-pres-louhans.fr\/index.php\/2018\/11\/30\/incursion-dun-fablab-dirreductibles-bressans-en-pays-jurassien\/","name":"Incursion d'un fablab d'irreductibles bressans en pays jurassien - Le FabLab","isPartOf":{"@id":"https:\/\/fablab-montagny-pres-louhans.fr\/#website"},"primaryImageOfPage":{"@id":"https:\/\/fablab-montagny-pres-louhans.fr\/index.php\/2018\/11\/30\/incursion-dun-fablab-dirreductibles-bressans-en-pays-jurassien\/#primaryimage"},"image":{"@id":"https:\/\/fablab-montagny-pres-louhans.fr\/index.php\/2018\/11\/30\/incursion-dun-fablab-dirreductibles-bressans-en-pays-jurassien\/#primaryimage"},"thumbnailUrl":"https:\/\/fablab-montagny-pres-louhans.fr\/wp-content\/uploads\/2018\/11\/BDV6AfficheA3_Savoir-faire_CCPJ-212x300.jpg","datePublished":"2018-11-30T15:55:04+00:00","dateModified":"2018-12-01T06:52:29+00:00","breadcrumb":{"@id":"https:\/\/fablab-montagny-pres-louhans.fr\/index.php\/2018\/11\/30\/incursion-dun-fablab-dirreductibles-bressans-en-pays-jurassien\/#breadcrumb"},"inLanguage":"fr-FR","potentialAction":[{"@type":"ReadAction","target":["https:\/\/fablab-montagny-pres-louhans.fr\/index.php\/2018\/11\/30\/incursion-dun-fablab-dirreductibles-bressans-en-pays-jurassien\/"]}]},{"@type":"ImageObject","inLanguage":"fr-FR","@id":"https:\/\/fablab-montagny-pres-louhans.fr\/index.php\/2018\/11\/30\/incursion-dun-fablab-dirreductibles-bressans-en-pays-jurassien\/#primaryimage","url":"https:\/\/fablab-montagny-pres-louhans.fr\/wp-content\/uploads\/2018\/11\/BDV6AfficheA3_Savoir-faire_CCPJ.jpg","contentUrl":"https:\/\/fablab-montagny-pres-louhans.fr\/wp-content\/uploads\/2018\/11\/BDV6AfficheA3_Savoir-faire_CCPJ.jpg","width":1240,"height":1754},{"@type":"BreadcrumbList","@id":"https:\/\/fablab-montagny-pres-louhans.fr\/index.php\/2018\/11\/30\/incursion-dun-fablab-dirreductibles-bressans-en-pays-jurassien\/#breadcrumb","itemListElement":[{"@type":"ListItem","position":1,"name":"Accueil","item":"https:\/\/fablab-montagny-pres-louhans.fr\/"},{"@type":"ListItem","position":2,"name":"Incursion d&rsquo;un fablab d&rsquo;irreductibles bressans en pays jurassien"}]},{"@type":"WebSite","@id":"https:\/\/fablab-montagny-pres-louhans.fr\/#website","url":"https:\/\/fablab-montagny-pres-louhans.fr\/","name":"Le FabLab","description":"Le premier de Bresse","publisher":{"@id":"https:\/\/fablab-montagny-pres-louhans.fr\/#organization"},"potentialAction":[{"@type":"SearchAction","target":{"@type":"EntryPoint","urlTemplate":"https:\/\/fablab-montagny-pres-louhans.fr\/?s={search_term_string}"},"query-input":{"@type":"PropertyValueSpecification","valueRequired":true,"valueName":"search_term_string"}}],"inLanguage":"fr-FR"},{"@type":"Organization","@id":"https:\/\/fablab-montagny-pres-louhans.fr\/#organization","name":"Le FabLab","url":"https:\/\/fablab-montagny-pres-louhans.fr\/","logo":{"@type":"ImageObject","inLanguage":"fr-FR","@id":"https:\/\/fablab-montagny-pres-louhans.fr\/#\/schema\/logo\/image\/","url":"https:\/\/fablab-montagny-pres-louhans.fr\/wp-content\/uploads\/2023\/02\/FABALB-logo.png","contentUrl":"https:\/\/fablab-montagny-pres-louhans.fr\/wp-content\/uploads\/2023\/02\/FABALB-logo.png","width":250,"height":260,"caption":"Le FabLab"},"image":{"@id":"https:\/\/fablab-montagny-pres-louhans.fr\/#\/schema\/logo\/image\/"},"sameAs":["https:\/\/www.facebook.com\/fablab.labom\/"]},{"@type":"Person","@id":"https:\/\/fablab-montagny-pres-louhans.fr\/#\/schema\/person\/b4b47741bdde563325530989455fe7de","name":"Roger Remondy","image":{"@type":"ImageObject","inLanguage":"fr-FR","@id":"https:\/\/fablab-montagny-pres-louhans.fr\/wp-content\/litespeed\/avatar\/0636c9b2c03e4d83e562c27b768bd1cb.jpg?ver=1777239698","url":"https:\/\/fablab-montagny-pres-louhans.fr\/wp-content\/litespeed\/avatar\/0636c9b2c03e4d83e562c27b768bd1cb.jpg?ver=1777239698","contentUrl":"https:\/\/fablab-montagny-pres-louhans.fr\/wp-content\/litespeed\/avatar\/0636c9b2c03e4d83e562c27b768bd1cb.jpg?ver=1777239698","caption":"Roger Remondy"},"url":"https:\/\/fablab-montagny-pres-louhans.fr\/index.php\/author\/roger\/"}]}},"_links":{"self":[{"href":"https:\/\/fablab-montagny-pres-louhans.fr\/index.php\/wp-json\/wp\/v2\/posts\/1728","targetHints":{"allow":["GET"]}}],"collection":[{"href":"https:\/\/fablab-montagny-pres-louhans.fr\/index.php\/wp-json\/wp\/v2\/posts"}],"about":[{"href":"https:\/\/fablab-montagny-pres-louhans.fr\/index.php\/wp-json\/wp\/v2\/types\/post"}],"author":[{"embeddable":true,"href":"https:\/\/fablab-montagny-pres-louhans.fr\/index.php\/wp-json\/wp\/v2\/users\/29"}],"replies":[{"embeddable":true,"href":"https:\/\/fablab-montagny-pres-louhans.fr\/index.php\/wp-json\/wp\/v2\/comments?post=1728"}],"version-history":[{"count":11,"href":"https:\/\/fablab-montagny-pres-louhans.fr\/index.php\/wp-json\/wp\/v2\/posts\/1728\/revisions"}],"predecessor-version":[{"id":1746,"href":"https:\/\/fablab-montagny-pres-louhans.fr\/index.php\/wp-json\/wp\/v2\/posts\/1728\/revisions\/1746"}],"wp:attachment":[{"href":"https:\/\/fablab-montagny-pres-louhans.fr\/index.php\/wp-json\/wp\/v2\/media?parent=1728"}],"wp:term":[{"taxonomy":"category","embeddable":true,"href":"https:\/\/fablab-montagny-pres-louhans.fr\/index.php\/wp-json\/wp\/v2\/categories?post=1728"},{"taxonomy":"post_tag","embeddable":true,"href":"https:\/\/fablab-montagny-pres-louhans.fr\/index.php\/wp-json\/wp\/v2\/tags?post=1728"}],"curies":[{"name":"wp","href":"https:\/\/api.w.org\/{rel}","templated":true}]}}