{"id":1668,"date":"2018-10-31T22:10:02","date_gmt":"2018-10-31T21:10:02","guid":{"rendered":"https:\/\/fablab-montagny-pres-louhans.fr\/?p=1668"},"modified":"2018-10-31T22:10:02","modified_gmt":"2018-10-31T21:10:02","slug":"laser-sur-verre-synthetique-epais","status":"publish","type":"post","link":"https:\/\/fablab-montagny-pres-louhans.fr\/index.php\/2018\/10\/31\/laser-sur-verre-synthetique-epais\/","title":{"rendered":"Laser sur verre synth\u00e9tique \u00e9pais"},"content":{"rendered":"<p>Nous avons obtenu des chutes de verre synth\u00e9tique de qualit\u00e9 et de 7.5mm d&rsquo;\u00e9paisseur.<\/p>\n<p>Nos derniers essais sur verres synth\u00e9tiques achet\u00e9s en GSB (Grande Surfaces de Bricolage) avaient laiss\u00e9 apparaitre de vilaines t\u00e2ches brunes. Celui-ci fondait et caram\u00e9lisait.<br \/>\nNous avons donc d\u00e9cid\u00e9 de tenter un petit test de d\u00e9coupe sur notre \u00e9chantillon. Tant qu&rsquo;\u00e0 faire nous avons aussi r\u00e9duit la puissance, quitte \u00e0 exp\u00e9rimenter le multi-passes.<br \/>\n(r\u00e9f\u00e9rence \u00e0 peine cach\u00e9e \u00e0 un autre multipass&#8230; <a href=\"https:\/\/www.youtube.com\/watch?v=9jWGbvemTag\" target=\"_blank\" rel=\"noopener\">https:\/\/www.youtube.com\/watch?v=9jWGbvemTag<\/a>). \ud83d\ude42<\/p>\n<p>r\u00e9glage 12mm\/sec 80% de puissance du 60W<\/p>\n<p><img loading=\"lazy\" decoding=\"async\" class=\"alignnone size-medium wp-image-1670\" src=\"https:\/\/fablab-montagny-pres-louhans.fr\/wp-content\/uploads\/2018\/10\/copie-0_IMG_1102-300x225.jpg\" alt=\"\" width=\"300\" height=\"225\" srcset=\"https:\/\/fablab-montagny-pres-louhans.fr\/wp-content\/uploads\/2018\/10\/copie-0_IMG_1102-300x225.jpg 300w, https:\/\/fablab-montagny-pres-louhans.fr\/wp-content\/uploads\/2018\/10\/copie-0_IMG_1102-768x576.jpg 768w, https:\/\/fablab-montagny-pres-louhans.fr\/wp-content\/uploads\/2018\/10\/copie-0_IMG_1102-1024x768.jpg 1024w, https:\/\/fablab-montagny-pres-louhans.fr\/wp-content\/uploads\/2018\/10\/copie-0_IMG_1102.jpg 1601w\" sizes=\"(max-width: 300px) 100vw, 300px\" \/><\/p>\n<p>Le r\u00e9sultat en image<\/p>\n<p><img loading=\"lazy\" decoding=\"async\" class=\"alignnone wp-image-1669 size-large\" src=\"https:\/\/fablab-montagny-pres-louhans.fr\/wp-content\/uploads\/2018\/10\/copie-0_IMG_1098-1024x768.jpg\" alt=\"\" width=\"843\" height=\"632\" srcset=\"https:\/\/fablab-montagny-pres-louhans.fr\/wp-content\/uploads\/2018\/10\/copie-0_IMG_1098-1024x768.jpg 1024w, https:\/\/fablab-montagny-pres-louhans.fr\/wp-content\/uploads\/2018\/10\/copie-0_IMG_1098-300x225.jpg 300w, https:\/\/fablab-montagny-pres-louhans.fr\/wp-content\/uploads\/2018\/10\/copie-0_IMG_1098-768x576.jpg 768w, https:\/\/fablab-montagny-pres-louhans.fr\/wp-content\/uploads\/2018\/10\/copie-0_IMG_1098.jpg 1601w\" sizes=\"(max-width: 843px) 100vw, 843px\" \/><\/p>\n<p>1 passe : environ 4mm de profondeur<br \/>\n2 passes : environ 6mm de profondeur<br \/>\n3 ou 4 passes : le faisceau traverse. V\u00e9rification avec un morceau de papier (une lame est trop \u00e9paisse).<br \/>\nLa coupe reste fine et propre, pas de traces brunes.<\/p>\n<p>La tranche de l&rsquo;objet coup\u00e9 est propre, mais un peu moins droite au del\u00e0 de 5mm de profondeur. Les tests pr\u00e9c\u00e9dents sur un plan inclin\u00e9 ont montr\u00e9 que le laser est fin \u00e0 +\/- 5mm autour de la distance focale, au del\u00e0 le faisceau s&rsquo;\u00e9largit et perd en puissance. C&rsquo;est vraisemblablement ce qui doit se passer ici.<\/p>\n<p>Un petit essai de mise en situation avec \u00e9clairage par la tranche -&gt; Je vous laisse imaginer une version multicolore \ud83d\ude09<\/p>\n<p><img loading=\"lazy\" decoding=\"async\" class=\"alignnone wp-image-1672 size-large\" src=\"https:\/\/fablab-montagny-pres-louhans.fr\/wp-content\/uploads\/2018\/10\/copie-0_IMG_1110-1024x768.jpg\" alt=\"\" width=\"843\" height=\"632\" srcset=\"https:\/\/fablab-montagny-pres-louhans.fr\/wp-content\/uploads\/2018\/10\/copie-0_IMG_1110-1024x768.jpg 1024w, https:\/\/fablab-montagny-pres-louhans.fr\/wp-content\/uploads\/2018\/10\/copie-0_IMG_1110-300x225.jpg 300w, https:\/\/fablab-montagny-pres-louhans.fr\/wp-content\/uploads\/2018\/10\/copie-0_IMG_1110-768x576.jpg 768w, https:\/\/fablab-montagny-pres-louhans.fr\/wp-content\/uploads\/2018\/10\/copie-0_IMG_1110.jpg 1601w\" sizes=\"(max-width: 843px) 100vw, 843px\" \/><\/p>\n<p>Seconde partie du test : r\u00e9duction de la puissance pour marquage peu profond. 400mm\/sec puissance 15% de 60W<br \/>\n<img loading=\"lazy\" decoding=\"async\" class=\"alignnone wp-image-1673 size-large\" src=\"https:\/\/fablab-montagny-pres-louhans.fr\/wp-content\/uploads\/2018\/10\/copie-0_IMG_1111-1024x768.jpg\" alt=\"\" width=\"843\" height=\"632\" srcset=\"https:\/\/fablab-montagny-pres-louhans.fr\/wp-content\/uploads\/2018\/10\/copie-0_IMG_1111-1024x768.jpg 1024w, https:\/\/fablab-montagny-pres-louhans.fr\/wp-content\/uploads\/2018\/10\/copie-0_IMG_1111-300x225.jpg 300w, https:\/\/fablab-montagny-pres-louhans.fr\/wp-content\/uploads\/2018\/10\/copie-0_IMG_1111-768x576.jpg 768w, https:\/\/fablab-montagny-pres-louhans.fr\/wp-content\/uploads\/2018\/10\/copie-0_IMG_1111.jpg 1601w\" sizes=\"(max-width: 843px) 100vw, 843px\" \/><br \/>\nLa grenouille de gauche \u00e0 subi 3 passages successifs, le trait est \u00e9largi, plus gras.<br \/>\nCelle de droite a eu un simple passage, le trait est fin, net, chirurgical.<br \/>\nLes pastilles ont \u00e9t\u00e9 d\u00e9coup\u00e9es suivant les param\u00e8tres indiqu\u00e9s au dessus : 12mm\/sec 80% en 3 passages.<\/p>\n<p>De quoi alimenter l&rsquo;esprit des cr\u00e9atifs du fablab&#8230;<\/p>\n<p>&nbsp;<\/p>\n","protected":false},"excerpt":{"rendered":"<p>Nous avons obtenu des chutes de verre synth\u00e9tique de qualit\u00e9 et de 7.5mm d&rsquo;\u00e9paisseur. Nos derniers essais sur verres synth\u00e9tiques achet\u00e9s en GSB (Grande Surfaces de Bricolage) avaient laiss\u00e9 apparaitre de vilaines t\u00e2ches brunes. Celui-ci fondait et caram\u00e9lisait. Nous avons donc d\u00e9cid\u00e9 de tenter un petit test de d\u00e9coupe sur notre \u00e9chantillon. Tant qu&rsquo;\u00e0 faire [&hellip;]<\/p>\n","protected":false},"author":31,"featured_media":0,"comment_status":"closed","ping_status":"open","sticky":false,"template":"","format":"standard","meta":{"_et_pb_use_builder":"","_et_pb_old_content":"","_et_gb_content_width":"","rop_custom_images_group":[],"rop_custom_messages_group":[],"rop_publish_now":"initial","rop_publish_now_accounts":{"facebook_1992431424458146_173380702515979":""},"rop_publish_now_history":[],"rop_publish_now_status":"pending","footnotes":""},"categories":[2],"tags":[],"class_list":["post-1668","post","type-post","status-publish","format-standard","hentry","category-news"],"yoast_head":"<!-- This site is optimized with the Yoast SEO plugin v27.3 - https:\/\/yoast.com\/product\/yoast-seo-wordpress\/ -->\n<title>Laser sur verre synth\u00e9tique \u00e9pais - Le FabLab<\/title>\n<meta name=\"robots\" content=\"noindex, follow, max-snippet:-1, max-image-preview:large, max-video-preview:-1\" \/>\n<meta property=\"og:locale\" content=\"fr_FR\" \/>\n<meta property=\"og:type\" content=\"article\" \/>\n<meta property=\"og:title\" content=\"Laser sur verre synth\u00e9tique \u00e9pais - Le FabLab\" \/>\n<meta property=\"og:description\" content=\"Nous avons obtenu des chutes de verre synth\u00e9tique de qualit\u00e9 et de 7.5mm d&rsquo;\u00e9paisseur. Nos derniers essais sur verres synth\u00e9tiques achet\u00e9s en GSB (Grande Surfaces de Bricolage) avaient laiss\u00e9 apparaitre de vilaines t\u00e2ches brunes. Celui-ci fondait et caram\u00e9lisait. Nous avons donc d\u00e9cid\u00e9 de tenter un petit test de d\u00e9coupe sur notre \u00e9chantillon. Tant qu&rsquo;\u00e0 faire [&hellip;]\" \/>\n<meta property=\"og:url\" content=\"https:\/\/fablab-montagny-pres-louhans.fr\/index.php\/2018\/10\/31\/laser-sur-verre-synthetique-epais\/\" \/>\n<meta property=\"og:site_name\" content=\"Le FabLab\" \/>\n<meta property=\"article:publisher\" content=\"https:\/\/www.facebook.com\/fablab.labom\/\" \/>\n<meta property=\"article:published_time\" content=\"2018-10-31T21:10:02+00:00\" \/>\n<meta property=\"og:image\" content=\"https:\/\/fablab-montagny-pres-louhans.fr\/wp-content\/uploads\/2018\/10\/copie-0_IMG_1102-300x225.jpg\" \/>\n<meta name=\"author\" content=\"Xavier Vincent\" \/>\n<meta name=\"twitter:card\" content=\"summary_large_image\" \/>\n<meta name=\"twitter:label1\" content=\"\u00c9crit par\" \/>\n\t<meta name=\"twitter:data1\" content=\"Xavier Vincent\" \/>\n\t<meta name=\"twitter:label2\" content=\"Dur\u00e9e de lecture estim\u00e9e\" \/>\n\t<meta name=\"twitter:data2\" content=\"1 minute\" \/>\n<script type=\"application\/ld+json\" class=\"yoast-schema-graph\">{\"@context\":\"https:\\\/\\\/schema.org\",\"@graph\":[{\"@type\":\"Article\",\"@id\":\"https:\\\/\\\/fablab-montagny-pres-louhans.fr\\\/index.php\\\/2018\\\/10\\\/31\\\/laser-sur-verre-synthetique-epais\\\/#article\",\"isPartOf\":{\"@id\":\"https:\\\/\\\/fablab-montagny-pres-louhans.fr\\\/index.php\\\/2018\\\/10\\\/31\\\/laser-sur-verre-synthetique-epais\\\/\"},\"author\":{\"name\":\"Xavier Vincent\",\"@id\":\"https:\\\/\\\/fablab-montagny-pres-louhans.fr\\\/#\\\/schema\\\/person\\\/59c98416fe3a0c002433d49a5b0f12ce\"},\"headline\":\"Laser sur verre synth\u00e9tique \u00e9pais\",\"datePublished\":\"2018-10-31T21:10:02+00:00\",\"mainEntityOfPage\":{\"@id\":\"https:\\\/\\\/fablab-montagny-pres-louhans.fr\\\/index.php\\\/2018\\\/10\\\/31\\\/laser-sur-verre-synthetique-epais\\\/\"},\"wordCount\":303,\"publisher\":{\"@id\":\"https:\\\/\\\/fablab-montagny-pres-louhans.fr\\\/#organization\"},\"image\":{\"@id\":\"https:\\\/\\\/fablab-montagny-pres-louhans.fr\\\/index.php\\\/2018\\\/10\\\/31\\\/laser-sur-verre-synthetique-epais\\\/#primaryimage\"},\"thumbnailUrl\":\"https:\\\/\\\/fablab-montagny-pres-louhans.fr\\\/wp-content\\\/uploads\\\/2018\\\/10\\\/copie-0_IMG_1102-300x225.jpg\",\"articleSection\":[\"News\"],\"inLanguage\":\"fr-FR\"},{\"@type\":\"WebPage\",\"@id\":\"https:\\\/\\\/fablab-montagny-pres-louhans.fr\\\/index.php\\\/2018\\\/10\\\/31\\\/laser-sur-verre-synthetique-epais\\\/\",\"url\":\"https:\\\/\\\/fablab-montagny-pres-louhans.fr\\\/index.php\\\/2018\\\/10\\\/31\\\/laser-sur-verre-synthetique-epais\\\/\",\"name\":\"Laser sur verre synth\u00e9tique \u00e9pais - Le FabLab\",\"isPartOf\":{\"@id\":\"https:\\\/\\\/fablab-montagny-pres-louhans.fr\\\/#website\"},\"primaryImageOfPage\":{\"@id\":\"https:\\\/\\\/fablab-montagny-pres-louhans.fr\\\/index.php\\\/2018\\\/10\\\/31\\\/laser-sur-verre-synthetique-epais\\\/#primaryimage\"},\"image\":{\"@id\":\"https:\\\/\\\/fablab-montagny-pres-louhans.fr\\\/index.php\\\/2018\\\/10\\\/31\\\/laser-sur-verre-synthetique-epais\\\/#primaryimage\"},\"thumbnailUrl\":\"https:\\\/\\\/fablab-montagny-pres-louhans.fr\\\/wp-content\\\/uploads\\\/2018\\\/10\\\/copie-0_IMG_1102-300x225.jpg\",\"datePublished\":\"2018-10-31T21:10:02+00:00\",\"breadcrumb\":{\"@id\":\"https:\\\/\\\/fablab-montagny-pres-louhans.fr\\\/index.php\\\/2018\\\/10\\\/31\\\/laser-sur-verre-synthetique-epais\\\/#breadcrumb\"},\"inLanguage\":\"fr-FR\",\"potentialAction\":[{\"@type\":\"ReadAction\",\"target\":[\"https:\\\/\\\/fablab-montagny-pres-louhans.fr\\\/index.php\\\/2018\\\/10\\\/31\\\/laser-sur-verre-synthetique-epais\\\/\"]}]},{\"@type\":\"ImageObject\",\"inLanguage\":\"fr-FR\",\"@id\":\"https:\\\/\\\/fablab-montagny-pres-louhans.fr\\\/index.php\\\/2018\\\/10\\\/31\\\/laser-sur-verre-synthetique-epais\\\/#primaryimage\",\"url\":\"https:\\\/\\\/fablab-montagny-pres-louhans.fr\\\/wp-content\\\/uploads\\\/2018\\\/10\\\/copie-0_IMG_1102.jpg\",\"contentUrl\":\"https:\\\/\\\/fablab-montagny-pres-louhans.fr\\\/wp-content\\\/uploads\\\/2018\\\/10\\\/copie-0_IMG_1102.jpg\",\"width\":1601,\"height\":1200},{\"@type\":\"BreadcrumbList\",\"@id\":\"https:\\\/\\\/fablab-montagny-pres-louhans.fr\\\/index.php\\\/2018\\\/10\\\/31\\\/laser-sur-verre-synthetique-epais\\\/#breadcrumb\",\"itemListElement\":[{\"@type\":\"ListItem\",\"position\":1,\"name\":\"Accueil\",\"item\":\"https:\\\/\\\/fablab-montagny-pres-louhans.fr\\\/\"},{\"@type\":\"ListItem\",\"position\":2,\"name\":\"Laser sur verre synth\u00e9tique \u00e9pais\"}]},{\"@type\":\"WebSite\",\"@id\":\"https:\\\/\\\/fablab-montagny-pres-louhans.fr\\\/#website\",\"url\":\"https:\\\/\\\/fablab-montagny-pres-louhans.fr\\\/\",\"name\":\"Le FabLab\",\"description\":\"Le premier de Bresse\",\"publisher\":{\"@id\":\"https:\\\/\\\/fablab-montagny-pres-louhans.fr\\\/#organization\"},\"potentialAction\":[{\"@type\":\"SearchAction\",\"target\":{\"@type\":\"EntryPoint\",\"urlTemplate\":\"https:\\\/\\\/fablab-montagny-pres-louhans.fr\\\/?s={search_term_string}\"},\"query-input\":{\"@type\":\"PropertyValueSpecification\",\"valueRequired\":true,\"valueName\":\"search_term_string\"}}],\"inLanguage\":\"fr-FR\"},{\"@type\":\"Organization\",\"@id\":\"https:\\\/\\\/fablab-montagny-pres-louhans.fr\\\/#organization\",\"name\":\"Le FabLab\",\"url\":\"https:\\\/\\\/fablab-montagny-pres-louhans.fr\\\/\",\"logo\":{\"@type\":\"ImageObject\",\"inLanguage\":\"fr-FR\",\"@id\":\"https:\\\/\\\/fablab-montagny-pres-louhans.fr\\\/#\\\/schema\\\/logo\\\/image\\\/\",\"url\":\"https:\\\/\\\/fablab-montagny-pres-louhans.fr\\\/wp-content\\\/uploads\\\/2023\\\/02\\\/FABALB-logo.png\",\"contentUrl\":\"https:\\\/\\\/fablab-montagny-pres-louhans.fr\\\/wp-content\\\/uploads\\\/2023\\\/02\\\/FABALB-logo.png\",\"width\":250,\"height\":260,\"caption\":\"Le FabLab\"},\"image\":{\"@id\":\"https:\\\/\\\/fablab-montagny-pres-louhans.fr\\\/#\\\/schema\\\/logo\\\/image\\\/\"},\"sameAs\":[\"https:\\\/\\\/www.facebook.com\\\/fablab.labom\\\/\"]},{\"@type\":\"Person\",\"@id\":\"https:\\\/\\\/fablab-montagny-pres-louhans.fr\\\/#\\\/schema\\\/person\\\/59c98416fe3a0c002433d49a5b0f12ce\",\"name\":\"Xavier Vincent\",\"image\":{\"@type\":\"ImageObject\",\"inLanguage\":\"fr-FR\",\"@id\":\"https:\\\/\\\/fablab-montagny-pres-louhans.fr\\\/wp-content\\\/litespeed\\\/avatar\\\/bae4764d44065ff492363743a1d834cd.jpg?ver=1777239699\",\"url\":\"https:\\\/\\\/fablab-montagny-pres-louhans.fr\\\/wp-content\\\/litespeed\\\/avatar\\\/bae4764d44065ff492363743a1d834cd.jpg?ver=1777239699\",\"contentUrl\":\"https:\\\/\\\/fablab-montagny-pres-louhans.fr\\\/wp-content\\\/litespeed\\\/avatar\\\/bae4764d44065ff492363743a1d834cd.jpg?ver=1777239699\",\"caption\":\"Xavier Vincent\"},\"url\":\"https:\\\/\\\/fablab-montagny-pres-louhans.fr\\\/index.php\\\/author\\\/xavier\\\/\"}]}<\/script>\n<!-- \/ Yoast SEO plugin. -->","yoast_head_json":{"title":"Laser sur verre synth\u00e9tique \u00e9pais - Le FabLab","robots":{"index":"noindex","follow":"follow","max-snippet":"max-snippet:-1","max-image-preview":"max-image-preview:large","max-video-preview":"max-video-preview:-1"},"og_locale":"fr_FR","og_type":"article","og_title":"Laser sur verre synth\u00e9tique \u00e9pais - Le FabLab","og_description":"Nous avons obtenu des chutes de verre synth\u00e9tique de qualit\u00e9 et de 7.5mm d&rsquo;\u00e9paisseur. Nos derniers essais sur verres synth\u00e9tiques achet\u00e9s en GSB (Grande Surfaces de Bricolage) avaient laiss\u00e9 apparaitre de vilaines t\u00e2ches brunes. Celui-ci fondait et caram\u00e9lisait. Nous avons donc d\u00e9cid\u00e9 de tenter un petit test de d\u00e9coupe sur notre \u00e9chantillon. Tant qu&rsquo;\u00e0 faire [&hellip;]","og_url":"https:\/\/fablab-montagny-pres-louhans.fr\/index.php\/2018\/10\/31\/laser-sur-verre-synthetique-epais\/","og_site_name":"Le FabLab","article_publisher":"https:\/\/www.facebook.com\/fablab.labom\/","article_published_time":"2018-10-31T21:10:02+00:00","og_image":[{"url":"https:\/\/fablab-montagny-pres-louhans.fr\/wp-content\/uploads\/2018\/10\/copie-0_IMG_1102-300x225.jpg","type":"","width":"","height":""}],"author":"Xavier Vincent","twitter_card":"summary_large_image","twitter_misc":{"\u00c9crit par":"Xavier Vincent","Dur\u00e9e de lecture estim\u00e9e":"1 minute"},"schema":{"@context":"https:\/\/schema.org","@graph":[{"@type":"Article","@id":"https:\/\/fablab-montagny-pres-louhans.fr\/index.php\/2018\/10\/31\/laser-sur-verre-synthetique-epais\/#article","isPartOf":{"@id":"https:\/\/fablab-montagny-pres-louhans.fr\/index.php\/2018\/10\/31\/laser-sur-verre-synthetique-epais\/"},"author":{"name":"Xavier Vincent","@id":"https:\/\/fablab-montagny-pres-louhans.fr\/#\/schema\/person\/59c98416fe3a0c002433d49a5b0f12ce"},"headline":"Laser sur verre synth\u00e9tique \u00e9pais","datePublished":"2018-10-31T21:10:02+00:00","mainEntityOfPage":{"@id":"https:\/\/fablab-montagny-pres-louhans.fr\/index.php\/2018\/10\/31\/laser-sur-verre-synthetique-epais\/"},"wordCount":303,"publisher":{"@id":"https:\/\/fablab-montagny-pres-louhans.fr\/#organization"},"image":{"@id":"https:\/\/fablab-montagny-pres-louhans.fr\/index.php\/2018\/10\/31\/laser-sur-verre-synthetique-epais\/#primaryimage"},"thumbnailUrl":"https:\/\/fablab-montagny-pres-louhans.fr\/wp-content\/uploads\/2018\/10\/copie-0_IMG_1102-300x225.jpg","articleSection":["News"],"inLanguage":"fr-FR"},{"@type":"WebPage","@id":"https:\/\/fablab-montagny-pres-louhans.fr\/index.php\/2018\/10\/31\/laser-sur-verre-synthetique-epais\/","url":"https:\/\/fablab-montagny-pres-louhans.fr\/index.php\/2018\/10\/31\/laser-sur-verre-synthetique-epais\/","name":"Laser sur verre synth\u00e9tique \u00e9pais - Le FabLab","isPartOf":{"@id":"https:\/\/fablab-montagny-pres-louhans.fr\/#website"},"primaryImageOfPage":{"@id":"https:\/\/fablab-montagny-pres-louhans.fr\/index.php\/2018\/10\/31\/laser-sur-verre-synthetique-epais\/#primaryimage"},"image":{"@id":"https:\/\/fablab-montagny-pres-louhans.fr\/index.php\/2018\/10\/31\/laser-sur-verre-synthetique-epais\/#primaryimage"},"thumbnailUrl":"https:\/\/fablab-montagny-pres-louhans.fr\/wp-content\/uploads\/2018\/10\/copie-0_IMG_1102-300x225.jpg","datePublished":"2018-10-31T21:10:02+00:00","breadcrumb":{"@id":"https:\/\/fablab-montagny-pres-louhans.fr\/index.php\/2018\/10\/31\/laser-sur-verre-synthetique-epais\/#breadcrumb"},"inLanguage":"fr-FR","potentialAction":[{"@type":"ReadAction","target":["https:\/\/fablab-montagny-pres-louhans.fr\/index.php\/2018\/10\/31\/laser-sur-verre-synthetique-epais\/"]}]},{"@type":"ImageObject","inLanguage":"fr-FR","@id":"https:\/\/fablab-montagny-pres-louhans.fr\/index.php\/2018\/10\/31\/laser-sur-verre-synthetique-epais\/#primaryimage","url":"https:\/\/fablab-montagny-pres-louhans.fr\/wp-content\/uploads\/2018\/10\/copie-0_IMG_1102.jpg","contentUrl":"https:\/\/fablab-montagny-pres-louhans.fr\/wp-content\/uploads\/2018\/10\/copie-0_IMG_1102.jpg","width":1601,"height":1200},{"@type":"BreadcrumbList","@id":"https:\/\/fablab-montagny-pres-louhans.fr\/index.php\/2018\/10\/31\/laser-sur-verre-synthetique-epais\/#breadcrumb","itemListElement":[{"@type":"ListItem","position":1,"name":"Accueil","item":"https:\/\/fablab-montagny-pres-louhans.fr\/"},{"@type":"ListItem","position":2,"name":"Laser sur verre synth\u00e9tique \u00e9pais"}]},{"@type":"WebSite","@id":"https:\/\/fablab-montagny-pres-louhans.fr\/#website","url":"https:\/\/fablab-montagny-pres-louhans.fr\/","name":"Le FabLab","description":"Le premier de Bresse","publisher":{"@id":"https:\/\/fablab-montagny-pres-louhans.fr\/#organization"},"potentialAction":[{"@type":"SearchAction","target":{"@type":"EntryPoint","urlTemplate":"https:\/\/fablab-montagny-pres-louhans.fr\/?s={search_term_string}"},"query-input":{"@type":"PropertyValueSpecification","valueRequired":true,"valueName":"search_term_string"}}],"inLanguage":"fr-FR"},{"@type":"Organization","@id":"https:\/\/fablab-montagny-pres-louhans.fr\/#organization","name":"Le FabLab","url":"https:\/\/fablab-montagny-pres-louhans.fr\/","logo":{"@type":"ImageObject","inLanguage":"fr-FR","@id":"https:\/\/fablab-montagny-pres-louhans.fr\/#\/schema\/logo\/image\/","url":"https:\/\/fablab-montagny-pres-louhans.fr\/wp-content\/uploads\/2023\/02\/FABALB-logo.png","contentUrl":"https:\/\/fablab-montagny-pres-louhans.fr\/wp-content\/uploads\/2023\/02\/FABALB-logo.png","width":250,"height":260,"caption":"Le FabLab"},"image":{"@id":"https:\/\/fablab-montagny-pres-louhans.fr\/#\/schema\/logo\/image\/"},"sameAs":["https:\/\/www.facebook.com\/fablab.labom\/"]},{"@type":"Person","@id":"https:\/\/fablab-montagny-pres-louhans.fr\/#\/schema\/person\/59c98416fe3a0c002433d49a5b0f12ce","name":"Xavier Vincent","image":{"@type":"ImageObject","inLanguage":"fr-FR","@id":"https:\/\/fablab-montagny-pres-louhans.fr\/wp-content\/litespeed\/avatar\/bae4764d44065ff492363743a1d834cd.jpg?ver=1777239699","url":"https:\/\/fablab-montagny-pres-louhans.fr\/wp-content\/litespeed\/avatar\/bae4764d44065ff492363743a1d834cd.jpg?ver=1777239699","contentUrl":"https:\/\/fablab-montagny-pres-louhans.fr\/wp-content\/litespeed\/avatar\/bae4764d44065ff492363743a1d834cd.jpg?ver=1777239699","caption":"Xavier Vincent"},"url":"https:\/\/fablab-montagny-pres-louhans.fr\/index.php\/author\/xavier\/"}]}},"_links":{"self":[{"href":"https:\/\/fablab-montagny-pres-louhans.fr\/index.php\/wp-json\/wp\/v2\/posts\/1668","targetHints":{"allow":["GET"]}}],"collection":[{"href":"https:\/\/fablab-montagny-pres-louhans.fr\/index.php\/wp-json\/wp\/v2\/posts"}],"about":[{"href":"https:\/\/fablab-montagny-pres-louhans.fr\/index.php\/wp-json\/wp\/v2\/types\/post"}],"author":[{"embeddable":true,"href":"https:\/\/fablab-montagny-pres-louhans.fr\/index.php\/wp-json\/wp\/v2\/users\/31"}],"replies":[{"embeddable":true,"href":"https:\/\/fablab-montagny-pres-louhans.fr\/index.php\/wp-json\/wp\/v2\/comments?post=1668"}],"version-history":[{"count":1,"href":"https:\/\/fablab-montagny-pres-louhans.fr\/index.php\/wp-json\/wp\/v2\/posts\/1668\/revisions"}],"predecessor-version":[{"id":1674,"href":"https:\/\/fablab-montagny-pres-louhans.fr\/index.php\/wp-json\/wp\/v2\/posts\/1668\/revisions\/1674"}],"wp:attachment":[{"href":"https:\/\/fablab-montagny-pres-louhans.fr\/index.php\/wp-json\/wp\/v2\/media?parent=1668"}],"wp:term":[{"taxonomy":"category","embeddable":true,"href":"https:\/\/fablab-montagny-pres-louhans.fr\/index.php\/wp-json\/wp\/v2\/categories?post=1668"},{"taxonomy":"post_tag","embeddable":true,"href":"https:\/\/fablab-montagny-pres-louhans.fr\/index.php\/wp-json\/wp\/v2\/tags?post=1668"}],"curies":[{"name":"wp","href":"https:\/\/api.w.org\/{rel}","templated":true}]}}