{"id":1630,"date":"2018-10-23T17:13:35","date_gmt":"2018-10-23T15:13:35","guid":{"rendered":"https:\/\/fablab-montagny-pres-louhans.fr\/?p=1630"},"modified":"2018-10-24T07:56:25","modified_gmt":"2018-10-24T05:56:25","slug":"les-fablabs-jurassiens-saffichent","status":"publish","type":"post","link":"https:\/\/fablab-montagny-pres-louhans.fr\/index.php\/2018\/10\/23\/les-fablabs-jurassiens-saffichent\/","title":{"rendered":"Les Fablabs jurassiens s&rsquo;affichent."},"content":{"rendered":"<p>Les 5 Fablabs du Jura \u00e9taient \u00ab\u00a0en repr\u00e9sentation\u00a0\u00bb cette fin de semaine derni\u00e8re au salon annuel de Dole.<\/p>\n<p>&#8211; l&rsquo;Atelier Made in iki de Commenailles,<br \/>\n&#8211; Ledonova de Lons,<br \/>\n&#8211; le Fablab de Champagnole,<br \/>\n&#8211; Net iki de Biarne<br \/>\n&#8211; La Fabrik d&rsquo;Orgelet.<\/p>\n<p>Invit\u00e9 \u00e0 venir les rencontrer, Roger et Jean-Paul ont fait le d\u00e9placement vendredi dernier apr\u00e8s-midi :<\/p>\n<p>D&rsquo;un coup de voiture par l&rsquo;A19 et on \u00e9tait rendus \u00e0 Dole dans un parc des expos super organis\u00e9 et des plus attractifs !<\/p>\n<p>Les Fablabs du Jura avaient opt\u00e9 pour un stand collectif de 5 places mais n&rsquo;avaient re\u00e7u qu&rsquo;un \u00ab\u00a0trois pi\u00e8ces\u00a0\u00bb qui rendait l&rsquo;exposition de leurs mat\u00e9riels et r\u00e9alisations trop exigu. Malgr\u00e9 tout, c&rsquo;\u00e9tait, d\u00e8s vendredi la foule sur le stand pour d\u00e9couvrir notamment (et nous en oublierons certainement tant il y en avait !), le bras robotis\u00e9 tout juste fini d&rsquo;\u00eatre mont\u00e9, la laser pilot\u00e9e de main de ma\u00eetre par R\u00e9douane qui gravait une cr\u00eape quand on est pass\u00e9s, le fauteuil roulant, maquette \u00e0 l&rsquo;\u00e9tude pour pays \u00e9mergeants, une d\u00e9coupeuse de fil chaud, un \u00e9tonnant syst\u00e8me de conservation d&rsquo;un greffon cardiaque, une station m\u00e9t\u00e9o bien pr\u00e9sent\u00e9e, une masse cons\u00e9quente d&rsquo;objets d\u00e9coup\u00e9s ou imprim\u00e9s plus attractifs les uns que les autres, tout cela assailli par un public de tous les ages, avide d&rsquo;explications et renseign\u00e9s par des Makers des diff\u00e9rents fablabs pris d&rsquo;assaut !<\/p>\n<p><img loading=\"lazy\" decoding=\"async\" class=\"alignnone size-medium wp-image-1639\" src=\"https:\/\/fablab-montagny-pres-louhans.fr\/wp-content\/uploads\/2018\/10\/44315200_1467296750040211_2157207587102130176_n-300x225.jpg\" alt=\"\" width=\"300\" height=\"225\" srcset=\"https:\/\/fablab-montagny-pres-louhans.fr\/wp-content\/uploads\/2018\/10\/44315200_1467296750040211_2157207587102130176_n-300x225.jpg 300w, https:\/\/fablab-montagny-pres-louhans.fr\/wp-content\/uploads\/2018\/10\/44315200_1467296750040211_2157207587102130176_n-768x576.jpg 768w, https:\/\/fablab-montagny-pres-louhans.fr\/wp-content\/uploads\/2018\/10\/44315200_1467296750040211_2157207587102130176_n.jpg 960w\" sizes=\"(max-width: 300px) 100vw, 300px\" \/>\u00a0 \u00a0<img loading=\"lazy\" decoding=\"async\" class=\"alignnone size-medium wp-image-1644\" src=\"https:\/\/fablab-montagny-pres-louhans.fr\/wp-content\/uploads\/2018\/10\/44461887_1470215313081688_1463455890739822592_n-169x300.jpg\" alt=\"\" width=\"169\" height=\"300\" srcset=\"https:\/\/fablab-montagny-pres-louhans.fr\/wp-content\/uploads\/2018\/10\/44461887_1470215313081688_1463455890739822592_n-169x300.jpg 169w, https:\/\/fablab-montagny-pres-louhans.fr\/wp-content\/uploads\/2018\/10\/44461887_1470215313081688_1463455890739822592_n.jpg 540w\" sizes=\"(max-width: 169px) 100vw, 169px\" \/>\u00a0 \u00a0<img loading=\"lazy\" decoding=\"async\" class=\"alignnone size-medium wp-image-1631\" src=\"https:\/\/fablab-montagny-pres-louhans.fr\/wp-content\/uploads\/2018\/10\/44358207_1962244067151679_611065084763963392_n-300x169.jpg\" alt=\"\" width=\"300\" height=\"169\" srcset=\"https:\/\/fablab-montagny-pres-louhans.fr\/wp-content\/uploads\/2018\/10\/44358207_1962244067151679_611065084763963392_n-300x169.jpg 300w, https:\/\/fablab-montagny-pres-louhans.fr\/wp-content\/uploads\/2018\/10\/44358207_1962244067151679_611065084763963392_n-768x432.jpg 768w, https:\/\/fablab-montagny-pres-louhans.fr\/wp-content\/uploads\/2018\/10\/44358207_1962244067151679_611065084763963392_n.jpg 960w\" sizes=\"(max-width: 300px) 100vw, 300px\" \/><\/p>\n<p><img loading=\"lazy\" decoding=\"async\" class=\"alignnone size-medium wp-image-1643\" src=\"https:\/\/fablab-montagny-pres-louhans.fr\/wp-content\/uploads\/2018\/10\/44603343_1470214693081750_1419067983556247552_n-225x300.jpg\" alt=\"\" width=\"225\" height=\"300\" srcset=\"https:\/\/fablab-montagny-pres-louhans.fr\/wp-content\/uploads\/2018\/10\/44603343_1470214693081750_1419067983556247552_n-225x300.jpg 225w, https:\/\/fablab-montagny-pres-louhans.fr\/wp-content\/uploads\/2018\/10\/44603343_1470214693081750_1419067983556247552_n.jpg 720w\" sizes=\"(max-width: 225px) 100vw, 225px\" \/>\u00a0 \u00a0 \u00a0<img loading=\"lazy\" decoding=\"async\" class=\"alignnone size-medium wp-image-1633\" src=\"https:\/\/fablab-montagny-pres-louhans.fr\/wp-content\/uploads\/2018\/10\/44414591_2303916209679945_5150218198007676928_n-300x225.jpg\" alt=\"\" width=\"300\" height=\"225\" srcset=\"https:\/\/fablab-montagny-pres-louhans.fr\/wp-content\/uploads\/2018\/10\/44414591_2303916209679945_5150218198007676928_n-300x225.jpg 300w, https:\/\/fablab-montagny-pres-louhans.fr\/wp-content\/uploads\/2018\/10\/44414591_2303916209679945_5150218198007676928_n-768x576.jpg 768w, https:\/\/fablab-montagny-pres-louhans.fr\/wp-content\/uploads\/2018\/10\/44414591_2303916209679945_5150218198007676928_n.jpg 960w\" sizes=\"(max-width: 300px) 100vw, 300px\" \/>\u00a0 \u00a0 \u00a0<img loading=\"lazy\" decoding=\"async\" class=\"alignnone size-medium wp-image-1641\" src=\"https:\/\/fablab-montagny-pres-louhans.fr\/wp-content\/uploads\/2018\/10\/44496515_1470214346415118_6239091393654947840_n-225x300.jpg\" alt=\"\" width=\"225\" height=\"300\" srcset=\"https:\/\/fablab-montagny-pres-louhans.fr\/wp-content\/uploads\/2018\/10\/44496515_1470214346415118_6239091393654947840_n-225x300.jpg 225w, https:\/\/fablab-montagny-pres-louhans.fr\/wp-content\/uploads\/2018\/10\/44496515_1470214346415118_6239091393654947840_n.jpg 720w\" sizes=\"(max-width: 225px) 100vw, 225px\" \/><\/p>\n<p><img loading=\"lazy\" decoding=\"async\" class=\"alignnone size-medium wp-image-1631\" src=\"https:\/\/fablab-montagny-pres-louhans.fr\/wp-content\/uploads\/2018\/10\/44358207_1962244067151679_611065084763963392_n-300x169.jpg\" alt=\"\" width=\"300\" height=\"169\" srcset=\"https:\/\/fablab-montagny-pres-louhans.fr\/wp-content\/uploads\/2018\/10\/44358207_1962244067151679_611065084763963392_n-300x169.jpg 300w, https:\/\/fablab-montagny-pres-louhans.fr\/wp-content\/uploads\/2018\/10\/44358207_1962244067151679_611065084763963392_n-768x432.jpg 768w, https:\/\/fablab-montagny-pres-louhans.fr\/wp-content\/uploads\/2018\/10\/44358207_1962244067151679_611065084763963392_n.jpg 960w\" sizes=\"(max-width: 300px) 100vw, 300px\" \/>\u00a0 \u00a0 \u00a0 \u00a0 \u00a0 \u00a0 \u00a0 \u00a0 \u00a0 \u00a0 \u00a0 \u00a0 \u00a0 \u00a0 \u00a0 \u00a0 \u00a0 \u00a0 \u00a0 \u00a0 \u00a0 \u00a0\u00a0<img loading=\"lazy\" decoding=\"async\" class=\"alignnone size-medium wp-image-1636\" src=\"https:\/\/fablab-montagny-pres-louhans.fr\/wp-content\/uploads\/2018\/10\/44347582_1558689404232398_4416464954366885888_n-300x146.jpg\" alt=\"\" width=\"300\" height=\"146\" srcset=\"https:\/\/fablab-montagny-pres-louhans.fr\/wp-content\/uploads\/2018\/10\/44347582_1558689404232398_4416464954366885888_n-300x146.jpg 300w, https:\/\/fablab-montagny-pres-louhans.fr\/wp-content\/uploads\/2018\/10\/44347582_1558689404232398_4416464954366885888_n-768x373.jpg 768w, https:\/\/fablab-montagny-pres-louhans.fr\/wp-content\/uploads\/2018\/10\/44347582_1558689404232398_4416464954366885888_n.jpg 960w\" sizes=\"(max-width: 300px) 100vw, 300px\" \/><\/p>\n<p><img loading=\"lazy\" decoding=\"async\" class=\"alignnone size-medium wp-image-1632\" src=\"https:\/\/fablab-montagny-pres-louhans.fr\/wp-content\/uploads\/2018\/10\/44377758_1962244170485002_8671167516082438144_n-300x169.jpg\" alt=\"\" width=\"300\" height=\"169\" srcset=\"https:\/\/fablab-montagny-pres-louhans.fr\/wp-content\/uploads\/2018\/10\/44377758_1962244170485002_8671167516082438144_n-300x169.jpg 300w, https:\/\/fablab-montagny-pres-louhans.fr\/wp-content\/uploads\/2018\/10\/44377758_1962244170485002_8671167516082438144_n-768x432.jpg 768w, https:\/\/fablab-montagny-pres-louhans.fr\/wp-content\/uploads\/2018\/10\/44377758_1962244170485002_8671167516082438144_n.jpg 960w\" sizes=\"(max-width: 300px) 100vw, 300px\" \/>\u00a0 \u00a0 \u00a0 \u00a0 \u00a0 \u00a0 \u00a0 \u00a0 \u00a0 \u00a0 \u00a0 \u00a0 \u00a0 \u00a0 \u00a0 \u00a0 \u00a0 \u00a0 \u00a0 \u00a0 \u00a0 \u00a0\u00a0<img loading=\"lazy\" decoding=\"async\" class=\"alignnone size-medium wp-image-1645\" src=\"https:\/\/fablab-montagny-pres-louhans.fr\/wp-content\/uploads\/2018\/10\/44452541_1470219389747947_1913110460933079040_n-300x225.jpg\" alt=\"\" width=\"300\" height=\"225\" srcset=\"https:\/\/fablab-montagny-pres-louhans.fr\/wp-content\/uploads\/2018\/10\/44452541_1470219389747947_1913110460933079040_n-300x225.jpg 300w, https:\/\/fablab-montagny-pres-louhans.fr\/wp-content\/uploads\/2018\/10\/44452541_1470219389747947_1913110460933079040_n-768x576.jpg 768w, https:\/\/fablab-montagny-pres-louhans.fr\/wp-content\/uploads\/2018\/10\/44452541_1470219389747947_1913110460933079040_n.jpg 960w\" sizes=\"(max-width: 300px) 100vw, 300px\" \/><\/p>\n<p><img loading=\"lazy\" decoding=\"async\" class=\"alignnone size-medium wp-image-1637\" src=\"https:\/\/fablab-montagny-pres-louhans.fr\/wp-content\/uploads\/2018\/10\/44687684_1964201453622607_854324241338728448_n-300x169.jpg\" alt=\"\" width=\"300\" height=\"169\" srcset=\"https:\/\/fablab-montagny-pres-louhans.fr\/wp-content\/uploads\/2018\/10\/44687684_1964201453622607_854324241338728448_n-300x169.jpg 300w, https:\/\/fablab-montagny-pres-louhans.fr\/wp-content\/uploads\/2018\/10\/44687684_1964201453622607_854324241338728448_n-768x432.jpg 768w, https:\/\/fablab-montagny-pres-louhans.fr\/wp-content\/uploads\/2018\/10\/44687684_1964201453622607_854324241338728448_n.jpg 960w\" sizes=\"(max-width: 300px) 100vw, 300px\" \/>\u00a0 \u00a0 \u00a0 \u00a0 \u00a0 \u00a0 \u00a0 \u00a0 \u00a0 \u00a0 \u00a0 \u00a0 \u00a0 \u00a0 \u00a0 \u00a0 \u00a0 \u00a0 \u00a0 \u00a0 \u00a0 \u00a0\u00a0<img loading=\"lazy\" decoding=\"async\" class=\"alignnone size-medium wp-image-1634\" src=\"https:\/\/fablab-montagny-pres-louhans.fr\/wp-content\/uploads\/2018\/10\/44416466_1556101101157895_1173122947708092416_n-300x146.jpg\" alt=\"\" width=\"300\" height=\"146\" srcset=\"https:\/\/fablab-montagny-pres-louhans.fr\/wp-content\/uploads\/2018\/10\/44416466_1556101101157895_1173122947708092416_n-300x146.jpg 300w, https:\/\/fablab-montagny-pres-louhans.fr\/wp-content\/uploads\/2018\/10\/44416466_1556101101157895_1173122947708092416_n-768x373.jpg 768w, https:\/\/fablab-montagny-pres-louhans.fr\/wp-content\/uploads\/2018\/10\/44416466_1556101101157895_1173122947708092416_n.jpg 960w\" sizes=\"(max-width: 300px) 100vw, 300px\" \/><\/p>\n<p>D&rsquo;accord avec Roger : l&rsquo;an prochain, nous pr\u00e9voirons ce d\u00e9placement sur la journ\u00e9e pour avoir plus de temps d&rsquo;\u00e9change avec tous ces fablabs si amicaux.<\/p>\n<p>Merci pour ces bons moments et \u00e0 bient\u00f4t &#8230; chez nous !!!<\/p>\n<p>&nbsp;<\/p>\n","protected":false},"excerpt":{"rendered":"<p>Les 5 Fablabs du Jura \u00e9taient \u00ab\u00a0en repr\u00e9sentation\u00a0\u00bb cette fin de semaine derni\u00e8re au salon annuel de Dole. &#8211; l&rsquo;Atelier Made in iki de Commenailles, &#8211; Ledonova de Lons, &#8211; le Fablab de Champagnole, &#8211; Net iki de Biarne &#8211; La Fabrik d&rsquo;Orgelet. Invit\u00e9 \u00e0 venir les rencontrer, Roger et Jean-Paul ont fait le d\u00e9placement [&hellip;]<\/p>\n","protected":false},"author":29,"featured_media":0,"comment_status":"closed","ping_status":"open","sticky":false,"template":"","format":"standard","meta":{"_et_pb_use_builder":"","_et_pb_old_content":"","_et_gb_content_width":"","rop_custom_images_group":[],"rop_custom_messages_group":[],"rop_publish_now":"initial","rop_publish_now_accounts":{"facebook_1992431424458146_173380702515979":""},"rop_publish_now_history":[],"rop_publish_now_status":"pending","footnotes":""},"categories":[2],"tags":[],"class_list":["post-1630","post","type-post","status-publish","format-standard","hentry","category-news"],"yoast_head":"<!-- This site is optimized with the Yoast SEO plugin v27.3 - https:\/\/yoast.com\/product\/yoast-seo-wordpress\/ -->\n<title>Les Fablabs jurassiens s&#039;affichent. - Le FabLab<\/title>\n<meta name=\"robots\" content=\"noindex, follow, max-snippet:-1, max-image-preview:large, max-video-preview:-1\" \/>\n<meta property=\"og:locale\" content=\"fr_FR\" \/>\n<meta property=\"og:type\" content=\"article\" \/>\n<meta property=\"og:title\" content=\"Les Fablabs jurassiens s&#039;affichent. - Le FabLab\" \/>\n<meta property=\"og:description\" content=\"Les 5 Fablabs du Jura \u00e9taient \u00ab\u00a0en repr\u00e9sentation\u00a0\u00bb cette fin de semaine derni\u00e8re au salon annuel de Dole. &#8211; l&rsquo;Atelier Made in iki de Commenailles, &#8211; Ledonova de Lons, &#8211; le Fablab de Champagnole, &#8211; Net iki de Biarne &#8211; La Fabrik d&rsquo;Orgelet. Invit\u00e9 \u00e0 venir les rencontrer, Roger et Jean-Paul ont fait le d\u00e9placement [&hellip;]\" \/>\n<meta property=\"og:url\" content=\"https:\/\/fablab-montagny-pres-louhans.fr\/index.php\/2018\/10\/23\/les-fablabs-jurassiens-saffichent\/\" \/>\n<meta property=\"og:site_name\" content=\"Le FabLab\" \/>\n<meta property=\"article:publisher\" content=\"https:\/\/www.facebook.com\/fablab.labom\/\" \/>\n<meta property=\"article:published_time\" content=\"2018-10-23T15:13:35+00:00\" \/>\n<meta property=\"article:modified_time\" content=\"2018-10-24T05:56:25+00:00\" \/>\n<meta property=\"og:image\" content=\"https:\/\/fablab-montagny-pres-louhans.fr\/wp-content\/uploads\/2018\/10\/44315200_1467296750040211_2157207587102130176_n-300x225.jpg\" \/>\n<meta name=\"author\" content=\"Roger Remondy\" \/>\n<meta name=\"twitter:card\" content=\"summary_large_image\" \/>\n<meta name=\"twitter:label1\" content=\"\u00c9crit par\" \/>\n\t<meta name=\"twitter:data1\" content=\"Roger Remondy\" \/>\n\t<meta name=\"twitter:label2\" content=\"Dur\u00e9e de lecture estim\u00e9e\" \/>\n\t<meta name=\"twitter:data2\" content=\"1 minute\" \/>\n<script type=\"application\/ld+json\" class=\"yoast-schema-graph\">{\"@context\":\"https:\\\/\\\/schema.org\",\"@graph\":[{\"@type\":\"Article\",\"@id\":\"https:\\\/\\\/fablab-montagny-pres-louhans.fr\\\/index.php\\\/2018\\\/10\\\/23\\\/les-fablabs-jurassiens-saffichent\\\/#article\",\"isPartOf\":{\"@id\":\"https:\\\/\\\/fablab-montagny-pres-louhans.fr\\\/index.php\\\/2018\\\/10\\\/23\\\/les-fablabs-jurassiens-saffichent\\\/\"},\"author\":{\"name\":\"Roger Remondy\",\"@id\":\"https:\\\/\\\/fablab-montagny-pres-louhans.fr\\\/#\\\/schema\\\/person\\\/b4b47741bdde563325530989455fe7de\"},\"headline\":\"Les Fablabs jurassiens s&rsquo;affichent.\",\"datePublished\":\"2018-10-23T15:13:35+00:00\",\"dateModified\":\"2018-10-24T05:56:25+00:00\",\"mainEntityOfPage\":{\"@id\":\"https:\\\/\\\/fablab-montagny-pres-louhans.fr\\\/index.php\\\/2018\\\/10\\\/23\\\/les-fablabs-jurassiens-saffichent\\\/\"},\"wordCount\":289,\"publisher\":{\"@id\":\"https:\\\/\\\/fablab-montagny-pres-louhans.fr\\\/#organization\"},\"image\":{\"@id\":\"https:\\\/\\\/fablab-montagny-pres-louhans.fr\\\/index.php\\\/2018\\\/10\\\/23\\\/les-fablabs-jurassiens-saffichent\\\/#primaryimage\"},\"thumbnailUrl\":\"https:\\\/\\\/fablab-montagny-pres-louhans.fr\\\/wp-content\\\/uploads\\\/2018\\\/10\\\/44315200_1467296750040211_2157207587102130176_n-300x225.jpg\",\"articleSection\":[\"News\"],\"inLanguage\":\"fr-FR\"},{\"@type\":\"WebPage\",\"@id\":\"https:\\\/\\\/fablab-montagny-pres-louhans.fr\\\/index.php\\\/2018\\\/10\\\/23\\\/les-fablabs-jurassiens-saffichent\\\/\",\"url\":\"https:\\\/\\\/fablab-montagny-pres-louhans.fr\\\/index.php\\\/2018\\\/10\\\/23\\\/les-fablabs-jurassiens-saffichent\\\/\",\"name\":\"Les Fablabs jurassiens s'affichent. - Le FabLab\",\"isPartOf\":{\"@id\":\"https:\\\/\\\/fablab-montagny-pres-louhans.fr\\\/#website\"},\"primaryImageOfPage\":{\"@id\":\"https:\\\/\\\/fablab-montagny-pres-louhans.fr\\\/index.php\\\/2018\\\/10\\\/23\\\/les-fablabs-jurassiens-saffichent\\\/#primaryimage\"},\"image\":{\"@id\":\"https:\\\/\\\/fablab-montagny-pres-louhans.fr\\\/index.php\\\/2018\\\/10\\\/23\\\/les-fablabs-jurassiens-saffichent\\\/#primaryimage\"},\"thumbnailUrl\":\"https:\\\/\\\/fablab-montagny-pres-louhans.fr\\\/wp-content\\\/uploads\\\/2018\\\/10\\\/44315200_1467296750040211_2157207587102130176_n-300x225.jpg\",\"datePublished\":\"2018-10-23T15:13:35+00:00\",\"dateModified\":\"2018-10-24T05:56:25+00:00\",\"breadcrumb\":{\"@id\":\"https:\\\/\\\/fablab-montagny-pres-louhans.fr\\\/index.php\\\/2018\\\/10\\\/23\\\/les-fablabs-jurassiens-saffichent\\\/#breadcrumb\"},\"inLanguage\":\"fr-FR\",\"potentialAction\":[{\"@type\":\"ReadAction\",\"target\":[\"https:\\\/\\\/fablab-montagny-pres-louhans.fr\\\/index.php\\\/2018\\\/10\\\/23\\\/les-fablabs-jurassiens-saffichent\\\/\"]}]},{\"@type\":\"ImageObject\",\"inLanguage\":\"fr-FR\",\"@id\":\"https:\\\/\\\/fablab-montagny-pres-louhans.fr\\\/index.php\\\/2018\\\/10\\\/23\\\/les-fablabs-jurassiens-saffichent\\\/#primaryimage\",\"url\":\"https:\\\/\\\/fablab-montagny-pres-louhans.fr\\\/wp-content\\\/uploads\\\/2018\\\/10\\\/44315200_1467296750040211_2157207587102130176_n.jpg\",\"contentUrl\":\"https:\\\/\\\/fablab-montagny-pres-louhans.fr\\\/wp-content\\\/uploads\\\/2018\\\/10\\\/44315200_1467296750040211_2157207587102130176_n.jpg\",\"width\":960,\"height\":720},{\"@type\":\"BreadcrumbList\",\"@id\":\"https:\\\/\\\/fablab-montagny-pres-louhans.fr\\\/index.php\\\/2018\\\/10\\\/23\\\/les-fablabs-jurassiens-saffichent\\\/#breadcrumb\",\"itemListElement\":[{\"@type\":\"ListItem\",\"position\":1,\"name\":\"Accueil\",\"item\":\"https:\\\/\\\/fablab-montagny-pres-louhans.fr\\\/\"},{\"@type\":\"ListItem\",\"position\":2,\"name\":\"Les Fablabs jurassiens s&rsquo;affichent.\"}]},{\"@type\":\"WebSite\",\"@id\":\"https:\\\/\\\/fablab-montagny-pres-louhans.fr\\\/#website\",\"url\":\"https:\\\/\\\/fablab-montagny-pres-louhans.fr\\\/\",\"name\":\"Le FabLab\",\"description\":\"Le premier de Bresse\",\"publisher\":{\"@id\":\"https:\\\/\\\/fablab-montagny-pres-louhans.fr\\\/#organization\"},\"potentialAction\":[{\"@type\":\"SearchAction\",\"target\":{\"@type\":\"EntryPoint\",\"urlTemplate\":\"https:\\\/\\\/fablab-montagny-pres-louhans.fr\\\/?s={search_term_string}\"},\"query-input\":{\"@type\":\"PropertyValueSpecification\",\"valueRequired\":true,\"valueName\":\"search_term_string\"}}],\"inLanguage\":\"fr-FR\"},{\"@type\":\"Organization\",\"@id\":\"https:\\\/\\\/fablab-montagny-pres-louhans.fr\\\/#organization\",\"name\":\"Le FabLab\",\"url\":\"https:\\\/\\\/fablab-montagny-pres-louhans.fr\\\/\",\"logo\":{\"@type\":\"ImageObject\",\"inLanguage\":\"fr-FR\",\"@id\":\"https:\\\/\\\/fablab-montagny-pres-louhans.fr\\\/#\\\/schema\\\/logo\\\/image\\\/\",\"url\":\"https:\\\/\\\/fablab-montagny-pres-louhans.fr\\\/wp-content\\\/uploads\\\/2023\\\/02\\\/FABALB-logo.png\",\"contentUrl\":\"https:\\\/\\\/fablab-montagny-pres-louhans.fr\\\/wp-content\\\/uploads\\\/2023\\\/02\\\/FABALB-logo.png\",\"width\":250,\"height\":260,\"caption\":\"Le FabLab\"},\"image\":{\"@id\":\"https:\\\/\\\/fablab-montagny-pres-louhans.fr\\\/#\\\/schema\\\/logo\\\/image\\\/\"},\"sameAs\":[\"https:\\\/\\\/www.facebook.com\\\/fablab.labom\\\/\"]},{\"@type\":\"Person\",\"@id\":\"https:\\\/\\\/fablab-montagny-pres-louhans.fr\\\/#\\\/schema\\\/person\\\/b4b47741bdde563325530989455fe7de\",\"name\":\"Roger Remondy\",\"image\":{\"@type\":\"ImageObject\",\"inLanguage\":\"fr-FR\",\"@id\":\"https:\\\/\\\/fablab-montagny-pres-louhans.fr\\\/wp-content\\\/litespeed\\\/avatar\\\/0636c9b2c03e4d83e562c27b768bd1cb.jpg?ver=1777239698\",\"url\":\"https:\\\/\\\/fablab-montagny-pres-louhans.fr\\\/wp-content\\\/litespeed\\\/avatar\\\/0636c9b2c03e4d83e562c27b768bd1cb.jpg?ver=1777239698\",\"contentUrl\":\"https:\\\/\\\/fablab-montagny-pres-louhans.fr\\\/wp-content\\\/litespeed\\\/avatar\\\/0636c9b2c03e4d83e562c27b768bd1cb.jpg?ver=1777239698\",\"caption\":\"Roger Remondy\"},\"url\":\"https:\\\/\\\/fablab-montagny-pres-louhans.fr\\\/index.php\\\/author\\\/roger\\\/\"}]}<\/script>\n<!-- \/ Yoast SEO plugin. -->","yoast_head_json":{"title":"Les Fablabs jurassiens s'affichent. - Le FabLab","robots":{"index":"noindex","follow":"follow","max-snippet":"max-snippet:-1","max-image-preview":"max-image-preview:large","max-video-preview":"max-video-preview:-1"},"og_locale":"fr_FR","og_type":"article","og_title":"Les Fablabs jurassiens s'affichent. - Le FabLab","og_description":"Les 5 Fablabs du Jura \u00e9taient \u00ab\u00a0en repr\u00e9sentation\u00a0\u00bb cette fin de semaine derni\u00e8re au salon annuel de Dole. &#8211; l&rsquo;Atelier Made in iki de Commenailles, &#8211; Ledonova de Lons, &#8211; le Fablab de Champagnole, &#8211; Net iki de Biarne &#8211; La Fabrik d&rsquo;Orgelet. Invit\u00e9 \u00e0 venir les rencontrer, Roger et Jean-Paul ont fait le d\u00e9placement [&hellip;]","og_url":"https:\/\/fablab-montagny-pres-louhans.fr\/index.php\/2018\/10\/23\/les-fablabs-jurassiens-saffichent\/","og_site_name":"Le FabLab","article_publisher":"https:\/\/www.facebook.com\/fablab.labom\/","article_published_time":"2018-10-23T15:13:35+00:00","article_modified_time":"2018-10-24T05:56:25+00:00","og_image":[{"url":"https:\/\/fablab-montagny-pres-louhans.fr\/wp-content\/uploads\/2018\/10\/44315200_1467296750040211_2157207587102130176_n-300x225.jpg","type":"","width":"","height":""}],"author":"Roger Remondy","twitter_card":"summary_large_image","twitter_misc":{"\u00c9crit par":"Roger Remondy","Dur\u00e9e de lecture estim\u00e9e":"1 minute"},"schema":{"@context":"https:\/\/schema.org","@graph":[{"@type":"Article","@id":"https:\/\/fablab-montagny-pres-louhans.fr\/index.php\/2018\/10\/23\/les-fablabs-jurassiens-saffichent\/#article","isPartOf":{"@id":"https:\/\/fablab-montagny-pres-louhans.fr\/index.php\/2018\/10\/23\/les-fablabs-jurassiens-saffichent\/"},"author":{"name":"Roger Remondy","@id":"https:\/\/fablab-montagny-pres-louhans.fr\/#\/schema\/person\/b4b47741bdde563325530989455fe7de"},"headline":"Les Fablabs jurassiens s&rsquo;affichent.","datePublished":"2018-10-23T15:13:35+00:00","dateModified":"2018-10-24T05:56:25+00:00","mainEntityOfPage":{"@id":"https:\/\/fablab-montagny-pres-louhans.fr\/index.php\/2018\/10\/23\/les-fablabs-jurassiens-saffichent\/"},"wordCount":289,"publisher":{"@id":"https:\/\/fablab-montagny-pres-louhans.fr\/#organization"},"image":{"@id":"https:\/\/fablab-montagny-pres-louhans.fr\/index.php\/2018\/10\/23\/les-fablabs-jurassiens-saffichent\/#primaryimage"},"thumbnailUrl":"https:\/\/fablab-montagny-pres-louhans.fr\/wp-content\/uploads\/2018\/10\/44315200_1467296750040211_2157207587102130176_n-300x225.jpg","articleSection":["News"],"inLanguage":"fr-FR"},{"@type":"WebPage","@id":"https:\/\/fablab-montagny-pres-louhans.fr\/index.php\/2018\/10\/23\/les-fablabs-jurassiens-saffichent\/","url":"https:\/\/fablab-montagny-pres-louhans.fr\/index.php\/2018\/10\/23\/les-fablabs-jurassiens-saffichent\/","name":"Les Fablabs jurassiens s'affichent. - Le FabLab","isPartOf":{"@id":"https:\/\/fablab-montagny-pres-louhans.fr\/#website"},"primaryImageOfPage":{"@id":"https:\/\/fablab-montagny-pres-louhans.fr\/index.php\/2018\/10\/23\/les-fablabs-jurassiens-saffichent\/#primaryimage"},"image":{"@id":"https:\/\/fablab-montagny-pres-louhans.fr\/index.php\/2018\/10\/23\/les-fablabs-jurassiens-saffichent\/#primaryimage"},"thumbnailUrl":"https:\/\/fablab-montagny-pres-louhans.fr\/wp-content\/uploads\/2018\/10\/44315200_1467296750040211_2157207587102130176_n-300x225.jpg","datePublished":"2018-10-23T15:13:35+00:00","dateModified":"2018-10-24T05:56:25+00:00","breadcrumb":{"@id":"https:\/\/fablab-montagny-pres-louhans.fr\/index.php\/2018\/10\/23\/les-fablabs-jurassiens-saffichent\/#breadcrumb"},"inLanguage":"fr-FR","potentialAction":[{"@type":"ReadAction","target":["https:\/\/fablab-montagny-pres-louhans.fr\/index.php\/2018\/10\/23\/les-fablabs-jurassiens-saffichent\/"]}]},{"@type":"ImageObject","inLanguage":"fr-FR","@id":"https:\/\/fablab-montagny-pres-louhans.fr\/index.php\/2018\/10\/23\/les-fablabs-jurassiens-saffichent\/#primaryimage","url":"https:\/\/fablab-montagny-pres-louhans.fr\/wp-content\/uploads\/2018\/10\/44315200_1467296750040211_2157207587102130176_n.jpg","contentUrl":"https:\/\/fablab-montagny-pres-louhans.fr\/wp-content\/uploads\/2018\/10\/44315200_1467296750040211_2157207587102130176_n.jpg","width":960,"height":720},{"@type":"BreadcrumbList","@id":"https:\/\/fablab-montagny-pres-louhans.fr\/index.php\/2018\/10\/23\/les-fablabs-jurassiens-saffichent\/#breadcrumb","itemListElement":[{"@type":"ListItem","position":1,"name":"Accueil","item":"https:\/\/fablab-montagny-pres-louhans.fr\/"},{"@type":"ListItem","position":2,"name":"Les Fablabs jurassiens s&rsquo;affichent."}]},{"@type":"WebSite","@id":"https:\/\/fablab-montagny-pres-louhans.fr\/#website","url":"https:\/\/fablab-montagny-pres-louhans.fr\/","name":"Le FabLab","description":"Le premier de Bresse","publisher":{"@id":"https:\/\/fablab-montagny-pres-louhans.fr\/#organization"},"potentialAction":[{"@type":"SearchAction","target":{"@type":"EntryPoint","urlTemplate":"https:\/\/fablab-montagny-pres-louhans.fr\/?s={search_term_string}"},"query-input":{"@type":"PropertyValueSpecification","valueRequired":true,"valueName":"search_term_string"}}],"inLanguage":"fr-FR"},{"@type":"Organization","@id":"https:\/\/fablab-montagny-pres-louhans.fr\/#organization","name":"Le FabLab","url":"https:\/\/fablab-montagny-pres-louhans.fr\/","logo":{"@type":"ImageObject","inLanguage":"fr-FR","@id":"https:\/\/fablab-montagny-pres-louhans.fr\/#\/schema\/logo\/image\/","url":"https:\/\/fablab-montagny-pres-louhans.fr\/wp-content\/uploads\/2023\/02\/FABALB-logo.png","contentUrl":"https:\/\/fablab-montagny-pres-louhans.fr\/wp-content\/uploads\/2023\/02\/FABALB-logo.png","width":250,"height":260,"caption":"Le FabLab"},"image":{"@id":"https:\/\/fablab-montagny-pres-louhans.fr\/#\/schema\/logo\/image\/"},"sameAs":["https:\/\/www.facebook.com\/fablab.labom\/"]},{"@type":"Person","@id":"https:\/\/fablab-montagny-pres-louhans.fr\/#\/schema\/person\/b4b47741bdde563325530989455fe7de","name":"Roger Remondy","image":{"@type":"ImageObject","inLanguage":"fr-FR","@id":"https:\/\/fablab-montagny-pres-louhans.fr\/wp-content\/litespeed\/avatar\/0636c9b2c03e4d83e562c27b768bd1cb.jpg?ver=1777239698","url":"https:\/\/fablab-montagny-pres-louhans.fr\/wp-content\/litespeed\/avatar\/0636c9b2c03e4d83e562c27b768bd1cb.jpg?ver=1777239698","contentUrl":"https:\/\/fablab-montagny-pres-louhans.fr\/wp-content\/litespeed\/avatar\/0636c9b2c03e4d83e562c27b768bd1cb.jpg?ver=1777239698","caption":"Roger Remondy"},"url":"https:\/\/fablab-montagny-pres-louhans.fr\/index.php\/author\/roger\/"}]}},"_links":{"self":[{"href":"https:\/\/fablab-montagny-pres-louhans.fr\/index.php\/wp-json\/wp\/v2\/posts\/1630","targetHints":{"allow":["GET"]}}],"collection":[{"href":"https:\/\/fablab-montagny-pres-louhans.fr\/index.php\/wp-json\/wp\/v2\/posts"}],"about":[{"href":"https:\/\/fablab-montagny-pres-louhans.fr\/index.php\/wp-json\/wp\/v2\/types\/post"}],"author":[{"embeddable":true,"href":"https:\/\/fablab-montagny-pres-louhans.fr\/index.php\/wp-json\/wp\/v2\/users\/29"}],"replies":[{"embeddable":true,"href":"https:\/\/fablab-montagny-pres-louhans.fr\/index.php\/wp-json\/wp\/v2\/comments?post=1630"}],"version-history":[{"count":6,"href":"https:\/\/fablab-montagny-pres-louhans.fr\/index.php\/wp-json\/wp\/v2\/posts\/1630\/revisions"}],"predecessor-version":[{"id":1657,"href":"https:\/\/fablab-montagny-pres-louhans.fr\/index.php\/wp-json\/wp\/v2\/posts\/1630\/revisions\/1657"}],"wp:attachment":[{"href":"https:\/\/fablab-montagny-pres-louhans.fr\/index.php\/wp-json\/wp\/v2\/media?parent=1630"}],"wp:term":[{"taxonomy":"category","embeddable":true,"href":"https:\/\/fablab-montagny-pres-louhans.fr\/index.php\/wp-json\/wp\/v2\/categories?post=1630"},{"taxonomy":"post_tag","embeddable":true,"href":"https:\/\/fablab-montagny-pres-louhans.fr\/index.php\/wp-json\/wp\/v2\/tags?post=1630"}],"curies":[{"name":"wp","href":"https:\/\/api.w.org\/{rel}","templated":true}]}}