{"id":1584,"date":"2018-10-08T11:39:18","date_gmt":"2018-10-08T09:39:18","guid":{"rendered":"https:\/\/fablab-montagny-pres-louhans.fr\/?p=1584"},"modified":"2018-10-09T06:20:02","modified_gmt":"2018-10-09T04:20:02","slug":"visite-de-nos-amis-de-made-in-iki-de-commenailles","status":"publish","type":"post","link":"https:\/\/fablab-montagny-pres-louhans.fr\/index.php\/2018\/10\/08\/visite-de-nos-amis-de-made-in-iki-de-commenailles\/","title":{"rendered":"Visite de nos amis de \u00ab Made in iki \u00bb de Commenailles."},"content":{"rendered":"<p><img loading=\"lazy\" decoding=\"async\" class=\" wp-image-1593 alignleft\" src=\"https:\/\/fablab-montagny-pres-louhans.fr\/wp-content\/uploads\/2018\/10\/made-in-iki-300x242.jpg\" alt=\"\" width=\"322\" height=\"260\" srcset=\"https:\/\/fablab-montagny-pres-louhans.fr\/wp-content\/uploads\/2018\/10\/made-in-iki-300x242.jpg 300w, https:\/\/fablab-montagny-pres-louhans.fr\/wp-content\/uploads\/2018\/10\/made-in-iki.jpg 527w\" sizes=\"(max-width: 322px) 100vw, 322px\" \/>\u00a0 \u00a0 \u00a0C&rsquo;est une d\u00e9l\u00e9gation de 4 membres du Fablab \u00ab\u00a0Made In IKi\u00a0\u00bb que Roger accueillait ce samedi apr\u00e8s-midi. Apr\u00e8s le tour du propri\u00e9taire et la pr\u00e9sentation de LaboM, les discussions se sont engag\u00e9es autour des machines et notamment pr\u00e8s de la Laser.<br \/>\nUn petit \u00ab\u00a04heures\u00a0\u00bb pr\u00e9par\u00e9 par Elise r\u00e9unissait les pr\u00e9sents et permettait de tracer les contours de nos futurs \u00e9changes.<\/p>\n<p>Durant la visite, les ateliers tournaient normalement, on y voyait notamment celui de dessin 3D avec Sylvain et Louis , ces dames autour des pi\u00e8ces de la robe du futur, Cyrille et ses robots et des jeunes \u00e0 leurs occupations personnelles<\/p>\n<p><img loading=\"lazy\" decoding=\"async\" class=\"alignnone wp-image-1604\" src=\"https:\/\/fablab-montagny-pres-louhans.fr\/wp-content\/uploads\/2018\/10\/1-300x248.jpg\" alt=\"\" width=\"318\" height=\"263\" srcset=\"https:\/\/fablab-montagny-pres-louhans.fr\/wp-content\/uploads\/2018\/10\/1-300x248.jpg 300w, https:\/\/fablab-montagny-pres-louhans.fr\/wp-content\/uploads\/2018\/10\/1-768x634.jpg 768w, https:\/\/fablab-montagny-pres-louhans.fr\/wp-content\/uploads\/2018\/10\/1-1024x845.jpg 1024w, https:\/\/fablab-montagny-pres-louhans.fr\/wp-content\/uploads\/2018\/10\/1.jpg 1495w\" sizes=\"(max-width: 318px) 100vw, 318px\" \/>\u00a0 \u00a0 \u00a0 \u00a0 \u00a0 \u00a0 \u00a0 \u00a0 \u00a0 \u00a0 \u00a0 \u00a0 \u00a0 \u00a0 \u00a0 \u00a0<img loading=\"lazy\" decoding=\"async\" class=\"alignnone wp-image-1605\" src=\"https:\/\/fablab-montagny-pres-louhans.fr\/wp-content\/uploads\/2018\/10\/2-300x231.jpg\" alt=\"\" width=\"341\" height=\"262\" srcset=\"https:\/\/fablab-montagny-pres-louhans.fr\/wp-content\/uploads\/2018\/10\/2-300x231.jpg 300w, https:\/\/fablab-montagny-pres-louhans.fr\/wp-content\/uploads\/2018\/10\/2-768x591.jpg 768w, https:\/\/fablab-montagny-pres-louhans.fr\/wp-content\/uploads\/2018\/10\/2-1024x788.jpg 1024w, https:\/\/fablab-montagny-pres-louhans.fr\/wp-content\/uploads\/2018\/10\/2.jpg 1661w\" sizes=\"(max-width: 341px) 100vw, 341px\" \/><\/p>\n<p>Retrouvez nos amis sur leur site :\u00a0<a href=\"http:\/\/madeiniki.org\/\">http:\/\/madeiniki.org\/<\/a><\/p>\n<p>&nbsp;<\/p>\n","protected":false},"excerpt":{"rendered":"<p>\u00a0 \u00a0 \u00a0C&rsquo;est une d\u00e9l\u00e9gation de 4 membres du Fablab \u00ab\u00a0Made In IKi\u00a0\u00bb que Roger accueillait ce samedi apr\u00e8s-midi. Apr\u00e8s le tour du propri\u00e9taire et la pr\u00e9sentation de LaboM, les discussions se sont engag\u00e9es autour des machines et notamment pr\u00e8s de la Laser. Un petit \u00ab\u00a04heures\u00a0\u00bb pr\u00e9par\u00e9 par Elise r\u00e9unissait les pr\u00e9sents et permettait de [&hellip;]<\/p>\n","protected":false},"author":29,"featured_media":0,"comment_status":"closed","ping_status":"open","sticky":false,"template":"","format":"standard","meta":{"_et_pb_use_builder":"","_et_pb_old_content":"","_et_gb_content_width":"","rop_custom_images_group":[],"rop_custom_messages_group":[],"rop_publish_now":"initial","rop_publish_now_accounts":{"facebook_1992431424458146_173380702515979":""},"rop_publish_now_history":[],"rop_publish_now_status":"pending","footnotes":""},"categories":[2],"tags":[],"class_list":["post-1584","post","type-post","status-publish","format-standard","hentry","category-news"],"yoast_head":"<!-- This site is optimized with the Yoast SEO plugin v27.3 - https:\/\/yoast.com\/product\/yoast-seo-wordpress\/ -->\n<title>Visite de nos amis de \u00ab Made in iki \u00bb de Commenailles. - Le FabLab<\/title>\n<meta name=\"robots\" content=\"noindex, follow, max-snippet:-1, max-image-preview:large, max-video-preview:-1\" \/>\n<meta property=\"og:locale\" content=\"fr_FR\" \/>\n<meta property=\"og:type\" content=\"article\" \/>\n<meta property=\"og:title\" content=\"Visite de nos amis de \u00ab Made in iki \u00bb de Commenailles. - Le FabLab\" \/>\n<meta property=\"og:description\" content=\"\u00a0 \u00a0 \u00a0C&rsquo;est une d\u00e9l\u00e9gation de 4 membres du Fablab \u00ab\u00a0Made In IKi\u00a0\u00bb que Roger accueillait ce samedi apr\u00e8s-midi. Apr\u00e8s le tour du propri\u00e9taire et la pr\u00e9sentation de LaboM, les discussions se sont engag\u00e9es autour des machines et notamment pr\u00e8s de la Laser. Un petit \u00ab\u00a04heures\u00a0\u00bb pr\u00e9par\u00e9 par Elise r\u00e9unissait les pr\u00e9sents et permettait de [&hellip;]\" \/>\n<meta property=\"og:url\" content=\"https:\/\/fablab-montagny-pres-louhans.fr\/index.php\/2018\/10\/08\/visite-de-nos-amis-de-made-in-iki-de-commenailles\/\" \/>\n<meta property=\"og:site_name\" content=\"Le FabLab\" \/>\n<meta property=\"article:publisher\" content=\"https:\/\/www.facebook.com\/fablab.labom\/\" \/>\n<meta property=\"article:published_time\" content=\"2018-10-08T09:39:18+00:00\" \/>\n<meta property=\"article:modified_time\" content=\"2018-10-09T04:20:02+00:00\" \/>\n<meta property=\"og:image\" content=\"https:\/\/fablab-montagny-pres-louhans.fr\/wp-content\/uploads\/2018\/10\/made-in-iki-300x242.jpg\" \/>\n<meta name=\"author\" content=\"Roger Remondy\" \/>\n<meta name=\"twitter:card\" content=\"summary_large_image\" \/>\n<meta name=\"twitter:label1\" content=\"\u00c9crit par\" \/>\n\t<meta name=\"twitter:data1\" content=\"Roger Remondy\" \/>\n\t<meta name=\"twitter:label2\" content=\"Dur\u00e9e de lecture estim\u00e9e\" \/>\n\t<meta name=\"twitter:data2\" content=\"1 minute\" \/>\n<script type=\"application\/ld+json\" class=\"yoast-schema-graph\">{\"@context\":\"https:\\\/\\\/schema.org\",\"@graph\":[{\"@type\":\"Article\",\"@id\":\"https:\\\/\\\/fablab-montagny-pres-louhans.fr\\\/index.php\\\/2018\\\/10\\\/08\\\/visite-de-nos-amis-de-made-in-iki-de-commenailles\\\/#article\",\"isPartOf\":{\"@id\":\"https:\\\/\\\/fablab-montagny-pres-louhans.fr\\\/index.php\\\/2018\\\/10\\\/08\\\/visite-de-nos-amis-de-made-in-iki-de-commenailles\\\/\"},\"author\":{\"name\":\"Roger Remondy\",\"@id\":\"https:\\\/\\\/fablab-montagny-pres-louhans.fr\\\/#\\\/schema\\\/person\\\/b4b47741bdde563325530989455fe7de\"},\"headline\":\"Visite de nos amis de \u00ab Made in iki \u00bb de Commenailles.\",\"datePublished\":\"2018-10-08T09:39:18+00:00\",\"dateModified\":\"2018-10-09T04:20:02+00:00\",\"mainEntityOfPage\":{\"@id\":\"https:\\\/\\\/fablab-montagny-pres-louhans.fr\\\/index.php\\\/2018\\\/10\\\/08\\\/visite-de-nos-amis-de-made-in-iki-de-commenailles\\\/\"},\"wordCount\":130,\"publisher\":{\"@id\":\"https:\\\/\\\/fablab-montagny-pres-louhans.fr\\\/#organization\"},\"image\":{\"@id\":\"https:\\\/\\\/fablab-montagny-pres-louhans.fr\\\/index.php\\\/2018\\\/10\\\/08\\\/visite-de-nos-amis-de-made-in-iki-de-commenailles\\\/#primaryimage\"},\"thumbnailUrl\":\"https:\\\/\\\/fablab-montagny-pres-louhans.fr\\\/wp-content\\\/uploads\\\/2018\\\/10\\\/made-in-iki-300x242.jpg\",\"articleSection\":[\"News\"],\"inLanguage\":\"fr-FR\"},{\"@type\":\"WebPage\",\"@id\":\"https:\\\/\\\/fablab-montagny-pres-louhans.fr\\\/index.php\\\/2018\\\/10\\\/08\\\/visite-de-nos-amis-de-made-in-iki-de-commenailles\\\/\",\"url\":\"https:\\\/\\\/fablab-montagny-pres-louhans.fr\\\/index.php\\\/2018\\\/10\\\/08\\\/visite-de-nos-amis-de-made-in-iki-de-commenailles\\\/\",\"name\":\"Visite de nos amis de \u00ab Made in iki \u00bb de Commenailles. - Le FabLab\",\"isPartOf\":{\"@id\":\"https:\\\/\\\/fablab-montagny-pres-louhans.fr\\\/#website\"},\"primaryImageOfPage\":{\"@id\":\"https:\\\/\\\/fablab-montagny-pres-louhans.fr\\\/index.php\\\/2018\\\/10\\\/08\\\/visite-de-nos-amis-de-made-in-iki-de-commenailles\\\/#primaryimage\"},\"image\":{\"@id\":\"https:\\\/\\\/fablab-montagny-pres-louhans.fr\\\/index.php\\\/2018\\\/10\\\/08\\\/visite-de-nos-amis-de-made-in-iki-de-commenailles\\\/#primaryimage\"},\"thumbnailUrl\":\"https:\\\/\\\/fablab-montagny-pres-louhans.fr\\\/wp-content\\\/uploads\\\/2018\\\/10\\\/made-in-iki-300x242.jpg\",\"datePublished\":\"2018-10-08T09:39:18+00:00\",\"dateModified\":\"2018-10-09T04:20:02+00:00\",\"breadcrumb\":{\"@id\":\"https:\\\/\\\/fablab-montagny-pres-louhans.fr\\\/index.php\\\/2018\\\/10\\\/08\\\/visite-de-nos-amis-de-made-in-iki-de-commenailles\\\/#breadcrumb\"},\"inLanguage\":\"fr-FR\",\"potentialAction\":[{\"@type\":\"ReadAction\",\"target\":[\"https:\\\/\\\/fablab-montagny-pres-louhans.fr\\\/index.php\\\/2018\\\/10\\\/08\\\/visite-de-nos-amis-de-made-in-iki-de-commenailles\\\/\"]}]},{\"@type\":\"ImageObject\",\"inLanguage\":\"fr-FR\",\"@id\":\"https:\\\/\\\/fablab-montagny-pres-louhans.fr\\\/index.php\\\/2018\\\/10\\\/08\\\/visite-de-nos-amis-de-made-in-iki-de-commenailles\\\/#primaryimage\",\"url\":\"https:\\\/\\\/fablab-montagny-pres-louhans.fr\\\/wp-content\\\/uploads\\\/2018\\\/10\\\/made-in-iki.jpg\",\"contentUrl\":\"https:\\\/\\\/fablab-montagny-pres-louhans.fr\\\/wp-content\\\/uploads\\\/2018\\\/10\\\/made-in-iki.jpg\",\"width\":527,\"height\":425},{\"@type\":\"BreadcrumbList\",\"@id\":\"https:\\\/\\\/fablab-montagny-pres-louhans.fr\\\/index.php\\\/2018\\\/10\\\/08\\\/visite-de-nos-amis-de-made-in-iki-de-commenailles\\\/#breadcrumb\",\"itemListElement\":[{\"@type\":\"ListItem\",\"position\":1,\"name\":\"Accueil\",\"item\":\"https:\\\/\\\/fablab-montagny-pres-louhans.fr\\\/\"},{\"@type\":\"ListItem\",\"position\":2,\"name\":\"Visite de nos amis de \u00ab Made in iki \u00bb de Commenailles.\"}]},{\"@type\":\"WebSite\",\"@id\":\"https:\\\/\\\/fablab-montagny-pres-louhans.fr\\\/#website\",\"url\":\"https:\\\/\\\/fablab-montagny-pres-louhans.fr\\\/\",\"name\":\"Le FabLab\",\"description\":\"Le premier de Bresse\",\"publisher\":{\"@id\":\"https:\\\/\\\/fablab-montagny-pres-louhans.fr\\\/#organization\"},\"potentialAction\":[{\"@type\":\"SearchAction\",\"target\":{\"@type\":\"EntryPoint\",\"urlTemplate\":\"https:\\\/\\\/fablab-montagny-pres-louhans.fr\\\/?s={search_term_string}\"},\"query-input\":{\"@type\":\"PropertyValueSpecification\",\"valueRequired\":true,\"valueName\":\"search_term_string\"}}],\"inLanguage\":\"fr-FR\"},{\"@type\":\"Organization\",\"@id\":\"https:\\\/\\\/fablab-montagny-pres-louhans.fr\\\/#organization\",\"name\":\"Le FabLab\",\"url\":\"https:\\\/\\\/fablab-montagny-pres-louhans.fr\\\/\",\"logo\":{\"@type\":\"ImageObject\",\"inLanguage\":\"fr-FR\",\"@id\":\"https:\\\/\\\/fablab-montagny-pres-louhans.fr\\\/#\\\/schema\\\/logo\\\/image\\\/\",\"url\":\"https:\\\/\\\/fablab-montagny-pres-louhans.fr\\\/wp-content\\\/uploads\\\/2023\\\/02\\\/FABALB-logo.png\",\"contentUrl\":\"https:\\\/\\\/fablab-montagny-pres-louhans.fr\\\/wp-content\\\/uploads\\\/2023\\\/02\\\/FABALB-logo.png\",\"width\":250,\"height\":260,\"caption\":\"Le FabLab\"},\"image\":{\"@id\":\"https:\\\/\\\/fablab-montagny-pres-louhans.fr\\\/#\\\/schema\\\/logo\\\/image\\\/\"},\"sameAs\":[\"https:\\\/\\\/www.facebook.com\\\/fablab.labom\\\/\"]},{\"@type\":\"Person\",\"@id\":\"https:\\\/\\\/fablab-montagny-pres-louhans.fr\\\/#\\\/schema\\\/person\\\/b4b47741bdde563325530989455fe7de\",\"name\":\"Roger Remondy\",\"image\":{\"@type\":\"ImageObject\",\"inLanguage\":\"fr-FR\",\"@id\":\"https:\\\/\\\/fablab-montagny-pres-louhans.fr\\\/wp-content\\\/litespeed\\\/avatar\\\/0636c9b2c03e4d83e562c27b768bd1cb.jpg?ver=1777239698\",\"url\":\"https:\\\/\\\/fablab-montagny-pres-louhans.fr\\\/wp-content\\\/litespeed\\\/avatar\\\/0636c9b2c03e4d83e562c27b768bd1cb.jpg?ver=1777239698\",\"contentUrl\":\"https:\\\/\\\/fablab-montagny-pres-louhans.fr\\\/wp-content\\\/litespeed\\\/avatar\\\/0636c9b2c03e4d83e562c27b768bd1cb.jpg?ver=1777239698\",\"caption\":\"Roger Remondy\"},\"url\":\"https:\\\/\\\/fablab-montagny-pres-louhans.fr\\\/index.php\\\/author\\\/roger\\\/\"}]}<\/script>\n<!-- \/ Yoast SEO plugin. -->","yoast_head_json":{"title":"Visite de nos amis de \u00ab Made in iki \u00bb de Commenailles. - Le FabLab","robots":{"index":"noindex","follow":"follow","max-snippet":"max-snippet:-1","max-image-preview":"max-image-preview:large","max-video-preview":"max-video-preview:-1"},"og_locale":"fr_FR","og_type":"article","og_title":"Visite de nos amis de \u00ab Made in iki \u00bb de Commenailles. - Le FabLab","og_description":"\u00a0 \u00a0 \u00a0C&rsquo;est une d\u00e9l\u00e9gation de 4 membres du Fablab \u00ab\u00a0Made In IKi\u00a0\u00bb que Roger accueillait ce samedi apr\u00e8s-midi. Apr\u00e8s le tour du propri\u00e9taire et la pr\u00e9sentation de LaboM, les discussions se sont engag\u00e9es autour des machines et notamment pr\u00e8s de la Laser. Un petit \u00ab\u00a04heures\u00a0\u00bb pr\u00e9par\u00e9 par Elise r\u00e9unissait les pr\u00e9sents et permettait de [&hellip;]","og_url":"https:\/\/fablab-montagny-pres-louhans.fr\/index.php\/2018\/10\/08\/visite-de-nos-amis-de-made-in-iki-de-commenailles\/","og_site_name":"Le FabLab","article_publisher":"https:\/\/www.facebook.com\/fablab.labom\/","article_published_time":"2018-10-08T09:39:18+00:00","article_modified_time":"2018-10-09T04:20:02+00:00","og_image":[{"url":"https:\/\/fablab-montagny-pres-louhans.fr\/wp-content\/uploads\/2018\/10\/made-in-iki-300x242.jpg","type":"","width":"","height":""}],"author":"Roger Remondy","twitter_card":"summary_large_image","twitter_misc":{"\u00c9crit par":"Roger Remondy","Dur\u00e9e de lecture estim\u00e9e":"1 minute"},"schema":{"@context":"https:\/\/schema.org","@graph":[{"@type":"Article","@id":"https:\/\/fablab-montagny-pres-louhans.fr\/index.php\/2018\/10\/08\/visite-de-nos-amis-de-made-in-iki-de-commenailles\/#article","isPartOf":{"@id":"https:\/\/fablab-montagny-pres-louhans.fr\/index.php\/2018\/10\/08\/visite-de-nos-amis-de-made-in-iki-de-commenailles\/"},"author":{"name":"Roger Remondy","@id":"https:\/\/fablab-montagny-pres-louhans.fr\/#\/schema\/person\/b4b47741bdde563325530989455fe7de"},"headline":"Visite de nos amis de \u00ab Made in iki \u00bb de Commenailles.","datePublished":"2018-10-08T09:39:18+00:00","dateModified":"2018-10-09T04:20:02+00:00","mainEntityOfPage":{"@id":"https:\/\/fablab-montagny-pres-louhans.fr\/index.php\/2018\/10\/08\/visite-de-nos-amis-de-made-in-iki-de-commenailles\/"},"wordCount":130,"publisher":{"@id":"https:\/\/fablab-montagny-pres-louhans.fr\/#organization"},"image":{"@id":"https:\/\/fablab-montagny-pres-louhans.fr\/index.php\/2018\/10\/08\/visite-de-nos-amis-de-made-in-iki-de-commenailles\/#primaryimage"},"thumbnailUrl":"https:\/\/fablab-montagny-pres-louhans.fr\/wp-content\/uploads\/2018\/10\/made-in-iki-300x242.jpg","articleSection":["News"],"inLanguage":"fr-FR"},{"@type":"WebPage","@id":"https:\/\/fablab-montagny-pres-louhans.fr\/index.php\/2018\/10\/08\/visite-de-nos-amis-de-made-in-iki-de-commenailles\/","url":"https:\/\/fablab-montagny-pres-louhans.fr\/index.php\/2018\/10\/08\/visite-de-nos-amis-de-made-in-iki-de-commenailles\/","name":"Visite de nos amis de \u00ab Made in iki \u00bb de Commenailles. - Le FabLab","isPartOf":{"@id":"https:\/\/fablab-montagny-pres-louhans.fr\/#website"},"primaryImageOfPage":{"@id":"https:\/\/fablab-montagny-pres-louhans.fr\/index.php\/2018\/10\/08\/visite-de-nos-amis-de-made-in-iki-de-commenailles\/#primaryimage"},"image":{"@id":"https:\/\/fablab-montagny-pres-louhans.fr\/index.php\/2018\/10\/08\/visite-de-nos-amis-de-made-in-iki-de-commenailles\/#primaryimage"},"thumbnailUrl":"https:\/\/fablab-montagny-pres-louhans.fr\/wp-content\/uploads\/2018\/10\/made-in-iki-300x242.jpg","datePublished":"2018-10-08T09:39:18+00:00","dateModified":"2018-10-09T04:20:02+00:00","breadcrumb":{"@id":"https:\/\/fablab-montagny-pres-louhans.fr\/index.php\/2018\/10\/08\/visite-de-nos-amis-de-made-in-iki-de-commenailles\/#breadcrumb"},"inLanguage":"fr-FR","potentialAction":[{"@type":"ReadAction","target":["https:\/\/fablab-montagny-pres-louhans.fr\/index.php\/2018\/10\/08\/visite-de-nos-amis-de-made-in-iki-de-commenailles\/"]}]},{"@type":"ImageObject","inLanguage":"fr-FR","@id":"https:\/\/fablab-montagny-pres-louhans.fr\/index.php\/2018\/10\/08\/visite-de-nos-amis-de-made-in-iki-de-commenailles\/#primaryimage","url":"https:\/\/fablab-montagny-pres-louhans.fr\/wp-content\/uploads\/2018\/10\/made-in-iki.jpg","contentUrl":"https:\/\/fablab-montagny-pres-louhans.fr\/wp-content\/uploads\/2018\/10\/made-in-iki.jpg","width":527,"height":425},{"@type":"BreadcrumbList","@id":"https:\/\/fablab-montagny-pres-louhans.fr\/index.php\/2018\/10\/08\/visite-de-nos-amis-de-made-in-iki-de-commenailles\/#breadcrumb","itemListElement":[{"@type":"ListItem","position":1,"name":"Accueil","item":"https:\/\/fablab-montagny-pres-louhans.fr\/"},{"@type":"ListItem","position":2,"name":"Visite de nos amis de \u00ab Made in iki \u00bb de Commenailles."}]},{"@type":"WebSite","@id":"https:\/\/fablab-montagny-pres-louhans.fr\/#website","url":"https:\/\/fablab-montagny-pres-louhans.fr\/","name":"Le FabLab","description":"Le premier de Bresse","publisher":{"@id":"https:\/\/fablab-montagny-pres-louhans.fr\/#organization"},"potentialAction":[{"@type":"SearchAction","target":{"@type":"EntryPoint","urlTemplate":"https:\/\/fablab-montagny-pres-louhans.fr\/?s={search_term_string}"},"query-input":{"@type":"PropertyValueSpecification","valueRequired":true,"valueName":"search_term_string"}}],"inLanguage":"fr-FR"},{"@type":"Organization","@id":"https:\/\/fablab-montagny-pres-louhans.fr\/#organization","name":"Le FabLab","url":"https:\/\/fablab-montagny-pres-louhans.fr\/","logo":{"@type":"ImageObject","inLanguage":"fr-FR","@id":"https:\/\/fablab-montagny-pres-louhans.fr\/#\/schema\/logo\/image\/","url":"https:\/\/fablab-montagny-pres-louhans.fr\/wp-content\/uploads\/2023\/02\/FABALB-logo.png","contentUrl":"https:\/\/fablab-montagny-pres-louhans.fr\/wp-content\/uploads\/2023\/02\/FABALB-logo.png","width":250,"height":260,"caption":"Le FabLab"},"image":{"@id":"https:\/\/fablab-montagny-pres-louhans.fr\/#\/schema\/logo\/image\/"},"sameAs":["https:\/\/www.facebook.com\/fablab.labom\/"]},{"@type":"Person","@id":"https:\/\/fablab-montagny-pres-louhans.fr\/#\/schema\/person\/b4b47741bdde563325530989455fe7de","name":"Roger Remondy","image":{"@type":"ImageObject","inLanguage":"fr-FR","@id":"https:\/\/fablab-montagny-pres-louhans.fr\/wp-content\/litespeed\/avatar\/0636c9b2c03e4d83e562c27b768bd1cb.jpg?ver=1777239698","url":"https:\/\/fablab-montagny-pres-louhans.fr\/wp-content\/litespeed\/avatar\/0636c9b2c03e4d83e562c27b768bd1cb.jpg?ver=1777239698","contentUrl":"https:\/\/fablab-montagny-pres-louhans.fr\/wp-content\/litespeed\/avatar\/0636c9b2c03e4d83e562c27b768bd1cb.jpg?ver=1777239698","caption":"Roger Remondy"},"url":"https:\/\/fablab-montagny-pres-louhans.fr\/index.php\/author\/roger\/"}]}},"_links":{"self":[{"href":"https:\/\/fablab-montagny-pres-louhans.fr\/index.php\/wp-json\/wp\/v2\/posts\/1584","targetHints":{"allow":["GET"]}}],"collection":[{"href":"https:\/\/fablab-montagny-pres-louhans.fr\/index.php\/wp-json\/wp\/v2\/posts"}],"about":[{"href":"https:\/\/fablab-montagny-pres-louhans.fr\/index.php\/wp-json\/wp\/v2\/types\/post"}],"author":[{"embeddable":true,"href":"https:\/\/fablab-montagny-pres-louhans.fr\/index.php\/wp-json\/wp\/v2\/users\/29"}],"replies":[{"embeddable":true,"href":"https:\/\/fablab-montagny-pres-louhans.fr\/index.php\/wp-json\/wp\/v2\/comments?post=1584"}],"version-history":[{"count":7,"href":"https:\/\/fablab-montagny-pres-louhans.fr\/index.php\/wp-json\/wp\/v2\/posts\/1584\/revisions"}],"predecessor-version":[{"id":1614,"href":"https:\/\/fablab-montagny-pres-louhans.fr\/index.php\/wp-json\/wp\/v2\/posts\/1584\/revisions\/1614"}],"wp:attachment":[{"href":"https:\/\/fablab-montagny-pres-louhans.fr\/index.php\/wp-json\/wp\/v2\/media?parent=1584"}],"wp:term":[{"taxonomy":"category","embeddable":true,"href":"https:\/\/fablab-montagny-pres-louhans.fr\/index.php\/wp-json\/wp\/v2\/categories?post=1584"},{"taxonomy":"post_tag","embeddable":true,"href":"https:\/\/fablab-montagny-pres-louhans.fr\/index.php\/wp-json\/wp\/v2\/tags?post=1584"}],"curies":[{"name":"wp","href":"https:\/\/api.w.org\/{rel}","templated":true}]}}