{"id":1578,"date":"2018-10-08T10:09:34","date_gmt":"2018-10-08T08:09:34","guid":{"rendered":"https:\/\/fablab-montagny-pres-louhans.fr\/?p=1578"},"modified":"2018-10-09T06:18:42","modified_gmt":"2018-10-09T04:18:42","slug":"le-mot-du-president-semaine-41","status":"publish","type":"post","link":"https:\/\/fablab-montagny-pres-louhans.fr\/index.php\/2018\/10\/08\/le-mot-du-president-semaine-41\/","title":{"rendered":"Le mot du Pr\u00e9sident. Semaine 41."},"content":{"rendered":"<p><img loading=\"lazy\" decoding=\"async\" class=\"size-medium wp-image-1579 alignleft\" src=\"https:\/\/fablab-montagny-pres-louhans.fr\/wp-content\/uploads\/2018\/10\/DSCN9321-225x300.jpg\" alt=\"\" width=\"225\" height=\"300\" srcset=\"https:\/\/fablab-montagny-pres-louhans.fr\/wp-content\/uploads\/2018\/10\/DSCN9321-225x300.jpg 225w, https:\/\/fablab-montagny-pres-louhans.fr\/wp-content\/uploads\/2018\/10\/DSCN9321-768x1024.jpg 768w, https:\/\/fablab-montagny-pres-louhans.fr\/wp-content\/uploads\/2018\/10\/DSCN9321.jpg 1200w\" sizes=\"(max-width: 225px) 100vw, 225px\" \/>Chers amis bonjour,<br \/>\nMerci \u00e0 ceux qui se sont d\u00e9plac\u00e9s pour accueillir nos amis de \u00ab\u00a0Made in iki\u00a0\u00bb de Commenailles. Cette rencontre a \u00e9t\u00e9 enrichissante et a mis en \u00e9vidence ce que nous savions d\u00e9j\u00e0, \u00e0 savoir que la philosophie qui anime les 2 fablab voisins passe en priorit\u00e9 par la convivialit\u00e9. En dehors de ces consid\u00e9rations, il a \u00e9t\u00e9 convenu que ce genre de visites qui permet de confronter nos experiences, techniques et points de vue devraient \u00eatre renouvel\u00e9es.<br \/>\nAttention, des changements dans les horaires de cette semaine :\u00a0<a href=\"https:\/\/fablab-montagny-pres-louhans.fr\/index.php\/horaires-et-ateliers\/\">https:\/\/fablab-montagny-pres-louhans.fr\/index.php\/horaires-et-ateliers\/<\/a><br \/>\net n&rsquo;oubliez pas ce mercredi, peinture de la cuve \u00e0 eau de 16h00 \u00e0 17h30<br \/>\nFran\u00e7oise a \u00e9tabli le programme des Loisirs Cr\u00e9atifs pour l&rsquo;ann\u00e9e, les grandes lignes sont tra\u00e7\u00e9es, mais il peut \u00eatre bien s\u00fbr sujet \u00e0 changements.<br \/>\nVous pouvez le consulter ici :\u00a0<a href=\"https:\/\/fablab-montagny-pres-louhans.fr\/wp-content\/uploads\/2018\/10\/PROGRAMME-FABLAB-ateliers-Loisirs-cr\u00e9atifs.pdf\">https:\/\/fablab-montagny-pres-louhans.fr\/wp-content\/uploads\/2018\/10\/PROGRAMME-FABLAB-ateliers-Loisirs-cr\u00e9atifs.pdf<\/a> mais il est \u00e9galement affich\u00e9 au Labo.<br \/>\nLes ateliers bricolage\/am\u00e9nagements sont nombreux et peuvent jusqu&rsquo;\u00e0 r\u00e9sorbtion \u00eatre effectu\u00e9s d&rsquo;autres jours que le mercredi et samedi si vous avez des disponibilit\u00e9s.<\/p>\n<p style=\"text-align: right;\">Roger REMONDY.<\/p>\n","protected":false},"excerpt":{"rendered":"<p>Chers amis bonjour, Merci \u00e0 ceux qui se sont d\u00e9plac\u00e9s pour accueillir nos amis de \u00ab\u00a0Made in iki\u00a0\u00bb de Commenailles. Cette rencontre a \u00e9t\u00e9 enrichissante et a mis en \u00e9vidence ce que nous savions d\u00e9j\u00e0, \u00e0 savoir que la philosophie qui anime les 2 fablab voisins passe en priorit\u00e9 par la convivialit\u00e9. En dehors de [&hellip;]<\/p>\n","protected":false},"author":29,"featured_media":0,"comment_status":"closed","ping_status":"open","sticky":false,"template":"","format":"standard","meta":{"_et_pb_use_builder":"","_et_pb_old_content":"","_et_gb_content_width":"","rop_custom_images_group":[],"rop_custom_messages_group":[],"rop_publish_now":"initial","rop_publish_now_accounts":{"facebook_1992431424458146_173380702515979":""},"rop_publish_now_history":[],"rop_publish_now_status":"pending","footnotes":""},"categories":[2],"tags":[],"class_list":["post-1578","post","type-post","status-publish","format-standard","hentry","category-news"],"yoast_head":"<!-- This site is optimized with the Yoast SEO plugin v27.3 - https:\/\/yoast.com\/product\/yoast-seo-wordpress\/ -->\n<title>Le mot du Pr\u00e9sident. Semaine 41. - Le FabLab<\/title>\n<meta name=\"robots\" content=\"noindex, follow, max-snippet:-1, max-image-preview:large, max-video-preview:-1\" \/>\n<meta property=\"og:locale\" content=\"fr_FR\" \/>\n<meta property=\"og:type\" content=\"article\" \/>\n<meta property=\"og:title\" content=\"Le mot du Pr\u00e9sident. Semaine 41. - Le FabLab\" \/>\n<meta property=\"og:description\" content=\"Chers amis bonjour, Merci \u00e0 ceux qui se sont d\u00e9plac\u00e9s pour accueillir nos amis de \u00ab\u00a0Made in iki\u00a0\u00bb de Commenailles. Cette rencontre a \u00e9t\u00e9 enrichissante et a mis en \u00e9vidence ce que nous savions d\u00e9j\u00e0, \u00e0 savoir que la philosophie qui anime les 2 fablab voisins passe en priorit\u00e9 par la convivialit\u00e9. En dehors de [&hellip;]\" \/>\n<meta property=\"og:url\" content=\"https:\/\/fablab-montagny-pres-louhans.fr\/index.php\/2018\/10\/08\/le-mot-du-president-semaine-41\/\" \/>\n<meta property=\"og:site_name\" content=\"Le FabLab\" \/>\n<meta property=\"article:publisher\" content=\"https:\/\/www.facebook.com\/fablab.labom\/\" \/>\n<meta property=\"article:published_time\" content=\"2018-10-08T08:09:34+00:00\" \/>\n<meta property=\"article:modified_time\" content=\"2018-10-09T04:18:42+00:00\" \/>\n<meta property=\"og:image\" content=\"https:\/\/fablab-montagny-pres-louhans.fr\/wp-content\/uploads\/2018\/10\/DSCN9321-225x300.jpg\" \/>\n<meta name=\"author\" content=\"Roger Remondy\" \/>\n<meta name=\"twitter:card\" content=\"summary_large_image\" \/>\n<meta name=\"twitter:label1\" content=\"\u00c9crit par\" \/>\n\t<meta name=\"twitter:data1\" content=\"Roger Remondy\" \/>\n\t<meta name=\"twitter:label2\" content=\"Dur\u00e9e de lecture estim\u00e9e\" \/>\n\t<meta name=\"twitter:data2\" content=\"1 minute\" \/>\n<script type=\"application\/ld+json\" class=\"yoast-schema-graph\">{\"@context\":\"https:\\\/\\\/schema.org\",\"@graph\":[{\"@type\":\"Article\",\"@id\":\"https:\\\/\\\/fablab-montagny-pres-louhans.fr\\\/index.php\\\/2018\\\/10\\\/08\\\/le-mot-du-president-semaine-41\\\/#article\",\"isPartOf\":{\"@id\":\"https:\\\/\\\/fablab-montagny-pres-louhans.fr\\\/index.php\\\/2018\\\/10\\\/08\\\/le-mot-du-president-semaine-41\\\/\"},\"author\":{\"name\":\"Roger Remondy\",\"@id\":\"https:\\\/\\\/fablab-montagny-pres-louhans.fr\\\/#\\\/schema\\\/person\\\/b4b47741bdde563325530989455fe7de\"},\"headline\":\"Le mot du Pr\u00e9sident. Semaine 41.\",\"datePublished\":\"2018-10-08T08:09:34+00:00\",\"dateModified\":\"2018-10-09T04:18:42+00:00\",\"mainEntityOfPage\":{\"@id\":\"https:\\\/\\\/fablab-montagny-pres-louhans.fr\\\/index.php\\\/2018\\\/10\\\/08\\\/le-mot-du-president-semaine-41\\\/\"},\"wordCount\":194,\"publisher\":{\"@id\":\"https:\\\/\\\/fablab-montagny-pres-louhans.fr\\\/#organization\"},\"image\":{\"@id\":\"https:\\\/\\\/fablab-montagny-pres-louhans.fr\\\/index.php\\\/2018\\\/10\\\/08\\\/le-mot-du-president-semaine-41\\\/#primaryimage\"},\"thumbnailUrl\":\"https:\\\/\\\/fablab-montagny-pres-louhans.fr\\\/wp-content\\\/uploads\\\/2018\\\/10\\\/DSCN9321-225x300.jpg\",\"articleSection\":[\"News\"],\"inLanguage\":\"fr-FR\"},{\"@type\":\"WebPage\",\"@id\":\"https:\\\/\\\/fablab-montagny-pres-louhans.fr\\\/index.php\\\/2018\\\/10\\\/08\\\/le-mot-du-president-semaine-41\\\/\",\"url\":\"https:\\\/\\\/fablab-montagny-pres-louhans.fr\\\/index.php\\\/2018\\\/10\\\/08\\\/le-mot-du-president-semaine-41\\\/\",\"name\":\"Le mot du Pr\u00e9sident. Semaine 41. - Le FabLab\",\"isPartOf\":{\"@id\":\"https:\\\/\\\/fablab-montagny-pres-louhans.fr\\\/#website\"},\"primaryImageOfPage\":{\"@id\":\"https:\\\/\\\/fablab-montagny-pres-louhans.fr\\\/index.php\\\/2018\\\/10\\\/08\\\/le-mot-du-president-semaine-41\\\/#primaryimage\"},\"image\":{\"@id\":\"https:\\\/\\\/fablab-montagny-pres-louhans.fr\\\/index.php\\\/2018\\\/10\\\/08\\\/le-mot-du-president-semaine-41\\\/#primaryimage\"},\"thumbnailUrl\":\"https:\\\/\\\/fablab-montagny-pres-louhans.fr\\\/wp-content\\\/uploads\\\/2018\\\/10\\\/DSCN9321-225x300.jpg\",\"datePublished\":\"2018-10-08T08:09:34+00:00\",\"dateModified\":\"2018-10-09T04:18:42+00:00\",\"breadcrumb\":{\"@id\":\"https:\\\/\\\/fablab-montagny-pres-louhans.fr\\\/index.php\\\/2018\\\/10\\\/08\\\/le-mot-du-president-semaine-41\\\/#breadcrumb\"},\"inLanguage\":\"fr-FR\",\"potentialAction\":[{\"@type\":\"ReadAction\",\"target\":[\"https:\\\/\\\/fablab-montagny-pres-louhans.fr\\\/index.php\\\/2018\\\/10\\\/08\\\/le-mot-du-president-semaine-41\\\/\"]}]},{\"@type\":\"ImageObject\",\"inLanguage\":\"fr-FR\",\"@id\":\"https:\\\/\\\/fablab-montagny-pres-louhans.fr\\\/index.php\\\/2018\\\/10\\\/08\\\/le-mot-du-president-semaine-41\\\/#primaryimage\",\"url\":\"https:\\\/\\\/fablab-montagny-pres-louhans.fr\\\/wp-content\\\/uploads\\\/2018\\\/10\\\/DSCN9321.jpg\",\"contentUrl\":\"https:\\\/\\\/fablab-montagny-pres-louhans.fr\\\/wp-content\\\/uploads\\\/2018\\\/10\\\/DSCN9321.jpg\",\"width\":1200,\"height\":1600},{\"@type\":\"BreadcrumbList\",\"@id\":\"https:\\\/\\\/fablab-montagny-pres-louhans.fr\\\/index.php\\\/2018\\\/10\\\/08\\\/le-mot-du-president-semaine-41\\\/#breadcrumb\",\"itemListElement\":[{\"@type\":\"ListItem\",\"position\":1,\"name\":\"Accueil\",\"item\":\"https:\\\/\\\/fablab-montagny-pres-louhans.fr\\\/\"},{\"@type\":\"ListItem\",\"position\":2,\"name\":\"Le mot du Pr\u00e9sident. Semaine 41.\"}]},{\"@type\":\"WebSite\",\"@id\":\"https:\\\/\\\/fablab-montagny-pres-louhans.fr\\\/#website\",\"url\":\"https:\\\/\\\/fablab-montagny-pres-louhans.fr\\\/\",\"name\":\"Le FabLab\",\"description\":\"Le premier de Bresse\",\"publisher\":{\"@id\":\"https:\\\/\\\/fablab-montagny-pres-louhans.fr\\\/#organization\"},\"potentialAction\":[{\"@type\":\"SearchAction\",\"target\":{\"@type\":\"EntryPoint\",\"urlTemplate\":\"https:\\\/\\\/fablab-montagny-pres-louhans.fr\\\/?s={search_term_string}\"},\"query-input\":{\"@type\":\"PropertyValueSpecification\",\"valueRequired\":true,\"valueName\":\"search_term_string\"}}],\"inLanguage\":\"fr-FR\"},{\"@type\":\"Organization\",\"@id\":\"https:\\\/\\\/fablab-montagny-pres-louhans.fr\\\/#organization\",\"name\":\"Le FabLab\",\"url\":\"https:\\\/\\\/fablab-montagny-pres-louhans.fr\\\/\",\"logo\":{\"@type\":\"ImageObject\",\"inLanguage\":\"fr-FR\",\"@id\":\"https:\\\/\\\/fablab-montagny-pres-louhans.fr\\\/#\\\/schema\\\/logo\\\/image\\\/\",\"url\":\"https:\\\/\\\/fablab-montagny-pres-louhans.fr\\\/wp-content\\\/uploads\\\/2023\\\/02\\\/FABALB-logo.png\",\"contentUrl\":\"https:\\\/\\\/fablab-montagny-pres-louhans.fr\\\/wp-content\\\/uploads\\\/2023\\\/02\\\/FABALB-logo.png\",\"width\":250,\"height\":260,\"caption\":\"Le FabLab\"},\"image\":{\"@id\":\"https:\\\/\\\/fablab-montagny-pres-louhans.fr\\\/#\\\/schema\\\/logo\\\/image\\\/\"},\"sameAs\":[\"https:\\\/\\\/www.facebook.com\\\/fablab.labom\\\/\"]},{\"@type\":\"Person\",\"@id\":\"https:\\\/\\\/fablab-montagny-pres-louhans.fr\\\/#\\\/schema\\\/person\\\/b4b47741bdde563325530989455fe7de\",\"name\":\"Roger Remondy\",\"image\":{\"@type\":\"ImageObject\",\"inLanguage\":\"fr-FR\",\"@id\":\"https:\\\/\\\/fablab-montagny-pres-louhans.fr\\\/wp-content\\\/litespeed\\\/avatar\\\/0636c9b2c03e4d83e562c27b768bd1cb.jpg?ver=1777239698\",\"url\":\"https:\\\/\\\/fablab-montagny-pres-louhans.fr\\\/wp-content\\\/litespeed\\\/avatar\\\/0636c9b2c03e4d83e562c27b768bd1cb.jpg?ver=1777239698\",\"contentUrl\":\"https:\\\/\\\/fablab-montagny-pres-louhans.fr\\\/wp-content\\\/litespeed\\\/avatar\\\/0636c9b2c03e4d83e562c27b768bd1cb.jpg?ver=1777239698\",\"caption\":\"Roger Remondy\"},\"url\":\"https:\\\/\\\/fablab-montagny-pres-louhans.fr\\\/index.php\\\/author\\\/roger\\\/\"}]}<\/script>\n<!-- \/ Yoast SEO plugin. -->","yoast_head_json":{"title":"Le mot du Pr\u00e9sident. Semaine 41. - Le FabLab","robots":{"index":"noindex","follow":"follow","max-snippet":"max-snippet:-1","max-image-preview":"max-image-preview:large","max-video-preview":"max-video-preview:-1"},"og_locale":"fr_FR","og_type":"article","og_title":"Le mot du Pr\u00e9sident. Semaine 41. - Le FabLab","og_description":"Chers amis bonjour, Merci \u00e0 ceux qui se sont d\u00e9plac\u00e9s pour accueillir nos amis de \u00ab\u00a0Made in iki\u00a0\u00bb de Commenailles. Cette rencontre a \u00e9t\u00e9 enrichissante et a mis en \u00e9vidence ce que nous savions d\u00e9j\u00e0, \u00e0 savoir que la philosophie qui anime les 2 fablab voisins passe en priorit\u00e9 par la convivialit\u00e9. En dehors de [&hellip;]","og_url":"https:\/\/fablab-montagny-pres-louhans.fr\/index.php\/2018\/10\/08\/le-mot-du-president-semaine-41\/","og_site_name":"Le FabLab","article_publisher":"https:\/\/www.facebook.com\/fablab.labom\/","article_published_time":"2018-10-08T08:09:34+00:00","article_modified_time":"2018-10-09T04:18:42+00:00","og_image":[{"url":"https:\/\/fablab-montagny-pres-louhans.fr\/wp-content\/uploads\/2018\/10\/DSCN9321-225x300.jpg","type":"","width":"","height":""}],"author":"Roger Remondy","twitter_card":"summary_large_image","twitter_misc":{"\u00c9crit par":"Roger Remondy","Dur\u00e9e de lecture estim\u00e9e":"1 minute"},"schema":{"@context":"https:\/\/schema.org","@graph":[{"@type":"Article","@id":"https:\/\/fablab-montagny-pres-louhans.fr\/index.php\/2018\/10\/08\/le-mot-du-president-semaine-41\/#article","isPartOf":{"@id":"https:\/\/fablab-montagny-pres-louhans.fr\/index.php\/2018\/10\/08\/le-mot-du-president-semaine-41\/"},"author":{"name":"Roger Remondy","@id":"https:\/\/fablab-montagny-pres-louhans.fr\/#\/schema\/person\/b4b47741bdde563325530989455fe7de"},"headline":"Le mot du Pr\u00e9sident. Semaine 41.","datePublished":"2018-10-08T08:09:34+00:00","dateModified":"2018-10-09T04:18:42+00:00","mainEntityOfPage":{"@id":"https:\/\/fablab-montagny-pres-louhans.fr\/index.php\/2018\/10\/08\/le-mot-du-president-semaine-41\/"},"wordCount":194,"publisher":{"@id":"https:\/\/fablab-montagny-pres-louhans.fr\/#organization"},"image":{"@id":"https:\/\/fablab-montagny-pres-louhans.fr\/index.php\/2018\/10\/08\/le-mot-du-president-semaine-41\/#primaryimage"},"thumbnailUrl":"https:\/\/fablab-montagny-pres-louhans.fr\/wp-content\/uploads\/2018\/10\/DSCN9321-225x300.jpg","articleSection":["News"],"inLanguage":"fr-FR"},{"@type":"WebPage","@id":"https:\/\/fablab-montagny-pres-louhans.fr\/index.php\/2018\/10\/08\/le-mot-du-president-semaine-41\/","url":"https:\/\/fablab-montagny-pres-louhans.fr\/index.php\/2018\/10\/08\/le-mot-du-president-semaine-41\/","name":"Le mot du Pr\u00e9sident. Semaine 41. - Le FabLab","isPartOf":{"@id":"https:\/\/fablab-montagny-pres-louhans.fr\/#website"},"primaryImageOfPage":{"@id":"https:\/\/fablab-montagny-pres-louhans.fr\/index.php\/2018\/10\/08\/le-mot-du-president-semaine-41\/#primaryimage"},"image":{"@id":"https:\/\/fablab-montagny-pres-louhans.fr\/index.php\/2018\/10\/08\/le-mot-du-president-semaine-41\/#primaryimage"},"thumbnailUrl":"https:\/\/fablab-montagny-pres-louhans.fr\/wp-content\/uploads\/2018\/10\/DSCN9321-225x300.jpg","datePublished":"2018-10-08T08:09:34+00:00","dateModified":"2018-10-09T04:18:42+00:00","breadcrumb":{"@id":"https:\/\/fablab-montagny-pres-louhans.fr\/index.php\/2018\/10\/08\/le-mot-du-president-semaine-41\/#breadcrumb"},"inLanguage":"fr-FR","potentialAction":[{"@type":"ReadAction","target":["https:\/\/fablab-montagny-pres-louhans.fr\/index.php\/2018\/10\/08\/le-mot-du-president-semaine-41\/"]}]},{"@type":"ImageObject","inLanguage":"fr-FR","@id":"https:\/\/fablab-montagny-pres-louhans.fr\/index.php\/2018\/10\/08\/le-mot-du-president-semaine-41\/#primaryimage","url":"https:\/\/fablab-montagny-pres-louhans.fr\/wp-content\/uploads\/2018\/10\/DSCN9321.jpg","contentUrl":"https:\/\/fablab-montagny-pres-louhans.fr\/wp-content\/uploads\/2018\/10\/DSCN9321.jpg","width":1200,"height":1600},{"@type":"BreadcrumbList","@id":"https:\/\/fablab-montagny-pres-louhans.fr\/index.php\/2018\/10\/08\/le-mot-du-president-semaine-41\/#breadcrumb","itemListElement":[{"@type":"ListItem","position":1,"name":"Accueil","item":"https:\/\/fablab-montagny-pres-louhans.fr\/"},{"@type":"ListItem","position":2,"name":"Le mot du Pr\u00e9sident. Semaine 41."}]},{"@type":"WebSite","@id":"https:\/\/fablab-montagny-pres-louhans.fr\/#website","url":"https:\/\/fablab-montagny-pres-louhans.fr\/","name":"Le FabLab","description":"Le premier de Bresse","publisher":{"@id":"https:\/\/fablab-montagny-pres-louhans.fr\/#organization"},"potentialAction":[{"@type":"SearchAction","target":{"@type":"EntryPoint","urlTemplate":"https:\/\/fablab-montagny-pres-louhans.fr\/?s={search_term_string}"},"query-input":{"@type":"PropertyValueSpecification","valueRequired":true,"valueName":"search_term_string"}}],"inLanguage":"fr-FR"},{"@type":"Organization","@id":"https:\/\/fablab-montagny-pres-louhans.fr\/#organization","name":"Le FabLab","url":"https:\/\/fablab-montagny-pres-louhans.fr\/","logo":{"@type":"ImageObject","inLanguage":"fr-FR","@id":"https:\/\/fablab-montagny-pres-louhans.fr\/#\/schema\/logo\/image\/","url":"https:\/\/fablab-montagny-pres-louhans.fr\/wp-content\/uploads\/2023\/02\/FABALB-logo.png","contentUrl":"https:\/\/fablab-montagny-pres-louhans.fr\/wp-content\/uploads\/2023\/02\/FABALB-logo.png","width":250,"height":260,"caption":"Le FabLab"},"image":{"@id":"https:\/\/fablab-montagny-pres-louhans.fr\/#\/schema\/logo\/image\/"},"sameAs":["https:\/\/www.facebook.com\/fablab.labom\/"]},{"@type":"Person","@id":"https:\/\/fablab-montagny-pres-louhans.fr\/#\/schema\/person\/b4b47741bdde563325530989455fe7de","name":"Roger Remondy","image":{"@type":"ImageObject","inLanguage":"fr-FR","@id":"https:\/\/fablab-montagny-pres-louhans.fr\/wp-content\/litespeed\/avatar\/0636c9b2c03e4d83e562c27b768bd1cb.jpg?ver=1777239698","url":"https:\/\/fablab-montagny-pres-louhans.fr\/wp-content\/litespeed\/avatar\/0636c9b2c03e4d83e562c27b768bd1cb.jpg?ver=1777239698","contentUrl":"https:\/\/fablab-montagny-pres-louhans.fr\/wp-content\/litespeed\/avatar\/0636c9b2c03e4d83e562c27b768bd1cb.jpg?ver=1777239698","caption":"Roger Remondy"},"url":"https:\/\/fablab-montagny-pres-louhans.fr\/index.php\/author\/roger\/"}]}},"_links":{"self":[{"href":"https:\/\/fablab-montagny-pres-louhans.fr\/index.php\/wp-json\/wp\/v2\/posts\/1578","targetHints":{"allow":["GET"]}}],"collection":[{"href":"https:\/\/fablab-montagny-pres-louhans.fr\/index.php\/wp-json\/wp\/v2\/posts"}],"about":[{"href":"https:\/\/fablab-montagny-pres-louhans.fr\/index.php\/wp-json\/wp\/v2\/types\/post"}],"author":[{"embeddable":true,"href":"https:\/\/fablab-montagny-pres-louhans.fr\/index.php\/wp-json\/wp\/v2\/users\/29"}],"replies":[{"embeddable":true,"href":"https:\/\/fablab-montagny-pres-louhans.fr\/index.php\/wp-json\/wp\/v2\/comments?post=1578"}],"version-history":[{"count":6,"href":"https:\/\/fablab-montagny-pres-louhans.fr\/index.php\/wp-json\/wp\/v2\/posts\/1578\/revisions"}],"predecessor-version":[{"id":1613,"href":"https:\/\/fablab-montagny-pres-louhans.fr\/index.php\/wp-json\/wp\/v2\/posts\/1578\/revisions\/1613"}],"wp:attachment":[{"href":"https:\/\/fablab-montagny-pres-louhans.fr\/index.php\/wp-json\/wp\/v2\/media?parent=1578"}],"wp:term":[{"taxonomy":"category","embeddable":true,"href":"https:\/\/fablab-montagny-pres-louhans.fr\/index.php\/wp-json\/wp\/v2\/categories?post=1578"},{"taxonomy":"post_tag","embeddable":true,"href":"https:\/\/fablab-montagny-pres-louhans.fr\/index.php\/wp-json\/wp\/v2\/tags?post=1578"}],"curies":[{"name":"wp","href":"https:\/\/api.w.org\/{rel}","templated":true}]}}