{"id":1480,"date":"2018-09-30T23:11:49","date_gmt":"2018-09-30T21:11:49","guid":{"rendered":"https:\/\/fablab-montagny-pres-louhans.fr\/?p=1480"},"modified":"2018-10-02T11:02:54","modified_gmt":"2018-10-02T09:02:54","slug":"ca-grenouille-pas-mal-au-fablab","status":"publish","type":"post","link":"https:\/\/fablab-montagny-pres-louhans.fr\/index.php\/2018\/09\/30\/ca-grenouille-pas-mal-au-fablab\/","title":{"rendered":"\u00e7a grenouille pas mal au Fablab !!!"},"content":{"rendered":"<p style=\"text-align: left;\">\u00c7a grenouille pas mal au Fablab !!!<\/p>\n<p style=\"text-align: left;\">\u00a0 \u00a0 \u00a0Pour une fois \u00e7a n&rsquo;\u00e9tait pas dans les minist\u00e8res, mais au Fablab : et pas seulement des femmes qui grenouillaient, mais des hommes aussi et de quelle mani\u00e8re !<br \/>\nIl faut vous dire que dimanche 28 octobre, le Comit\u00e9 de fleurissement vous accueillera \u00e0 la Maison du temps libre pour son repas annuel, avec entre &#8211; autre, au menu &#8230; Grenouilles \u00e0 volont\u00e9.<br \/>\nAussi, \u00e0 cette occasion, des grenouilles de carton sautilleront sur les tables o\u00f9 les dessous de verre \u00ab\u00a0souvenir\u00a0\u00bb porteront la marque du batracien en question.<br \/>\nPour cela, mercredi, \u00ab\u00a0elles\u00a0\u00bb d\u00e9coupaient et pliaient en coeur du canson vert et samedi, \u00ab\u00a0ils\u00a0\u00bb tournoyaient autour de la Laser pour d\u00e9couper et graver les premiers des 130 sous-verre n\u00e9cessaires:<\/p>\n<p style=\"text-align: left;\">\u00a0 \u00a0 \u00a0 \u00a0 \u00a0\u00a0<img loading=\"lazy\" decoding=\"async\" class=\"alignnone size-medium wp-image-1481\" src=\"https:\/\/fablab-montagny-pres-louhans.fr\/wp-content\/uploads\/2018\/09\/DSCN9191-2-300x169.jpg\" alt=\"\" width=\"300\" height=\"169\" srcset=\"https:\/\/fablab-montagny-pres-louhans.fr\/wp-content\/uploads\/2018\/09\/DSCN9191-2-300x169.jpg 300w, https:\/\/fablab-montagny-pres-louhans.fr\/wp-content\/uploads\/2018\/09\/DSCN9191-2.jpg 640w\" sizes=\"(max-width: 300px) 100vw, 300px\" \/>.\u00a0\u00a0\u00a0 \u00a0 \u00a0 \u00a0 \u00a0 \u00a0 \u00a0 \u00a0 \u00a0 \u00a0 \u00a0 \u00a0 \u00a0\u00a0\u00a0\u00a0<img loading=\"lazy\" decoding=\"async\" class=\"alignnone size-medium wp-image-1483\" src=\"https:\/\/fablab-montagny-pres-louhans.fr\/wp-content\/uploads\/2018\/09\/DSCN9196-2-300x169.jpg\" alt=\"\" width=\"300\" height=\"169\" srcset=\"https:\/\/fablab-montagny-pres-louhans.fr\/wp-content\/uploads\/2018\/09\/DSCN9196-2-300x169.jpg 300w, https:\/\/fablab-montagny-pres-louhans.fr\/wp-content\/uploads\/2018\/09\/DSCN9196-2-768x432.jpg 768w, https:\/\/fablab-montagny-pres-louhans.fr\/wp-content\/uploads\/2018\/09\/DSCN9196-2.jpg 800w\" sizes=\"(max-width: 300px) 100vw, 300px\" \/><\/p>\n<p>\u00a0 \u00a0 \u00a0 \u00a0 \u00a0 \u00a0<img loading=\"lazy\" decoding=\"async\" class=\"alignnone size-medium wp-image-1484\" src=\"https:\/\/fablab-montagny-pres-louhans.fr\/wp-content\/uploads\/2018\/09\/DSCN9219-2-300x225.jpg\" alt=\"\" width=\"300\" height=\"225\" srcset=\"https:\/\/fablab-montagny-pres-louhans.fr\/wp-content\/uploads\/2018\/09\/DSCN9219-2-300x225.jpg 300w, https:\/\/fablab-montagny-pres-louhans.fr\/wp-content\/uploads\/2018\/09\/DSCN9219-2-768x576.jpg 768w, https:\/\/fablab-montagny-pres-louhans.fr\/wp-content\/uploads\/2018\/09\/DSCN9219-2.jpg 800w\" sizes=\"(max-width: 300px) 100vw, 300px\" \/>\u00a0 \u00a0 \u00a0 \u00a0 \u00a0 \u00a0 \u00a0 \u00a0 \u00a0 \u00a0 \u00a0 \u00a0 \u00a0 \u00a0 \u00a0\u00a0<img loading=\"lazy\" decoding=\"async\" class=\"alignnone size-medium wp-image-1495\" src=\"https:\/\/fablab-montagny-pres-louhans.fr\/wp-content\/uploads\/2018\/09\/DSCN9272-2-300x225.jpg\" alt=\"\" width=\"300\" height=\"225\" srcset=\"https:\/\/fablab-montagny-pres-louhans.fr\/wp-content\/uploads\/2018\/09\/DSCN9272-2-300x225.jpg 300w, https:\/\/fablab-montagny-pres-louhans.fr\/wp-content\/uploads\/2018\/09\/DSCN9272-2-768x576.jpg 768w, https:\/\/fablab-montagny-pres-louhans.fr\/wp-content\/uploads\/2018\/09\/DSCN9272-2.jpg 800w\" sizes=\"(max-width: 300px) 100vw, 300px\" \/>\u00a0 \u00a0 \u00a0 \u00a0 \u00a0 \u00a0 \u00a0Les ateliers red\u00e9marrent sur les chapeaux de roues. Venez nous rejoindre: de nouveaux ateliers sont en r\u00e9flexion et les g\u00e2teaux et les tartes d&rsquo; Elise sont toujours &#8230;hummmmmm!<\/p>\n<p><img loading=\"lazy\" decoding=\"async\" class=\"alignnone size-medium wp-image-1498\" src=\"https:\/\/fablab-montagny-pres-louhans.fr\/wp-content\/uploads\/2018\/09\/DSCN9223-e1538340195431-225x300.jpg\" alt=\"\" width=\"225\" height=\"300\" srcset=\"https:\/\/fablab-montagny-pres-louhans.fr\/wp-content\/uploads\/2018\/09\/DSCN9223-e1538340195431-225x300.jpg 225w, https:\/\/fablab-montagny-pres-louhans.fr\/wp-content\/uploads\/2018\/09\/DSCN9223-e1538340195431-768x1024.jpg 768w, https:\/\/fablab-montagny-pres-louhans.fr\/wp-content\/uploads\/2018\/09\/DSCN9223-e1538340195431.jpg 1200w\" sizes=\"(max-width: 225px) 100vw, 225px\" \/>\u00a0 \u00a0 \u00a0\u00a0\u00a0 \u00a0<img loading=\"lazy\" decoding=\"async\" class=\"alignnone size-medium wp-image-1505\" src=\"https:\/\/fablab-montagny-pres-louhans.fr\/wp-content\/uploads\/2018\/09\/DSCN9253-300x225.jpg\" alt=\"\" width=\"300\" height=\"225\" \/>\u00a0 \u00a0 \u00a0 \u00a0\u00a0<img loading=\"lazy\" decoding=\"async\" class=\"alignnone size-medium wp-image-1508\" src=\"https:\/\/fablab-montagny-pres-louhans.fr\/wp-content\/uploads\/2018\/09\/DSCN9262-e1538340869217-225x300.jpg\" alt=\"\" width=\"225\" height=\"300\" srcset=\"https:\/\/fablab-montagny-pres-louhans.fr\/wp-content\/uploads\/2018\/09\/DSCN9262-e1538340869217-225x300.jpg 225w, https:\/\/fablab-montagny-pres-louhans.fr\/wp-content\/uploads\/2018\/09\/DSCN9262-e1538340869217.jpg 675w\" sizes=\"(max-width: 225px) 100vw, 225px\" \/><\/p>\n<p><img loading=\"lazy\" decoding=\"async\" class=\"size-medium wp-image-1496 alignleft\" src=\"https:\/\/fablab-montagny-pres-louhans.fr\/wp-content\/uploads\/2018\/09\/DSCN9188-300x169.jpg\" alt=\"\" width=\"300\" height=\"169\" \/>\u00a0 \u00a0 <img loading=\"lazy\" decoding=\"async\" class=\"size-medium wp-image-1503 alignright\" src=\"https:\/\/fablab-montagny-pres-louhans.fr\/wp-content\/uploads\/2018\/09\/DSCN9246-300x225.jpg\" alt=\"\" width=\"300\" height=\"225\" \/><\/p>\n<p>&nbsp;<\/p>\n<p>&nbsp;<\/p>\n<p>&nbsp;<\/p>\n<p style=\"text-align: center;\"><img loading=\"lazy\" decoding=\"async\" class=\"size-medium wp-image-1506 alignleft\" src=\"https:\/\/fablab-montagny-pres-louhans.fr\/wp-content\/uploads\/2018\/09\/DSCN9254-300x225.jpg\" alt=\"\" width=\"300\" height=\"225\" \/><\/p>\n<p>&nbsp;<\/p>\n<p style=\"text-align: left;\">N&rsquo;oubliez pas de r\u00e9server pour les grenouilles&#8230;<\/p>\n<p style=\"text-align: left;\">Le programme de la semaine est charg\u00e9 : ouverture les mercredi, vendredi et samedi. Voyez ci-dessous le d\u00e9tail.<\/p>\n<p style=\"text-align: left;\">Bonne semaine !<\/p>\n<p style=\"text-align: left;\">\n<blockquote class=\"wp-embedded-content\" data-secret=\"YQkQMo9bIX\"><p><a href=\"https:\/\/fablab-montagny-pres-louhans.fr\/index.php\/horaires-et-ateliers\/\">Horaires et ateliers, Manifestations<\/a><\/p><\/blockquote>\n<p><iframe loading=\"lazy\" class=\"wp-embedded-content\" sandbox=\"allow-scripts\" security=\"restricted\" style=\"position: absolute; visibility: hidden;\" title=\"\u00ab\u00a0Horaires et ateliers, Manifestations\u00a0\u00bb &#8212; Le FabLab\" src=\"https:\/\/fablab-montagny-pres-louhans.fr\/index.php\/horaires-et-ateliers\/embed\/#?secret=nY41Xyej3N#?secret=YQkQMo9bIX\" data-secret=\"YQkQMo9bIX\" width=\"600\" height=\"338\" frameborder=\"0\" marginwidth=\"0\" marginheight=\"0\" scrolling=\"no\"><\/iframe><\/p>\n<blockquote><p>&nbsp;<\/p>\n<p>&nbsp;<\/p>\n<p>&nbsp;<\/p>\n<p style=\"text-align: left;\">\n<\/blockquote>\n<p>&nbsp;<\/p>\n","protected":false},"excerpt":{"rendered":"<p>\u00c7a grenouille pas mal au Fablab !!! \u00a0 \u00a0 \u00a0Pour une fois \u00e7a n&rsquo;\u00e9tait pas dans les minist\u00e8res, mais au Fablab : et pas seulement des femmes qui grenouillaient, mais des hommes aussi et de quelle mani\u00e8re ! Il faut vous dire que dimanche 28 octobre, le Comit\u00e9 de fleurissement vous accueillera \u00e0 la Maison [&hellip;]<\/p>\n","protected":false},"author":29,"featured_media":0,"comment_status":"closed","ping_status":"open","sticky":false,"template":"","format":"standard","meta":{"_et_pb_use_builder":"","_et_pb_old_content":"","_et_gb_content_width":"","rop_custom_images_group":[],"rop_custom_messages_group":[],"rop_publish_now":"initial","rop_publish_now_accounts":{"facebook_1992431424458146_173380702515979":""},"rop_publish_now_history":[],"rop_publish_now_status":"pending","footnotes":""},"categories":[2],"tags":[],"class_list":["post-1480","post","type-post","status-publish","format-standard","hentry","category-news"],"yoast_head":"<!-- This site is optimized with the Yoast SEO plugin v27.3 - https:\/\/yoast.com\/product\/yoast-seo-wordpress\/ -->\n<title>\u00e7a grenouille pas mal au Fablab !!! - Le FabLab<\/title>\n<meta name=\"robots\" content=\"noindex, follow, max-snippet:-1, max-image-preview:large, max-video-preview:-1\" \/>\n<meta property=\"og:locale\" content=\"fr_FR\" \/>\n<meta property=\"og:type\" content=\"article\" \/>\n<meta property=\"og:title\" content=\"\u00e7a grenouille pas mal au Fablab !!! - Le FabLab\" \/>\n<meta property=\"og:description\" content=\"\u00c7a grenouille pas mal au Fablab !!! \u00a0 \u00a0 \u00a0Pour une fois \u00e7a n&rsquo;\u00e9tait pas dans les minist\u00e8res, mais au Fablab : et pas seulement des femmes qui grenouillaient, mais des hommes aussi et de quelle mani\u00e8re ! Il faut vous dire que dimanche 28 octobre, le Comit\u00e9 de fleurissement vous accueillera \u00e0 la Maison [&hellip;]\" \/>\n<meta property=\"og:url\" content=\"https:\/\/fablab-montagny-pres-louhans.fr\/index.php\/2018\/09\/30\/ca-grenouille-pas-mal-au-fablab\/\" \/>\n<meta property=\"og:site_name\" content=\"Le FabLab\" \/>\n<meta property=\"article:publisher\" content=\"https:\/\/www.facebook.com\/fablab.labom\/\" \/>\n<meta property=\"article:published_time\" content=\"2018-09-30T21:11:49+00:00\" \/>\n<meta property=\"article:modified_time\" content=\"2018-10-02T09:02:54+00:00\" \/>\n<meta property=\"og:image\" content=\"https:\/\/fablab-montagny-pres-louhans.fr\/wp-content\/uploads\/2018\/09\/DSCN9191-2-300x169.jpg\" \/>\n<meta name=\"author\" content=\"Roger Remondy\" \/>\n<meta name=\"twitter:card\" content=\"summary_large_image\" \/>\n<meta name=\"twitter:label1\" content=\"\u00c9crit par\" \/>\n\t<meta name=\"twitter:data1\" content=\"Roger Remondy\" \/>\n\t<meta name=\"twitter:label2\" content=\"Dur\u00e9e de lecture estim\u00e9e\" \/>\n\t<meta name=\"twitter:data2\" content=\"1 minute\" \/>\n<script type=\"application\/ld+json\" class=\"yoast-schema-graph\">{\"@context\":\"https:\\\/\\\/schema.org\",\"@graph\":[{\"@type\":\"Article\",\"@id\":\"https:\\\/\\\/fablab-montagny-pres-louhans.fr\\\/index.php\\\/2018\\\/09\\\/30\\\/ca-grenouille-pas-mal-au-fablab\\\/#article\",\"isPartOf\":{\"@id\":\"https:\\\/\\\/fablab-montagny-pres-louhans.fr\\\/index.php\\\/2018\\\/09\\\/30\\\/ca-grenouille-pas-mal-au-fablab\\\/\"},\"author\":{\"name\":\"Roger Remondy\",\"@id\":\"https:\\\/\\\/fablab-montagny-pres-louhans.fr\\\/#\\\/schema\\\/person\\\/b4b47741bdde563325530989455fe7de\"},\"headline\":\"\u00e7a grenouille pas mal au Fablab !!!\",\"datePublished\":\"2018-09-30T21:11:49+00:00\",\"dateModified\":\"2018-10-02T09:02:54+00:00\",\"mainEntityOfPage\":{\"@id\":\"https:\\\/\\\/fablab-montagny-pres-louhans.fr\\\/index.php\\\/2018\\\/09\\\/30\\\/ca-grenouille-pas-mal-au-fablab\\\/\"},\"wordCount\":201,\"publisher\":{\"@id\":\"https:\\\/\\\/fablab-montagny-pres-louhans.fr\\\/#organization\"},\"image\":{\"@id\":\"https:\\\/\\\/fablab-montagny-pres-louhans.fr\\\/index.php\\\/2018\\\/09\\\/30\\\/ca-grenouille-pas-mal-au-fablab\\\/#primaryimage\"},\"thumbnailUrl\":\"https:\\\/\\\/fablab-montagny-pres-louhans.fr\\\/wp-content\\\/uploads\\\/2018\\\/09\\\/DSCN9191-2-300x169.jpg\",\"articleSection\":[\"News\"],\"inLanguage\":\"fr-FR\"},{\"@type\":\"WebPage\",\"@id\":\"https:\\\/\\\/fablab-montagny-pres-louhans.fr\\\/index.php\\\/2018\\\/09\\\/30\\\/ca-grenouille-pas-mal-au-fablab\\\/\",\"url\":\"https:\\\/\\\/fablab-montagny-pres-louhans.fr\\\/index.php\\\/2018\\\/09\\\/30\\\/ca-grenouille-pas-mal-au-fablab\\\/\",\"name\":\"\u00e7a grenouille pas mal au Fablab !!! - Le FabLab\",\"isPartOf\":{\"@id\":\"https:\\\/\\\/fablab-montagny-pres-louhans.fr\\\/#website\"},\"primaryImageOfPage\":{\"@id\":\"https:\\\/\\\/fablab-montagny-pres-louhans.fr\\\/index.php\\\/2018\\\/09\\\/30\\\/ca-grenouille-pas-mal-au-fablab\\\/#primaryimage\"},\"image\":{\"@id\":\"https:\\\/\\\/fablab-montagny-pres-louhans.fr\\\/index.php\\\/2018\\\/09\\\/30\\\/ca-grenouille-pas-mal-au-fablab\\\/#primaryimage\"},\"thumbnailUrl\":\"https:\\\/\\\/fablab-montagny-pres-louhans.fr\\\/wp-content\\\/uploads\\\/2018\\\/09\\\/DSCN9191-2-300x169.jpg\",\"datePublished\":\"2018-09-30T21:11:49+00:00\",\"dateModified\":\"2018-10-02T09:02:54+00:00\",\"breadcrumb\":{\"@id\":\"https:\\\/\\\/fablab-montagny-pres-louhans.fr\\\/index.php\\\/2018\\\/09\\\/30\\\/ca-grenouille-pas-mal-au-fablab\\\/#breadcrumb\"},\"inLanguage\":\"fr-FR\",\"potentialAction\":[{\"@type\":\"ReadAction\",\"target\":[\"https:\\\/\\\/fablab-montagny-pres-louhans.fr\\\/index.php\\\/2018\\\/09\\\/30\\\/ca-grenouille-pas-mal-au-fablab\\\/\"]}]},{\"@type\":\"ImageObject\",\"inLanguage\":\"fr-FR\",\"@id\":\"https:\\\/\\\/fablab-montagny-pres-louhans.fr\\\/index.php\\\/2018\\\/09\\\/30\\\/ca-grenouille-pas-mal-au-fablab\\\/#primaryimage\",\"url\":\"https:\\\/\\\/fablab-montagny-pres-louhans.fr\\\/wp-content\\\/uploads\\\/2018\\\/09\\\/DSCN9191-2.jpg\",\"contentUrl\":\"https:\\\/\\\/fablab-montagny-pres-louhans.fr\\\/wp-content\\\/uploads\\\/2018\\\/09\\\/DSCN9191-2.jpg\",\"width\":640,\"height\":360},{\"@type\":\"BreadcrumbList\",\"@id\":\"https:\\\/\\\/fablab-montagny-pres-louhans.fr\\\/index.php\\\/2018\\\/09\\\/30\\\/ca-grenouille-pas-mal-au-fablab\\\/#breadcrumb\",\"itemListElement\":[{\"@type\":\"ListItem\",\"position\":1,\"name\":\"Accueil\",\"item\":\"https:\\\/\\\/fablab-montagny-pres-louhans.fr\\\/\"},{\"@type\":\"ListItem\",\"position\":2,\"name\":\"\u00e7a grenouille pas mal au Fablab !!!\"}]},{\"@type\":\"WebSite\",\"@id\":\"https:\\\/\\\/fablab-montagny-pres-louhans.fr\\\/#website\",\"url\":\"https:\\\/\\\/fablab-montagny-pres-louhans.fr\\\/\",\"name\":\"Le FabLab\",\"description\":\"Le premier de Bresse\",\"publisher\":{\"@id\":\"https:\\\/\\\/fablab-montagny-pres-louhans.fr\\\/#organization\"},\"potentialAction\":[{\"@type\":\"SearchAction\",\"target\":{\"@type\":\"EntryPoint\",\"urlTemplate\":\"https:\\\/\\\/fablab-montagny-pres-louhans.fr\\\/?s={search_term_string}\"},\"query-input\":{\"@type\":\"PropertyValueSpecification\",\"valueRequired\":true,\"valueName\":\"search_term_string\"}}],\"inLanguage\":\"fr-FR\"},{\"@type\":\"Organization\",\"@id\":\"https:\\\/\\\/fablab-montagny-pres-louhans.fr\\\/#organization\",\"name\":\"Le FabLab\",\"url\":\"https:\\\/\\\/fablab-montagny-pres-louhans.fr\\\/\",\"logo\":{\"@type\":\"ImageObject\",\"inLanguage\":\"fr-FR\",\"@id\":\"https:\\\/\\\/fablab-montagny-pres-louhans.fr\\\/#\\\/schema\\\/logo\\\/image\\\/\",\"url\":\"https:\\\/\\\/fablab-montagny-pres-louhans.fr\\\/wp-content\\\/uploads\\\/2023\\\/02\\\/FABALB-logo.png\",\"contentUrl\":\"https:\\\/\\\/fablab-montagny-pres-louhans.fr\\\/wp-content\\\/uploads\\\/2023\\\/02\\\/FABALB-logo.png\",\"width\":250,\"height\":260,\"caption\":\"Le FabLab\"},\"image\":{\"@id\":\"https:\\\/\\\/fablab-montagny-pres-louhans.fr\\\/#\\\/schema\\\/logo\\\/image\\\/\"},\"sameAs\":[\"https:\\\/\\\/www.facebook.com\\\/fablab.labom\\\/\"]},{\"@type\":\"Person\",\"@id\":\"https:\\\/\\\/fablab-montagny-pres-louhans.fr\\\/#\\\/schema\\\/person\\\/b4b47741bdde563325530989455fe7de\",\"name\":\"Roger Remondy\",\"image\":{\"@type\":\"ImageObject\",\"inLanguage\":\"fr-FR\",\"@id\":\"https:\\\/\\\/fablab-montagny-pres-louhans.fr\\\/wp-content\\\/litespeed\\\/avatar\\\/0636c9b2c03e4d83e562c27b768bd1cb.jpg?ver=1777239698\",\"url\":\"https:\\\/\\\/fablab-montagny-pres-louhans.fr\\\/wp-content\\\/litespeed\\\/avatar\\\/0636c9b2c03e4d83e562c27b768bd1cb.jpg?ver=1777239698\",\"contentUrl\":\"https:\\\/\\\/fablab-montagny-pres-louhans.fr\\\/wp-content\\\/litespeed\\\/avatar\\\/0636c9b2c03e4d83e562c27b768bd1cb.jpg?ver=1777239698\",\"caption\":\"Roger Remondy\"},\"url\":\"https:\\\/\\\/fablab-montagny-pres-louhans.fr\\\/index.php\\\/author\\\/roger\\\/\"}]}<\/script>\n<!-- \/ Yoast SEO plugin. -->","yoast_head_json":{"title":"\u00e7a grenouille pas mal au Fablab !!! - Le FabLab","robots":{"index":"noindex","follow":"follow","max-snippet":"max-snippet:-1","max-image-preview":"max-image-preview:large","max-video-preview":"max-video-preview:-1"},"og_locale":"fr_FR","og_type":"article","og_title":"\u00e7a grenouille pas mal au Fablab !!! - Le FabLab","og_description":"\u00c7a grenouille pas mal au Fablab !!! \u00a0 \u00a0 \u00a0Pour une fois \u00e7a n&rsquo;\u00e9tait pas dans les minist\u00e8res, mais au Fablab : et pas seulement des femmes qui grenouillaient, mais des hommes aussi et de quelle mani\u00e8re ! Il faut vous dire que dimanche 28 octobre, le Comit\u00e9 de fleurissement vous accueillera \u00e0 la Maison [&hellip;]","og_url":"https:\/\/fablab-montagny-pres-louhans.fr\/index.php\/2018\/09\/30\/ca-grenouille-pas-mal-au-fablab\/","og_site_name":"Le FabLab","article_publisher":"https:\/\/www.facebook.com\/fablab.labom\/","article_published_time":"2018-09-30T21:11:49+00:00","article_modified_time":"2018-10-02T09:02:54+00:00","og_image":[{"url":"https:\/\/fablab-montagny-pres-louhans.fr\/wp-content\/uploads\/2018\/09\/DSCN9191-2-300x169.jpg","type":"","width":"","height":""}],"author":"Roger Remondy","twitter_card":"summary_large_image","twitter_misc":{"\u00c9crit par":"Roger Remondy","Dur\u00e9e de lecture estim\u00e9e":"1 minute"},"schema":{"@context":"https:\/\/schema.org","@graph":[{"@type":"Article","@id":"https:\/\/fablab-montagny-pres-louhans.fr\/index.php\/2018\/09\/30\/ca-grenouille-pas-mal-au-fablab\/#article","isPartOf":{"@id":"https:\/\/fablab-montagny-pres-louhans.fr\/index.php\/2018\/09\/30\/ca-grenouille-pas-mal-au-fablab\/"},"author":{"name":"Roger Remondy","@id":"https:\/\/fablab-montagny-pres-louhans.fr\/#\/schema\/person\/b4b47741bdde563325530989455fe7de"},"headline":"\u00e7a grenouille pas mal au Fablab !!!","datePublished":"2018-09-30T21:11:49+00:00","dateModified":"2018-10-02T09:02:54+00:00","mainEntityOfPage":{"@id":"https:\/\/fablab-montagny-pres-louhans.fr\/index.php\/2018\/09\/30\/ca-grenouille-pas-mal-au-fablab\/"},"wordCount":201,"publisher":{"@id":"https:\/\/fablab-montagny-pres-louhans.fr\/#organization"},"image":{"@id":"https:\/\/fablab-montagny-pres-louhans.fr\/index.php\/2018\/09\/30\/ca-grenouille-pas-mal-au-fablab\/#primaryimage"},"thumbnailUrl":"https:\/\/fablab-montagny-pres-louhans.fr\/wp-content\/uploads\/2018\/09\/DSCN9191-2-300x169.jpg","articleSection":["News"],"inLanguage":"fr-FR"},{"@type":"WebPage","@id":"https:\/\/fablab-montagny-pres-louhans.fr\/index.php\/2018\/09\/30\/ca-grenouille-pas-mal-au-fablab\/","url":"https:\/\/fablab-montagny-pres-louhans.fr\/index.php\/2018\/09\/30\/ca-grenouille-pas-mal-au-fablab\/","name":"\u00e7a grenouille pas mal au Fablab !!! - Le FabLab","isPartOf":{"@id":"https:\/\/fablab-montagny-pres-louhans.fr\/#website"},"primaryImageOfPage":{"@id":"https:\/\/fablab-montagny-pres-louhans.fr\/index.php\/2018\/09\/30\/ca-grenouille-pas-mal-au-fablab\/#primaryimage"},"image":{"@id":"https:\/\/fablab-montagny-pres-louhans.fr\/index.php\/2018\/09\/30\/ca-grenouille-pas-mal-au-fablab\/#primaryimage"},"thumbnailUrl":"https:\/\/fablab-montagny-pres-louhans.fr\/wp-content\/uploads\/2018\/09\/DSCN9191-2-300x169.jpg","datePublished":"2018-09-30T21:11:49+00:00","dateModified":"2018-10-02T09:02:54+00:00","breadcrumb":{"@id":"https:\/\/fablab-montagny-pres-louhans.fr\/index.php\/2018\/09\/30\/ca-grenouille-pas-mal-au-fablab\/#breadcrumb"},"inLanguage":"fr-FR","potentialAction":[{"@type":"ReadAction","target":["https:\/\/fablab-montagny-pres-louhans.fr\/index.php\/2018\/09\/30\/ca-grenouille-pas-mal-au-fablab\/"]}]},{"@type":"ImageObject","inLanguage":"fr-FR","@id":"https:\/\/fablab-montagny-pres-louhans.fr\/index.php\/2018\/09\/30\/ca-grenouille-pas-mal-au-fablab\/#primaryimage","url":"https:\/\/fablab-montagny-pres-louhans.fr\/wp-content\/uploads\/2018\/09\/DSCN9191-2.jpg","contentUrl":"https:\/\/fablab-montagny-pres-louhans.fr\/wp-content\/uploads\/2018\/09\/DSCN9191-2.jpg","width":640,"height":360},{"@type":"BreadcrumbList","@id":"https:\/\/fablab-montagny-pres-louhans.fr\/index.php\/2018\/09\/30\/ca-grenouille-pas-mal-au-fablab\/#breadcrumb","itemListElement":[{"@type":"ListItem","position":1,"name":"Accueil","item":"https:\/\/fablab-montagny-pres-louhans.fr\/"},{"@type":"ListItem","position":2,"name":"\u00e7a grenouille pas mal au Fablab !!!"}]},{"@type":"WebSite","@id":"https:\/\/fablab-montagny-pres-louhans.fr\/#website","url":"https:\/\/fablab-montagny-pres-louhans.fr\/","name":"Le FabLab","description":"Le premier de Bresse","publisher":{"@id":"https:\/\/fablab-montagny-pres-louhans.fr\/#organization"},"potentialAction":[{"@type":"SearchAction","target":{"@type":"EntryPoint","urlTemplate":"https:\/\/fablab-montagny-pres-louhans.fr\/?s={search_term_string}"},"query-input":{"@type":"PropertyValueSpecification","valueRequired":true,"valueName":"search_term_string"}}],"inLanguage":"fr-FR"},{"@type":"Organization","@id":"https:\/\/fablab-montagny-pres-louhans.fr\/#organization","name":"Le FabLab","url":"https:\/\/fablab-montagny-pres-louhans.fr\/","logo":{"@type":"ImageObject","inLanguage":"fr-FR","@id":"https:\/\/fablab-montagny-pres-louhans.fr\/#\/schema\/logo\/image\/","url":"https:\/\/fablab-montagny-pres-louhans.fr\/wp-content\/uploads\/2023\/02\/FABALB-logo.png","contentUrl":"https:\/\/fablab-montagny-pres-louhans.fr\/wp-content\/uploads\/2023\/02\/FABALB-logo.png","width":250,"height":260,"caption":"Le FabLab"},"image":{"@id":"https:\/\/fablab-montagny-pres-louhans.fr\/#\/schema\/logo\/image\/"},"sameAs":["https:\/\/www.facebook.com\/fablab.labom\/"]},{"@type":"Person","@id":"https:\/\/fablab-montagny-pres-louhans.fr\/#\/schema\/person\/b4b47741bdde563325530989455fe7de","name":"Roger Remondy","image":{"@type":"ImageObject","inLanguage":"fr-FR","@id":"https:\/\/fablab-montagny-pres-louhans.fr\/wp-content\/litespeed\/avatar\/0636c9b2c03e4d83e562c27b768bd1cb.jpg?ver=1777239698","url":"https:\/\/fablab-montagny-pres-louhans.fr\/wp-content\/litespeed\/avatar\/0636c9b2c03e4d83e562c27b768bd1cb.jpg?ver=1777239698","contentUrl":"https:\/\/fablab-montagny-pres-louhans.fr\/wp-content\/litespeed\/avatar\/0636c9b2c03e4d83e562c27b768bd1cb.jpg?ver=1777239698","caption":"Roger Remondy"},"url":"https:\/\/fablab-montagny-pres-louhans.fr\/index.php\/author\/roger\/"}]}},"_links":{"self":[{"href":"https:\/\/fablab-montagny-pres-louhans.fr\/index.php\/wp-json\/wp\/v2\/posts\/1480","targetHints":{"allow":["GET"]}}],"collection":[{"href":"https:\/\/fablab-montagny-pres-louhans.fr\/index.php\/wp-json\/wp\/v2\/posts"}],"about":[{"href":"https:\/\/fablab-montagny-pres-louhans.fr\/index.php\/wp-json\/wp\/v2\/types\/post"}],"author":[{"embeddable":true,"href":"https:\/\/fablab-montagny-pres-louhans.fr\/index.php\/wp-json\/wp\/v2\/users\/29"}],"replies":[{"embeddable":true,"href":"https:\/\/fablab-montagny-pres-louhans.fr\/index.php\/wp-json\/wp\/v2\/comments?post=1480"}],"version-history":[{"count":7,"href":"https:\/\/fablab-montagny-pres-louhans.fr\/index.php\/wp-json\/wp\/v2\/posts\/1480\/revisions"}],"predecessor-version":[{"id":1514,"href":"https:\/\/fablab-montagny-pres-louhans.fr\/index.php\/wp-json\/wp\/v2\/posts\/1480\/revisions\/1514"}],"wp:attachment":[{"href":"https:\/\/fablab-montagny-pres-louhans.fr\/index.php\/wp-json\/wp\/v2\/media?parent=1480"}],"wp:term":[{"taxonomy":"category","embeddable":true,"href":"https:\/\/fablab-montagny-pres-louhans.fr\/index.php\/wp-json\/wp\/v2\/categories?post=1480"},{"taxonomy":"post_tag","embeddable":true,"href":"https:\/\/fablab-montagny-pres-louhans.fr\/index.php\/wp-json\/wp\/v2\/tags?post=1480"}],"curies":[{"name":"wp","href":"https:\/\/api.w.org\/{rel}","templated":true}]}}