{"id":1371,"date":"2018-06-21T21:58:57","date_gmt":"2018-06-21T19:58:57","guid":{"rendered":"https:\/\/fablab-montagny-pres-louhans.fr\/?p=1371"},"modified":"2018-06-24T17:40:46","modified_gmt":"2018-06-24T15:40:46","slug":"test-de-decoupe-laser","status":"publish","type":"post","link":"https:\/\/fablab-montagny-pres-louhans.fr\/index.php\/2018\/06\/21\/test-de-decoupe-laser\/","title":{"rendered":"Test de d\u00e9coupe laser"},"content":{"rendered":"<p>Le Fablab passe \u00e0 la vitesse au dessus : La d\u00e9coupe laser.<\/p>\n<p><img loading=\"lazy\" decoding=\"async\" class=\"alignnone wp-image-1376 size-large\" src=\"https:\/\/fablab-montagny-pres-louhans.fr\/wp-content\/uploads\/2018\/06\/20180614_163156-1024x575.jpg\" alt=\"\" width=\"843\" height=\"473\" srcset=\"https:\/\/fablab-montagny-pres-louhans.fr\/wp-content\/uploads\/2018\/06\/20180614_163156-1024x575.jpg 1024w, https:\/\/fablab-montagny-pres-louhans.fr\/wp-content\/uploads\/2018\/06\/20180614_163156-300x169.jpg 300w, https:\/\/fablab-montagny-pres-louhans.fr\/wp-content\/uploads\/2018\/06\/20180614_163156-768x432.jpg 768w, https:\/\/fablab-montagny-pres-louhans.fr\/wp-content\/uploads\/2018\/06\/20180614_163156.jpg 1920w\" sizes=\"(max-width: 843px) 100vw, 843px\" \/><\/p>\n<p><!--more-->La d\u00e9coupe laser est parait il rapide et pr\u00e9cise. Notre laser CO2 60W tiendra t&rsquo;il ses promesses ?<\/p>\n<p>Deux param\u00e8tres rentrent en compte pour permettre la d\u00e9coupe ou la gravure : La vitesse en millim\u00e8tres par seconde et la puissance en % du maximum du laser.<br \/>\nLa puissance va faire varier l&rsquo;\u00e9nergie \u00e9mise et donc celle re\u00e7ue par la mat\u00e9riau \u00e0 d\u00e9couper.<br \/>\nLa vitesse va r\u00e9partir cette \u00e9nergie sur une surface plus ou moins importante.<br \/>\nNaturellement chaque mat\u00e9riau r\u00e9agira diff\u00e9remment en fonction de ses propri\u00e9t\u00e9s.<\/p>\n<p>En bref quand la puissance ne suffira plus pour une coupe nette et rapide, on ralentira le mouvement pour \u00ab\u00a0insister\u00a0\u00bb. Attention cependant \u00e0 ne pas trop ralentir, ceci pourrait conduire \u00e0 un \u00e9chauffement excessif de la mati\u00e8re autour du point de coupe, voire \u00e0 un d\u00e9but d&rsquo;incendie du mat\u00e9riau.<\/p>\n<p>Le premier test a \u00e9t\u00e9 fait avec une chute de plexiglas de r\u00e9cup\u00e9ration de 2.25mm d&rsquo;\u00e9paisseur.<\/p>\n<p><img loading=\"lazy\" decoding=\"async\" class=\"alignnone wp-image-1374 size-medium\" src=\"https:\/\/fablab-montagny-pres-louhans.fr\/wp-content\/uploads\/2018\/06\/20180616_191652-300x169.jpg\" alt=\"\" width=\"300\" height=\"169\" srcset=\"https:\/\/fablab-montagny-pres-louhans.fr\/wp-content\/uploads\/2018\/06\/20180616_191652-300x169.jpg 300w, https:\/\/fablab-montagny-pres-louhans.fr\/wp-content\/uploads\/2018\/06\/20180616_191652-768x432.jpg 768w, https:\/\/fablab-montagny-pres-louhans.fr\/wp-content\/uploads\/2018\/06\/20180616_191652-1024x575.jpg 1024w, https:\/\/fablab-montagny-pres-louhans.fr\/wp-content\/uploads\/2018\/06\/20180616_191652.jpg 1920w\" sizes=\"(max-width: 300px) 100vw, 300px\" \/> <img loading=\"lazy\" decoding=\"async\" class=\"alignnone wp-image-1375 size-medium\" src=\"https:\/\/fablab-montagny-pres-louhans.fr\/wp-content\/uploads\/2018\/06\/20180616_191655-300x169.jpg\" alt=\"\" width=\"300\" height=\"169\" srcset=\"https:\/\/fablab-montagny-pres-louhans.fr\/wp-content\/uploads\/2018\/06\/20180616_191655-300x169.jpg 300w, https:\/\/fablab-montagny-pres-louhans.fr\/wp-content\/uploads\/2018\/06\/20180616_191655-768x432.jpg 768w, https:\/\/fablab-montagny-pres-louhans.fr\/wp-content\/uploads\/2018\/06\/20180616_191655-1024x575.jpg 1024w, https:\/\/fablab-montagny-pres-louhans.fr\/wp-content\/uploads\/2018\/06\/20180616_191655.jpg 1920w\" sizes=\"(max-width: 300px) 100vw, 300px\" \/><br \/>\nLa d\u00e9coupe est nette, la gravure pr\u00e9cise. Les d\u00e9coupes de lettres trop petites conduisent \u00e0 un effet d&rsquo;effondrement de la mati\u00e8re certainement par surchauffe de celle-ci.<\/p>\n<p>Le second test a \u00e9t\u00e9 effectu\u00e9 sur une plaque de verre synth\u00e9tique de type plexiglas de marque polyglass qui semble pr\u00e9senter de hautes qualit\u00e9s. Il semble particuli\u00e8rement solide.<img loading=\"lazy\" decoding=\"async\" class=\"alignnone wp-image-1378 size-large\" src=\"https:\/\/fablab-montagny-pres-louhans.fr\/wp-content\/uploads\/2018\/06\/20180619_152648-1024x575.jpg\" alt=\"\" width=\"843\" height=\"473\" srcset=\"https:\/\/fablab-montagny-pres-louhans.fr\/wp-content\/uploads\/2018\/06\/20180619_152648-1024x575.jpg 1024w, https:\/\/fablab-montagny-pres-louhans.fr\/wp-content\/uploads\/2018\/06\/20180619_152648-300x169.jpg 300w, https:\/\/fablab-montagny-pres-louhans.fr\/wp-content\/uploads\/2018\/06\/20180619_152648-768x432.jpg 768w, https:\/\/fablab-montagny-pres-louhans.fr\/wp-content\/uploads\/2018\/06\/20180619_152648.jpg 1920w\" sizes=\"(max-width: 843px) 100vw, 843px\" \/><\/p>\n<p>En conservant les param\u00e8tres pr\u00e9c\u00e9dents, la d\u00e9coupe est acceptable, mais les bords prennent une couleur jaun\u00e2tre qui rappelle la nicotine. Le mat\u00e9riau semble peu propice \u00e0 la d\u00e9coupe laser. Est ce une histoire de r\u00e9glages ou est ce li\u00e9 aux propri\u00e9t\u00e9s auto-extinguibles annonc\u00e9es par le fabriquant ? Bref, il nous va falloir changer de mat\u00e9riau.<\/p>\n<p><img loading=\"lazy\" decoding=\"async\" class=\"alignnone wp-image-1379 size-large\" src=\"https:\/\/fablab-montagny-pres-louhans.fr\/wp-content\/uploads\/2018\/06\/20180619_153820-1024x575.jpg\" alt=\"\" width=\"843\" height=\"473\" srcset=\"https:\/\/fablab-montagny-pres-louhans.fr\/wp-content\/uploads\/2018\/06\/20180619_153820-1024x575.jpg 1024w, https:\/\/fablab-montagny-pres-louhans.fr\/wp-content\/uploads\/2018\/06\/20180619_153820-300x169.jpg 300w, https:\/\/fablab-montagny-pres-louhans.fr\/wp-content\/uploads\/2018\/06\/20180619_153820-768x432.jpg 768w, https:\/\/fablab-montagny-pres-louhans.fr\/wp-content\/uploads\/2018\/06\/20180619_153820.jpg 1920w\" sizes=\"(max-width: 843px) 100vw, 843px\" \/><\/p>\n<p>troisi\u00e8me test effectu\u00e9 sur du contreplaqu\u00e9 de 5mm. (100%, 12mm\/sec)<\/p>\n<p><img loading=\"lazy\" decoding=\"async\" class=\"alignnone wp-image-1380 size-large\" src=\"https:\/\/fablab-montagny-pres-louhans.fr\/wp-content\/uploads\/2018\/06\/20180619_155024-1024x575.jpg\" alt=\"\" width=\"843\" height=\"473\" srcset=\"https:\/\/fablab-montagny-pres-louhans.fr\/wp-content\/uploads\/2018\/06\/20180619_155024-1024x575.jpg 1024w, https:\/\/fablab-montagny-pres-louhans.fr\/wp-content\/uploads\/2018\/06\/20180619_155024-300x169.jpg 300w, https:\/\/fablab-montagny-pres-louhans.fr\/wp-content\/uploads\/2018\/06\/20180619_155024-768x432.jpg 768w, https:\/\/fablab-montagny-pres-louhans.fr\/wp-content\/uploads\/2018\/06\/20180619_155024.jpg 1920w\" sizes=\"(max-width: 843px) 100vw, 843px\" \/><br \/>\n3 passages sont n\u00e9cessaires pour couper l&rsquo;\u00e9paisseur. Ce qui est pratique avec le laser, c&rsquo;est qu&rsquo;il n&rsquo;y a pas de contact physique, donc la pi\u00e8ce ne bouge pas entre 2 passages.<\/p>\n<p>En modifiant les param\u00e8tres \u00e0 100% 5mm\/sec, la d\u00e9coupe s&rsquo;effectue en une seule passe.<img loading=\"lazy\" decoding=\"async\" class=\"alignnone wp-image-1383 size-large\" src=\"https:\/\/fablab-montagny-pres-louhans.fr\/wp-content\/uploads\/2018\/06\/20180619_155854-1024x575.jpg\" alt=\"\" width=\"843\" height=\"473\" srcset=\"https:\/\/fablab-montagny-pres-louhans.fr\/wp-content\/uploads\/2018\/06\/20180619_155854-1024x575.jpg 1024w, https:\/\/fablab-montagny-pres-louhans.fr\/wp-content\/uploads\/2018\/06\/20180619_155854-300x169.jpg 300w, https:\/\/fablab-montagny-pres-louhans.fr\/wp-content\/uploads\/2018\/06\/20180619_155854-768x432.jpg 768w, https:\/\/fablab-montagny-pres-louhans.fr\/wp-content\/uploads\/2018\/06\/20180619_155854.jpg 1920w\" sizes=\"(max-width: 843px) 100vw, 843px\" \/><\/p>\n<p>recto<br \/>\n<img loading=\"lazy\" decoding=\"async\" class=\"alignnone wp-image-1382 size-large\" src=\"https:\/\/fablab-montagny-pres-louhans.fr\/wp-content\/uploads\/2018\/06\/20180619_155835-1024x575.jpg\" alt=\"\" width=\"843\" height=\"473\" srcset=\"https:\/\/fablab-montagny-pres-louhans.fr\/wp-content\/uploads\/2018\/06\/20180619_155835-1024x575.jpg 1024w, https:\/\/fablab-montagny-pres-louhans.fr\/wp-content\/uploads\/2018\/06\/20180619_155835-300x169.jpg 300w, https:\/\/fablab-montagny-pres-louhans.fr\/wp-content\/uploads\/2018\/06\/20180619_155835-768x432.jpg 768w, https:\/\/fablab-montagny-pres-louhans.fr\/wp-content\/uploads\/2018\/06\/20180619_155835.jpg 1920w\" sizes=\"(max-width: 843px) 100vw, 843px\" \/><\/p>\n<p>verso<br \/>\n<img loading=\"lazy\" decoding=\"async\" class=\"alignnone wp-image-1381 size-large\" src=\"https:\/\/fablab-montagny-pres-louhans.fr\/wp-content\/uploads\/2018\/06\/20180619_155829-1024x575.jpg\" alt=\"\" width=\"843\" height=\"473\" srcset=\"https:\/\/fablab-montagny-pres-louhans.fr\/wp-content\/uploads\/2018\/06\/20180619_155829-1024x575.jpg 1024w, https:\/\/fablab-montagny-pres-louhans.fr\/wp-content\/uploads\/2018\/06\/20180619_155829-300x169.jpg 300w, https:\/\/fablab-montagny-pres-louhans.fr\/wp-content\/uploads\/2018\/06\/20180619_155829-768x432.jpg 768w, https:\/\/fablab-montagny-pres-louhans.fr\/wp-content\/uploads\/2018\/06\/20180619_155829.jpg 1920w\" sizes=\"(max-width: 843px) 100vw, 843px\" \/><\/p>\n<p>La vitesse semble un facteur plus important que la puissance. De plus faire fonctionner le laser \u00e0 100% n&rsquo;est pas forc\u00e9ment une bonne id\u00e9e sur le long terme.<\/p>\n<p>En attendant on obtient \u00e7a apr\u00e8s montage :<br \/>\n<img loading=\"lazy\" decoding=\"async\" class=\"alignnone wp-image-1384 size-medium\" src=\"https:\/\/fablab-montagny-pres-louhans.fr\/wp-content\/uploads\/2018\/06\/20180620_101643-300x169.jpg\" alt=\"\" width=\"300\" height=\"169\" srcset=\"https:\/\/fablab-montagny-pres-louhans.fr\/wp-content\/uploads\/2018\/06\/20180620_101643-300x169.jpg 300w, https:\/\/fablab-montagny-pres-louhans.fr\/wp-content\/uploads\/2018\/06\/20180620_101643-768x432.jpg 768w, https:\/\/fablab-montagny-pres-louhans.fr\/wp-content\/uploads\/2018\/06\/20180620_101643-1024x575.jpg 1024w, https:\/\/fablab-montagny-pres-louhans.fr\/wp-content\/uploads\/2018\/06\/20180620_101643.jpg 1920w\" sizes=\"(max-width: 300px) 100vw, 300px\" \/> <img loading=\"lazy\" decoding=\"async\" class=\"alignnone wp-image-1385 size-medium\" src=\"https:\/\/fablab-montagny-pres-louhans.fr\/wp-content\/uploads\/2018\/06\/20180620_101653-300x169.jpg\" alt=\"\" width=\"300\" height=\"169\" srcset=\"https:\/\/fablab-montagny-pres-louhans.fr\/wp-content\/uploads\/2018\/06\/20180620_101653-300x169.jpg 300w, https:\/\/fablab-montagny-pres-louhans.fr\/wp-content\/uploads\/2018\/06\/20180620_101653-768x432.jpg 768w, https:\/\/fablab-montagny-pres-louhans.fr\/wp-content\/uploads\/2018\/06\/20180620_101653-1024x575.jpg 1024w, https:\/\/fablab-montagny-pres-louhans.fr\/wp-content\/uploads\/2018\/06\/20180620_101653.jpg 1920w\" sizes=\"(max-width: 300px) 100vw, 300px\" \/><\/p>\n<p>Un bon d\u00e9but pour une jolie petite boite en bois avec un assemblage tout juste parfait.<br \/>\nIl y a fort \u00e0 parier que nos cr\u00e9atifs vont lui trouver un emploi \u00e0 sa hauteur&#8230;<\/p>\n<hr \/>\n<p>Prochaine \u00e9tape :<br \/>\nComparer les performances du laser 60W avec celles attendues pour d&rsquo;autres mod\u00e8les 60W<\/p>\n","protected":false},"excerpt":{"rendered":"<p>Le Fablab passe \u00e0 la vitesse au dessus : La d\u00e9coupe laser.<\/p>\n","protected":false},"author":31,"featured_media":0,"comment_status":"closed","ping_status":"open","sticky":false,"template":"","format":"standard","meta":{"_et_pb_use_builder":"","_et_pb_old_content":"","_et_gb_content_width":"","rop_custom_images_group":[],"rop_custom_messages_group":[],"rop_publish_now":"initial","rop_publish_now_accounts":{"facebook_1992431424458146_173380702515979":""},"rop_publish_now_history":[],"rop_publish_now_status":"pending","footnotes":""},"categories":[2],"tags":[],"class_list":["post-1371","post","type-post","status-publish","format-standard","hentry","category-news"],"yoast_head":"<!-- This site is optimized with the Yoast SEO plugin v27.3 - https:\/\/yoast.com\/product\/yoast-seo-wordpress\/ -->\n<title>Test de d\u00e9coupe laser - Le FabLab<\/title>\n<meta name=\"robots\" content=\"noindex, follow, max-snippet:-1, max-image-preview:large, max-video-preview:-1\" \/>\n<meta property=\"og:locale\" content=\"fr_FR\" \/>\n<meta property=\"og:type\" content=\"article\" \/>\n<meta property=\"og:title\" content=\"Test de d\u00e9coupe laser - Le FabLab\" \/>\n<meta property=\"og:description\" content=\"Le Fablab passe \u00e0 la vitesse au dessus : La d\u00e9coupe laser.\" \/>\n<meta property=\"og:url\" content=\"https:\/\/fablab-montagny-pres-louhans.fr\/index.php\/2018\/06\/21\/test-de-decoupe-laser\/\" \/>\n<meta property=\"og:site_name\" content=\"Le FabLab\" \/>\n<meta property=\"article:publisher\" content=\"https:\/\/www.facebook.com\/fablab.labom\/\" \/>\n<meta property=\"article:published_time\" content=\"2018-06-21T19:58:57+00:00\" \/>\n<meta property=\"article:modified_time\" content=\"2018-06-24T15:40:46+00:00\" \/>\n<meta property=\"og:image\" content=\"https:\/\/fablab-montagny-pres-louhans.fr\/wp-content\/uploads\/2018\/06\/20180614_163156-1024x575.jpg\" \/>\n<meta name=\"author\" content=\"Xavier Vincent\" \/>\n<meta name=\"twitter:card\" content=\"summary_large_image\" \/>\n<meta name=\"twitter:label1\" content=\"\u00c9crit par\" \/>\n\t<meta name=\"twitter:data1\" content=\"Xavier Vincent\" \/>\n\t<meta name=\"twitter:label2\" content=\"Dur\u00e9e de lecture estim\u00e9e\" \/>\n\t<meta name=\"twitter:data2\" content=\"2 minutes\" \/>\n<script type=\"application\/ld+json\" class=\"yoast-schema-graph\">{\"@context\":\"https:\\\/\\\/schema.org\",\"@graph\":[{\"@type\":\"Article\",\"@id\":\"https:\\\/\\\/fablab-montagny-pres-louhans.fr\\\/index.php\\\/2018\\\/06\\\/21\\\/test-de-decoupe-laser\\\/#article\",\"isPartOf\":{\"@id\":\"https:\\\/\\\/fablab-montagny-pres-louhans.fr\\\/index.php\\\/2018\\\/06\\\/21\\\/test-de-decoupe-laser\\\/\"},\"author\":{\"name\":\"Xavier Vincent\",\"@id\":\"https:\\\/\\\/fablab-montagny-pres-louhans.fr\\\/#\\\/schema\\\/person\\\/59c98416fe3a0c002433d49a5b0f12ce\"},\"headline\":\"Test de d\u00e9coupe laser\",\"datePublished\":\"2018-06-21T19:58:57+00:00\",\"dateModified\":\"2018-06-24T15:40:46+00:00\",\"mainEntityOfPage\":{\"@id\":\"https:\\\/\\\/fablab-montagny-pres-louhans.fr\\\/index.php\\\/2018\\\/06\\\/21\\\/test-de-decoupe-laser\\\/\"},\"wordCount\":451,\"publisher\":{\"@id\":\"https:\\\/\\\/fablab-montagny-pres-louhans.fr\\\/#organization\"},\"image\":{\"@id\":\"https:\\\/\\\/fablab-montagny-pres-louhans.fr\\\/index.php\\\/2018\\\/06\\\/21\\\/test-de-decoupe-laser\\\/#primaryimage\"},\"thumbnailUrl\":\"https:\\\/\\\/fablab-montagny-pres-louhans.fr\\\/wp-content\\\/uploads\\\/2018\\\/06\\\/20180614_163156-1024x575.jpg\",\"articleSection\":[\"News\"],\"inLanguage\":\"fr-FR\"},{\"@type\":\"WebPage\",\"@id\":\"https:\\\/\\\/fablab-montagny-pres-louhans.fr\\\/index.php\\\/2018\\\/06\\\/21\\\/test-de-decoupe-laser\\\/\",\"url\":\"https:\\\/\\\/fablab-montagny-pres-louhans.fr\\\/index.php\\\/2018\\\/06\\\/21\\\/test-de-decoupe-laser\\\/\",\"name\":\"Test de d\u00e9coupe laser - Le FabLab\",\"isPartOf\":{\"@id\":\"https:\\\/\\\/fablab-montagny-pres-louhans.fr\\\/#website\"},\"primaryImageOfPage\":{\"@id\":\"https:\\\/\\\/fablab-montagny-pres-louhans.fr\\\/index.php\\\/2018\\\/06\\\/21\\\/test-de-decoupe-laser\\\/#primaryimage\"},\"image\":{\"@id\":\"https:\\\/\\\/fablab-montagny-pres-louhans.fr\\\/index.php\\\/2018\\\/06\\\/21\\\/test-de-decoupe-laser\\\/#primaryimage\"},\"thumbnailUrl\":\"https:\\\/\\\/fablab-montagny-pres-louhans.fr\\\/wp-content\\\/uploads\\\/2018\\\/06\\\/20180614_163156-1024x575.jpg\",\"datePublished\":\"2018-06-21T19:58:57+00:00\",\"dateModified\":\"2018-06-24T15:40:46+00:00\",\"breadcrumb\":{\"@id\":\"https:\\\/\\\/fablab-montagny-pres-louhans.fr\\\/index.php\\\/2018\\\/06\\\/21\\\/test-de-decoupe-laser\\\/#breadcrumb\"},\"inLanguage\":\"fr-FR\",\"potentialAction\":[{\"@type\":\"ReadAction\",\"target\":[\"https:\\\/\\\/fablab-montagny-pres-louhans.fr\\\/index.php\\\/2018\\\/06\\\/21\\\/test-de-decoupe-laser\\\/\"]}]},{\"@type\":\"ImageObject\",\"inLanguage\":\"fr-FR\",\"@id\":\"https:\\\/\\\/fablab-montagny-pres-louhans.fr\\\/index.php\\\/2018\\\/06\\\/21\\\/test-de-decoupe-laser\\\/#primaryimage\",\"url\":\"https:\\\/\\\/fablab-montagny-pres-louhans.fr\\\/wp-content\\\/uploads\\\/2018\\\/06\\\/20180614_163156.jpg\",\"contentUrl\":\"https:\\\/\\\/fablab-montagny-pres-louhans.fr\\\/wp-content\\\/uploads\\\/2018\\\/06\\\/20180614_163156.jpg\",\"width\":1920,\"height\":1079},{\"@type\":\"BreadcrumbList\",\"@id\":\"https:\\\/\\\/fablab-montagny-pres-louhans.fr\\\/index.php\\\/2018\\\/06\\\/21\\\/test-de-decoupe-laser\\\/#breadcrumb\",\"itemListElement\":[{\"@type\":\"ListItem\",\"position\":1,\"name\":\"Accueil\",\"item\":\"https:\\\/\\\/fablab-montagny-pres-louhans.fr\\\/\"},{\"@type\":\"ListItem\",\"position\":2,\"name\":\"Test de d\u00e9coupe laser\"}]},{\"@type\":\"WebSite\",\"@id\":\"https:\\\/\\\/fablab-montagny-pres-louhans.fr\\\/#website\",\"url\":\"https:\\\/\\\/fablab-montagny-pres-louhans.fr\\\/\",\"name\":\"Le FabLab\",\"description\":\"Le premier de Bresse\",\"publisher\":{\"@id\":\"https:\\\/\\\/fablab-montagny-pres-louhans.fr\\\/#organization\"},\"potentialAction\":[{\"@type\":\"SearchAction\",\"target\":{\"@type\":\"EntryPoint\",\"urlTemplate\":\"https:\\\/\\\/fablab-montagny-pres-louhans.fr\\\/?s={search_term_string}\"},\"query-input\":{\"@type\":\"PropertyValueSpecification\",\"valueRequired\":true,\"valueName\":\"search_term_string\"}}],\"inLanguage\":\"fr-FR\"},{\"@type\":\"Organization\",\"@id\":\"https:\\\/\\\/fablab-montagny-pres-louhans.fr\\\/#organization\",\"name\":\"Le FabLab\",\"url\":\"https:\\\/\\\/fablab-montagny-pres-louhans.fr\\\/\",\"logo\":{\"@type\":\"ImageObject\",\"inLanguage\":\"fr-FR\",\"@id\":\"https:\\\/\\\/fablab-montagny-pres-louhans.fr\\\/#\\\/schema\\\/logo\\\/image\\\/\",\"url\":\"https:\\\/\\\/fablab-montagny-pres-louhans.fr\\\/wp-content\\\/uploads\\\/2023\\\/02\\\/FABALB-logo.png\",\"contentUrl\":\"https:\\\/\\\/fablab-montagny-pres-louhans.fr\\\/wp-content\\\/uploads\\\/2023\\\/02\\\/FABALB-logo.png\",\"width\":250,\"height\":260,\"caption\":\"Le FabLab\"},\"image\":{\"@id\":\"https:\\\/\\\/fablab-montagny-pres-louhans.fr\\\/#\\\/schema\\\/logo\\\/image\\\/\"},\"sameAs\":[\"https:\\\/\\\/www.facebook.com\\\/fablab.labom\\\/\"]},{\"@type\":\"Person\",\"@id\":\"https:\\\/\\\/fablab-montagny-pres-louhans.fr\\\/#\\\/schema\\\/person\\\/59c98416fe3a0c002433d49a5b0f12ce\",\"name\":\"Xavier Vincent\",\"image\":{\"@type\":\"ImageObject\",\"inLanguage\":\"fr-FR\",\"@id\":\"https:\\\/\\\/fablab-montagny-pres-louhans.fr\\\/wp-content\\\/litespeed\\\/avatar\\\/bae4764d44065ff492363743a1d834cd.jpg?ver=1777239699\",\"url\":\"https:\\\/\\\/fablab-montagny-pres-louhans.fr\\\/wp-content\\\/litespeed\\\/avatar\\\/bae4764d44065ff492363743a1d834cd.jpg?ver=1777239699\",\"contentUrl\":\"https:\\\/\\\/fablab-montagny-pres-louhans.fr\\\/wp-content\\\/litespeed\\\/avatar\\\/bae4764d44065ff492363743a1d834cd.jpg?ver=1777239699\",\"caption\":\"Xavier Vincent\"},\"url\":\"https:\\\/\\\/fablab-montagny-pres-louhans.fr\\\/index.php\\\/author\\\/xavier\\\/\"}]}<\/script>\n<!-- \/ Yoast SEO plugin. -->","yoast_head_json":{"title":"Test de d\u00e9coupe laser - Le FabLab","robots":{"index":"noindex","follow":"follow","max-snippet":"max-snippet:-1","max-image-preview":"max-image-preview:large","max-video-preview":"max-video-preview:-1"},"og_locale":"fr_FR","og_type":"article","og_title":"Test de d\u00e9coupe laser - Le FabLab","og_description":"Le Fablab passe \u00e0 la vitesse au dessus : La d\u00e9coupe laser.","og_url":"https:\/\/fablab-montagny-pres-louhans.fr\/index.php\/2018\/06\/21\/test-de-decoupe-laser\/","og_site_name":"Le FabLab","article_publisher":"https:\/\/www.facebook.com\/fablab.labom\/","article_published_time":"2018-06-21T19:58:57+00:00","article_modified_time":"2018-06-24T15:40:46+00:00","og_image":[{"url":"https:\/\/fablab-montagny-pres-louhans.fr\/wp-content\/uploads\/2018\/06\/20180614_163156-1024x575.jpg","type":"","width":"","height":""}],"author":"Xavier Vincent","twitter_card":"summary_large_image","twitter_misc":{"\u00c9crit par":"Xavier Vincent","Dur\u00e9e de lecture estim\u00e9e":"2 minutes"},"schema":{"@context":"https:\/\/schema.org","@graph":[{"@type":"Article","@id":"https:\/\/fablab-montagny-pres-louhans.fr\/index.php\/2018\/06\/21\/test-de-decoupe-laser\/#article","isPartOf":{"@id":"https:\/\/fablab-montagny-pres-louhans.fr\/index.php\/2018\/06\/21\/test-de-decoupe-laser\/"},"author":{"name":"Xavier Vincent","@id":"https:\/\/fablab-montagny-pres-louhans.fr\/#\/schema\/person\/59c98416fe3a0c002433d49a5b0f12ce"},"headline":"Test de d\u00e9coupe laser","datePublished":"2018-06-21T19:58:57+00:00","dateModified":"2018-06-24T15:40:46+00:00","mainEntityOfPage":{"@id":"https:\/\/fablab-montagny-pres-louhans.fr\/index.php\/2018\/06\/21\/test-de-decoupe-laser\/"},"wordCount":451,"publisher":{"@id":"https:\/\/fablab-montagny-pres-louhans.fr\/#organization"},"image":{"@id":"https:\/\/fablab-montagny-pres-louhans.fr\/index.php\/2018\/06\/21\/test-de-decoupe-laser\/#primaryimage"},"thumbnailUrl":"https:\/\/fablab-montagny-pres-louhans.fr\/wp-content\/uploads\/2018\/06\/20180614_163156-1024x575.jpg","articleSection":["News"],"inLanguage":"fr-FR"},{"@type":"WebPage","@id":"https:\/\/fablab-montagny-pres-louhans.fr\/index.php\/2018\/06\/21\/test-de-decoupe-laser\/","url":"https:\/\/fablab-montagny-pres-louhans.fr\/index.php\/2018\/06\/21\/test-de-decoupe-laser\/","name":"Test de d\u00e9coupe laser - Le FabLab","isPartOf":{"@id":"https:\/\/fablab-montagny-pres-louhans.fr\/#website"},"primaryImageOfPage":{"@id":"https:\/\/fablab-montagny-pres-louhans.fr\/index.php\/2018\/06\/21\/test-de-decoupe-laser\/#primaryimage"},"image":{"@id":"https:\/\/fablab-montagny-pres-louhans.fr\/index.php\/2018\/06\/21\/test-de-decoupe-laser\/#primaryimage"},"thumbnailUrl":"https:\/\/fablab-montagny-pres-louhans.fr\/wp-content\/uploads\/2018\/06\/20180614_163156-1024x575.jpg","datePublished":"2018-06-21T19:58:57+00:00","dateModified":"2018-06-24T15:40:46+00:00","breadcrumb":{"@id":"https:\/\/fablab-montagny-pres-louhans.fr\/index.php\/2018\/06\/21\/test-de-decoupe-laser\/#breadcrumb"},"inLanguage":"fr-FR","potentialAction":[{"@type":"ReadAction","target":["https:\/\/fablab-montagny-pres-louhans.fr\/index.php\/2018\/06\/21\/test-de-decoupe-laser\/"]}]},{"@type":"ImageObject","inLanguage":"fr-FR","@id":"https:\/\/fablab-montagny-pres-louhans.fr\/index.php\/2018\/06\/21\/test-de-decoupe-laser\/#primaryimage","url":"https:\/\/fablab-montagny-pres-louhans.fr\/wp-content\/uploads\/2018\/06\/20180614_163156.jpg","contentUrl":"https:\/\/fablab-montagny-pres-louhans.fr\/wp-content\/uploads\/2018\/06\/20180614_163156.jpg","width":1920,"height":1079},{"@type":"BreadcrumbList","@id":"https:\/\/fablab-montagny-pres-louhans.fr\/index.php\/2018\/06\/21\/test-de-decoupe-laser\/#breadcrumb","itemListElement":[{"@type":"ListItem","position":1,"name":"Accueil","item":"https:\/\/fablab-montagny-pres-louhans.fr\/"},{"@type":"ListItem","position":2,"name":"Test de d\u00e9coupe laser"}]},{"@type":"WebSite","@id":"https:\/\/fablab-montagny-pres-louhans.fr\/#website","url":"https:\/\/fablab-montagny-pres-louhans.fr\/","name":"Le FabLab","description":"Le premier de Bresse","publisher":{"@id":"https:\/\/fablab-montagny-pres-louhans.fr\/#organization"},"potentialAction":[{"@type":"SearchAction","target":{"@type":"EntryPoint","urlTemplate":"https:\/\/fablab-montagny-pres-louhans.fr\/?s={search_term_string}"},"query-input":{"@type":"PropertyValueSpecification","valueRequired":true,"valueName":"search_term_string"}}],"inLanguage":"fr-FR"},{"@type":"Organization","@id":"https:\/\/fablab-montagny-pres-louhans.fr\/#organization","name":"Le FabLab","url":"https:\/\/fablab-montagny-pres-louhans.fr\/","logo":{"@type":"ImageObject","inLanguage":"fr-FR","@id":"https:\/\/fablab-montagny-pres-louhans.fr\/#\/schema\/logo\/image\/","url":"https:\/\/fablab-montagny-pres-louhans.fr\/wp-content\/uploads\/2023\/02\/FABALB-logo.png","contentUrl":"https:\/\/fablab-montagny-pres-louhans.fr\/wp-content\/uploads\/2023\/02\/FABALB-logo.png","width":250,"height":260,"caption":"Le FabLab"},"image":{"@id":"https:\/\/fablab-montagny-pres-louhans.fr\/#\/schema\/logo\/image\/"},"sameAs":["https:\/\/www.facebook.com\/fablab.labom\/"]},{"@type":"Person","@id":"https:\/\/fablab-montagny-pres-louhans.fr\/#\/schema\/person\/59c98416fe3a0c002433d49a5b0f12ce","name":"Xavier Vincent","image":{"@type":"ImageObject","inLanguage":"fr-FR","@id":"https:\/\/fablab-montagny-pres-louhans.fr\/wp-content\/litespeed\/avatar\/bae4764d44065ff492363743a1d834cd.jpg?ver=1777239699","url":"https:\/\/fablab-montagny-pres-louhans.fr\/wp-content\/litespeed\/avatar\/bae4764d44065ff492363743a1d834cd.jpg?ver=1777239699","contentUrl":"https:\/\/fablab-montagny-pres-louhans.fr\/wp-content\/litespeed\/avatar\/bae4764d44065ff492363743a1d834cd.jpg?ver=1777239699","caption":"Xavier Vincent"},"url":"https:\/\/fablab-montagny-pres-louhans.fr\/index.php\/author\/xavier\/"}]}},"_links":{"self":[{"href":"https:\/\/fablab-montagny-pres-louhans.fr\/index.php\/wp-json\/wp\/v2\/posts\/1371","targetHints":{"allow":["GET"]}}],"collection":[{"href":"https:\/\/fablab-montagny-pres-louhans.fr\/index.php\/wp-json\/wp\/v2\/posts"}],"about":[{"href":"https:\/\/fablab-montagny-pres-louhans.fr\/index.php\/wp-json\/wp\/v2\/types\/post"}],"author":[{"embeddable":true,"href":"https:\/\/fablab-montagny-pres-louhans.fr\/index.php\/wp-json\/wp\/v2\/users\/31"}],"replies":[{"embeddable":true,"href":"https:\/\/fablab-montagny-pres-louhans.fr\/index.php\/wp-json\/wp\/v2\/comments?post=1371"}],"version-history":[{"count":5,"href":"https:\/\/fablab-montagny-pres-louhans.fr\/index.php\/wp-json\/wp\/v2\/posts\/1371\/revisions"}],"predecessor-version":[{"id":1391,"href":"https:\/\/fablab-montagny-pres-louhans.fr\/index.php\/wp-json\/wp\/v2\/posts\/1371\/revisions\/1391"}],"wp:attachment":[{"href":"https:\/\/fablab-montagny-pres-louhans.fr\/index.php\/wp-json\/wp\/v2\/media?parent=1371"}],"wp:term":[{"taxonomy":"category","embeddable":true,"href":"https:\/\/fablab-montagny-pres-louhans.fr\/index.php\/wp-json\/wp\/v2\/categories?post=1371"},{"taxonomy":"post_tag","embeddable":true,"href":"https:\/\/fablab-montagny-pres-louhans.fr\/index.php\/wp-json\/wp\/v2\/tags?post=1371"}],"curies":[{"name":"wp","href":"https:\/\/api.w.org\/{rel}","templated":true}]}}