{"id":1005,"date":"2018-04-01T18:25:31","date_gmt":"2018-04-01T16:25:31","guid":{"rendered":"https:\/\/fablab-montagny-pres-louhans.fr\/?p=1005"},"modified":"2018-04-01T18:25:31","modified_gmt":"2018-04-01T16:25:31","slug":"labom-fashion","status":"publish","type":"post","link":"https:\/\/fablab-montagny-pres-louhans.fr\/index.php\/2018\/04\/01\/labom-fashion\/","title":{"rendered":"LaboM Fashion"},"content":{"rendered":"<p>&nbsp;<\/p>\n<p><a href=\"https:\/\/fablab-montagny-pres-louhans.fr\/wp-content\/uploads\/2018\/04\/labomfashion.png\"><img loading=\"lazy\" decoding=\"async\" class=\"size-medium wp-image-1083 alignright\" src=\"https:\/\/fablab-montagny-pres-louhans.fr\/wp-content\/uploads\/2018\/04\/labomfashion-91x300.png\" alt=\"\" width=\"91\" height=\"300\" srcset=\"https:\/\/fablab-montagny-pres-louhans.fr\/wp-content\/uploads\/2018\/04\/labomfashion-91x300.png 91w, https:\/\/fablab-montagny-pres-louhans.fr\/wp-content\/uploads\/2018\/04\/labomfashion.png 270w\" sizes=\"(max-width: 91px) 100vw, 91px\" \/><\/a><\/p>\n<p>Des nouvelles de cette aventure foutraco-boh\u00e9mienne.<\/p>\n<p>La lenteur d&rsquo;abord &#8230; la lenteur &#8230; c&rsquo;est la vie. Le temps g\u00e9n\u00e9rateur fait surgir la \u00ab\u00a0possibilit\u00e9\u00a0\u00bb d&rsquo;un \u00eatre. La nature essaye et trouve son chemin. Toujours. Mais vous le saviez. Votre foi nous touche et vous voila r\u00e9compens\u00e9.<\/p>\n<p>Arm\u00e9e de son Calvin (pas Klein lui il fait des slips), l&rsquo;\u00e9quipe du labo de mode du LaboM a enfin mis des lunettes pour voir plus net les contours de la belle dame.<\/p>\n<p>Elle a mis des lunettes sur les nez et les cervelles, des stylos feutres dans les doigts (et aussi sur), une imprimante \u00e0 c\u00f4t\u00e9 d&rsquo;elle et l&rsquo;Internet \u00e0 port\u00e9 de clics.<\/p>\n<p>Alors crack boum hu ? J&rsquo;aime les filles de chez qui d\u00e9j\u00e0 ?<\/p>\n<p>Pour les d\u00e9tails sachez que la robe sera recouverte de tesselles imprim\u00e9es sur un tulle de coton. Qu&rsquo;un tissu sp\u00e9cial a \u00e9t\u00e9 r\u00e9alis\u00e9 \u00e0 partir de fibres optiques et sera utilis\u00e9 pour les manches. Elle s&rsquo;illumineront d&rsquo;un fa\u00e7on totalement &#8230; biologique car la robe et le mannequin ne feront qu&rsquo;un.<\/p>\n<p>Je n&rsquo;en dis pas plus pour le moment. Mais patience son av\u00e8nement aura lieu.<\/p>\n","protected":false},"excerpt":{"rendered":"<p>&nbsp; Des nouvelles de cette aventure foutraco-boh\u00e9mienne. La lenteur d&rsquo;abord &#8230; la lenteur &#8230; c&rsquo;est la vie. Le temps g\u00e9n\u00e9rateur fait surgir la \u00ab\u00a0possibilit\u00e9\u00a0\u00bb d&rsquo;un \u00eatre. La nature essaye et trouve son chemin. Toujours. Mais vous le saviez. Votre foi nous touche et vous voila r\u00e9compens\u00e9. Arm\u00e9e de son Calvin (pas Klein lui il fait [&hellip;]<\/p>\n","protected":false},"author":1,"featured_media":0,"comment_status":"closed","ping_status":"open","sticky":false,"template":"","format":"standard","meta":{"_et_pb_use_builder":"","_et_pb_old_content":"","_et_gb_content_width":"","rop_custom_images_group":[],"rop_custom_messages_group":[],"rop_publish_now":"initial","rop_publish_now_accounts":{"facebook_1992431424458146_173380702515979":""},"rop_publish_now_history":[],"rop_publish_now_status":"pending","footnotes":""},"categories":[2],"tags":[],"class_list":["post-1005","post","type-post","status-publish","format-standard","hentry","category-news"],"yoast_head":"<!-- This site is optimized with the Yoast SEO plugin v27.3 - https:\/\/yoast.com\/product\/yoast-seo-wordpress\/ -->\n<title>LaboM Fashion - Le FabLab<\/title>\n<meta name=\"robots\" content=\"noindex, follow, max-snippet:-1, max-image-preview:large, max-video-preview:-1\" \/>\n<meta property=\"og:locale\" content=\"fr_FR\" \/>\n<meta property=\"og:type\" content=\"article\" \/>\n<meta property=\"og:title\" content=\"LaboM Fashion - Le FabLab\" \/>\n<meta property=\"og:description\" content=\"&nbsp; Des nouvelles de cette aventure foutraco-boh\u00e9mienne. La lenteur d&rsquo;abord &#8230; la lenteur &#8230; c&rsquo;est la vie. Le temps g\u00e9n\u00e9rateur fait surgir la \u00ab\u00a0possibilit\u00e9\u00a0\u00bb d&rsquo;un \u00eatre. La nature essaye et trouve son chemin. Toujours. Mais vous le saviez. Votre foi nous touche et vous voila r\u00e9compens\u00e9. Arm\u00e9e de son Calvin (pas Klein lui il fait [&hellip;]\" \/>\n<meta property=\"og:url\" content=\"https:\/\/fablab-montagny-pres-louhans.fr\/index.php\/2018\/04\/01\/labom-fashion\/\" \/>\n<meta property=\"og:site_name\" content=\"Le FabLab\" \/>\n<meta property=\"article:publisher\" content=\"https:\/\/www.facebook.com\/fablab.labom\/\" \/>\n<meta property=\"article:published_time\" content=\"2018-04-01T16:25:31+00:00\" \/>\n<meta property=\"og:image\" content=\"https:\/\/fablab-montagny-pres-louhans.fr\/wp-content\/uploads\/2018\/04\/labomfashion-91x300.png\" \/>\n<meta name=\"author\" content=\"Mo\" \/>\n<meta name=\"twitter:card\" content=\"summary_large_image\" \/>\n<meta name=\"twitter:label1\" content=\"\u00c9crit par\" \/>\n\t<meta name=\"twitter:data1\" content=\"Mo\" \/>\n\t<meta name=\"twitter:label2\" content=\"Dur\u00e9e de lecture estim\u00e9e\" \/>\n\t<meta name=\"twitter:data2\" content=\"1 minute\" \/>\n<script type=\"application\/ld+json\" class=\"yoast-schema-graph\">{\"@context\":\"https:\\\/\\\/schema.org\",\"@graph\":[{\"@type\":\"Article\",\"@id\":\"https:\\\/\\\/fablab-montagny-pres-louhans.fr\\\/index.php\\\/2018\\\/04\\\/01\\\/labom-fashion\\\/#article\",\"isPartOf\":{\"@id\":\"https:\\\/\\\/fablab-montagny-pres-louhans.fr\\\/index.php\\\/2018\\\/04\\\/01\\\/labom-fashion\\\/\"},\"author\":{\"name\":\"Mo\",\"@id\":\"https:\\\/\\\/fablab-montagny-pres-louhans.fr\\\/#\\\/schema\\\/person\\\/8456266e713876daefebd9e75b7bba60\"},\"headline\":\"LaboM Fashion\",\"datePublished\":\"2018-04-01T16:25:31+00:00\",\"mainEntityOfPage\":{\"@id\":\"https:\\\/\\\/fablab-montagny-pres-louhans.fr\\\/index.php\\\/2018\\\/04\\\/01\\\/labom-fashion\\\/\"},\"wordCount\":195,\"publisher\":{\"@id\":\"https:\\\/\\\/fablab-montagny-pres-louhans.fr\\\/#organization\"},\"image\":{\"@id\":\"https:\\\/\\\/fablab-montagny-pres-louhans.fr\\\/index.php\\\/2018\\\/04\\\/01\\\/labom-fashion\\\/#primaryimage\"},\"thumbnailUrl\":\"https:\\\/\\\/fablab-montagny-pres-louhans.fr\\\/wp-content\\\/uploads\\\/2018\\\/04\\\/labomfashion-91x300.png\",\"articleSection\":[\"News\"],\"inLanguage\":\"fr-FR\"},{\"@type\":\"WebPage\",\"@id\":\"https:\\\/\\\/fablab-montagny-pres-louhans.fr\\\/index.php\\\/2018\\\/04\\\/01\\\/labom-fashion\\\/\",\"url\":\"https:\\\/\\\/fablab-montagny-pres-louhans.fr\\\/index.php\\\/2018\\\/04\\\/01\\\/labom-fashion\\\/\",\"name\":\"LaboM Fashion - Le FabLab\",\"isPartOf\":{\"@id\":\"https:\\\/\\\/fablab-montagny-pres-louhans.fr\\\/#website\"},\"primaryImageOfPage\":{\"@id\":\"https:\\\/\\\/fablab-montagny-pres-louhans.fr\\\/index.php\\\/2018\\\/04\\\/01\\\/labom-fashion\\\/#primaryimage\"},\"image\":{\"@id\":\"https:\\\/\\\/fablab-montagny-pres-louhans.fr\\\/index.php\\\/2018\\\/04\\\/01\\\/labom-fashion\\\/#primaryimage\"},\"thumbnailUrl\":\"https:\\\/\\\/fablab-montagny-pres-louhans.fr\\\/wp-content\\\/uploads\\\/2018\\\/04\\\/labomfashion-91x300.png\",\"datePublished\":\"2018-04-01T16:25:31+00:00\",\"breadcrumb\":{\"@id\":\"https:\\\/\\\/fablab-montagny-pres-louhans.fr\\\/index.php\\\/2018\\\/04\\\/01\\\/labom-fashion\\\/#breadcrumb\"},\"inLanguage\":\"fr-FR\",\"potentialAction\":[{\"@type\":\"ReadAction\",\"target\":[\"https:\\\/\\\/fablab-montagny-pres-louhans.fr\\\/index.php\\\/2018\\\/04\\\/01\\\/labom-fashion\\\/\"]}]},{\"@type\":\"ImageObject\",\"inLanguage\":\"fr-FR\",\"@id\":\"https:\\\/\\\/fablab-montagny-pres-louhans.fr\\\/index.php\\\/2018\\\/04\\\/01\\\/labom-fashion\\\/#primaryimage\",\"url\":\"https:\\\/\\\/fablab-montagny-pres-louhans.fr\\\/wp-content\\\/uploads\\\/2018\\\/04\\\/labomfashion.png\",\"contentUrl\":\"https:\\\/\\\/fablab-montagny-pres-louhans.fr\\\/wp-content\\\/uploads\\\/2018\\\/04\\\/labomfashion.png\",\"width\":270,\"height\":888},{\"@type\":\"BreadcrumbList\",\"@id\":\"https:\\\/\\\/fablab-montagny-pres-louhans.fr\\\/index.php\\\/2018\\\/04\\\/01\\\/labom-fashion\\\/#breadcrumb\",\"itemListElement\":[{\"@type\":\"ListItem\",\"position\":1,\"name\":\"Accueil\",\"item\":\"https:\\\/\\\/fablab-montagny-pres-louhans.fr\\\/\"},{\"@type\":\"ListItem\",\"position\":2,\"name\":\"LaboM Fashion\"}]},{\"@type\":\"WebSite\",\"@id\":\"https:\\\/\\\/fablab-montagny-pres-louhans.fr\\\/#website\",\"url\":\"https:\\\/\\\/fablab-montagny-pres-louhans.fr\\\/\",\"name\":\"Le FabLab\",\"description\":\"Le premier de Bresse\",\"publisher\":{\"@id\":\"https:\\\/\\\/fablab-montagny-pres-louhans.fr\\\/#organization\"},\"potentialAction\":[{\"@type\":\"SearchAction\",\"target\":{\"@type\":\"EntryPoint\",\"urlTemplate\":\"https:\\\/\\\/fablab-montagny-pres-louhans.fr\\\/?s={search_term_string}\"},\"query-input\":{\"@type\":\"PropertyValueSpecification\",\"valueRequired\":true,\"valueName\":\"search_term_string\"}}],\"inLanguage\":\"fr-FR\"},{\"@type\":\"Organization\",\"@id\":\"https:\\\/\\\/fablab-montagny-pres-louhans.fr\\\/#organization\",\"name\":\"Le FabLab\",\"url\":\"https:\\\/\\\/fablab-montagny-pres-louhans.fr\\\/\",\"logo\":{\"@type\":\"ImageObject\",\"inLanguage\":\"fr-FR\",\"@id\":\"https:\\\/\\\/fablab-montagny-pres-louhans.fr\\\/#\\\/schema\\\/logo\\\/image\\\/\",\"url\":\"https:\\\/\\\/fablab-montagny-pres-louhans.fr\\\/wp-content\\\/uploads\\\/2023\\\/02\\\/FABALB-logo.png\",\"contentUrl\":\"https:\\\/\\\/fablab-montagny-pres-louhans.fr\\\/wp-content\\\/uploads\\\/2023\\\/02\\\/FABALB-logo.png\",\"width\":250,\"height\":260,\"caption\":\"Le FabLab\"},\"image\":{\"@id\":\"https:\\\/\\\/fablab-montagny-pres-louhans.fr\\\/#\\\/schema\\\/logo\\\/image\\\/\"},\"sameAs\":[\"https:\\\/\\\/www.facebook.com\\\/fablab.labom\\\/\"]},{\"@type\":\"Person\",\"@id\":\"https:\\\/\\\/fablab-montagny-pres-louhans.fr\\\/#\\\/schema\\\/person\\\/8456266e713876daefebd9e75b7bba60\",\"name\":\"Mo\",\"image\":{\"@type\":\"ImageObject\",\"inLanguage\":\"fr-FR\",\"@id\":\"https:\\\/\\\/fablab-montagny-pres-louhans.fr\\\/wp-content\\\/litespeed\\\/avatar\\\/0cd8c0fa40492fbe802afa80739e06e7.jpg?ver=1777249441\",\"url\":\"https:\\\/\\\/fablab-montagny-pres-louhans.fr\\\/wp-content\\\/litespeed\\\/avatar\\\/0cd8c0fa40492fbe802afa80739e06e7.jpg?ver=1777249441\",\"contentUrl\":\"https:\\\/\\\/fablab-montagny-pres-louhans.fr\\\/wp-content\\\/litespeed\\\/avatar\\\/0cd8c0fa40492fbe802afa80739e06e7.jpg?ver=1777249441\",\"caption\":\"Mo\"},\"url\":\"https:\\\/\\\/fablab-montagny-pres-louhans.fr\\\/index.php\\\/author\\\/dominique\\\/\"}]}<\/script>\n<!-- \/ Yoast SEO plugin. -->","yoast_head_json":{"title":"LaboM Fashion - Le FabLab","robots":{"index":"noindex","follow":"follow","max-snippet":"max-snippet:-1","max-image-preview":"max-image-preview:large","max-video-preview":"max-video-preview:-1"},"og_locale":"fr_FR","og_type":"article","og_title":"LaboM Fashion - Le FabLab","og_description":"&nbsp; Des nouvelles de cette aventure foutraco-boh\u00e9mienne. La lenteur d&rsquo;abord &#8230; la lenteur &#8230; c&rsquo;est la vie. Le temps g\u00e9n\u00e9rateur fait surgir la \u00ab\u00a0possibilit\u00e9\u00a0\u00bb d&rsquo;un \u00eatre. La nature essaye et trouve son chemin. Toujours. Mais vous le saviez. Votre foi nous touche et vous voila r\u00e9compens\u00e9. Arm\u00e9e de son Calvin (pas Klein lui il fait [&hellip;]","og_url":"https:\/\/fablab-montagny-pres-louhans.fr\/index.php\/2018\/04\/01\/labom-fashion\/","og_site_name":"Le FabLab","article_publisher":"https:\/\/www.facebook.com\/fablab.labom\/","article_published_time":"2018-04-01T16:25:31+00:00","og_image":[{"url":"https:\/\/fablab-montagny-pres-louhans.fr\/wp-content\/uploads\/2018\/04\/labomfashion-91x300.png","type":"","width":"","height":""}],"author":"Mo","twitter_card":"summary_large_image","twitter_misc":{"\u00c9crit par":"Mo","Dur\u00e9e de lecture estim\u00e9e":"1 minute"},"schema":{"@context":"https:\/\/schema.org","@graph":[{"@type":"Article","@id":"https:\/\/fablab-montagny-pres-louhans.fr\/index.php\/2018\/04\/01\/labom-fashion\/#article","isPartOf":{"@id":"https:\/\/fablab-montagny-pres-louhans.fr\/index.php\/2018\/04\/01\/labom-fashion\/"},"author":{"name":"Mo","@id":"https:\/\/fablab-montagny-pres-louhans.fr\/#\/schema\/person\/8456266e713876daefebd9e75b7bba60"},"headline":"LaboM Fashion","datePublished":"2018-04-01T16:25:31+00:00","mainEntityOfPage":{"@id":"https:\/\/fablab-montagny-pres-louhans.fr\/index.php\/2018\/04\/01\/labom-fashion\/"},"wordCount":195,"publisher":{"@id":"https:\/\/fablab-montagny-pres-louhans.fr\/#organization"},"image":{"@id":"https:\/\/fablab-montagny-pres-louhans.fr\/index.php\/2018\/04\/01\/labom-fashion\/#primaryimage"},"thumbnailUrl":"https:\/\/fablab-montagny-pres-louhans.fr\/wp-content\/uploads\/2018\/04\/labomfashion-91x300.png","articleSection":["News"],"inLanguage":"fr-FR"},{"@type":"WebPage","@id":"https:\/\/fablab-montagny-pres-louhans.fr\/index.php\/2018\/04\/01\/labom-fashion\/","url":"https:\/\/fablab-montagny-pres-louhans.fr\/index.php\/2018\/04\/01\/labom-fashion\/","name":"LaboM Fashion - Le FabLab","isPartOf":{"@id":"https:\/\/fablab-montagny-pres-louhans.fr\/#website"},"primaryImageOfPage":{"@id":"https:\/\/fablab-montagny-pres-louhans.fr\/index.php\/2018\/04\/01\/labom-fashion\/#primaryimage"},"image":{"@id":"https:\/\/fablab-montagny-pres-louhans.fr\/index.php\/2018\/04\/01\/labom-fashion\/#primaryimage"},"thumbnailUrl":"https:\/\/fablab-montagny-pres-louhans.fr\/wp-content\/uploads\/2018\/04\/labomfashion-91x300.png","datePublished":"2018-04-01T16:25:31+00:00","breadcrumb":{"@id":"https:\/\/fablab-montagny-pres-louhans.fr\/index.php\/2018\/04\/01\/labom-fashion\/#breadcrumb"},"inLanguage":"fr-FR","potentialAction":[{"@type":"ReadAction","target":["https:\/\/fablab-montagny-pres-louhans.fr\/index.php\/2018\/04\/01\/labom-fashion\/"]}]},{"@type":"ImageObject","inLanguage":"fr-FR","@id":"https:\/\/fablab-montagny-pres-louhans.fr\/index.php\/2018\/04\/01\/labom-fashion\/#primaryimage","url":"https:\/\/fablab-montagny-pres-louhans.fr\/wp-content\/uploads\/2018\/04\/labomfashion.png","contentUrl":"https:\/\/fablab-montagny-pres-louhans.fr\/wp-content\/uploads\/2018\/04\/labomfashion.png","width":270,"height":888},{"@type":"BreadcrumbList","@id":"https:\/\/fablab-montagny-pres-louhans.fr\/index.php\/2018\/04\/01\/labom-fashion\/#breadcrumb","itemListElement":[{"@type":"ListItem","position":1,"name":"Accueil","item":"https:\/\/fablab-montagny-pres-louhans.fr\/"},{"@type":"ListItem","position":2,"name":"LaboM Fashion"}]},{"@type":"WebSite","@id":"https:\/\/fablab-montagny-pres-louhans.fr\/#website","url":"https:\/\/fablab-montagny-pres-louhans.fr\/","name":"Le FabLab","description":"Le premier de Bresse","publisher":{"@id":"https:\/\/fablab-montagny-pres-louhans.fr\/#organization"},"potentialAction":[{"@type":"SearchAction","target":{"@type":"EntryPoint","urlTemplate":"https:\/\/fablab-montagny-pres-louhans.fr\/?s={search_term_string}"},"query-input":{"@type":"PropertyValueSpecification","valueRequired":true,"valueName":"search_term_string"}}],"inLanguage":"fr-FR"},{"@type":"Organization","@id":"https:\/\/fablab-montagny-pres-louhans.fr\/#organization","name":"Le FabLab","url":"https:\/\/fablab-montagny-pres-louhans.fr\/","logo":{"@type":"ImageObject","inLanguage":"fr-FR","@id":"https:\/\/fablab-montagny-pres-louhans.fr\/#\/schema\/logo\/image\/","url":"https:\/\/fablab-montagny-pres-louhans.fr\/wp-content\/uploads\/2023\/02\/FABALB-logo.png","contentUrl":"https:\/\/fablab-montagny-pres-louhans.fr\/wp-content\/uploads\/2023\/02\/FABALB-logo.png","width":250,"height":260,"caption":"Le FabLab"},"image":{"@id":"https:\/\/fablab-montagny-pres-louhans.fr\/#\/schema\/logo\/image\/"},"sameAs":["https:\/\/www.facebook.com\/fablab.labom\/"]},{"@type":"Person","@id":"https:\/\/fablab-montagny-pres-louhans.fr\/#\/schema\/person\/8456266e713876daefebd9e75b7bba60","name":"Mo","image":{"@type":"ImageObject","inLanguage":"fr-FR","@id":"https:\/\/fablab-montagny-pres-louhans.fr\/wp-content\/litespeed\/avatar\/0cd8c0fa40492fbe802afa80739e06e7.jpg?ver=1777249441","url":"https:\/\/fablab-montagny-pres-louhans.fr\/wp-content\/litespeed\/avatar\/0cd8c0fa40492fbe802afa80739e06e7.jpg?ver=1777249441","contentUrl":"https:\/\/fablab-montagny-pres-louhans.fr\/wp-content\/litespeed\/avatar\/0cd8c0fa40492fbe802afa80739e06e7.jpg?ver=1777249441","caption":"Mo"},"url":"https:\/\/fablab-montagny-pres-louhans.fr\/index.php\/author\/dominique\/"}]}},"_links":{"self":[{"href":"https:\/\/fablab-montagny-pres-louhans.fr\/index.php\/wp-json\/wp\/v2\/posts\/1005","targetHints":{"allow":["GET"]}}],"collection":[{"href":"https:\/\/fablab-montagny-pres-louhans.fr\/index.php\/wp-json\/wp\/v2\/posts"}],"about":[{"href":"https:\/\/fablab-montagny-pres-louhans.fr\/index.php\/wp-json\/wp\/v2\/types\/post"}],"author":[{"embeddable":true,"href":"https:\/\/fablab-montagny-pres-louhans.fr\/index.php\/wp-json\/wp\/v2\/users\/1"}],"replies":[{"embeddable":true,"href":"https:\/\/fablab-montagny-pres-louhans.fr\/index.php\/wp-json\/wp\/v2\/comments?post=1005"}],"version-history":[{"count":7,"href":"https:\/\/fablab-montagny-pres-louhans.fr\/index.php\/wp-json\/wp\/v2\/posts\/1005\/revisions"}],"predecessor-version":[{"id":1087,"href":"https:\/\/fablab-montagny-pres-louhans.fr\/index.php\/wp-json\/wp\/v2\/posts\/1005\/revisions\/1087"}],"wp:attachment":[{"href":"https:\/\/fablab-montagny-pres-louhans.fr\/index.php\/wp-json\/wp\/v2\/media?parent=1005"}],"wp:term":[{"taxonomy":"category","embeddable":true,"href":"https:\/\/fablab-montagny-pres-louhans.fr\/index.php\/wp-json\/wp\/v2\/categories?post=1005"},{"taxonomy":"post_tag","embeddable":true,"href":"https:\/\/fablab-montagny-pres-louhans.fr\/index.php\/wp-json\/wp\/v2\/tags?post=1005"}],"curies":[{"name":"wp","href":"https:\/\/api.w.org\/{rel}","templated":true}]}}